{"id":91348,"date":"2024-11-18T23:06:44","date_gmt":"2024-11-19T03:06:44","guid":{"rendered":"https:\/\/lasprimeras.com.do\/?p=91348"},"modified":"2024-11-18T23:06:46","modified_gmt":"2024-11-19T03:06:46","slug":"maduro-descarta-que-haya-habido-negociacion-sobre-liberacion-de-detenidos-tras-comicios","status":"publish","type":"post","link":"https:\/\/lasprimeras.com.do\/index.php\/2024\/11\/18\/maduro-descarta-que-haya-habido-negociacion-sobre-liberacion-de-detenidos-tras-comicios\/","title":{"rendered":"Maduro descarta que haya habido negociaci\u00f3n sobre liberaci\u00f3n de detenidos tras comicios"},"content":{"rendered":"\n<p>Caracas,(EFE).- El presidente de Venezuela, Nicol\u00e1s Maduro, descart\u00f3 este lunes que haya habido alguna negociaci\u00f3n con la oposici\u00f3n mayoritaria, a la que calific\u00f3 de &#8220;fascista&#8221;, sobre la liberaci\u00f3n de los considerados &#8220;presos pol\u00edticos&#8221;, detenidos tras las protestas contra el resultado oficial de las elecciones presidenciales del 28 de julio.<\/p>\n\n\n\n<p>&#8220;La feliz liberaci\u00f3n de este grupo de venezolanos y venezolanas fue iniciativa conjunta entre el fiscal general, Tarek William Saab, la presidenta del TSJ (Tribunal Supremo de Justicia), Caryslia Beatriz Rodr\u00edguez, y mi persona, en la b\u00fasqueda de la justicia&#8221;, dijo Maduro en su programa de televisi\u00f3n semanal.<\/p>\n\n\n\n<p>El mandatario dijo confiar en el Poder Judicial, al tiempo que sostuvo que si se establece la inocencia de alguien, la justicia debe ser &#8220;pronta y reparadora&#8221;.<\/p>\n\n\n\n<p>&#8220;Como tambi\u00e9n es justicia castigar a los que mataron, a los que quemaron, a los que asesinaron, a los que destrozaron escuelas, universidad, autobuses, a los que balearon a gente inocente, tambi\u00e9n es justicia&#8221;, a\u00f1adi\u00f3.<\/p>\n\n\n\n<p>Maduro felicit\u00f3 al Poder Judicial, as\u00ed como a la Fiscal\u00eda General, &#8220;por estar dando estos pasos bien favorables que consolidan la paz del pais&#8221;.<\/p>\n\n\n\n<p>Este fin de semana, hubo varias excarcelaciones en prisiones del pa\u00eds, tras una revisi\u00f3n -solicitada por el Ministerio P\u00fablico (MP, Fiscal\u00eda)- de los casos de detenidos en el contexto de crisis tras los comicios del 28 de julio, marcado por numerosas protestas contra la proclamada reelecci\u00f3n de Nicol\u00e1s Maduro y operativos policiales.<\/p>\n\n\n\n<p>La ONG Foro Penal, que lidera la defensa de los &#8220;presos pol\u00edticos&#8221; en Venezuela, indic\u00f3 el domingo que registr\u00f3 y verific\u00f3 la excarcelaci\u00f3n de 131 personas, quienes, seg\u00fan la organizaci\u00f3n, debieron acudir este lunes ante los tribunales para la imposici\u00f3n de &#8220;medidas sustitutivas de su privaci\u00f3n de libertad&#8221;.<\/p>\n\n\n\n<p>Sin embargo, el fiscal general, Tarek William Saab, asegur\u00f3 que entre la tarde del viernes y el s\u00e1bado fueron &#8220;otorgadas y ejecutadas&#8221; 225 medidas de libertad -sobre las que no dio detalles- a personas detenidas tras las protestas contra el resultado oficial de las pasadas elecciones.<\/p>\n\n\n\n<p>Fuente Agencia EFE<\/p>\n","protected":false},"excerpt":{"rendered":"<p>Caracas,(EFE).- El presidente de Venezuela, Nicol\u00e1s Maduro, descart\u00f3 este lunes que haya habido alguna negociaci\u00f3n con la oposici\u00f3n mayoritaria, a la que calific\u00f3 de &#8220;fascista&#8221;, sobre la liberaci\u00f3n de los&hellip;<\/p>\n","protected":false},"author":2,"featured_media":91349,"comment_status":"open","ping_status":"open","sticky":false,"template":"","format":"standard","meta":{"content-type":"","jetpack_post_was_ever_published":false,"_jetpack_newsletter_access":"","_jetpack_dont_email_post_to_subs":false,"_jetpack_newsletter_tier_id":0,"_jetpack_memberships_contains_paywalled_content":false,"_jetpack_memberships_contains_paid_content":false,"footnotes":""},"categories":[16289],"tags":[2084,597,2901,16436,1604,420],"class_list":["post-91348","post","type-post","status-publish","format-standard","has-post-thumbnail","hentry","category-internacionales","tag-comicios","tag-detenidos","tag-liberacion","tag-negociacion","tag-nicolas-maduro","tag-venezuela"],"jetpack_featured_media_url":"https:\/\/lasprimeras.com.do\/wp-content\/uploads\/2024\/11\/Nicolas-Maduro-3.jpg","jetpack-related-posts":[{"id":87051,"url":"https:\/\/lasprimeras.com.do\/index.php\/2024\/08\/06\/eeuu-pide-a-maduro-a-que-reconozca-los-verdaderos-resultados-de-elecciones-en-venezuela\/","url_meta":{"origin":91348,"position":0},"title":"EEUU pide a Maduro a que reconozca \u201clos verdaderos resultados\u201d de elecciones en Venezuela","author":"Nelson Feliz","date":"6 de agosto de 2024","format":false,"excerpt":"By GISELA SALOMON MIAMI (AP) \u2014 Estados Unidos inst\u00f3 el martes al presidente venezolano Nicol\u00e1s Maduro a reconocer \u201cel resultado real\u201d de los comicios de Venezuela, tras haber examinado actas y documentos recopilados por la oposici\u00f3n que ser\u00edan \u201ccasi imposible de falsificar\u201d y muestran que su contrincante Edmundo Gonz\u00e1lez habr\u00eda\u2026","rel":"","context":"En \u00abSin categor\u00eda\u00bb","block_context":{"text":"Sin categor\u00eda","link":"https:\/\/lasprimeras.com.do\/index.php\/category\/sin-categoria\/"},"img":{"alt_text":"Nicol\u00e1s Maduro","src":"https:\/\/i0.wp.com\/lasprimeras.com.do\/wp-content\/uploads\/2024\/08\/Nicolas-Maduro-5.jpg?resize=350%2C200&ssl=1","width":350,"height":200,"srcset":"https:\/\/i0.wp.com\/lasprimeras.com.do\/wp-content\/uploads\/2024\/08\/Nicolas-Maduro-5.jpg?resize=350%2C200&ssl=1 1x, https:\/\/i0.wp.com\/lasprimeras.com.do\/wp-content\/uploads\/2024\/08\/Nicolas-Maduro-5.jpg?resize=525%2C300&ssl=1 1.5x, https:\/\/i0.wp.com\/lasprimeras.com.do\/wp-content\/uploads\/2024\/08\/Nicolas-Maduro-5.jpg?resize=700%2C400&ssl=1 2x"},"classes":[]},{"id":72699,"url":"https:\/\/lasprimeras.com.do\/index.php\/2024\/01\/02\/maduro-asegura-que-jamas-ha-tenido-un-testaferro-y-rechaza-que-senalen-a-alex-saab\/","url_meta":{"origin":91348,"position":1},"title":"Maduro asegura que &#8220;jam\u00e1s&#8221; ha tenido un testaferro y rechaza que se\u00f1alen a Alex Saab","author":"Nelson Feliz","date":"2 de enero de 2024","format":false,"excerpt":"Saab, al que Maduro considera su \"amigo\", fue liberado el pasado 20 de diciembre por EE.UU., donde enfrentaba una serie de cargos por lavado de dinero. Caracas, EFE.-.El presidente de Venezuela, Nicol\u00e1s Maduro, asegur\u00f3 este lunes que \"jam\u00e1s\" ha \"tenido un testaferro\" y rechaz\u00f3 que medios de comunicaci\u00f3n se\u00f1alen al\u2026","rel":"","context":"En \u00abSin categor\u00eda\u00bb","block_context":{"text":"Sin categor\u00eda","link":"https:\/\/lasprimeras.com.do\/index.php\/category\/sin-categoria\/"},"img":{"alt_text":"Nicol\u00e1s Maduro","src":"https:\/\/i0.wp.com\/lasprimeras.com.do\/wp-content\/uploads\/2024\/01\/Nicolas-Maduro.jpeg?resize=350%2C200&ssl=1","width":350,"height":200,"srcset":"https:\/\/i0.wp.com\/lasprimeras.com.do\/wp-content\/uploads\/2024\/01\/Nicolas-Maduro.jpeg?resize=350%2C200&ssl=1 1x, https:\/\/i0.wp.com\/lasprimeras.com.do\/wp-content\/uploads\/2024\/01\/Nicolas-Maduro.jpeg?resize=525%2C300&ssl=1 1.5x, https:\/\/i0.wp.com\/lasprimeras.com.do\/wp-content\/uploads\/2024\/01\/Nicolas-Maduro.jpeg?resize=700%2C400&ssl=1 2x"},"classes":[]},{"id":119906,"url":"https:\/\/lasprimeras.com.do\/index.php\/2026\/01\/18\/venezolanos-en-colombia-se-manifiestan-por-la-liberacion-de-presos-en-venezuela\/","url_meta":{"origin":91348,"position":2},"title":"Venezolanos en Colombia se manifiestan por la liberaci\u00f3n de presos en Venezuela","author":"Nelson Feliz","date":"18 de enero de 2026","format":false,"excerpt":"POR SAMUEL SOTOMAYOR BOGOT\u00c1 (AP) \u2014 Venezolanos residentes en Colombia se congregaron el domingo en la principal plaza p\u00fablica de Bogot\u00e1 para pedir la liberaci\u00f3n de los presos pol\u00edticos en Venezuela, un proceso iniciado tras el operativo militar estadounidense en el que fueron capturados el expresidente Nicol\u00e1s Maduro y su\u2026","rel":"","context":"En \u00abINTERNACIONALES\u00bb","block_context":{"text":"INTERNACIONALES","link":"https:\/\/lasprimeras.com.do\/index.php\/category\/sin-categoria\/internacionales\/"},"img":{"alt_text":"","src":"","width":0,"height":0},"classes":[]},{"id":88834,"url":"https:\/\/lasprimeras.com.do\/index.php\/2024\/09\/08\/oea-acusa-a-maduro-de-forzar-el-exilio-del-opositor-venezolano-edmundo-gonzalez-urrutia\/","url_meta":{"origin":91348,"position":3},"title":"OEA acusa a Maduro de forzar el exilio del opositor venezolano Edmundo Gonz\u00e1lez Urrutia","author":"Nelson Feliz","date":"8 de septiembre de 2024","format":false,"excerpt":"Washington, (EFE).- La Organizaci\u00f3n de los Estados Americanos (OEA) acus\u00f3 este domingo al \"r\u00e9gimen autoritario\" venezolano de haber \"forzado el exilio\" del opositor Edmundo Gonz\u00e1lez Urrutia, al que el organismo considera el ganador de las elecciones presidenciales que se celebraron en el pa\u00eds suramericano el pasado 28 de julio. \"El\u2026","rel":"","context":"En \u00abSin categor\u00eda\u00bb","block_context":{"text":"Sin categor\u00eda","link":"https:\/\/lasprimeras.com.do\/index.php\/category\/sin-categoria\/"},"img":{"alt_text":"ANTONIO GUTERRES","src":"https:\/\/i0.wp.com\/lasprimeras.com.do\/wp-content\/uploads\/2024\/09\/ANTONIO-GUTERRES.jpg?resize=350%2C200&ssl=1","width":350,"height":200,"srcset":"https:\/\/i0.wp.com\/lasprimeras.com.do\/wp-content\/uploads\/2024\/09\/ANTONIO-GUTERRES.jpg?resize=350%2C200&ssl=1 1x, https:\/\/i0.wp.com\/lasprimeras.com.do\/wp-content\/uploads\/2024\/09\/ANTONIO-GUTERRES.jpg?resize=525%2C300&ssl=1 1.5x"},"classes":[]},{"id":86809,"url":"https:\/\/lasprimeras.com.do\/index.php\/2024\/08\/01\/el-gobierno-de-eeuu-reconoce-al-opositor-edmundo-gonzalez-como-el-ganador-de-elecciones-de-venezuela\/","url_meta":{"origin":91348,"position":4},"title":"El gobierno de EEUU reconoce al opositor Edmundo Gonz\u00e1lez como el ganador de elecciones de Venezuela","author":"Nelson Feliz","date":"1 de agosto de 2024","format":false,"excerpt":"By REGINA GARC\u00cdA CANO CARACAS (AP) \u2014 El gobierno de Estados Unidos anunci\u00f3 el jueves que reconoce al opositor venezolano Edmundo Gonz\u00e1lez como el ganador de las elecciones de Venezuela, en las que la autoridad electoral nacional dio la victoria al presidente Nicol\u00e1s Maduro y que han sido duramente cuestionadas\u2026","rel":"","context":"En \u00abSin categor\u00eda\u00bb","block_context":{"text":"Sin categor\u00eda","link":"https:\/\/lasprimeras.com.do\/index.php\/category\/sin-categoria\/"},"img":{"alt_text":"Nicol\u00e1s Maduro","src":"https:\/\/i0.wp.com\/lasprimeras.com.do\/wp-content\/uploads\/2024\/08\/Nicolas-Maduro-3.png?resize=350%2C200&ssl=1","width":350,"height":200,"srcset":"https:\/\/i0.wp.com\/lasprimeras.com.do\/wp-content\/uploads\/2024\/08\/Nicolas-Maduro-3.png?resize=350%2C200&ssl=1 1x, https:\/\/i0.wp.com\/lasprimeras.com.do\/wp-content\/uploads\/2024\/08\/Nicolas-Maduro-3.png?resize=525%2C300&ssl=1 1.5x, https:\/\/i0.wp.com\/lasprimeras.com.do\/wp-content\/uploads\/2024\/08\/Nicolas-Maduro-3.png?resize=700%2C400&ssl=1 2x"},"classes":[]},{"id":90872,"url":"https:\/\/lasprimeras.com.do\/index.php\/2024\/11\/02\/bloque-opositor-de-venezuela-exige-la-liberacion-de-dirigente-detenido-hace-tres-meses\/","url_meta":{"origin":91348,"position":5},"title":"Bloque opositor de Venezuela exige la liberaci\u00f3n de dirigente detenido hace tres meses","author":"Nelson Feliz","date":"2 de noviembre de 2024","format":false,"excerpt":"Caracas,(EFE).- La mayor coalici\u00f3n opositora de Venezuela, Plataforma Unitaria Democr\u00e1tica (PUD), exigi\u00f3 este s\u00e1bado la liberaci\u00f3n del dirigente antichavista Roland Carre\u00f1o, de quien asegura que fue detenido por \"cuerpos de inteligencia del r\u00e9gimen de Nicol\u00e1s Maduro\" el pasado agosto. A trav\u00e9s de X, la PUD exigi\u00f3 que se libere \"de\u2026","rel":"","context":"En \u00abSin categor\u00eda\u00bb","block_context":{"text":"Sin categor\u00eda","link":"https:\/\/lasprimeras.com.do\/index.php\/category\/sin-categoria\/"},"img":{"alt_text":"","src":"https:\/\/i0.wp.com\/lasprimeras.com.do\/wp-content\/uploads\/2024\/11\/libertad.jpg?resize=350%2C200&ssl=1","width":350,"height":200,"srcset":"https:\/\/i0.wp.com\/lasprimeras.com.do\/wp-content\/uploads\/2024\/11\/libertad.jpg?resize=350%2C200&ssl=1 1x, https:\/\/i0.wp.com\/lasprimeras.com.do\/wp-content\/uploads\/2024\/11\/libertad.jpg?resize=525%2C300&ssl=1 1.5x, https:\/\/i0.wp.com\/lasprimeras.com.do\/wp-content\/uploads\/2024\/11\/libertad.jpg?resize=700%2C400&ssl=1 2x"},"classes":[]}],"jetpack_sharing_enabled":true,"_links":{"self":[{"href":"https:\/\/lasprimeras.com.do\/index.php\/wp-json\/wp\/v2\/posts\/91348","targetHints":{"allow":["GET"]}}],"collection":[{"href":"https:\/\/lasprimeras.com.do\/index.php\/wp-json\/wp\/v2\/posts"}],"about":[{"href":"https:\/\/lasprimeras.com.do\/index.php\/wp-json\/wp\/v2\/types\/post"}],"author":[{"embeddable":true,"href":"https:\/\/lasprimeras.com.do\/index.php\/wp-json\/wp\/v2\/users\/2"}],"replies":[{"embeddable":true,"href":"https:\/\/lasprimeras.com.do\/index.php\/wp-json\/wp\/v2\/comments?post=91348"}],"version-history":[{"count":1,"href":"https:\/\/lasprimeras.com.do\/index.php\/wp-json\/wp\/v2\/posts\/91348\/revisions"}],"predecessor-version":[{"id":91350,"href":"https:\/\/lasprimeras.com.do\/index.php\/wp-json\/wp\/v2\/posts\/91348\/revisions\/91350"}],"wp:featuredmedia":[{"embeddable":true,"href":"https:\/\/lasprimeras.com.do\/index.php\/wp-json\/wp\/v2\/media\/91349"}],"wp:attachment":[{"href":"https:\/\/lasprimeras.com.do\/index.php\/wp-json\/wp\/v2\/media?parent=91348"}],"wp:term":[{"taxonomy":"category","embeddable":true,"href":"https:\/\/lasprimeras.com.do\/index.php\/wp-json\/wp\/v2\/categories?post=91348"},{"taxonomy":"post_tag","embeddable":true,"href":"https:\/\/lasprimeras.com.do\/index.php\/wp-json\/wp\/v2\/tags?post=91348"}],"curies":[{"name":"wp","href":"https:\/\/api.w.org\/{rel}","templated":true}]}}