{"id":91351,"date":"2024-11-18T23:11:51","date_gmt":"2024-11-19T03:11:51","guid":{"rendered":"https:\/\/lasprimeras.com.do\/?p=91351"},"modified":"2024-11-18T23:11:53","modified_gmt":"2024-11-19T03:11:53","slug":"sheinbaum-y-petro-refuerzan-los-lazos-bilaterales-entre-mexico-y-colombia-en-el-g20","status":"publish","type":"post","link":"https:\/\/lasprimeras.com.do\/index.php\/2024\/11\/18\/sheinbaum-y-petro-refuerzan-los-lazos-bilaterales-entre-mexico-y-colombia-en-el-g20\/","title":{"rendered":"Sheinbaum y Petro refuerzan los lazos bilaterales entre M\u00e9xico y Colombia en el G20"},"content":{"rendered":"\n<p>R\u00edo de Janeiro, (EFE).- La presidenta de M\u00e9xico, Claudia Sheinbaum, sostuvo este lunes una reuni\u00f3n bilateral con su hom\u00f3logo colombiano, Gustavo Petro, en el marco de la Cumbre de L\u00edderes del G20, celebrada en Brasil.<\/p>\n\n\n\n<p>Este encuentro representa la segunda reuni\u00f3n bilateral entre ambos mandatarios desde que Sheinbaum asumi\u00f3 la Presidencia mexicana el pasado 1 de octubre, cuando Petro la visit\u00f3 en el Palacio Nacional en el marco de su investidura oficial.<\/p>\n\n\n\n<p>Durante el di\u00e1logo, ambos mandatarios destacaron la solidez de la relaci\u00f3n entre M\u00e9xico y Colombia, fundamentada en la cooperaci\u00f3n, el comercio y los profundos lazos culturales que unen a ambos pa\u00edses.<\/p>\n\n\n\n<p>&#8220;Seguimos trabajando en conjunto para fortalecer nuestros v\u00ednculos y construir un futuro m\u00e1s pr\u00f3spero para ambos pa\u00edses&#8221;, subray\u00f3 el Gobierno mexicano en un mensaje difundido en redes sociales tras el encuentro.<\/p>\n\n\n\n<p>Antes, la mandataria tambi\u00e9n anunci\u00f3 en su cuenta de X que se reuni\u00f3 con el primer ministro de Vietnam, con quien acord\u00f3 estrechar los lazos culturales, mientras ambas naciones se disputan la relocalizaci\u00f3n de empresas chinas ante el conflicto comercial entre Estados Unidos y China, un fen\u00f3meno que se ha denominado \u2018nearshoring\u2019.<\/p>\n\n\n\n<p>Asimismo, Sheinbaum comparti\u00f3 una foto con los jefes de Estado de Brasil, Luiz In\u00e1cio Lula da Silva, tambi\u00e9n anfitri\u00f3n del G20; de Chile, Gabriel Boric Font; y de Colombia, Gustavo Petro; en la que resalt\u00f3 la uni\u00f3n de Latinoam\u00e9rica, en los liderazgos de izquierda y la ausencia del derechista, Javier Milei.<\/p>\n\n\n\n<p>&#8220;Am\u00e9rica Latina unida. Nos encontramos con nuestros amigos los presidentes de Brasil, Luiz In\u00e1cio Lula da Silva; Chile, Gabriel Boric Font, y Colombia, Gustavo Petro Urrego en la Cumbre de L\u00edderes del G20&#8221;, comparti\u00f3 Sheinbaum en redes sociales, acompa\u00f1ado de una imagen en la que los mandatarios se toman de las manos.<\/p>\n\n\n\n<p>Estas dos reuniones se suman a la agenda bilateral de Sheinbaum en el G20, donde previamente dialog\u00f3 con l\u00edderes como Justin Trudeau, de Canad\u00e1, Emmanuel Macron, de Francia y xi Jinpin, de China.<\/p>\n\n\n\n<p>Estas reuniones refuerzan el compromiso de M\u00e9xico de consolidar su liderazgo regional y global, marcando una nueva etapa en su pol\u00edtica exterior bajo la presidencia de Sheinbaum, quien propuso en la cumbre que se destine el 1 % de los recursos destinados a la guerra para atender diversos problemas globales.<\/p>\n\n\n\n<p>Fuente Agencia EFE<\/p>\n","protected":false},"excerpt":{"rendered":"<p>R\u00edo de Janeiro, (EFE).- La presidenta de M\u00e9xico, Claudia Sheinbaum, sostuvo este lunes una reuni\u00f3n bilateral con su hom\u00f3logo colombiano, Gustavo Petro, en el marco de la Cumbre de L\u00edderes&hellip;<\/p>\n","protected":false},"author":2,"featured_media":91352,"comment_status":"open","ping_status":"open","sticky":false,"template":"","format":"standard","meta":{"content-type":"","jetpack_post_was_ever_published":false,"_jetpack_newsletter_access":"","_jetpack_dont_email_post_to_subs":false,"_jetpack_newsletter_tier_id":0,"_jetpack_memberships_contains_paywalled_content":false,"_jetpack_memberships_contains_paid_content":false,"footnotes":""},"categories":[16289],"tags":[13323,2757,6341,3423,906],"class_list":["post-91351","post","type-post","status-publish","format-standard","has-post-thumbnail","hentry","category-internacionales","tag-claudia-sheinbaum","tag-colombia","tag-g20","tag-gustavo-petro","tag-mexico"],"jetpack_featured_media_url":"https:\/\/lasprimeras.com.do\/wp-content\/uploads\/2024\/11\/Claudia-Sheinbaum-y-Gustavo-Petro.jpg","jetpack-related-posts":[{"id":124488,"url":"https:\/\/lasprimeras.com.do\/index.php\/2026\/03\/13\/se-suspende-encuentro-entre-delcy-rodriguez-y-gustavo-petro\/","url_meta":{"origin":91351,"position":0},"title":"Se suspende encuentro entre Delcy Rodr\u00edguez y Gustavo Petro","author":"Nelson Feliz","date":"13 de marzo de 2026","format":false,"excerpt":"La reuni\u00f3n ser\u00e1 reprogramada para \"una fecha pr\u00f3xima\" que a\u00fan no ha sido fijada. El Gobierno de Venezuela confirm\u00f3 este jueves la suspensi\u00f3n del encuentro bilateral que iban a mantener en una zona fronteriza la presidenta encargada Delcy Rodr\u00edguez y el presidente colombiano, Gustavo Petro, a causa de \"motivos de\u2026","rel":"","context":"En \u00abINTERNACIONALES\u00bb","block_context":{"text":"INTERNACIONALES","link":"https:\/\/lasprimeras.com.do\/index.php\/category\/sin-categoria\/internacionales\/"},"img":{"alt_text":"","src":"https:\/\/i0.wp.com\/lasprimeras.com.do\/wp-content\/uploads\/2026\/03\/Delcy-Rodriguez.jpg?resize=350%2C200&ssl=1","width":350,"height":200,"srcset":"https:\/\/i0.wp.com\/lasprimeras.com.do\/wp-content\/uploads\/2026\/03\/Delcy-Rodriguez.jpg?resize=350%2C200&ssl=1 1x, https:\/\/i0.wp.com\/lasprimeras.com.do\/wp-content\/uploads\/2026\/03\/Delcy-Rodriguez.jpg?resize=525%2C300&ssl=1 1.5x, https:\/\/i0.wp.com\/lasprimeras.com.do\/wp-content\/uploads\/2026\/03\/Delcy-Rodriguez.jpg?resize=700%2C400&ssl=1 2x, https:\/\/i0.wp.com\/lasprimeras.com.do\/wp-content\/uploads\/2026\/03\/Delcy-Rodriguez.jpg?resize=1050%2C600&ssl=1 3x"},"classes":[]},{"id":103725,"url":"https:\/\/lasprimeras.com.do\/index.php\/2025\/07\/17\/el-presidente-de-colombia-hara-este-viernes-y-sabado-una-visita-a-haiti\/","url_meta":{"origin":91351,"position":1},"title":"El presidente de Colombia har\u00e1 este viernes y s\u00e1bado una visita a Hait\u00ed","author":"Nelson Feliz","date":"17 de julio de 2025","format":false,"excerpt":"Esta ser\u00e1 su segunda visita este a\u00f1o al pa\u00eds antillano que realiza Gustavo Petro Puerto Pr\u00edncipe,EFE - El presidente colombiano, Gustavo Petro, viajar\u00e1 este viernes a Hait\u00ed, en lo que ser\u00e1 su segunda visita este a\u00f1o al pa\u00eds antillano, con el fin de expresar su apoyo a las autoridades de\u2026","rel":"","context":"En \u00abINTERNACIONALES\u00bb","block_context":{"text":"INTERNACIONALES","link":"https:\/\/lasprimeras.com.do\/index.php\/category\/sin-categoria\/internacionales\/"},"img":{"alt_text":"","src":"https:\/\/i0.wp.com\/lasprimeras.com.do\/wp-content\/uploads\/2025\/07\/Gustavo-Petro.jpg?resize=350%2C200&ssl=1","width":350,"height":200,"srcset":"https:\/\/i0.wp.com\/lasprimeras.com.do\/wp-content\/uploads\/2025\/07\/Gustavo-Petro.jpg?resize=350%2C200&ssl=1 1x, https:\/\/i0.wp.com\/lasprimeras.com.do\/wp-content\/uploads\/2025\/07\/Gustavo-Petro.jpg?resize=525%2C300&ssl=1 1.5x, https:\/\/i0.wp.com\/lasprimeras.com.do\/wp-content\/uploads\/2025\/07\/Gustavo-Petro.jpg?resize=700%2C400&ssl=1 2x"},"classes":[]},{"id":121335,"url":"https:\/\/lasprimeras.com.do\/index.php\/2026\/02\/03\/trump-recibe-a-petro-en-la-casa-blanca-tras-acusarlo-de-fomentar-el-narcotrafico\/","url_meta":{"origin":91351,"position":2},"title":"Trump recibe a Petro en la Casa Blanca tras acusarlo de fomentar el narcotr\u00e1fico","author":"Nelson Feliz","date":"3 de febrero de 2026","format":false,"excerpt":"POR AAMER MADHANI and ASTRID SU\u00c1REZ WASHINGTON (AP) \u2014 El presidente estadounidense Donald Trump mantuvo conversaciones con el mandatario colombiano Gustavo Petro en la Casa Blanca el martes, solo semanas despu\u00e9s de amenazar con una acci\u00f3n militar contra el pa\u00eds sudamericano y acusar al l\u00edder de inundar Estados Unidos con\u2026","rel":"","context":"En \u00abINTERNACIONALES\u00bb","block_context":{"text":"INTERNACIONALES","link":"https:\/\/lasprimeras.com.do\/index.php\/category\/sin-categoria\/internacionales\/"},"img":{"alt_text":"Gustavo Petro","src":"https:\/\/i0.wp.com\/lasprimeras.com.do\/wp-content\/uploads\/2026\/02\/Gustavo-Petro.jpg?resize=350%2C200&ssl=1","width":350,"height":200,"srcset":"https:\/\/i0.wp.com\/lasprimeras.com.do\/wp-content\/uploads\/2026\/02\/Gustavo-Petro.jpg?resize=350%2C200&ssl=1 1x, https:\/\/i0.wp.com\/lasprimeras.com.do\/wp-content\/uploads\/2026\/02\/Gustavo-Petro.jpg?resize=525%2C300&ssl=1 1.5x, https:\/\/i0.wp.com\/lasprimeras.com.do\/wp-content\/uploads\/2026\/02\/Gustavo-Petro.jpg?resize=700%2C400&ssl=1 2x"},"classes":[]},{"id":121356,"url":"https:\/\/lasprimeras.com.do\/index.php\/2026\/02\/03\/sectores-productivos-de-ecuador-y-colombia-protestan-en-frontera-comun-piden-eliminar-aranceles\/","url_meta":{"origin":91351,"position":3},"title":"Sectores productivos de Ecuador y Colombia protestan en frontera com\u00fan; piden eliminar aranceles","author":"Nelson Feliz","date":"3 de febrero de 2026","format":false,"excerpt":"Sectores productivos de Ecuador y Colombia protestan en frontera com\u00fan; piden eliminar aranceles QUITO (AP) \u2014 Transportistas, comerciantes y ciudadanos de Ecuador y Colombia se congregaron el martes para protestar sobre el Puente Internacional Rumichaca, en la frontera com\u00fan, en demanda de que ambos gobiernos suspendan la imposici\u00f3n de aranceles\u2026","rel":"","context":"En \u00abINTERNACIONALES\u00bb","block_context":{"text":"INTERNACIONALES","link":"https:\/\/lasprimeras.com.do\/index.php\/category\/sin-categoria\/internacionales\/"},"img":{"alt_text":"El presidente ecuatoriano Daniel Noboa, a la izquierda, y el presidente colombiano Gustavo Petro asisten a una ceremonia de condecoraci\u00f3n para el presidente brasile\u00f1o Luiz In\u00e1cio Lula da Silva en el palacio presidencial en la Ciudad de Panam\u00e1, el mi\u00e9rcoles 28 de enero de 2026. (AP Foto\/Mat\u00edas Delacroix)","src":"https:\/\/i0.wp.com\/lasprimeras.com.do\/wp-content\/uploads\/2026\/02\/Daniel-Noboa.jpg?resize=350%2C200&ssl=1","width":350,"height":200,"srcset":"https:\/\/i0.wp.com\/lasprimeras.com.do\/wp-content\/uploads\/2026\/02\/Daniel-Noboa.jpg?resize=350%2C200&ssl=1 1x, https:\/\/i0.wp.com\/lasprimeras.com.do\/wp-content\/uploads\/2026\/02\/Daniel-Noboa.jpg?resize=525%2C300&ssl=1 1.5x, https:\/\/i0.wp.com\/lasprimeras.com.do\/wp-content\/uploads\/2026\/02\/Daniel-Noboa.jpg?resize=700%2C400&ssl=1 2x"},"classes":[]},{"id":93202,"url":"https:\/\/lasprimeras.com.do\/index.php\/2025\/01\/26\/petro-desafia-a-trump-y-le-dice-que-no-le-teme-a-un-golpe-de-estado-tumbeme-presidente\/","url_meta":{"origin":91351,"position":4},"title":"Petro desaf\u00eda a Trump y le dice que no le teme a un golpe de Estado: &#8220;T\u00fambeme, presidente&#8221;","author":"Nelson Feliz","date":"26 de enero de 2025","format":false,"excerpt":"La crisis diplom\u00e1tica se desat\u00f3 este domingo luego de que Petro no permitiera el ingreso de dos aviones con ciudadanos colombianos deportados de EE.UU. Bogot\u00e1, EFE- El presidente de Colombia, Gustavo Petro, desafi\u00f3 este domingo a su hom\u00f3logo estadounidense, Donald Trump, con un largo escrito en el que incluso afirma\u2026","rel":"","context":"En \u00abINTERNACIONALES\u00bb","block_context":{"text":"INTERNACIONALES","link":"https:\/\/lasprimeras.com.do\/index.php\/category\/sin-categoria\/internacionales\/"},"img":{"alt_text":"Gustavo Petro","src":"https:\/\/i0.wp.com\/lasprimeras.com.do\/wp-content\/uploads\/2025\/01\/Gustavo-Petro.jpg?resize=350%2C200&ssl=1","width":350,"height":200,"srcset":"https:\/\/i0.wp.com\/lasprimeras.com.do\/wp-content\/uploads\/2025\/01\/Gustavo-Petro.jpg?resize=350%2C200&ssl=1 1x, https:\/\/i0.wp.com\/lasprimeras.com.do\/wp-content\/uploads\/2025\/01\/Gustavo-Petro.jpg?resize=525%2C300&ssl=1 1.5x, https:\/\/i0.wp.com\/lasprimeras.com.do\/wp-content\/uploads\/2025\/01\/Gustavo-Petro.jpg?resize=700%2C400&ssl=1 2x"},"classes":[]},{"id":73751,"url":"https:\/\/lasprimeras.com.do\/index.php\/2024\/01\/16\/gustavo-petro-se-reunira-con-papa-francisco\/","url_meta":{"origin":91351,"position":5},"title":"Gustavo Petro se reunir\u00e1 con papa Francisco","author":"BIMARY DE JES\u00daS Matos","date":"16 de enero de 2024","format":false,"excerpt":"EFE.-El presidente colombiano, Gustavo Petro, se reunir\u00e1 con el papa Francisco, aprovechando su visita a Europa con motivo de su asistencia al Foro Econ\u00f3mico Mundial. \u201cDe Davos, Suiza, partimos a reuni\u00f3n con el papa Francisco. Hablaremos de temas como la paz de Colombia y del mundo\u201d.","rel":"","context":"En \u00abSin categor\u00eda\u00bb","block_context":{"text":"Sin categor\u00eda","link":"https:\/\/lasprimeras.com.do\/index.php\/category\/sin-categoria\/"},"img":{"alt_text":"","src":"","width":0,"height":0},"classes":[]}],"jetpack_sharing_enabled":true,"_links":{"self":[{"href":"https:\/\/lasprimeras.com.do\/index.php\/wp-json\/wp\/v2\/posts\/91351","targetHints":{"allow":["GET"]}}],"collection":[{"href":"https:\/\/lasprimeras.com.do\/index.php\/wp-json\/wp\/v2\/posts"}],"about":[{"href":"https:\/\/lasprimeras.com.do\/index.php\/wp-json\/wp\/v2\/types\/post"}],"author":[{"embeddable":true,"href":"https:\/\/lasprimeras.com.do\/index.php\/wp-json\/wp\/v2\/users\/2"}],"replies":[{"embeddable":true,"href":"https:\/\/lasprimeras.com.do\/index.php\/wp-json\/wp\/v2\/comments?post=91351"}],"version-history":[{"count":1,"href":"https:\/\/lasprimeras.com.do\/index.php\/wp-json\/wp\/v2\/posts\/91351\/revisions"}],"predecessor-version":[{"id":91353,"href":"https:\/\/lasprimeras.com.do\/index.php\/wp-json\/wp\/v2\/posts\/91351\/revisions\/91353"}],"wp:featuredmedia":[{"embeddable":true,"href":"https:\/\/lasprimeras.com.do\/index.php\/wp-json\/wp\/v2\/media\/91352"}],"wp:attachment":[{"href":"https:\/\/lasprimeras.com.do\/index.php\/wp-json\/wp\/v2\/media?parent=91351"}],"wp:term":[{"taxonomy":"category","embeddable":true,"href":"https:\/\/lasprimeras.com.do\/index.php\/wp-json\/wp\/v2\/categories?post=91351"},{"taxonomy":"post_tag","embeddable":true,"href":"https:\/\/lasprimeras.com.do\/index.php\/wp-json\/wp\/v2\/tags?post=91351"}],"curies":[{"name":"wp","href":"https:\/\/api.w.org\/{rel}","templated":true}]}}