{"id":91354,"date":"2024-11-18T23:30:55","date_gmt":"2024-11-19T03:30:55","guid":{"rendered":"https:\/\/lasprimeras.com.do\/?p=91354"},"modified":"2024-11-18T23:30:57","modified_gmt":"2024-11-19T03:30:57","slug":"xi-jinping-dice-que-la-relacion-entre-china-y-australia-debe-mantenerse-con-sumo-cuidado","status":"publish","type":"post","link":"https:\/\/lasprimeras.com.do\/index.php\/2024\/11\/18\/xi-jinping-dice-que-la-relacion-entre-china-y-australia-debe-mantenerse-con-sumo-cuidado\/","title":{"rendered":"Xi Jinping dice que la relaci\u00f3n entre China y Australia debe mantenerse &#8220;con sumo cuidado&#8221;"},"content":{"rendered":"\n<p>R\u00edo de Janeiro, (EFE).- El presidente chino, Xi Jinping, dijo este lunes que la relaci\u00f3n entre China y Australia debe mantenerse con &#8220;sumo cuidado&#8221;, en alusi\u00f3n a la normalizaci\u00f3n en el di\u00e1logo a alto nivel y el intercambio comercial tras los problemas que afrontaron las dos naciones en la \u00faltima d\u00e9cada.<\/p>\n\n\n\n<p>&#8220;Nuestras relaciones han dado un giro y siguen creciendo, aportando beneficios tangibles a nuestros dos pueblos. Este es el resultado de nuestro duro trabajo colectivo en la misma direcci\u00f3n, y debe mantenerse con sumo cuidado&#8221;, dijo Xi en Rio de Janeiro (Brasil), en un encuentro con el primer ministro australiano, Anthony Albanese, paralelo a la cumbre del G20.<\/p>\n\n\n\n<p>&#8220;Esta trayectoria inspira de muchas maneras&#8221;, acot\u00f3 Xi, al admitir que en la \u00faltima d\u00e9cada, desde que Pekin y Camberra firmaron en 2014 un acuerdo integral de libre comercio, ambas naciones han experimentado &#8220;progresos&#8221;, aunque tambi\u00e9n &#8220;giros&#8221; en sus relaciones bilaterales.<\/p>\n\n\n\n<p>Si bien Australia y China han dado pasos de acercamiento en sus relaciones, los comentarios de Xi se dan en un contexto de preocupaci\u00f3n internacional por los planes del presidente electo estadounidense, Donald Trump, de imponer aranceles del 60 % a las importaciones chinas, y del 20 % a la de otros pa\u00edses.<\/p>\n\n\n\n<p>Por su lado, Albanese, quien le agradeci\u00f3 a Xi la oportunidad de reunirse por tercera vez durante su mandato, destac\u00f3 los &#8220;nuevos y alentadores avances&#8221; en la estabilizaci\u00f3n de la relaci\u00f3n a trav\u00e9s del di\u00e1logo, el ritmo de visitas bilaterales y en el intercambio comercial, seg\u00fan la transcripci\u00f3n distribuida por su despacho.<\/p>\n\n\n\n<p>&#8220;Seguimos explorando oportunidades de cooperaci\u00f3n pr\u00e1ctica en \u00e1reas de inter\u00e9s compartido, incluida nuestra transici\u00f3n energ\u00e9tica y el cambio clim\u00e1tico&#8221;, precis\u00f3 Albanese al considerar que la regi\u00f3n del Indopac\u00edfico &#8220;se beneficiar\u00e1 de la prosperidad que puede derivarse de la paz, la seguridad y la estabilidad&#8221;.<\/p>\n\n\n\n<p>Las relaciones entre China y Australia, dos naciones con distintos modelos y visiones geopol\u00edticas, comenzaron a complicarse en 2017 por diversos motivos hasta que en 2022, a\u00f1o en que Albanese asumi\u00f3 las riendas del Ejecutivo de Camberra, comenzaron a normalizarse en materia de diplomacia y comercio.<\/p>\n\n\n\n<p>Desde entonces, China, el principal socio comercial de Australia, ha ido levantando progresivamente los aranceles y las restricciones comerciales impuestas desde 2020 a una serie de productos del pa\u00eds oce\u00e1nico como el carb\u00f3n, el vino y el \u00faltimo de ellos, en octubre pasado a la langosta.<\/p>\n\n\n\n<p>El comercio bidireccional con China aument\u00f3 un 9,3% en 2023, totalizando 327.200 millones de d\u00f3lares australianos (212.750 millones de d\u00f3lares estadounidenses o 200.870 millones de euros), seg\u00fan datos del Ministerio de Exteriores y Comercio de Australia.<\/p>\n\n\n\n<p>Fuente Agencia EFE<\/p>\n","protected":false},"excerpt":{"rendered":"<p>R\u00edo de Janeiro, (EFE).- El presidente chino, Xi Jinping, dijo este lunes que la relaci\u00f3n entre China y Australia debe mantenerse con &#8220;sumo cuidado&#8221;, en alusi\u00f3n a la normalizaci\u00f3n en&hellip;<\/p>\n","protected":false},"author":2,"featured_media":91355,"comment_status":"open","ping_status":"open","sticky":false,"template":"","format":"standard","meta":{"content-type":"","jetpack_post_was_ever_published":false,"_jetpack_newsletter_access":"","_jetpack_dont_email_post_to_subs":false,"_jetpack_newsletter_tier_id":0,"_jetpack_memberships_contains_paywalled_content":false,"_jetpack_memberships_contains_paid_content":false,"footnotes":""},"categories":[16289],"tags":[3486,583,2770,1113],"class_list":["post-91354","post","type-post","status-publish","format-standard","has-post-thumbnail","hentry","category-internacionales","tag-australia","tag-china","tag-relacion","tag-xi-jinping"],"jetpack_featured_media_url":"https:\/\/lasprimeras.com.do\/wp-content\/uploads\/2024\/11\/Xi-Jinping-1.jpg","jetpack-related-posts":[{"id":91018,"url":"https:\/\/lasprimeras.com.do\/index.php\/2024\/11\/07\/xi-jinping-confirma-ira-a-la-cumbre-de-la-apec-en-peru-y-a-la-del-g20-en-brasil\/","url_meta":{"origin":91354,"position":0},"title":"Xi Jinping confirma ir\u00e1 a la cumbre de la APEC en Per\u00fa y a la del G20 en Brasil","author":"Nelson Feliz","date":"7 de noviembre de 2024","format":false,"excerpt":"Pek\u00edn, (EFE).- El presidente chino, Xi Jinping, asistir\u00e1 a la cumbre de l\u00edderes del Foro de Cooperaci\u00f3n Econ\u00f3mica de Asia Pac\u00edfico (APEC), que se celebrar\u00e1 del 10 al 16 de noviembre en Per\u00fa, y posteriormente viajar\u00e1 a Brasil para la del G20, que tendr\u00e1 lugar en Rio de Janeiro los\u2026","rel":"","context":"En \u00abINTERNACIONALES\u00bb","block_context":{"text":"INTERNACIONALES","link":"https:\/\/lasprimeras.com.do\/index.php\/category\/sin-categoria\/internacionales\/"},"img":{"alt_text":"Xi Jinping","src":"https:\/\/i0.wp.com\/lasprimeras.com.do\/wp-content\/uploads\/2024\/11\/Xi-Jinping.jpg?resize=350%2C200&ssl=1","width":350,"height":200,"srcset":"https:\/\/i0.wp.com\/lasprimeras.com.do\/wp-content\/uploads\/2024\/11\/Xi-Jinping.jpg?resize=350%2C200&ssl=1 1x, https:\/\/i0.wp.com\/lasprimeras.com.do\/wp-content\/uploads\/2024\/11\/Xi-Jinping.jpg?resize=525%2C300&ssl=1 1.5x, https:\/\/i0.wp.com\/lasprimeras.com.do\/wp-content\/uploads\/2024\/11\/Xi-Jinping.jpg?resize=700%2C400&ssl=1 2x"},"classes":[]},{"id":49434,"url":"https:\/\/lasprimeras.com.do\/index.php\/2023\/05\/11\/xi-jinping-visita-la-nueva-ciudad-del-futuro-china-y-pide-a-las-empresas-que-se-muden-a-ella\/","url_meta":{"origin":91354,"position":1},"title":"Xi Jinping visita la nueva &#8220;ciudad del futuro&#8221; china y pide a las empresas que se muden a ella","author":"prenxa100","date":"11 de mayo de 2023","format":false,"excerpt":"La construcci\u00f3n de la Nueva \u00c1rea de Xiong'an comenz\u00f3 en 2017 y el hecho de que en tan solo seis a\u00f1os se haya convertido en una metr\u00f3poli moderna es como \"un milagro\", indic\u00f3 el mandatario. China, RT.-.El presidente de China, Xi Jinping, visit\u00f3 este mi\u00e9rcoles la nueva \"ciudad del futuro\"\u2026","rel":"","context":"En \u00abSin categor\u00eda\u00bb","block_context":{"text":"Sin categor\u00eda","link":"https:\/\/lasprimeras.com.do\/index.php\/category\/sin-categoria\/"},"img":{"alt_text":"","src":"","width":0,"height":0},"classes":[]},{"id":118772,"url":"https:\/\/lasprimeras.com.do\/index.php\/2026\/01\/03\/xi-jinping-evite-viajar-a-venezuela-tras-ataques-de-ee-uu-e-incremento-en-riesgos\/","url_meta":{"origin":91354,"position":2},"title":"Xi Jinping : Evite viajar a Venezuela tras ataques de EE.UU. e incremento en riesgos","author":"Nelson Feliz","date":"3 de enero de 2026","format":false,"excerpt":"China mantiene una estrecha relaci\u00f3n diplom\u00e1tica y econ\u00f3mica con Venezuela. Pek\u00edn, EFE.- El Gobierno chino recomend\u00f3 este s\u00e1bado a sus ciudadanos evitar viajes a Venezuela ante el \"significativo aumento de los riesgos de seguridad\" tras los ataques militares lanzados por Estados Unidos contra ese pa\u00eds, seg\u00fan un aviso difundido por\u2026","rel":"","context":"En \u00abINTERNACIONALES\u00bb","block_context":{"text":"INTERNACIONALES","link":"https:\/\/lasprimeras.com.do\/index.php\/category\/sin-categoria\/internacionales\/"},"img":{"alt_text":"Xi Jinping","src":"https:\/\/i0.wp.com\/lasprimeras.com.do\/wp-content\/uploads\/2023\/11\/Xi-Jinping.jpg?resize=350%2C200&ssl=1","width":350,"height":200,"srcset":"https:\/\/i0.wp.com\/lasprimeras.com.do\/wp-content\/uploads\/2023\/11\/Xi-Jinping.jpg?resize=350%2C200&ssl=1 1x, https:\/\/i0.wp.com\/lasprimeras.com.do\/wp-content\/uploads\/2023\/11\/Xi-Jinping.jpg?resize=525%2C300&ssl=1 1.5x, https:\/\/i0.wp.com\/lasprimeras.com.do\/wp-content\/uploads\/2023\/11\/Xi-Jinping.jpg?resize=700%2C400&ssl=1 2x"},"classes":[]},{"id":67542,"url":"https:\/\/lasprimeras.com.do\/index.php\/2023\/11\/16\/biden-llama-dictador-a-xi-tras-su-reunion-en-san-francisco\/","url_meta":{"origin":91354,"position":3},"title":"Biden llama dictador a Xi tras su reuni\u00f3n en San Francisco","author":"Nelson Feliz","date":"16 de noviembre de 2023","format":false,"excerpt":"Al mismo tiempo, calific\u00f3 el encuentro como uno de las m\u00e1s constructivos y productivos, afirmando que se lograron \"progresos reales\" en las relaciones entre ambos pa\u00edses. El presidente de EE.UU., Joe Biden, dio una conferencia de prensa tras su reuni\u00f3n con el l\u00edder chino, Xi Jinping, quien lleg\u00f3 a la\u2026","rel":"","context":"En \u00abSin categor\u00eda\u00bb","block_context":{"text":"Sin categor\u00eda","link":"https:\/\/lasprimeras.com.do\/index.php\/category\/sin-categoria\/"},"img":{"alt_text":"Joe Biden","src":"https:\/\/i0.wp.com\/lasprimeras.com.do\/wp-content\/uploads\/2023\/08\/Joe-Biden-1.jpg?resize=350%2C200&ssl=1","width":350,"height":200,"srcset":"https:\/\/i0.wp.com\/lasprimeras.com.do\/wp-content\/uploads\/2023\/08\/Joe-Biden-1.jpg?resize=350%2C200&ssl=1 1x, https:\/\/i0.wp.com\/lasprimeras.com.do\/wp-content\/uploads\/2023\/08\/Joe-Biden-1.jpg?resize=525%2C300&ssl=1 1.5x, https:\/\/i0.wp.com\/lasprimeras.com.do\/wp-content\/uploads\/2023\/08\/Joe-Biden-1.jpg?resize=700%2C400&ssl=1 2x"},"classes":[]},{"id":82687,"url":"https:\/\/lasprimeras.com.do\/index.php\/2024\/05\/06\/macron-situa-el-comercio-y-ucrania-como-maximas-prioridades\/","url_meta":{"origin":91354,"position":4},"title":"Macron sit\u00faa el comercio y Ucrania como m\u00e1ximas prioridades","author":"Esteffany Vargas","date":"6 de mayo de 2024","format":false,"excerpt":"Xi Jinping de China inicia visita europea a Francia. POR SYLVIE CORBET PAR\u00cdS (AP) \u2014 El presidente franc\u00e9s, Emmanuel Macron, sostuvo conversaciones con el l\u00edder chino Xi Jinping el lunes que se centraron en las disputas comerciales, incluido el levantamiento de amenazas arancelarias inmediatas a las exportaciones de co\u00f1ac ,\u2026","rel":"","context":"En \u00abSin categor\u00eda\u00bb","block_context":{"text":"Sin categor\u00eda","link":"https:\/\/lasprimeras.com.do\/index.php\/category\/sin-categoria\/"},"img":{"alt_text":"","src":"https:\/\/i0.wp.com\/lasprimeras.com.do\/wp-content\/uploads\/2024\/05\/Macron-y-Xi-Jimping.jpg?resize=350%2C200&ssl=1","width":350,"height":200,"srcset":"https:\/\/i0.wp.com\/lasprimeras.com.do\/wp-content\/uploads\/2024\/05\/Macron-y-Xi-Jimping.jpg?resize=350%2C200&ssl=1 1x, https:\/\/i0.wp.com\/lasprimeras.com.do\/wp-content\/uploads\/2024\/05\/Macron-y-Xi-Jimping.jpg?resize=525%2C300&ssl=1 1.5x, https:\/\/i0.wp.com\/lasprimeras.com.do\/wp-content\/uploads\/2024\/05\/Macron-y-Xi-Jimping.jpg?resize=700%2C400&ssl=1 2x"},"classes":[]},{"id":107959,"url":"https:\/\/lasprimeras.com.do\/index.php\/2025\/09\/02\/xi-jinping-y-vladimir-putin-reafirman-sus-lazos-de-viejos-amigos-ante-desafios-de-eeuu\/","url_meta":{"origin":91354,"position":5},"title":"Xi Jinping y Vlad\u00edmir Putin reafirman sus lazos de \u201cviejos amigos\u201d ante desaf\u00edos de EEUU","author":"Nelson Feliz","date":"2 de septiembre de 2025","format":false,"excerpt":"BEIJING (AP) \u2014 El l\u00edder chino, Xi Jinping, dio la bienvenida al presidente ruso, Vlad\u00edmir Putin, como un \u201cviejo amigo\u201d al comenzar una serie de reuniones el martes, en un momento en que sus pa\u00edses enfrentan desaf\u00edos tanto comunes como diferentes por parte de Estados Unidos. Las relaciones entre China\u2026","rel":"","context":"En \u00abINTERNACIONALES\u00bb","block_context":{"text":"INTERNACIONALES","link":"https:\/\/lasprimeras.com.do\/index.php\/category\/sin-categoria\/internacionales\/"},"img":{"alt_text":"","src":"https:\/\/i0.wp.com\/lasprimeras.com.do\/wp-content\/uploads\/2025\/09\/Xi-Jinping-Vladimir-Putin-y-Narendra-Modi.jpg?resize=350%2C200&ssl=1","width":350,"height":200,"srcset":"https:\/\/i0.wp.com\/lasprimeras.com.do\/wp-content\/uploads\/2025\/09\/Xi-Jinping-Vladimir-Putin-y-Narendra-Modi.jpg?resize=350%2C200&ssl=1 1x, https:\/\/i0.wp.com\/lasprimeras.com.do\/wp-content\/uploads\/2025\/09\/Xi-Jinping-Vladimir-Putin-y-Narendra-Modi.jpg?resize=525%2C300&ssl=1 1.5x, https:\/\/i0.wp.com\/lasprimeras.com.do\/wp-content\/uploads\/2025\/09\/Xi-Jinping-Vladimir-Putin-y-Narendra-Modi.jpg?resize=700%2C400&ssl=1 2x"},"classes":[]}],"jetpack_sharing_enabled":true,"_links":{"self":[{"href":"https:\/\/lasprimeras.com.do\/index.php\/wp-json\/wp\/v2\/posts\/91354","targetHints":{"allow":["GET"]}}],"collection":[{"href":"https:\/\/lasprimeras.com.do\/index.php\/wp-json\/wp\/v2\/posts"}],"about":[{"href":"https:\/\/lasprimeras.com.do\/index.php\/wp-json\/wp\/v2\/types\/post"}],"author":[{"embeddable":true,"href":"https:\/\/lasprimeras.com.do\/index.php\/wp-json\/wp\/v2\/users\/2"}],"replies":[{"embeddable":true,"href":"https:\/\/lasprimeras.com.do\/index.php\/wp-json\/wp\/v2\/comments?post=91354"}],"version-history":[{"count":1,"href":"https:\/\/lasprimeras.com.do\/index.php\/wp-json\/wp\/v2\/posts\/91354\/revisions"}],"predecessor-version":[{"id":91356,"href":"https:\/\/lasprimeras.com.do\/index.php\/wp-json\/wp\/v2\/posts\/91354\/revisions\/91356"}],"wp:featuredmedia":[{"embeddable":true,"href":"https:\/\/lasprimeras.com.do\/index.php\/wp-json\/wp\/v2\/media\/91355"}],"wp:attachment":[{"href":"https:\/\/lasprimeras.com.do\/index.php\/wp-json\/wp\/v2\/media?parent=91354"}],"wp:term":[{"taxonomy":"category","embeddable":true,"href":"https:\/\/lasprimeras.com.do\/index.php\/wp-json\/wp\/v2\/categories?post=91354"},{"taxonomy":"post_tag","embeddable":true,"href":"https:\/\/lasprimeras.com.do\/index.php\/wp-json\/wp\/v2\/tags?post=91354"}],"curies":[{"name":"wp","href":"https:\/\/api.w.org\/{rel}","templated":true}]}}