{"id":91357,"date":"2024-11-18T23:40:23","date_gmt":"2024-11-19T03:40:23","guid":{"rendered":"https:\/\/lasprimeras.com.do\/?p=91357"},"modified":"2024-11-18T23:40:24","modified_gmt":"2024-11-19T03:40:24","slug":"comedores-economicos-continua-dando-asistencia-a-comunidades-afectadas-por-lluvias","status":"publish","type":"post","link":"https:\/\/lasprimeras.com.do\/index.php\/2024\/11\/18\/comedores-economicos-continua-dando-asistencia-a-comunidades-afectadas-por-lluvias\/","title":{"rendered":"Comedores Econ\u00f3micos contin\u00faa dando asistencia a comunidades afectadas por lluvias"},"content":{"rendered":"\n<p><strong>Las cocinas m\u00f3viles de la instituci\u00f3n fueron instaladas en las zonas de Hig\u00fcey, Bajo Yuna, Cabarete, Puerto Plata y Las Terrenas, Saman\u00e1.<\/strong><\/p>\n\n\n\n<p>Los Comedores Econ\u00f3micos del Estado Dominicano (CEED), se mantiene dando asistencia alimentaria a la poblaci\u00f3n que reside en las zonas que en los \u00faltimos d\u00edas se han visto afectadas por las ocurrencias de fuertes lluvias producto de un disturbio atmosf\u00e9rico y que ha dejado incomunicadas a varias comunidades del pa\u00eds.<\/p>\n\n\n\n<p>La informaci\u00f3n la dio a conocer el director general de Comedores Econ\u00f3micos, Edgar Augusto F\u00e9liz M\u00e9ndez, quien ha estado realizando visitas a cada uno de los lugares acompa\u00f1ando al ministro de la presidencia, Jos\u00e9 Ignacio Paliza y otros funcionarios para conocer de manera directa las necesidades de los afectados como es el inter\u00e9s del presidente de la Rep\u00fablica, Luis Abinader Corona.<\/p>\n\n\n\n<p>F\u00e9liz M\u00e9ndez, destac\u00f3 que aquellos lugares donde sus residentes pueden acudir hasta un comedor productor o de expendio, recibir\u00e1n el almuerzo sin importar el aumento que esto represente para la producci\u00f3n.<\/p>\n\n\n\n<p>Sin embargo, en aquellas zonas que han quedado incomunicadas y que no tengan un establecimiento cercano, se ha procedido a instalar las cocinas m\u00f3viles que producen entre 2 mil a 3 mil raciones diarias.<\/p>\n\n\n\n<p>\u201cNosotros hemos estados acompa\u00f1ando al ministro Paliza en este levantamiento de los da\u00f1os provocados por las lluvias en diferentes provincias del pa\u00eds, por instrucciones del presidente de la Rep\u00fablica, Luis Abinader, quien nos ha hecho saber de su preocupaci\u00f3n por la situaci\u00f3n de estas personas. En nuestro caso, estamos asegurando la alimentaci\u00f3n de esta poblaci\u00f3n vulnerable a trav\u00e9s de los comedores y las cocinas m\u00f3viles\u201d asegur\u00f3.<\/p>\n\n\n\n<p>El funcionario declar\u00f3 que la instituci\u00f3n que dirige se encuentra en alerta permanente y preparada para asistir a las familias afectadas por inundaciones y desbordes de r\u00edos por las fuertes lluvias que han estado cayendo en los \u00faltimos d\u00edas en toda la geograf\u00eda nacional.<\/p>\n\n\n\n<p>\u201cTenemos los almacenes abastecidos, y todos los colaboradores a nivel nacional, tanto de las unidades productoras fijas, as\u00ed como de las cocinas m\u00f3viles est\u00e1n listos para prestar asistencias donde sean requeridos los Comedores Econ\u00f3micos del Estado Dominicano (CEED)\u201d expres\u00f3.<\/p>\n\n\n\n<p><strong>Hig\u00fcey, Bajo Yuna, Cabarete y Las Terrenas<\/strong><\/p>\n\n\n\n<p>En Hig\u00fcey, provincia la Altagracia, fueron instaladas 2 cocinas m\u00f3viles en las comunidades que fueron afectadas por las lluvias, produciendo m\u00e1s de 2 mil raciones diarias.<\/p>\n\n\n\n<p>En el Bajo Yuna, en la comunidad de Guaragua, se traslad\u00f3 una &nbsp;cocina m\u00f3vil que produce m\u00e1s de 2 mil raciones de almuerzo cada d\u00eda.<\/p>\n\n\n\n<p>Los casos m\u00e1s recientes son el del distrito municipal de Cabarete en Puerto Plata, donde se instalaron 3 cocinas m\u00f3viles y Las Terrenas en Saman\u00e1, donde se llev\u00f3 1 cocina m\u00f3vil para asegurar la alimentaci\u00f3n de la poblaci\u00f3n afectadas por las lluvias en esas zonas.<\/p>\n\n\n\n<p>\u201cAqu\u00ed en Cabarete instalamos 3 cocinas m\u00f3viles para la zona, que van a estar hasta cuando sea necesario. Ah\u00ed donde las zonas est\u00e1n anegadas los comedores econ\u00f3micos llevaran &nbsp;almuerzo a cada lugar, a cada ciudadano, por instrucciones de nuestro presidente Luis Abinader, para que no le falte la comida a ningunos de ellos, es nuestro deber y en eso estamos y ustedes pueden estar seguros de que las vamos a mantener aqu\u00ed mientras sea necesario\u201d explic\u00f3.<\/p>\n\n\n\n<p>Mientras que en Las Terrenas, Saman\u00e1,&nbsp; &nbsp;est\u00e1 instalada una cocina m\u00f3vil con capacidad para producir m\u00e1s de 2 mil raciones diarias, inform\u00f3 el director general de CEED.<\/p>\n\n\n\n<p>El director general de Comedores Econ\u00f3micos, Edgar Augusto F\u00e9liz M\u00e9ndez, reitero su disposici\u00f3n de brindar ayuda y apoyar a las dem\u00e1s instituciones con la entrega de los kits de alimentos crudos si fuere necesario.<\/p>\n\n\n\n<p>Comedores Econ\u00f3micos del Estado Dominicano (CEED), es una de las instituciones que conforman el Centro de Operaciones de Emergencia (COE), quien planifica y dirige todas las acciones de coordinaci\u00f3n entre las instituciones del Sistema Nacional de Prevenci\u00f3n, Mitigaci\u00f3n y Respuesta ante Desastres.<\/p>\n","protected":false},"excerpt":{"rendered":"<p>Las cocinas m\u00f3viles de la instituci\u00f3n fueron instaladas en las zonas de Hig\u00fcey, Bajo Yuna, Cabarete, Puerto Plata y Las Terrenas, Saman\u00e1. Los Comedores Econ\u00f3micos del Estado Dominicano (CEED), se&hellip;<\/p>\n","protected":false},"author":2,"featured_media":91358,"comment_status":"open","ping_status":"open","sticky":false,"template":"","format":"standard","meta":{"content-type":"","jetpack_post_was_ever_published":false,"_jetpack_newsletter_access":"","_jetpack_dont_email_post_to_subs":false,"_jetpack_newsletter_tier_id":0,"_jetpack_memberships_contains_paywalled_content":false,"_jetpack_memberships_contains_paid_content":false,"footnotes":""},"categories":[35,25],"tags":[2944,255,2632,4533,2880,364,3515,1068,2130],"class_list":["post-91357","post","type-post","status-publish","format-standard","has-post-thumbnail","hentry","category-nacionales","category-portada","tag-afectadas","tag-alimentaria","tag-asistencia","tag-comedores","tag-comunidades","tag-dominicano","tag-economicos","tag-estado","tag-lluvias"],"jetpack_featured_media_url":"https:\/\/lasprimeras.com.do\/wp-content\/uploads\/2024\/11\/ayuda-1.jpg","jetpack-related-posts":[{"id":99044,"url":"https:\/\/lasprimeras.com.do\/index.php\/2025\/05\/16\/comedores-economicos-activa-comite-de-emergencia-ante-posible-impacto-de-vaguada\/","url_meta":{"origin":91357,"position":0},"title":"Comedores Econ\u00f3micos activa Comit\u00e9 de Emergencia ante posible impacto de vaguada","author":"Nelson Feliz","date":"16 de mayo de 2025","format":false,"excerpt":"El director general del organismo de asistencia social garantiz\u00f3 que est\u00e1n preparados para dar respuesta inmediata a cualquier eventualidad y para ello se tiene lista una programaci\u00f3n que involucra todos los comedores de todo el pa\u00eds y las cocinas m\u00f3viles. La Direcci\u00f3n General de Comedores Econ\u00f3micos del Estado Dominicano (CEED),\u2026","rel":"","context":"En \u00abNACIONALES\u00bb","block_context":{"text":"NACIONALES","link":"https:\/\/lasprimeras.com.do\/index.php\/category\/nacionales\/"},"img":{"alt_text":"Comedores Econ\u00f3micos","src":"https:\/\/i0.wp.com\/lasprimeras.com.do\/wp-content\/uploads\/2025\/05\/Comedores-Economicos.jpg?resize=350%2C200&ssl=1","width":350,"height":200,"srcset":"https:\/\/i0.wp.com\/lasprimeras.com.do\/wp-content\/uploads\/2025\/05\/Comedores-Economicos.jpg?resize=350%2C200&ssl=1 1x, https:\/\/i0.wp.com\/lasprimeras.com.do\/wp-content\/uploads\/2025\/05\/Comedores-Economicos.jpg?resize=525%2C300&ssl=1 1.5x, https:\/\/i0.wp.com\/lasprimeras.com.do\/wp-content\/uploads\/2025\/05\/Comedores-Economicos.jpg?resize=700%2C400&ssl=1 2x"},"classes":[]},{"id":92083,"url":"https:\/\/lasprimeras.com.do\/index.php\/2024\/12\/27\/comedores-economicos-acude-en-auxilio-de-familias-afectadas-por-aguaceros-en-samana-puerto-plata-y-moca\/","url_meta":{"origin":91357,"position":1},"title":"Comedores Econ\u00f3micos acude en auxilio de familias afectadas por aguaceros en Saman\u00e1, Puerto Plata y Moca","author":"Nelson Feliz","date":"27 de diciembre de 2024","format":false,"excerpt":"Durante los operativos de asistencia social se entregaron raciones crudas y cocidas en comunidades afectadas por inundaciones. Miles de afectados por los torrenciales aguaceros ca\u00eddos los \u00faltimos d\u00edas, en las ciudades de Puerto Plata, Saman\u00e1 y Moca, fueron beneficiados en operativos de asistencia social de Comedores Econ\u00f3micos del Estado Dominicano\u2026","rel":"","context":"En \u00abNACIONALES\u00bb","block_context":{"text":"NACIONALES","link":"https:\/\/lasprimeras.com.do\/index.php\/category\/nacionales\/"},"img":{"alt_text":"Comedores Econ\u00f3micos","src":"https:\/\/i0.wp.com\/lasprimeras.com.do\/wp-content\/uploads\/2024\/12\/Comedores-Economicos-1.jpg?resize=350%2C200&ssl=1","width":350,"height":200,"srcset":"https:\/\/i0.wp.com\/lasprimeras.com.do\/wp-content\/uploads\/2024\/12\/Comedores-Economicos-1.jpg?resize=350%2C200&ssl=1 1x, https:\/\/i0.wp.com\/lasprimeras.com.do\/wp-content\/uploads\/2024\/12\/Comedores-Economicos-1.jpg?resize=525%2C300&ssl=1 1.5x, https:\/\/i0.wp.com\/lasprimeras.com.do\/wp-content\/uploads\/2024\/12\/Comedores-Economicos-1.jpg?resize=700%2C400&ssl=1 2x"},"classes":[]},{"id":85023,"url":"https:\/\/lasprimeras.com.do\/index.php\/2024\/06\/21\/propeep-asiste-decenas-de-familias-afectadas-por-lluvias-torrenciales-en-constanza\/","url_meta":{"origin":91357,"position":2},"title":"Propeep asiste decenas de familias afectadas por lluvias torrenciales en Constanza","author":"Nelson Feliz","date":"21 de junio de 2024","format":false,"excerpt":"En respuesta a las recientes lluvias torrenciales que han afectado de forma significativa la comunidad de Tireo al Medio en Constanza, la Direcci\u00f3n General de Proyectos Estrat\u00e9gicos y Especiales de la Presidencia (Propeep) ha desplegado una misi\u00f3n de asistencia social, para brindar apoyo inmediato a decenas de familias afectadas por\u2026","rel":"","context":"En \u00abNACIONALES\u00bb","block_context":{"text":"NACIONALES","link":"https:\/\/lasprimeras.com.do\/index.php\/category\/nacionales\/"},"img":{"alt_text":"Roberto \u00c1ngel Salcedo","src":"https:\/\/i0.wp.com\/lasprimeras.com.do\/wp-content\/uploads\/2024\/06\/Roberto-Angel-Salcedo-4.jpg?resize=350%2C200&ssl=1","width":350,"height":200,"srcset":"https:\/\/i0.wp.com\/lasprimeras.com.do\/wp-content\/uploads\/2024\/06\/Roberto-Angel-Salcedo-4.jpg?resize=350%2C200&ssl=1 1x, https:\/\/i0.wp.com\/lasprimeras.com.do\/wp-content\/uploads\/2024\/06\/Roberto-Angel-Salcedo-4.jpg?resize=525%2C300&ssl=1 1.5x"},"classes":[]},{"id":92202,"url":"https:\/\/lasprimeras.com.do\/index.php\/2025\/01\/01\/defensor-del-pueblo-reconoce-a-comedores-economicos-por-compromiso-con-los-derechos-de-la-poblacion\/","url_meta":{"origin":91357,"position":3},"title":"Defensor del Pueblo reconoce a Comedores Econ\u00f3micos por compromiso con los derechos de la poblaci\u00f3n","author":"Nelson Feliz","date":"1 de enero de 2025","format":false,"excerpt":"La instituci\u00f3n de ayuda social se mantuvo dando asistencia alimentaria a todos los asistentes a las actividades realizadas en el marco de la Ruta de los Derechos que se celebr\u00f3 en todo el pa\u00eds. El Defensor del Pueblo reconoci\u00f3 a Comedores Econ\u00f3micos del Estado Dominicano (CEED), en la persona de\u2026","rel":"","context":"En \u00abNACIONALES\u00bb","block_context":{"text":"NACIONALES","link":"https:\/\/lasprimeras.com.do\/index.php\/category\/nacionales\/"},"img":{"alt_text":"","src":"https:\/\/i0.wp.com\/lasprimeras.com.do\/wp-content\/uploads\/2025\/01\/defensor.jpg?resize=350%2C200&ssl=1","width":350,"height":200,"srcset":"https:\/\/i0.wp.com\/lasprimeras.com.do\/wp-content\/uploads\/2025\/01\/defensor.jpg?resize=350%2C200&ssl=1 1x, https:\/\/i0.wp.com\/lasprimeras.com.do\/wp-content\/uploads\/2025\/01\/defensor.jpg?resize=525%2C300&ssl=1 1.5x, https:\/\/i0.wp.com\/lasprimeras.com.do\/wp-content\/uploads\/2025\/01\/defensor.jpg?resize=700%2C400&ssl=1 2x"},"classes":[]},{"id":109758,"url":"https:\/\/lasprimeras.com.do\/index.php\/2025\/09\/22\/abinader-inaugura-de-manera-simultanea-13-nuevos-comedores-ubicados-en-diferentes-comunidades\/","url_meta":{"origin":91357,"position":4},"title":"Abinader inaugura de manera simult\u00e1nea 13 nuevos comedores ubicados en diferentes comunidades","author":"Nelson Feliz","date":"22 de septiembre de 2025","format":false,"excerpt":"\u201cEste ha sido un hito sin precedentes. Con la ampliaci\u00f3n de los servicios de Comedores Econ\u00f3micos, este gobierno ha logrado niveles hist\u00f3ricos en seguridad alimentaria, reafirmando el compromiso de avanzar hacia la meta de declarar la Rep\u00fablica Dominicana como un pa\u00eds con Hambre Cero\u201d, resalt\u00f3 el mandatario. El presidente de\u2026","rel":"","context":"En \u00abNACIONALES\u00bb","block_context":{"text":"NACIONALES","link":"https:\/\/lasprimeras.com.do\/index.php\/category\/nacionales\/"},"img":{"alt_text":"","src":"https:\/\/i0.wp.com\/lasprimeras.com.do\/wp-content\/uploads\/2025\/09\/Luis-Abinader-4.jpg?resize=350%2C200&ssl=1","width":350,"height":200,"srcset":"https:\/\/i0.wp.com\/lasprimeras.com.do\/wp-content\/uploads\/2025\/09\/Luis-Abinader-4.jpg?resize=350%2C200&ssl=1 1x, https:\/\/i0.wp.com\/lasprimeras.com.do\/wp-content\/uploads\/2025\/09\/Luis-Abinader-4.jpg?resize=525%2C300&ssl=1 1.5x, https:\/\/i0.wp.com\/lasprimeras.com.do\/wp-content\/uploads\/2025\/09\/Luis-Abinader-4.jpg?resize=700%2C400&ssl=1 2x"},"classes":[]},{"id":94793,"url":"https:\/\/lasprimeras.com.do\/index.php\/2025\/03\/05\/comedores-economicos-entrega-de-kits-de-raciones-crudas-en-azua-y-barahona\/","url_meta":{"origin":91357,"position":5},"title":"Comedores Econ\u00f3micos entrega de kits de raciones crudas en Azua y Barahona","author":"Nelson Feliz","date":"5 de marzo de 2025","format":false,"excerpt":"Los sectores intervenidos con el operativo fueron: Monte Grande, provincia de Azua, mientras que en la provincia de Barahona fueron beneficiados los residentes de las comunidades de Quita Coraza; Las Minas; El Memiso y El Higuito. El director general de los Comedores Econ\u00f3micos del Estado Dominicano (CEED), Edgar Augusto F\u00e9liz\u2026","rel":"","context":"En \u00abNACIONALES\u00bb","block_context":{"text":"NACIONALES","link":"https:\/\/lasprimeras.com.do\/index.php\/category\/nacionales\/"},"img":{"alt_text":"","src":"https:\/\/i0.wp.com\/lasprimeras.com.do\/wp-content\/uploads\/2025\/03\/raciones-1.jpg?resize=350%2C200&ssl=1","width":350,"height":200,"srcset":"https:\/\/i0.wp.com\/lasprimeras.com.do\/wp-content\/uploads\/2025\/03\/raciones-1.jpg?resize=350%2C200&ssl=1 1x, https:\/\/i0.wp.com\/lasprimeras.com.do\/wp-content\/uploads\/2025\/03\/raciones-1.jpg?resize=525%2C300&ssl=1 1.5x, https:\/\/i0.wp.com\/lasprimeras.com.do\/wp-content\/uploads\/2025\/03\/raciones-1.jpg?resize=700%2C400&ssl=1 2x"},"classes":[]}],"jetpack_sharing_enabled":true,"_links":{"self":[{"href":"https:\/\/lasprimeras.com.do\/index.php\/wp-json\/wp\/v2\/posts\/91357","targetHints":{"allow":["GET"]}}],"collection":[{"href":"https:\/\/lasprimeras.com.do\/index.php\/wp-json\/wp\/v2\/posts"}],"about":[{"href":"https:\/\/lasprimeras.com.do\/index.php\/wp-json\/wp\/v2\/types\/post"}],"author":[{"embeddable":true,"href":"https:\/\/lasprimeras.com.do\/index.php\/wp-json\/wp\/v2\/users\/2"}],"replies":[{"embeddable":true,"href":"https:\/\/lasprimeras.com.do\/index.php\/wp-json\/wp\/v2\/comments?post=91357"}],"version-history":[{"count":1,"href":"https:\/\/lasprimeras.com.do\/index.php\/wp-json\/wp\/v2\/posts\/91357\/revisions"}],"predecessor-version":[{"id":91359,"href":"https:\/\/lasprimeras.com.do\/index.php\/wp-json\/wp\/v2\/posts\/91357\/revisions\/91359"}],"wp:featuredmedia":[{"embeddable":true,"href":"https:\/\/lasprimeras.com.do\/index.php\/wp-json\/wp\/v2\/media\/91358"}],"wp:attachment":[{"href":"https:\/\/lasprimeras.com.do\/index.php\/wp-json\/wp\/v2\/media?parent=91357"}],"wp:term":[{"taxonomy":"category","embeddable":true,"href":"https:\/\/lasprimeras.com.do\/index.php\/wp-json\/wp\/v2\/categories?post=91357"},{"taxonomy":"post_tag","embeddable":true,"href":"https:\/\/lasprimeras.com.do\/index.php\/wp-json\/wp\/v2\/tags?post=91357"}],"curies":[{"name":"wp","href":"https:\/\/api.w.org\/{rel}","templated":true}]}}