{"id":91360,"date":"2024-11-18T23:44:28","date_gmt":"2024-11-19T03:44:28","guid":{"rendered":"https:\/\/lasprimeras.com.do\/?p=91360"},"modified":"2024-11-18T23:44:28","modified_gmt":"2024-11-19T03:44:28","slug":"edesur-se-burla-de-medios-digitales-de-barahona","status":"publish","type":"post","link":"https:\/\/lasprimeras.com.do\/index.php\/2024\/11\/18\/edesur-se-burla-de-medios-digitales-de-barahona\/","title":{"rendered":"Edesur se \u201cburla\u201d de medios digitales de Barahona"},"content":{"rendered":"\n<p>Propietarios de medios digitales de la zona Suroeste de la Rep\u00fablica Dominicana, denunciaron la Empresa Distribuidora de Electricidad del Sur (Edesur), incumple un contrato de colocaci\u00f3n de servicio publicitario y no pagado, pese a que hacen seis meses.<\/p>\n\n\n\n<p>El presidente de la Asociaci\u00f3n de Estudiantes de Comunicaci\u00f3n Social de la UASD Recinto Barahona, H\u00e9rcules Urb\u00e1ez, quien fungi\u00f3 de vocero de decenas de propietarios de medios digitales, revel\u00f3 que desde noviembre de a\u00f1o 2023, Edesur inici\u00f3 un proceso que culmin\u00f3 con la firma de un contrato.<\/p>\n\n\n\n<p>Los micros empresarios de la comunicaci\u00f3n y del periodismo, externan sus quejas porque seis meses despu\u00e9s la Empresa Distribuidora de Electricidad del Sur (Edesur), contratar y pautar las pautas publicitarias no hace efectivo el pago, no da explicaci\u00f3n, mientras los medios cumplieron con su parte.<\/p>\n\n\n\n<p>Explican que tras la firmar del contrato el pasado mayo, se colocaron pautas publicitarias por espacio de tres meses, pero esta es la fecha que Edesur no cumplen con los pagos correspondientes, mientras es muy exigente para que la ciudadan\u00eda honre los compromisos del consumo de energ\u00eda el\u00e9ctrica.<\/p>\n\n\n\n<p>\u201cA nosotros, propietarios de medios digitales de Barahona nos resulta un tanto contradictorio el hecho de que Edesur es exigente para que la ciudadan\u00eda cumpla con el pago del suministro el\u00e9ctrico, mientras ella (Edesur) es mala paga\u201d, expone Urb\u00e1ez mediante una nota de prensa.<\/p>\n\n\n\n<p>Manifiesta fiesta el vocero de los due\u00f1os de espacios digitales que seg\u00fan informaciones que manejan la situaci\u00f3n abarca, adem\u00e1s, a medios de las provincias Azua, San Juan, Barahona, Bahoruco, Pedernales e Independencia.<\/p>\n\n\n\n<p>Asegur\u00f3 que s\u00f3lo exigen a Edesur cumplir el contrato establecido, en el cual daban un plazo de 60 d\u00edas y llevan seis meses, raz\u00f3n por la cual har\u00e1n llegar su queja hasta el presidente de la Rep\u00fablica, Luis Abinader, ya que piensan gestionar una participaci\u00f3n en La Semana, los encuentros que cada semana realiza con la prensa el mandatario.<\/p>\n\n\n\n<p>De igual modo, hacen la coordinaci\u00f3n de lugar a los fines de hacer una sola exigencia a la Empresa Distribuidora de Electricidad del Sur (Edesur), con todos y cada uno de los propietarios de medios afectados en las citadas provincias.<\/p>\n\n\n\n<p>\u201cSi debemos ir hasta donde el presidente, lo haremos, pero no vamos a permitir a Edesur se quedarse con el resultado de nuestro trabajo y violente un contrato firmado, propuesto voluntariamente, as\u00ed como de buena fe por Edesur\u201d, expuso H\u00e9rcules Urb\u00e1ez.<\/p>\n\n\n\n<p>Tambi\u00e9n, el due\u00f1o de medio y presidente de la Asociaci\u00f3n de Estudiantes de Comunicaci\u00f3n Social de la UASD Recinto Barahona, advirti\u00f3 que contemplan la posibilidad de realizar una rueda de prensa en la ciudad capital, en la sede del Colegio Dominicano de Periodistas (CDP), con todos los afectados en las citadas provincias del pa\u00eds.<\/p>\n\n\n\n<p>Por \u00faltimo, Urb\u00e1ez, llam\u00f3 a Edesur a honrar el contrato convenido, pagar en lo inmediato lo adeuda a los propietarios de los medios digitales en donde colocaron sus publicidades.<\/p>\n","protected":false},"excerpt":{"rendered":"<p>Propietarios de medios digitales de la zona Suroeste de la Rep\u00fablica Dominicana, denunciaron la Empresa Distribuidora de Electricidad del Sur (Edesur), incumple un contrato de colocaci\u00f3n de servicio publicitario y&hellip;<\/p>\n","protected":false},"author":2,"featured_media":91361,"comment_status":"open","ping_status":"open","sticky":false,"template":"","format":"standard","meta":{"content-type":"","jetpack_post_was_ever_published":false,"_jetpack_newsletter_access":"","_jetpack_dont_email_post_to_subs":false,"_jetpack_newsletter_tier_id":0,"_jetpack_memberships_contains_paywalled_content":false,"_jetpack_memberships_contains_paid_content":false,"footnotes":""},"categories":[35,25],"tags":[265,7603,1086,6006],"class_list":["post-91360","post","type-post","status-publish","format-standard","has-post-thumbnail","hentry","category-nacionales","category-portada","tag-barahona","tag-burla","tag-edesur","tag-medios-digitales"],"jetpack_featured_media_url":"https:\/\/lasprimeras.com.do\/wp-content\/uploads\/2024\/11\/periodistas.jpg","jetpack-related-posts":[{"id":121003,"url":"https:\/\/lasprimeras.com.do\/index.php\/2026\/01\/30\/edesur-pone-en-servicio-nuevo-transformador-de-potencia-en-subestacion-barahona\/","url_meta":{"origin":91360,"position":0},"title":"Edesur pone en servicio nuevo transformador de potencia en subestaci\u00f3n Barahona","author":"Nelson Feliz","date":"30 de enero de 2026","format":false,"excerpt":"El potente equipo contribuye a una importante mejora del servicio el\u00e9ctrico en la zona Edesur Dominicana puso en servicio un nuevo transformador de potencia en la subestaci\u00f3n el\u00e9ctrica de Barahona, con capacidad de 40 megavoltioamperios (MVA) con lo cual mejorar\u00e1 de forma significativa la calidad del servicio a sus clientes.\u2026","rel":"","context":"En \u00abECONOM\u00cdA\u00bb","block_context":{"text":"ECONOM\u00cdA","link":"https:\/\/lasprimeras.com.do\/index.php\/category\/economia\/"},"img":{"alt_text":"","src":"https:\/\/i0.wp.com\/lasprimeras.com.do\/wp-content\/uploads\/2026\/01\/Trabajos-Barahona-02B.jpg?resize=350%2C200&ssl=1","width":350,"height":200,"srcset":"https:\/\/i0.wp.com\/lasprimeras.com.do\/wp-content\/uploads\/2026\/01\/Trabajos-Barahona-02B.jpg?resize=350%2C200&ssl=1 1x, https:\/\/i0.wp.com\/lasprimeras.com.do\/wp-content\/uploads\/2026\/01\/Trabajos-Barahona-02B.jpg?resize=525%2C300&ssl=1 1.5x, https:\/\/i0.wp.com\/lasprimeras.com.do\/wp-content\/uploads\/2026\/01\/Trabajos-Barahona-02B.jpg?resize=700%2C400&ssl=1 2x"},"classes":[]},{"id":93094,"url":"https:\/\/lasprimeras.com.do\/index.php\/2025\/01\/24\/edesur-castiga-a-residentes-de-cabral-con-apagones-extensos-y-frecuentes\/","url_meta":{"origin":91360,"position":1},"title":"Edesur castiga a residentes de Cabral con apagones extensos y frecuentes","author":"Nelson Feliz","date":"24 de enero de 2025","format":false,"excerpt":"H\u00e9rcules Urb\u00e1ez Residentes y comerciantes de este municipio Cabral-Barahona denunciaron los prolongados y reiterados apagones a los que est\u00e1n siendo sometidos por la Empresa Distribuidora de Electricidad del Sur (Edesur), situaci\u00f3n que afecta gravemente sus actividades cotidianas y la econom\u00eda local. De acuerdo con testimonios recogidos por este medio, los\u2026","rel":"","context":"En \u00abNACIONALES\u00bb","block_context":{"text":"NACIONALES","link":"https:\/\/lasprimeras.com.do\/index.php\/category\/nacionales\/"},"img":{"alt_text":"Edesur","src":"https:\/\/i0.wp.com\/lasprimeras.com.do\/wp-content\/uploads\/2025\/01\/WhatsApp-Image-2025-01-24-at-5.20.15-PM.jpeg?resize=350%2C200&ssl=1","width":350,"height":200,"srcset":"https:\/\/i0.wp.com\/lasprimeras.com.do\/wp-content\/uploads\/2025\/01\/WhatsApp-Image-2025-01-24-at-5.20.15-PM.jpeg?resize=350%2C200&ssl=1 1x, https:\/\/i0.wp.com\/lasprimeras.com.do\/wp-content\/uploads\/2025\/01\/WhatsApp-Image-2025-01-24-at-5.20.15-PM.jpeg?resize=525%2C300&ssl=1 1.5x, https:\/\/i0.wp.com\/lasprimeras.com.do\/wp-content\/uploads\/2025\/01\/WhatsApp-Image-2025-01-24-at-5.20.15-PM.jpeg?resize=700%2C400&ssl=1 2x, https:\/\/i0.wp.com\/lasprimeras.com.do\/wp-content\/uploads\/2025\/01\/WhatsApp-Image-2025-01-24-at-5.20.15-PM.jpeg?resize=1050%2C600&ssl=1 3x"},"classes":[]},{"id":121428,"url":"https:\/\/lasprimeras.com.do\/index.php\/2026\/02\/04\/edesur-dominicana-aclara-que-incendio-en-el-911-se-origino-por-un-problema-electrico-interno\/","url_meta":{"origin":91360,"position":2},"title":"Edesur Dominicana aclara que incendio en el 911 se origin\u00f3 por un problema el\u00e9ctrico interno","author":"Nelson Feliz","date":"4 de febrero de 2026","format":false,"excerpt":"Edesur Dominicana aclar\u00f3 que el incendio registrado en el \u00e1rea de despacho del edificio de la sede principal del Sistema Nacional de Atenci\u00f3n a Emergencias y Seguridad 911 no guarda relaci\u00f3n con fallas en el circuito externo que suministra electricidad a esa entidad estatal. La empresa distribuidora precis\u00f3 que el\u2026","rel":"","context":"En \u00abNACIONALES\u00bb","block_context":{"text":"NACIONALES","link":"https:\/\/lasprimeras.com.do\/index.php\/category\/nacionales\/"},"img":{"alt_text":"Edesur Dominicana","src":"https:\/\/i0.wp.com\/lasprimeras.com.do\/wp-content\/uploads\/2026\/02\/Edesur-Dominicana.jpg?resize=350%2C200&ssl=1","width":350,"height":200,"srcset":"https:\/\/i0.wp.com\/lasprimeras.com.do\/wp-content\/uploads\/2026\/02\/Edesur-Dominicana.jpg?resize=350%2C200&ssl=1 1x, https:\/\/i0.wp.com\/lasprimeras.com.do\/wp-content\/uploads\/2026\/02\/Edesur-Dominicana.jpg?resize=525%2C300&ssl=1 1.5x, https:\/\/i0.wp.com\/lasprimeras.com.do\/wp-content\/uploads\/2026\/02\/Edesur-Dominicana.jpg?resize=700%2C400&ssl=1 2x"},"classes":[]},{"id":89689,"url":"https:\/\/lasprimeras.com.do\/index.php\/2024\/10\/03\/se-intensifican-apagones-en-barahona-y-la-region-culpan-a-empresa-sanel\/","url_meta":{"origin":91360,"position":3},"title":"Se intensifican apagones en Barahona y la regi\u00f3n; culpan a empresa Sanel","author":"Paola Castillo","date":"3 de octubre de 2024","format":false,"excerpt":"Moradores de comunidades pertenecientes a las provincias Barahona y la regi\u00f3n, est\u00e1n con el grito al cielo por un recrudecimiento de los apagones, culpando a la empresa Sanel de los mismos. Personas de esas comunidades que llaman a los distintos medios de comunicaci\u00f3n y programas interactivos, aseguran que cada d\u00eda\u2026","rel":"","context":"En \u00abNACIONALES\u00bb","block_context":{"text":"NACIONALES","link":"https:\/\/lasprimeras.com.do\/index.php\/category\/nacionales\/"},"img":{"alt_text":"","src":"","width":0,"height":0},"classes":[]},{"id":125133,"url":"https:\/\/lasprimeras.com.do\/index.php\/2026\/03\/19\/edesur-trabaja-en-restablecer-el-servicio-en-varios-sectores-de-santo-domingo-por-averia\/","url_meta":{"origin":91360,"position":4},"title":"Edesur trabaja en restablecer el servicio en varios sectores de Santo Domingo por aver\u00eda","author":"Nelson Feliz","date":"19 de marzo de 2026","format":false,"excerpt":"Nuestros t\u00e9cnicos investigan las causas de la falla en la subestaci\u00f3n Matadero; buscan normalizar el suministro en el menor tiempo posible Edesur Dominicana trabaja para restablecer el servicio en varios sectores del Distrito Nacional que se abastecen de energ\u00eda de la subestaci\u00f3n el\u00e9ctrica Matadero donde se registr\u00f3 una aver\u00eda que\u2026","rel":"","context":"En \u00abSin categor\u00eda\u00bb","block_context":{"text":"Sin categor\u00eda","link":"https:\/\/lasprimeras.com.do\/index.php\/category\/sin-categoria\/"},"img":{"alt_text":"","src":"https:\/\/i0.wp.com\/lasprimeras.com.do\/wp-content\/uploads\/2026\/03\/Matadero-2.jpg?resize=350%2C200&ssl=1","width":350,"height":200,"srcset":"https:\/\/i0.wp.com\/lasprimeras.com.do\/wp-content\/uploads\/2026\/03\/Matadero-2.jpg?resize=350%2C200&ssl=1 1x, https:\/\/i0.wp.com\/lasprimeras.com.do\/wp-content\/uploads\/2026\/03\/Matadero-2.jpg?resize=525%2C300&ssl=1 1.5x, https:\/\/i0.wp.com\/lasprimeras.com.do\/wp-content\/uploads\/2026\/03\/Matadero-2.jpg?resize=700%2C400&ssl=1 2x"},"classes":[]},{"id":117610,"url":"https:\/\/lasprimeras.com.do\/index.php\/2025\/12\/12\/edesur-interviene-subestacion-paraiso-donde-realiza-trabajos-para-eficientizar-servicio-en-14-sectores-del-dn\/","url_meta":{"origin":91360,"position":5},"title":"Edesur interviene subestaci\u00f3n Para\u00edso donde realiza trabajos para eficientizar servicio en 14 sectores del DN","author":"Nelson Feliz","date":"12 de diciembre de 2025","format":false,"excerpt":"Las intervenciones en redes e infraestructuras tendr\u00e1n una inversi\u00f3n superior a los RD$10.9 millones Los trabajos permitir\u00e1n reducir los riesgos de sobrecargas y de interrupciones durante el periodo de mayor demanda energ\u00e9tica Edesur Dominicana inform\u00f3 que desarrolla un programa de adecuaci\u00f3n de redes e infraestructuras en la subestaci\u00f3n el\u00e9ctrica Para\u00edso,\u2026","rel":"","context":"En \u00abECONOM\u00cdA\u00bb","block_context":{"text":"ECONOM\u00cdA","link":"https:\/\/lasprimeras.com.do\/index.php\/category\/economia\/"},"img":{"alt_text":"","src":"https:\/\/i0.wp.com\/lasprimeras.com.do\/wp-content\/uploads\/2025\/12\/Edesur-Dominicana.jpg?resize=350%2C200&ssl=1","width":350,"height":200,"srcset":"https:\/\/i0.wp.com\/lasprimeras.com.do\/wp-content\/uploads\/2025\/12\/Edesur-Dominicana.jpg?resize=350%2C200&ssl=1 1x, https:\/\/i0.wp.com\/lasprimeras.com.do\/wp-content\/uploads\/2025\/12\/Edesur-Dominicana.jpg?resize=525%2C300&ssl=1 1.5x, https:\/\/i0.wp.com\/lasprimeras.com.do\/wp-content\/uploads\/2025\/12\/Edesur-Dominicana.jpg?resize=700%2C400&ssl=1 2x"},"classes":[]}],"jetpack_sharing_enabled":true,"_links":{"self":[{"href":"https:\/\/lasprimeras.com.do\/index.php\/wp-json\/wp\/v2\/posts\/91360","targetHints":{"allow":["GET"]}}],"collection":[{"href":"https:\/\/lasprimeras.com.do\/index.php\/wp-json\/wp\/v2\/posts"}],"about":[{"href":"https:\/\/lasprimeras.com.do\/index.php\/wp-json\/wp\/v2\/types\/post"}],"author":[{"embeddable":true,"href":"https:\/\/lasprimeras.com.do\/index.php\/wp-json\/wp\/v2\/users\/2"}],"replies":[{"embeddable":true,"href":"https:\/\/lasprimeras.com.do\/index.php\/wp-json\/wp\/v2\/comments?post=91360"}],"version-history":[{"count":1,"href":"https:\/\/lasprimeras.com.do\/index.php\/wp-json\/wp\/v2\/posts\/91360\/revisions"}],"predecessor-version":[{"id":91362,"href":"https:\/\/lasprimeras.com.do\/index.php\/wp-json\/wp\/v2\/posts\/91360\/revisions\/91362"}],"wp:featuredmedia":[{"embeddable":true,"href":"https:\/\/lasprimeras.com.do\/index.php\/wp-json\/wp\/v2\/media\/91361"}],"wp:attachment":[{"href":"https:\/\/lasprimeras.com.do\/index.php\/wp-json\/wp\/v2\/media?parent=91360"}],"wp:term":[{"taxonomy":"category","embeddable":true,"href":"https:\/\/lasprimeras.com.do\/index.php\/wp-json\/wp\/v2\/categories?post=91360"},{"taxonomy":"post_tag","embeddable":true,"href":"https:\/\/lasprimeras.com.do\/index.php\/wp-json\/wp\/v2\/tags?post=91360"}],"curies":[{"name":"wp","href":"https:\/\/api.w.org\/{rel}","templated":true}]}}