{"id":91381,"date":"2024-11-20T00:06:45","date_gmt":"2024-11-20T04:06:45","guid":{"rendered":"https:\/\/lasprimeras.com.do\/?p=91381"},"modified":"2024-11-20T00:06:47","modified_gmt":"2024-11-20T04:06:47","slug":"pleno-de-la-jce-aprueba-se-solicite-a-la-camara-de-cuentas-realice-auditoria-al-organo-electoral","status":"publish","type":"post","link":"https:\/\/lasprimeras.com.do\/index.php\/2024\/11\/20\/pleno-de-la-jce-aprueba-se-solicite-a-la-camara-de-cuentas-realice-auditoria-al-organo-electoral\/","title":{"rendered":"Pleno de la JCE aprueba se solicite a la C\u00e1mara de Cuentas realice auditor\u00eda al \u00f3rgano electoral"},"content":{"rendered":"\n<p>El Pleno de la Junta Central Electoral (JCE) aprob\u00f3 solicitar a la C\u00e1mara de Cuentas que se realice una auditor\u00eda a la instituci\u00f3n administradora de los procesos electorales y del registro civil.<\/p>\n\n\n\n<p>La C\u00e1mara de Cuentas audit\u00f3 la gesti\u00f3n desde el a\u00f1o 2017 hasta el a\u00f1o 2022 inclusive, por lo que el Pleno procedi\u00f3 a aprobar en Sesi\u00f3n Administrativa de este lunes 18 de noviembre de 2024 solicitar que se realice dicha auditor\u00eda desde el 1ero. de enero de 2023 a noviembre de 2024.<\/p>\n\n\n\n<p>A inicios de la gesti\u00f3n pasada (2020-2024) el Pleno hab\u00eda hecho lo propio, pero solicitando en esa ocasi\u00f3n a la C\u00e1mara de Cuentas que la auditor\u00eda se aplicara cada a\u00f1o a la instituci\u00f3n, con miras a fortalecer la transparencia de cara a la sociedad y los \u00f3rganos competentes.<\/p>\n","protected":false},"excerpt":{"rendered":"<p>El Pleno de la Junta Central Electoral (JCE) aprob\u00f3 solicitar a la C\u00e1mara de Cuentas que se realice una auditor\u00eda a la instituci\u00f3n administradora de los procesos electorales y del&hellip;<\/p>\n","protected":false},"author":2,"featured_media":91383,"comment_status":"open","ping_status":"open","sticky":false,"template":"","format":"standard","meta":{"content-type":"","jetpack_post_was_ever_published":false,"_jetpack_newsletter_access":"","_jetpack_dont_email_post_to_subs":false,"_jetpack_newsletter_tier_id":0,"_jetpack_memberships_contains_paywalled_content":false,"_jetpack_memberships_contains_paid_content":false,"footnotes":""},"categories":[35],"tags":[2246,340,731,183,16444,368],"class_list":["post-91381","post","type-post","status-publish","format-standard","has-post-thumbnail","hentry","category-nacionales","tag-auditoria","tag-camara-de-cuentas","tag-electoral","tag-jce","tag-organo-2","tag-pleno"],"jetpack_featured_media_url":"https:\/\/lasprimeras.com.do\/wp-content\/uploads\/2024\/11\/pleno-de-la-jce-aprueba-se-solicite-a-la-camara-de-cuentas-realice-auditoria-al-organo-electoral.jpg","jetpack-related-posts":[{"id":102683,"url":"https:\/\/lasprimeras.com.do\/index.php\/2025\/07\/07\/jce-deja-abierta-auditoria-externa-de-sus-cuatro-normas-iso-proceso-culmina-el-14-de-julio\/","url_meta":{"origin":91381,"position":0},"title":"JCE deja abierta auditor\u00eda externa de sus cuatro normas ISO; proceso culmina el 14 de julio","author":"Nelson Feliz","date":"7 de julio de 2025","format":false,"excerpt":"La Junta Central Electoral (JCE) dio inicio este lunes a una auditor\u00eda externa mediante el Sistema de Gesti\u00f3n Integrado (SGI) con el objetivo de preservar las cuatro normas ISO con la que cuenta la instituci\u00f3n: 9001, de Gesti\u00f3n de la Calidad; la 54001, que aborda el Sistema de Calidad de\u2026","rel":"","context":"En \u00abNACIONALES\u00bb","block_context":{"text":"NACIONALES","link":"https:\/\/lasprimeras.com.do\/index.php\/category\/nacionales\/"},"img":{"alt_text":"","src":"https:\/\/i0.wp.com\/lasprimeras.com.do\/wp-content\/uploads\/2025\/07\/JCE-1-1.jpg?resize=350%2C200&ssl=1","width":350,"height":200,"srcset":"https:\/\/i0.wp.com\/lasprimeras.com.do\/wp-content\/uploads\/2025\/07\/JCE-1-1.jpg?resize=350%2C200&ssl=1 1x, https:\/\/i0.wp.com\/lasprimeras.com.do\/wp-content\/uploads\/2025\/07\/JCE-1-1.jpg?resize=525%2C300&ssl=1 1.5x, https:\/\/i0.wp.com\/lasprimeras.com.do\/wp-content\/uploads\/2025\/07\/JCE-1-1.jpg?resize=700%2C400&ssl=1 2x"},"classes":[]},{"id":123022,"url":"https:\/\/lasprimeras.com.do\/index.php\/2026\/02\/24\/camara-de-cuentas-y-jce-inician-jornada-de-cedulacion-para-sus-colaboradores\/","url_meta":{"origin":91381,"position":1},"title":"C\u00e1mara de Cuentas y JCE inician jornada de cedulaci\u00f3n para sus colaboradores","author":"Nelson Feliz","date":"24 de febrero de 2026","format":false,"excerpt":"La C\u00e1mara de Cuentas de la Rep\u00fablica Dominicana (CCRD) la obtenci\u00f3n del nuevo documento de identidad y electoral, los miembros del Pleno de la instituci\u00f3n, encabezados por su presidenta, la doctora Emma Polanco Melo, en coordinaci\u00f3n con la Junta Central Electoral (JCE), habilitaron un centro de captaci\u00f3n de datos biom\u00e9tricos\u2026","rel":"","context":"En \u00abNACIONALES\u00bb","block_context":{"text":"NACIONALES","link":"https:\/\/lasprimeras.com.do\/index.php\/category\/nacionales\/"},"img":{"alt_text":"","src":"https:\/\/i0.wp.com\/lasprimeras.com.do\/wp-content\/uploads\/2026\/02\/colaboradores-camara-de-cuentas.jpg?resize=350%2C200&ssl=1","width":350,"height":200,"srcset":"https:\/\/i0.wp.com\/lasprimeras.com.do\/wp-content\/uploads\/2026\/02\/colaboradores-camara-de-cuentas.jpg?resize=350%2C200&ssl=1 1x, https:\/\/i0.wp.com\/lasprimeras.com.do\/wp-content\/uploads\/2026\/02\/colaboradores-camara-de-cuentas.jpg?resize=525%2C300&ssl=1 1.5x, https:\/\/i0.wp.com\/lasprimeras.com.do\/wp-content\/uploads\/2026\/02\/colaboradores-camara-de-cuentas.jpg?resize=700%2C400&ssl=1 2x"},"classes":[]},{"id":66118,"url":"https:\/\/lasprimeras.com.do\/index.php\/2023\/11\/03\/auditaran-equipos-que-seran-usados-en-elecciones-del-2024\/","url_meta":{"origin":91381,"position":2},"title":"Auditar\u00e1n equipos que ser\u00e1n usados en elecciones del 2024","author":"BIMARY DE JES\u00daS Matos","date":"3 de noviembre de 2023","format":false,"excerpt":"Santo Domingo.-El Pleno de la Junta Central Electoral (JCE) y los partidos pol\u00edticos acordaron ayer que se realice una auditor\u00eda t\u00e9cnica a los m\u00e1s de 21 mil equipos de escaneo, digitalizaci\u00f3n, impresi\u00f3n y transmisi\u00f3n de datos (EDET) que se utilizar\u00e1n en las elecciones municipales del 18 de febrero y 19\u2026","rel":"","context":"En \u00abSin categor\u00eda\u00bb","block_context":{"text":"Sin categor\u00eda","link":"https:\/\/lasprimeras.com.do\/index.php\/category\/sin-categoria\/"},"img":{"alt_text":"","src":"https:\/\/i0.wp.com\/lasprimeras.com.do\/wp-content\/uploads\/2023\/11\/WhatsApp-Image-2023-11-02-at-7.42.09-PM-4.jpeg?resize=350%2C200&ssl=1","width":350,"height":200,"srcset":"https:\/\/i0.wp.com\/lasprimeras.com.do\/wp-content\/uploads\/2023\/11\/WhatsApp-Image-2023-11-02-at-7.42.09-PM-4.jpeg?resize=350%2C200&ssl=1 1x, https:\/\/i0.wp.com\/lasprimeras.com.do\/wp-content\/uploads\/2023\/11\/WhatsApp-Image-2023-11-02-at-7.42.09-PM-4.jpeg?resize=525%2C300&ssl=1 1.5x"},"classes":[]},{"id":117545,"url":"https:\/\/lasprimeras.com.do\/index.php\/2025\/12\/11\/jce-cierra-segundo-ciclo-de-auditoria-interna-del-sgi-con-exito-ratifica-cumplimiento-de-normas-iso\/","url_meta":{"origin":91381,"position":3},"title":"JCE cierra segundo ciclo de auditor\u00eda interna del SGI con \u00e9xito; ratifica cumplimiento de normas ISO","author":"Nelson Feliz","date":"11 de diciembre de 2025","format":false,"excerpt":"La Junta Central Electoral (JCE) concluy\u00f3 este jueves con resultados satisfactorios el proceso de auditor\u00eda interna de las normas ISO 9001, de Gesti\u00f3n de la Calidad; 54001, de Sistema de Calidad de la Gesti\u00f3n Electoral; la 22301, de Continuidad de la Operaci\u00f3n; y la 27001, de Sistema de Gesti\u00f3n de\u2026","rel":"","context":"En \u00abNACIONALES\u00bb","block_context":{"text":"NACIONALES","link":"https:\/\/lasprimeras.com.do\/index.php\/category\/nacionales\/"},"img":{"alt_text":"","src":"https:\/\/i0.wp.com\/lasprimeras.com.do\/wp-content\/uploads\/2025\/12\/Roman-Andres-Jaquez-Liranzo-1.jpg?resize=350%2C200&ssl=1","width":350,"height":200,"srcset":"https:\/\/i0.wp.com\/lasprimeras.com.do\/wp-content\/uploads\/2025\/12\/Roman-Andres-Jaquez-Liranzo-1.jpg?resize=350%2C200&ssl=1 1x, https:\/\/i0.wp.com\/lasprimeras.com.do\/wp-content\/uploads\/2025\/12\/Roman-Andres-Jaquez-Liranzo-1.jpg?resize=525%2C300&ssl=1 1.5x, https:\/\/i0.wp.com\/lasprimeras.com.do\/wp-content\/uploads\/2025\/12\/Roman-Andres-Jaquez-Liranzo-1.jpg?resize=700%2C400&ssl=1 2x"},"classes":[]},{"id":128048,"url":"https:\/\/lasprimeras.com.do\/index.php\/2026\/04\/19\/la-jce-logra-recertificacion-de-sus-cuatro-normas-iso\/","url_meta":{"origin":91381,"position":4},"title":"La JCE logra recertificaci\u00f3n de sus cuatro normas ISO","author":"Nelson Feliz","date":"19 de abril de 2026","format":false,"excerpt":"La Junta Central Electoral (JCE), a trav\u00e9s de la Unidad del Sistema de Gesti\u00f3n Integrado (USGI), culmin\u00f3 el viernes la auditor\u00eda externa que dio como resultado la recertificaci\u00f3n de sus cuatro normas ISO: la ISO 9001, de Gesti\u00f3n de Calidad; la ISO 54001, de Calidad de la Gesti\u00f3n Electoral; la\u2026","rel":"","context":"En \u00abNACIONALES\u00bb","block_context":{"text":"NACIONALES","link":"https:\/\/lasprimeras.com.do\/index.php\/category\/nacionales\/"},"img":{"alt_text":"","src":"https:\/\/i0.wp.com\/lasprimeras.com.do\/wp-content\/uploads\/2026\/04\/ISO-4.jpg?resize=350%2C200&ssl=1","width":350,"height":200,"srcset":"https:\/\/i0.wp.com\/lasprimeras.com.do\/wp-content\/uploads\/2026\/04\/ISO-4.jpg?resize=350%2C200&ssl=1 1x, https:\/\/i0.wp.com\/lasprimeras.com.do\/wp-content\/uploads\/2026\/04\/ISO-4.jpg?resize=525%2C300&ssl=1 1.5x, https:\/\/i0.wp.com\/lasprimeras.com.do\/wp-content\/uploads\/2026\/04\/ISO-4.jpg?resize=700%2C400&ssl=1 2x"},"classes":[]},{"id":67715,"url":"https:\/\/lasprimeras.com.do\/index.php\/2023\/11\/17\/fuerza-del-pueblo-solicita-a-jce-inicio-mesa-tecnica-de-trabajo\/","url_meta":{"origin":91381,"position":5},"title":"Fuerza del Pueblo solicita a JCE inicio Mesa T\u00e9cnica de Trabajo","author":"BIMARY DE JES\u00daS Matos","date":"17 de noviembre de 2023","format":false,"excerpt":"SANTO DOMINGO.- El partido Fuerza del Pueblo (FP) solicit\u00f3 a la Junta Central Electoral (JCE) que se convoque para la pr\u00f3xima semana el inicio de la Mesa T\u00e9cnica Permanente de Trabajo para evaluar el plan de acci\u00f3n que se realizar\u00e1 para las elecciones de 2024. Manuel Crespo, delegado de FP\u2026","rel":"","context":"En \u00abSin categor\u00eda\u00bb","block_context":{"text":"Sin categor\u00eda","link":"https:\/\/lasprimeras.com.do\/index.php\/category\/sin-categoria\/"},"img":{"alt_text":"","src":"https:\/\/i0.wp.com\/lasprimeras.com.do\/wp-content\/uploads\/2023\/11\/WhatsApp-Image-2023-11-16-at-9.41.50-PM-3.jpeg?resize=350%2C200&ssl=1","width":350,"height":200,"srcset":"https:\/\/i0.wp.com\/lasprimeras.com.do\/wp-content\/uploads\/2023\/11\/WhatsApp-Image-2023-11-16-at-9.41.50-PM-3.jpeg?resize=350%2C200&ssl=1 1x, https:\/\/i0.wp.com\/lasprimeras.com.do\/wp-content\/uploads\/2023\/11\/WhatsApp-Image-2023-11-16-at-9.41.50-PM-3.jpeg?resize=525%2C300&ssl=1 1.5x"},"classes":[]}],"jetpack_sharing_enabled":true,"_links":{"self":[{"href":"https:\/\/lasprimeras.com.do\/index.php\/wp-json\/wp\/v2\/posts\/91381","targetHints":{"allow":["GET"]}}],"collection":[{"href":"https:\/\/lasprimeras.com.do\/index.php\/wp-json\/wp\/v2\/posts"}],"about":[{"href":"https:\/\/lasprimeras.com.do\/index.php\/wp-json\/wp\/v2\/types\/post"}],"author":[{"embeddable":true,"href":"https:\/\/lasprimeras.com.do\/index.php\/wp-json\/wp\/v2\/users\/2"}],"replies":[{"embeddable":true,"href":"https:\/\/lasprimeras.com.do\/index.php\/wp-json\/wp\/v2\/comments?post=91381"}],"version-history":[{"count":1,"href":"https:\/\/lasprimeras.com.do\/index.php\/wp-json\/wp\/v2\/posts\/91381\/revisions"}],"predecessor-version":[{"id":91382,"href":"https:\/\/lasprimeras.com.do\/index.php\/wp-json\/wp\/v2\/posts\/91381\/revisions\/91382"}],"wp:featuredmedia":[{"embeddable":true,"href":"https:\/\/lasprimeras.com.do\/index.php\/wp-json\/wp\/v2\/media\/91383"}],"wp:attachment":[{"href":"https:\/\/lasprimeras.com.do\/index.php\/wp-json\/wp\/v2\/media?parent=91381"}],"wp:term":[{"taxonomy":"category","embeddable":true,"href":"https:\/\/lasprimeras.com.do\/index.php\/wp-json\/wp\/v2\/categories?post=91381"},{"taxonomy":"post_tag","embeddable":true,"href":"https:\/\/lasprimeras.com.do\/index.php\/wp-json\/wp\/v2\/tags?post=91381"}],"curies":[{"name":"wp","href":"https:\/\/api.w.org\/{rel}","templated":true}]}}