{"id":91384,"date":"2024-11-20T00:11:07","date_gmt":"2024-11-20T04:11:07","guid":{"rendered":"https:\/\/lasprimeras.com.do\/?p=91384"},"modified":"2024-11-20T00:11:09","modified_gmt":"2024-11-20T04:11:09","slug":"apordom-repara-muelle-turistico-y-pesquero-de-rio-san-juan-tras-fenomeno-atmosferico","status":"publish","type":"post","link":"https:\/\/lasprimeras.com.do\/index.php\/2024\/11\/20\/apordom-repara-muelle-turistico-y-pesquero-de-rio-san-juan-tras-fenomeno-atmosferico\/","title":{"rendered":"APORDOM repara muelle tur\u00edstico y pesquero de R\u00edo San Juan tras fen\u00f3meno atmosf\u00e9rico"},"content":{"rendered":"\n<p>La Autoridad Portuaria Dominicana (APORDOM) ha iniciado con rapidez los trabajos de reparaci\u00f3n del muelle tur\u00edstico y pesquero de R\u00edo San Juan, luego de que el fuerte oleaje causado por recientes condiciones clim\u00e1ticas desplazara parcialmente el rompeolas.<\/p>\n\n\n\n<p>La instituci\u00f3n ha asegurado que el n\u00facleo de la estructura del muelle permanece completamente intacto. De inmediato se ha comenzado con la reubicaci\u00f3n de las rocas afectadas para restaurar la protecci\u00f3n de la infraestructura y garantizar su seguridad.<\/p>\n\n\n\n<p>APORDOM subray\u00f3 que, aunque las condiciones meteorol\u00f3gicas no se pueden controlar, la entidad se mantiene en alerta constante para proteger las infraestructuras portuarias y salvaguardar vidas.<\/p>\n\n\n\n<p>Como medida preventiva, antes de los eventos clim\u00e1ticos, se procedi\u00f3 a retirar voluntariamente las maderas de la estructura, las cuales ya est\u00e1n siendo reinstaladas en \u00f3ptimas condiciones.<\/p>\n\n\n\n<p>Bajo la supervisi\u00f3n de un equipo t\u00e9cnico especializado, junto con la colaboraci\u00f3n de la empresa constructora, se est\u00e1n llevando a cabo las reparaciones y ajustes necesarios para garantizar que el muelle recupere su plena funcionalidad.<\/p>\n\n\n\n<p>Adem\u00e1s, se est\u00e1n preparando las condiciones para la segunda fase del proyecto, previamente anunciada por el presidente Luis Abinader.<\/p>\n\n\n\n<p>APORDOM tambi\u00e9n agradeci\u00f3 a la comunidad su apoyo y destac\u00f3 los avances significativos que esta obra representa para el bienestar local.<\/p>\n\n\n\n<p>Al mismo tiempo, inst\u00f3 a la ciudadan\u00eda a verificar la veracidad de las informaciones antes de difundirlas, evitando as\u00ed malentendidos.<\/p>\n\n\n\n<p>La Autoridad Portuaria Dominicana reitera su firme compromiso con la seguridad, eficiencia y preservaci\u00f3n de las infraestructuras portuarias en todo el pa\u00eds, y asegura que seguir\u00e1 trabajando para que los puertos dominicanos contin\u00faen operando de manera segura y eficiente.<\/p>\n","protected":false},"excerpt":{"rendered":"<p>La Autoridad Portuaria Dominicana (APORDOM) ha iniciado con rapidez los trabajos de reparaci\u00f3n del muelle tur\u00edstico y pesquero de R\u00edo San Juan, luego de que el fuerte oleaje causado por&hellip;<\/p>\n","protected":false},"author":2,"featured_media":91385,"comment_status":"open","ping_status":"open","sticky":false,"template":"","format":"standard","meta":{"content-type":"","jetpack_post_was_ever_published":false,"_jetpack_newsletter_access":"","_jetpack_dont_email_post_to_subs":false,"_jetpack_newsletter_tier_id":0,"_jetpack_memberships_contains_paywalled_content":false,"_jetpack_memberships_contains_paid_content":false,"footnotes":""},"categories":[35],"tags":[4611,9666,6463,7226,16445,14582,4268],"class_list":["post-91384","post","type-post","status-publish","format-standard","has-post-thumbnail","hentry","category-nacionales","tag-apordom","tag-atmosferico","tag-fenomeno","tag-muelle","tag-pesquero","tag-rio-san-juan","tag-turistico"],"jetpack_featured_media_url":"https:\/\/lasprimeras.com.do\/wp-content\/uploads\/2024\/11\/muelle.jpg","jetpack-related-posts":[{"id":78597,"url":"https:\/\/lasprimeras.com.do\/index.php\/2024\/03\/18\/abinader-inaugura-muelle-turistico-y-pesquero-en-rio-san-juan-y-cabrera\/","url_meta":{"origin":91384,"position":0},"title":"Abinader inaugura muelle tur\u00edstico y pesquero en R\u00edo San Juan y Cabrera","author":"BIMARY DE JES\u00daS Matos","date":"18 de marzo de 2024","format":false,"excerpt":"Santo Domingo. \u2013 Con una inversi\u00f3n cerca de los 246 millones de pesos,el presidente de la Rep\u00fablica, Luis Abinader Corona, acompa\u00f1ado del director ejecutivo de la Autoridad Portuaria Dominicana (APORDOM), Jean Luis Rodr\u00edguez, encabez\u00f3 este domingo el acto de inauguraci\u00f3n de los muelles tur\u00edsticos y pesqueros de R\u00edo San Juan\u2026","rel":"","context":"En \u00abPORTADA\u00bb","block_context":{"text":"PORTADA","link":"https:\/\/lasprimeras.com.do\/index.php\/category\/portada\/"},"img":{"alt_text":"","src":"","width":0,"height":0},"classes":[]},{"id":101563,"url":"https:\/\/lasprimeras.com.do\/index.php\/2025\/06\/23\/abinader-presenta-inversion-en-infraestructura-portuaria-entre-sectores-publico-y-privado\/","url_meta":{"origin":91384,"position":1},"title":"Abinader presenta inversi\u00f3n en infraestructura portuaria entre sectores p\u00fablico y privado","author":"Nelson Feliz","date":"23 de junio de 2025","format":false,"excerpt":"El presidente Luis Abinader defini\u00f3 la Autoridad Portuaria Dominicana (APORDOM), como eficiente y rentable y explic\u00f3 que en este Gobierno ha habido mayor solidez financiera, sald\u00e1ndose deudas por los RD$1,300 millones, un aumento de ingresos de 2.5 veces m\u00e1s, con un crecimiento mensual de RD$56 millones a RD$140 millones. El\u2026","rel":"","context":"En \u00abECONOM\u00cdA\u00bb","block_context":{"text":"ECONOM\u00cdA","link":"https:\/\/lasprimeras.com.do\/index.php\/category\/economia\/"},"img":{"alt_text":"","src":"https:\/\/i0.wp.com\/lasprimeras.com.do\/wp-content\/uploads\/2025\/06\/Luis-Abinader-1-1.jpg?resize=350%2C200&ssl=1","width":350,"height":200,"srcset":"https:\/\/i0.wp.com\/lasprimeras.com.do\/wp-content\/uploads\/2025\/06\/Luis-Abinader-1-1.jpg?resize=350%2C200&ssl=1 1x, https:\/\/i0.wp.com\/lasprimeras.com.do\/wp-content\/uploads\/2025\/06\/Luis-Abinader-1-1.jpg?resize=525%2C300&ssl=1 1.5x, https:\/\/i0.wp.com\/lasprimeras.com.do\/wp-content\/uploads\/2025\/06\/Luis-Abinader-1-1.jpg?resize=700%2C400&ssl=1 2x"},"classes":[]},{"id":62400,"url":"https:\/\/lasprimeras.com.do\/index.php\/2023\/10\/04\/luis-abinader-inaugura-muelle-turistico-y-pesquero-cabeza-de-toro-en-la-altagracia\/","url_meta":{"origin":91384,"position":2},"title":"Luis Abinader inaugura muelle tur\u00edstico y pesquero Cabeza de Toro en La Altagracia","author":"BIMARY DE JES\u00daS Matos","date":"4 de octubre de 2023","format":false,"excerpt":"La Altagracia.- Este mi\u00e9rcoles el presidente dominicano Luis Abinader inaugur\u00f3 tres obras en la provincia de La Altagracia, que incluyen el muelle tur\u00edstico y pesquero Cabeza de Toro, un Hogar de Ancianos y un Centro Tecnol\u00f3gico Comunitario (CTC). Junto al director ejecutivo de la Autoridad Portuaria Dominicana (APORDOM), Jean Luis\u2026","rel":"","context":"En \u00abNACIONALES\u00bb","block_context":{"text":"NACIONALES","link":"https:\/\/lasprimeras.com.do\/index.php\/category\/nacionales\/"},"img":{"alt_text":"","src":"https:\/\/i0.wp.com\/lasprimeras.com.do\/wp-content\/uploads\/2023\/10\/WhatsApp-Image-2023-10-04-at-5.20.12-PM-3.jpeg?resize=350%2C200&ssl=1","width":350,"height":200,"srcset":"https:\/\/i0.wp.com\/lasprimeras.com.do\/wp-content\/uploads\/2023\/10\/WhatsApp-Image-2023-10-04-at-5.20.12-PM-3.jpeg?resize=350%2C200&ssl=1 1x, https:\/\/i0.wp.com\/lasprimeras.com.do\/wp-content\/uploads\/2023\/10\/WhatsApp-Image-2023-10-04-at-5.20.12-PM-3.jpeg?resize=525%2C300&ssl=1 1.5x, https:\/\/i0.wp.com\/lasprimeras.com.do\/wp-content\/uploads\/2023\/10\/WhatsApp-Image-2023-10-04-at-5.20.12-PM-3.jpeg?resize=700%2C400&ssl=1 2x"},"classes":[]},{"id":102939,"url":"https:\/\/lasprimeras.com.do\/index.php\/2025\/07\/10\/presidente-abinader-inaugura-muelle-en-cayo-yuti-y-escuela-basica-en-montecristi\/","url_meta":{"origin":91384,"position":3},"title":"Presidente Abinader inaugura muelle en Cayo Yuti y escuela b\u00e1sica en Montecristi","author":"Nelson Feliz","date":"10 de julio de 2025","format":false,"excerpt":"De igual modo, el mandatario inaugur\u00f3 los Juegos Fronterizos 2025; se reuni\u00f3 con los directivos de la C\u00e1mara de Comercio y Producci\u00f3n y ladirectora del INAIPI deja en funcionamiento un CAIPI. El presidente Luis Abinader dej\u00f3 inaugurado este mi\u00e9rcoles en horas de la tarde el muelle tur\u00edstico y pesquero de\u2026","rel":"","context":"En \u00abNACIONALES\u00bb","block_context":{"text":"NACIONALES","link":"https:\/\/lasprimeras.com.do\/index.php\/category\/nacionales\/"},"img":{"alt_text":"","src":"https:\/\/i0.wp.com\/lasprimeras.com.do\/wp-content\/uploads\/2025\/07\/Luis-Abinader-4.jpg?resize=350%2C200&ssl=1","width":350,"height":200,"srcset":"https:\/\/i0.wp.com\/lasprimeras.com.do\/wp-content\/uploads\/2025\/07\/Luis-Abinader-4.jpg?resize=350%2C200&ssl=1 1x, https:\/\/i0.wp.com\/lasprimeras.com.do\/wp-content\/uploads\/2025\/07\/Luis-Abinader-4.jpg?resize=525%2C300&ssl=1 1.5x, https:\/\/i0.wp.com\/lasprimeras.com.do\/wp-content\/uploads\/2025\/07\/Luis-Abinader-4.jpg?resize=700%2C400&ssl=1 2x"},"classes":[]},{"id":123412,"url":"https:\/\/lasprimeras.com.do\/index.php\/2026\/02\/28\/la-romana-abinader-inaugura-muelle-del-atelon-e-inicia-club-de-playa\/","url_meta":{"origin":91384,"position":4},"title":"La Romana: Abinader inaugura Muelle del Atel\u00f3n e inicia Club de Playa","author":"Nelson Feliz","date":"28 de febrero de 2026","format":false,"excerpt":"El presidente Luis Abinader dio el primer palazo para la construcci\u00f3n del Club de Playa e inaugur\u00f3 el Muelle Tur\u00edstico del Atel\u00f3n en Isla Catalina. El desembarcadero es una infraestructura que facilita el desembarque de los visitantes para que puedan disfrutar de las bellezas naturales de la isla, lo que\u2026","rel":"","context":"En \u00abPORTADA\u00bb","block_context":{"text":"PORTADA","link":"https:\/\/lasprimeras.com.do\/index.php\/category\/portada\/"},"img":{"alt_text":"Luis Abinader","src":"https:\/\/i0.wp.com\/lasprimeras.com.do\/wp-content\/uploads\/2026\/02\/Luis-Abinader-1-4.jpg?resize=350%2C200&ssl=1","width":350,"height":200,"srcset":"https:\/\/i0.wp.com\/lasprimeras.com.do\/wp-content\/uploads\/2026\/02\/Luis-Abinader-1-4.jpg?resize=350%2C200&ssl=1 1x, https:\/\/i0.wp.com\/lasprimeras.com.do\/wp-content\/uploads\/2026\/02\/Luis-Abinader-1-4.jpg?resize=525%2C300&ssl=1 1.5x, https:\/\/i0.wp.com\/lasprimeras.com.do\/wp-content\/uploads\/2026\/02\/Luis-Abinader-1-4.jpg?resize=700%2C400&ssl=1 2x"},"classes":[]},{"id":69671,"url":"https:\/\/lasprimeras.com.do\/index.php\/2023\/12\/04\/abinader-valora-proceso-de-transformacion-y-de-cambios-en-los-muelles-del-pais\/","url_meta":{"origin":91384,"position":5},"title":"Abinader valora proceso de transformaci\u00f3n y de cambios en los muelles del pa\u00eds","author":"Nelson Feliz","date":"4 de diciembre de 2023","format":false,"excerpt":"Mandatario revela que turismo de cruceros proyecta un cierre de a\u00f1o de 2 millones de cruceristas. El presidente Luis Abinader al encabezar este martes LA Semanal en San Pedro Macoris, declar\u00f3 qu\u00e9 nunca antes se hab\u00eda iniciado en los muelles del pa\u00eds un proceso de Transformaci\u00f3n del Sistema Portuario Dominicano\u2026","rel":"","context":"En \u00abPORTADA\u00bb","block_context":{"text":"PORTADA","link":"https:\/\/lasprimeras.com.do\/index.php\/category\/portada\/"},"img":{"alt_text":"Luis Abinader","src":"https:\/\/i0.wp.com\/lasprimeras.com.do\/wp-content\/uploads\/2023\/12\/Luis-1.jpg?resize=350%2C200&ssl=1","width":350,"height":200,"srcset":"https:\/\/i0.wp.com\/lasprimeras.com.do\/wp-content\/uploads\/2023\/12\/Luis-1.jpg?resize=350%2C200&ssl=1 1x, https:\/\/i0.wp.com\/lasprimeras.com.do\/wp-content\/uploads\/2023\/12\/Luis-1.jpg?resize=525%2C300&ssl=1 1.5x, https:\/\/i0.wp.com\/lasprimeras.com.do\/wp-content\/uploads\/2023\/12\/Luis-1.jpg?resize=700%2C400&ssl=1 2x"},"classes":[]}],"jetpack_sharing_enabled":true,"_links":{"self":[{"href":"https:\/\/lasprimeras.com.do\/index.php\/wp-json\/wp\/v2\/posts\/91384","targetHints":{"allow":["GET"]}}],"collection":[{"href":"https:\/\/lasprimeras.com.do\/index.php\/wp-json\/wp\/v2\/posts"}],"about":[{"href":"https:\/\/lasprimeras.com.do\/index.php\/wp-json\/wp\/v2\/types\/post"}],"author":[{"embeddable":true,"href":"https:\/\/lasprimeras.com.do\/index.php\/wp-json\/wp\/v2\/users\/2"}],"replies":[{"embeddable":true,"href":"https:\/\/lasprimeras.com.do\/index.php\/wp-json\/wp\/v2\/comments?post=91384"}],"version-history":[{"count":1,"href":"https:\/\/lasprimeras.com.do\/index.php\/wp-json\/wp\/v2\/posts\/91384\/revisions"}],"predecessor-version":[{"id":91386,"href":"https:\/\/lasprimeras.com.do\/index.php\/wp-json\/wp\/v2\/posts\/91384\/revisions\/91386"}],"wp:featuredmedia":[{"embeddable":true,"href":"https:\/\/lasprimeras.com.do\/index.php\/wp-json\/wp\/v2\/media\/91385"}],"wp:attachment":[{"href":"https:\/\/lasprimeras.com.do\/index.php\/wp-json\/wp\/v2\/media?parent=91384"}],"wp:term":[{"taxonomy":"category","embeddable":true,"href":"https:\/\/lasprimeras.com.do\/index.php\/wp-json\/wp\/v2\/categories?post=91384"},{"taxonomy":"post_tag","embeddable":true,"href":"https:\/\/lasprimeras.com.do\/index.php\/wp-json\/wp\/v2\/tags?post=91384"}],"curies":[{"name":"wp","href":"https:\/\/api.w.org\/{rel}","templated":true}]}}