{"id":91390,"date":"2024-11-20T23:19:18","date_gmt":"2024-11-21T03:19:18","guid":{"rendered":"https:\/\/lasprimeras.com.do\/?p=91390"},"modified":"2024-11-20T23:19:20","modified_gmt":"2024-11-21T03:19:20","slug":"gabinete-de-politica-social-presenta-logros-institucionales-2020-2024","status":"publish","type":"post","link":"https:\/\/lasprimeras.com.do\/index.php\/2024\/11\/20\/gabinete-de-politica-social-presenta-logros-institucionales-2020-2024\/","title":{"rendered":"Gabinete de Pol\u00edtica Social presenta logros institucionales 2020-2024"},"content":{"rendered":"\n<p><strong>Tony Pe\u00f1a manifest\u00f3 que en los cuatro a\u00f1os de gesti\u00f3n al frente de la instituci\u00f3n del Gobierno del presidente Luis Abinader, su enfoque siempre ha sido trabajar en beneficio de las familias m\u00e1s vulnerables del pa\u00eds.<\/strong><\/p>\n\n\n\n<p>El coordinador del Gabinete de Pol\u00edtica Social, Tony Pe\u00f1a, present\u00f3 este mi\u00e9rcoles los logros alcanzados durante su gesti\u00f3n al frente de la instituci\u00f3n, en un documento que destaca las acciones implementadas para mejorar la calidad de vida de los dominicanos, especialmente en los sectores m\u00e1s vulnerables.<\/p>\n\n\n\n<p>Tony Pe\u00f1a, resalt\u00f3 el impacto de las jornadas de inclusi\u00f3n social, que han llevado servicios gratuitos como consultas m\u00e9dicas, entrega de medicamentos totalmente gratis, afiliaciones al seguro de salud SENASA y a la tarjeta SUP\u00c9RATE, raciones alimenticias a trav\u00e9s del Plan Social y los Comedores Econ\u00f3micos, as\u00ed como los diferentes programas dise\u00f1ados estrat\u00e9gicamente, con m\u00e1s de 10 servicios, para atender las necesidades b\u00e1sicas de los ciudadanos en condici\u00f3n de vulnerabilidad del pa\u00eds.<\/p>\n\n\n\n<p>\u201cEste es un gobierno que ha puesto a las personas primero, llevando oportunidades y transformando vidas en cada comunidad que hemos tocado. Estos logros no son solo n\u00fameros, son historias de esperanza para miles de familias dominicanas\u201d, se\u00f1al\u00f3 Pe\u00f1a.<\/p>\n\n\n\n<p>De su lado, el director de pol\u00edtica de salud, Guillermo Moringlane, record\u00f3 que disminuir la brecha de salud ha sido uno de los principales objetivos del Gabinete de Pol\u00edtica Social desde que el coordinador asumi\u00f3 el compromiso frente a la instituci\u00f3n en plena pandemia y que se ha extendido despu\u00e9s del covid \u2013 19.<\/p>\n\n\n\n<p>Como ejemplo cit\u00f3 que \u201cCon estas jornadas de inclusi\u00f3n social, nosotros hemos hecho un cambio positivo\u2026hemos visitados 28 provincias buscando todas las redes de protecci\u00f3n social, donde ofrecemos medicamentos de hasta tres meses a todos los asistentes\u201d, dijo Moringlane.<\/p>\n\n\n\n<p>Entre los principales avances que el Gabinete de Pol\u00edtica Social ha experimentado en torno a estrategias de inclusi\u00f3n y desarrollo, se destaca el programa \u201cOportunidad 14-24\u201d, con m\u00e1s de 39,942 j\u00f3venes que fueron beneficiados con capacitaciones t\u00e9cnico-profesionales, pr\u00e1cticas laborales y apoyo al emprendimiento.<\/p>\n\n\n\n<p>De estos, 12,101 j\u00f3venes finalizaron su formaci\u00f3n t\u00e9cnico-profesional, y m\u00e1s de 3,000 realizaron pr\u00e1cticas laborales remuneradas -logrando en algunos casos- obtener su primer empleo, mientras que 504 recibieron capital semilla para sus emprendimientos.<\/p>\n\n\n\n<p>Al respecto, su director Alex Mordan, indic\u00f3 que este programa que est\u00e1 dirigido a j\u00f3venes que no trabajan ni estudian, \u201ces una soluci\u00f3n para esa juventud que no ten\u00eda una alternativa que se adaptara a darle respuestas a las necesidades que esa juventud presentaba al insertarse a la sociedad\u201d, expres\u00f3 Mordan.<\/p>\n\n\n\n<p>Adem\u00e1s, Pe\u00f1a, record\u00f3 el compromiso asumido con las mujeres dominicanas, que se materializ\u00f3 -entre otras iniciativas- con la inauguraci\u00f3n de dos Centro de Desarrollo Integral para la Mujer (CEDI-MUJER), uno ubicado en Santiago y el m\u00e1s reciente construido en Santo Domingo Norte.<\/p>\n\n\n\n<p>En este sentido, la directora del proyecto CEDI-MUJER, Ana Lendor, agradeci\u00f3 la confianza para asumir este plan destacando que este centro \u201cforjar\u00e1 un cambio profundo en la coordinaci\u00f3n de interinstitucional de los servicios mediante un modelo de gesti\u00f3n para del desarrollo de la mujer\u201d, destac\u00f3 Lendor.<\/p>\n\n\n\n<p>Esta iniciativa est\u00e1 orientada a transformar la vida de las mujeres dominicanas, respaldada por el Gobierno del presidente Abinader, que cont\u00f3 adem\u00e1s con el apoyo financiero del Banco Interamericano de Desarrollo (BID) y es fruto de la colaboraci\u00f3n del Gabinete de Pol\u00edtica Social y otras instituciones del Estado.<\/p>\n\n\n\n<p>Sobre CEDIMUJER<\/p>\n\n\n\n<p>Los Centros de Desarrollo Integral para la Mujer (CEDI-MUJER) en Santo Domingo Norte y Santiago, cuentan con una capacidad para atender a 800 mujeres diarias. Tambi\u00e9n, contempla programas de prevenci\u00f3n de violencia de g\u00e9nero y embarazo adolescente, fortaleciendo el empoderamiento femenino.<\/p>\n\n\n\n<p>Pe\u00f1a enfatiz\u00f3 el impacto de estos centros: \u201cCEDI-MUJER es mucho m\u00e1s que una infraestructura; es un refugio de oportunidades. Cada mujer que cruza esas puertas encuentra herramientas para transformar su vida y construir un futuro lleno de posibilidades.\u201d<\/p>\n\n\n\n<p>Seguridad Alimentaria y Salud<\/p>\n\n\n\n<p>El funcionario, agreg\u00f3 que gracias al alcance de las jornadas sociales que se realizan cada semana, se logr\u00f3 distribuir m\u00e1s de 10 millones de comidas a poblaciones vulnerables.<\/p>\n\n\n\n<p>Asimismo, fueron canalizadas 4,018 lotes de insumos m\u00e9dicos y m\u00e1s de 1.4 millones de mascarillas.<\/p>\n\n\n\n<p>Mientras que a trav\u00e9s del programa \u201cVivir Sin Miedo\u201d, Tony Pe\u00f1a, manifest\u00f3 que m\u00e1s de 2,700 personas fueron beneficiadas con iniciativas de prevenci\u00f3n de c\u00e1ncer y enfermedades cardiovasculares.<\/p>\n\n\n\n<p>Mejora de Infraestructura y Vivienda<\/p>\n\n\n\n<p>Pe\u00f1a mencion\u00f3 tambi\u00e9n, que otros de los logros alcanzados bajos las iniciativas implementadas por el Gabinete de Pol\u00edtica Social, han sido las mejoras de infraestructuras y viviendas de personas que viven en zonas de riegos.<\/p>\n\n\n\n<p>A trav\u00e9s del proyecto \u201cTransformando mi Pa\u00eds\u201d, se reemplazaron 2,102 pisos de tierra por pisos de cemento en ocho provincias. Asegur\u00f3 que fueron readecuadas viviendas afectadas por desastres naturales en Mar\u00eda Trinidad S\u00e1nchez y La Altagracia.<\/p>\n\n\n\n<p>Se entregaron bonos para mejoras de viviendas en comunidades vulnerables.<\/p>\n\n\n\n<p>Apoyos Sociales y Econ\u00f3micos<\/p>\n\n\n\n<p>Tony Pe\u00f1a, enfatiz\u00f3 que el 2023, m\u00e1s de 2.5 millones de tarjetas navide\u00f1as fueron distribuidas, donde m\u00e1s de 580 madres beneficiarias recibieron apoyo econ\u00f3mico.<\/p>\n\n\n\n<p>Se gestionaron 1,330 ayudas directas, incluyendo enseres dom\u00e9sticos a personas que perdieron sus hogares por incendios, equipos tecnol\u00f3gicos, materiales de construcci\u00f3n, internamientos m\u00e9dicos, medicamentos, etc.<\/p>\n\n\n\n<p>Sobre el fortalecimiento Institucional<\/p>\n\n\n\n<p>El Gabinete de Pol\u00edtica Social, obtuvo la Certificaci\u00f3n ISO 9001:2015 para la gesti\u00f3n de calidad. La norma ISO es un est\u00e1ndar internacional que establece los requisitos que las operaciones de una empresa deben cumplir para formar un sistema de gesti\u00f3n de calidad efectivo.<\/p>\n\n\n\n<p>Tambi\u00e9n, la instituci\u00f3n obtuvo el tercer lugar en el reconocimiento al \u00cdndice de Evaluaci\u00f3n de Desempe\u00f1o Institucional (IDI), entregado por el MAP en el 2024 y el premio a la entidad con mayor puntuaci\u00f3n en el \u00cdndice de uso de TIC e Implementaci\u00f3n de Gobierno Electr\u00f3nico (ITICGE) alcanzando el 99 % tras competir con otras 279 institucionales estales.<\/p>\n\n\n\n<p>Transparencia y Servicios<\/p>\n\n\n\n<p>Finalmente, Pe\u00f1a indic\u00f3 que fueron gestionadas m\u00e1s de 3.2 millones de consultas en la Ventanilla \u00danica, con una eficiencia del 94%, con un incremento en la capacidad de respuesta a solicitudes ciudadanas, alcanzando un 92.73% de efectividad en 2021.<\/p>\n\n\n\n<p>Tony Pe\u00f1a concluy\u00f3 su presentaci\u00f3n con una reflexi\u00f3n sobre el compromiso del Gabinete: \u201cEste es un esfuerzo colectivo que demuestra que cuando se trabaja con transparencia y dedicaci\u00f3n, se pueden lograr cambios reales en la vida de las personas. Nuestro enfoque siempre ha sido y ser\u00e1 construir una Rep\u00fablica Dominicana m\u00e1s justa e inclusiva para todos.<\/p>\n","protected":false},"excerpt":{"rendered":"<p>Tony Pe\u00f1a manifest\u00f3 que en los cuatro a\u00f1os de gesti\u00f3n al frente de la instituci\u00f3n del Gobierno del presidente Luis Abinader, su enfoque siempre ha sido trabajar en beneficio de&hellip;<\/p>\n","protected":false},"author":2,"featured_media":91391,"comment_status":"open","ping_status":"open","sticky":false,"template":"","format":"standard","meta":{"content-type":"","jetpack_post_was_ever_published":false,"_jetpack_newsletter_access":"","_jetpack_dont_email_post_to_subs":false,"_jetpack_newsletter_tier_id":0,"_jetpack_memberships_contains_paywalled_content":false,"_jetpack_memberships_contains_paid_content":false,"footnotes":""},"categories":[35,25],"tags":[6500,52,557],"class_list":["post-91390","post","type-post","status-publish","format-standard","has-post-thumbnail","hentry","category-nacionales","category-portada","tag-gabinete","tag-politica-2","tag-social"],"jetpack_featured_media_url":"https:\/\/lasprimeras.com.do\/wp-content\/uploads\/2024\/11\/Tony-Pena.jpg","jetpack-related-posts":[{"id":91369,"url":"https:\/\/lasprimeras.com.do\/index.php\/2024\/11\/19\/gabinete-de-politica-social-institucion-publica-mas-destacada-de-la-semana\/","url_meta":{"origin":91390,"position":0},"title":"Gabinete de Pol\u00edtica Social: Instituci\u00f3n P\u00fablica M\u00e1s Destacada de la Semana","author":"Nelson Feliz","date":"19 de noviembre de 2024","format":false,"excerpt":"El Gabinete de Pol\u00edtica Social, coordinado por Tony Pe\u00f1a Guaba, ha sido seleccionado como la Instituci\u00f3n P\u00fablica M\u00e1s Destacada de la Semana. A continuaci\u00f3n, detallamos las acciones realizadas por esta instituci\u00f3n durante los \u00faltimos d\u00edas, que la hacen merecedora de esta distinci\u00f3n otorgada por el portal Nuestras Instituciones P\u00fablicas. El\u2026","rel":"","context":"En \u00abNACIONALES\u00bb","block_context":{"text":"NACIONALES","link":"https:\/\/lasprimeras.com.do\/index.php\/category\/nacionales\/"},"img":{"alt_text":"","src":"https:\/\/i0.wp.com\/lasprimeras.com.do\/wp-content\/uploads\/2024\/11\/tony.jpg?resize=350%2C200&ssl=1","width":350,"height":200,"srcset":"https:\/\/i0.wp.com\/lasprimeras.com.do\/wp-content\/uploads\/2024\/11\/tony.jpg?resize=350%2C200&ssl=1 1x, https:\/\/i0.wp.com\/lasprimeras.com.do\/wp-content\/uploads\/2024\/11\/tony.jpg?resize=525%2C300&ssl=1 1.5x, https:\/\/i0.wp.com\/lasprimeras.com.do\/wp-content\/uploads\/2024\/11\/tony.jpg?resize=700%2C400&ssl=1 2x"},"classes":[]},{"id":49595,"url":"https:\/\/lasprimeras.com.do\/index.php\/2023\/05\/12\/escuelas-vocacionales-reciben-donacion-de-medicamentos-e-insumos\/","url_meta":{"origin":91390,"position":1},"title":"Escuelas Vocacionales reciben donaci\u00f3n de medicamentos e insumos","author":"prenxa100","date":"12 de mayo de 2023","format":false,"excerpt":"Por Wilson P\u00e9rez Santo Domingo Este.-. La Direcci\u00f3n General de las Escuelas Vocacionales de las Fuerzas Armadas y de la Polic\u00eda Nacional(DIGEV) recibieron hoy del coordinador del Gabinete de Pol\u00edtica Social, Tony Pe\u00f1a, una donaci\u00f3n de aproximadamente 7 millones de pesos en medicamentos e insumos para ser utilizados en los\u2026","rel":"","context":"En \u00abNACIONALES\u00bb","block_context":{"text":"NACIONALES","link":"https:\/\/lasprimeras.com.do\/index.php\/category\/nacionales\/"},"img":{"alt_text":"","src":"","width":0,"height":0},"classes":[]},{"id":48596,"url":"https:\/\/lasprimeras.com.do\/index.php\/2023\/05\/02\/director-de-la-digesett-gestiona-y-recibe-medicamentos-para-asistir-a-miembros-de-la-entidad\/","url_meta":{"origin":91390,"position":2},"title":"Director de la DIGESETT gestiona y recibe medicamentos para asistir a miembros de la entidad","author":"prenxa100","date":"2 de mayo de 2023","format":false,"excerpt":"Por Wilson P\u00e9rez SANTO DOMINGO.-. El Director de la Direcci\u00f3n General de Seguridad de Tr\u00e1nsito y Transporte Terrestre (DIGESETT), general Ram\u00f3n Antonio Guzm\u00e1n Peralta, P.N., gestion\u00f3 y logr\u00f3 la donaci\u00f3n de medicamentos e insumos de parte del Gabinete de Pol\u00edticas Sociales del Gobierno. Guzm\u00e1n Peralta explic\u00f3 que estos medicamentos e\u2026","rel":"","context":"En \u00abNACIONALES\u00bb","block_context":{"text":"NACIONALES","link":"https:\/\/lasprimeras.com.do\/index.php\/category\/nacionales\/"},"img":{"alt_text":"","src":"","width":0,"height":0},"classes":[]},{"id":91910,"url":"https:\/\/lasprimeras.com.do\/index.php\/2024\/12\/06\/tony-pena-guaba-defiende-la-entrega-del-bono-navideno-que-hizo-en-hospitales\/","url_meta":{"origin":91390,"position":3},"title":"Tony Pe\u00f1a Guaba defiende la entrega del bono navide\u00f1o que hizo en hospitales","author":"Nelson Feliz","date":"6 de diciembre de 2024","format":false,"excerpt":"El coordinador del Gabinete de Pol\u00edtica Social, Tony Pe\u00f1a Guaba, se pronunci\u00f3 este jueves en respuesta a las cr\u00edticas generadas por un video que lo muestra entregando bonos navide\u00f1os a pacientes en un hospital p\u00fablico. En su defensa, Pe\u00f1a Guaba dijo que lleva la ayuda a donde m\u00e1s se necesita.\u2026","rel":"","context":"En \u00abECONOM\u00cdA\u00bb","block_context":{"text":"ECONOM\u00cdA","link":"https:\/\/lasprimeras.com.do\/index.php\/category\/economia\/"},"img":{"alt_text":"","src":"https:\/\/i0.wp.com\/lasprimeras.com.do\/wp-content\/uploads\/2024\/12\/Tony-Pena-Guaba.jpg?resize=350%2C200&ssl=1","width":350,"height":200,"srcset":"https:\/\/i0.wp.com\/lasprimeras.com.do\/wp-content\/uploads\/2024\/12\/Tony-Pena-Guaba.jpg?resize=350%2C200&ssl=1 1x, https:\/\/i0.wp.com\/lasprimeras.com.do\/wp-content\/uploads\/2024\/12\/Tony-Pena-Guaba.jpg?resize=525%2C300&ssl=1 1.5x, https:\/\/i0.wp.com\/lasprimeras.com.do\/wp-content\/uploads\/2024\/12\/Tony-Pena-Guaba.jpg?resize=700%2C400&ssl=1 2x"},"classes":[]},{"id":91520,"url":"https:\/\/lasprimeras.com.do\/index.php\/2024\/11\/25\/pena-guaba-compensara-con-bonos-navidenos-inscritos-en-el-programa-superate\/","url_meta":{"origin":91390,"position":4},"title":"Pe\u00f1a Guaba compensar\u00e1 con bonos navide\u00f1os inscritos en el programa sup\u00e9rate","author":"Nelson Feliz","date":"25 de noviembre de 2024","format":false,"excerpt":"El coordinador del Gabinete de Pol\u00edticas Sociales, Francisco Antonio (Tony) Pe\u00f1a Guaba, anunci\u00f3 que las ayudas gubernamentales lleguen a cada rinc\u00f3n del pa\u00eds durante el per\u00edodo navide\u00f1o, beneficiando a todos los dominicanos. Pe\u00f1a Guaba inform\u00f3 durante una amplia jornada social en San Francisco de Macor\u00eds, que una parte de la\u2026","rel":"","context":"En \u00abECONOM\u00cdA\u00bb","block_context":{"text":"ECONOM\u00cdA","link":"https:\/\/lasprimeras.com.do\/index.php\/category\/economia\/"},"img":{"alt_text":"","src":"https:\/\/i0.wp.com\/lasprimeras.com.do\/wp-content\/uploads\/2024\/11\/tony-1.jpg?resize=350%2C200&ssl=1","width":350,"height":200,"srcset":"https:\/\/i0.wp.com\/lasprimeras.com.do\/wp-content\/uploads\/2024\/11\/tony-1.jpg?resize=350%2C200&ssl=1 1x, https:\/\/i0.wp.com\/lasprimeras.com.do\/wp-content\/uploads\/2024\/11\/tony-1.jpg?resize=525%2C300&ssl=1 1.5x, https:\/\/i0.wp.com\/lasprimeras.com.do\/wp-content\/uploads\/2024\/11\/tony-1.jpg?resize=700%2C400&ssl=1 2x"},"classes":[]},{"id":58686,"url":"https:\/\/lasprimeras.com.do\/index.php\/2023\/08\/27\/roberto-angel-encabeza-jornadas-sociales-en-los-alcarrizos-y-pedro-brand\/","url_meta":{"origin":91390,"position":5},"title":"Roberto \u00c1ngel encabeza jornadas sociales en Los Alcarrizos y Pedro Brand","author":"Nelson Feliz","date":"27 de agosto de 2023","format":false,"excerpt":"Junto a Tony Pe\u00f1a Guaba, Coordinador General del Gabinete de Pol\u00edticas Sociales de la Presidencia, y la gobernadora de Santo Domingo, Julia Drullard, entregan alimentos y ofrecen servicios a familias vulnerables de ambos municipios. Por Martin Restituyo El Gobierno inici\u00f3 desde el pasado jueves un amplio operativo de asistencia social,\u2026","rel":"","context":"En \u00abNACIONALES\u00bb","block_context":{"text":"NACIONALES","link":"https:\/\/lasprimeras.com.do\/index.php\/category\/nacionales\/"},"img":{"alt_text":"Roberto \u00c1ngel Salcedo","src":"https:\/\/i0.wp.com\/lasprimeras.com.do\/wp-content\/uploads\/2023\/08\/Roberto-Angel-Salcedo-2-1.jpg?resize=350%2C200&ssl=1","width":350,"height":200,"srcset":"https:\/\/i0.wp.com\/lasprimeras.com.do\/wp-content\/uploads\/2023\/08\/Roberto-Angel-Salcedo-2-1.jpg?resize=350%2C200&ssl=1 1x, https:\/\/i0.wp.com\/lasprimeras.com.do\/wp-content\/uploads\/2023\/08\/Roberto-Angel-Salcedo-2-1.jpg?resize=525%2C300&ssl=1 1.5x, https:\/\/i0.wp.com\/lasprimeras.com.do\/wp-content\/uploads\/2023\/08\/Roberto-Angel-Salcedo-2-1.jpg?resize=700%2C400&ssl=1 2x"},"classes":[]}],"jetpack_sharing_enabled":true,"_links":{"self":[{"href":"https:\/\/lasprimeras.com.do\/index.php\/wp-json\/wp\/v2\/posts\/91390","targetHints":{"allow":["GET"]}}],"collection":[{"href":"https:\/\/lasprimeras.com.do\/index.php\/wp-json\/wp\/v2\/posts"}],"about":[{"href":"https:\/\/lasprimeras.com.do\/index.php\/wp-json\/wp\/v2\/types\/post"}],"author":[{"embeddable":true,"href":"https:\/\/lasprimeras.com.do\/index.php\/wp-json\/wp\/v2\/users\/2"}],"replies":[{"embeddable":true,"href":"https:\/\/lasprimeras.com.do\/index.php\/wp-json\/wp\/v2\/comments?post=91390"}],"version-history":[{"count":1,"href":"https:\/\/lasprimeras.com.do\/index.php\/wp-json\/wp\/v2\/posts\/91390\/revisions"}],"predecessor-version":[{"id":91392,"href":"https:\/\/lasprimeras.com.do\/index.php\/wp-json\/wp\/v2\/posts\/91390\/revisions\/91392"}],"wp:featuredmedia":[{"embeddable":true,"href":"https:\/\/lasprimeras.com.do\/index.php\/wp-json\/wp\/v2\/media\/91391"}],"wp:attachment":[{"href":"https:\/\/lasprimeras.com.do\/index.php\/wp-json\/wp\/v2\/media?parent=91390"}],"wp:term":[{"taxonomy":"category","embeddable":true,"href":"https:\/\/lasprimeras.com.do\/index.php\/wp-json\/wp\/v2\/categories?post=91390"},{"taxonomy":"post_tag","embeddable":true,"href":"https:\/\/lasprimeras.com.do\/index.php\/wp-json\/wp\/v2\/tags?post=91390"}],"curies":[{"name":"wp","href":"https:\/\/api.w.org\/{rel}","templated":true}]}}