{"id":91426,"date":"2024-11-23T22:16:11","date_gmt":"2024-11-24T02:16:11","guid":{"rendered":"https:\/\/lasprimeras.com.do\/?p=91426"},"modified":"2024-11-23T22:16:12","modified_gmt":"2024-11-24T02:16:12","slug":"protestas-en-israel-para-exigir-el-fin-de-la-guerra-en-gaza-y-la-liberacion-de-rehenes","status":"publish","type":"post","link":"https:\/\/lasprimeras.com.do\/index.php\/2024\/11\/23\/protestas-en-israel-para-exigir-el-fin-de-la-guerra-en-gaza-y-la-liberacion-de-rehenes\/","title":{"rendered":"Protestas en Israel para exigir el fin de la guerra en Gaza y la liberaci\u00f3n de rehenes"},"content":{"rendered":"\n<p>Una persona fue detenida mientras se manifestaba frente a la casa del ministro para el Desarrollo del N\u00e9guev y Galilea en el sur de Tel Aviv.<\/p>\n\n\n\n<p>Cientos de manifestantes han salido este s\u00e1bado a las calles de Tel Aviv, Israel, para corear consignas exigiendo el fin de la guerra en la Franja de Gaza y un acuerdo para liberar a los rehenes.<\/p>\n\n\n\n<p><a href=\"https:\/\/twitter.com\/i\/status\/1860455069013147785\">https:\/\/twitter.com\/i\/status\/1860455069013147785<\/a><\/p>\n\n\n\n<p>Una persona fue detenida mientras se manifestaba frente a la casa del ministro para el Desarrollo del N\u00e9guev y Galilea, Yitzhak Wasserlauf, en el sur de Tel Aviv, informa The Times of Israel.<\/p>\n\n\n\n<p>Las im\u00e1genes difundidas en redes sociales muestran a unas 50 personas frente al edificio del ministro, con la Polic\u00eda empujando a algunos manifestantes detr\u00e1s de un per\u00edmetro de seguridad.<\/p>\n\n\n\n<p><a href=\"https:\/\/twitter.com\/i\/status\/1860380458757861624\">https:\/\/twitter.com\/i\/status\/1860380458757861624<\/a><\/p>\n\n\n\n<p>Durante las protestas, Jon Polin y Rachel Goldberg-Polin, padres del reh\u00e9n asesinado Hersh Goldberg-Polin, prometieron a las dem\u00e1s familias de rehenes que estar\u00e1n con ellos hasta que regresen todos los cautivos.<\/p>\n\n\n\n<p>Ambos afirman que no est\u00e1n haciendo una declaraci\u00f3n pol\u00edtica, sino que abogan por los 101 rehenes restantes, recogen medios locales.<\/p>\n\n\n\n<p>Mientras, Jerusal\u00e9n tambi\u00e9n ha sido escenario de las protestas que exigen que el Gobierno cierre un acuerdo para liberar a los rehenes retenidos por Ham\u00e1s en Gaza.<\/p>\n\n\n\n<p>Algunos manifestantes tocaban tambores mientras marchaban, mientras otros portaban pancartas en las que se lee: &#8220;La guerra ha terminado. Traedlos a casa&#8221; y &#8220;Traedlos del infierno&#8221;.<\/p>\n\n\n\n<p><a href=\"https:\/\/twitter.com\/i\/status\/1860441873980047657\">https:\/\/twitter.com\/i\/status\/1860441873980047657<\/a><\/p>\n\n\n\n<p>Asimismo, en la ciudad de Pardes Hanna-Karkur, dos manifestantes fueron detenidos, se\u00f1ala The Jerusalem Post. La Polic\u00eda denunci\u00f3 que, durante las protestas, algunos manifestantes se enfrentaron a agentes y bloquearon carreteras.<\/p>\n\n\n\n<p>Fuente RT<\/p>\n","protected":false},"excerpt":{"rendered":"<p>Una persona fue detenida mientras se manifestaba frente a la casa del ministro para el Desarrollo del N\u00e9guev y Galilea en el sur de Tel Aviv. Cientos de manifestantes han&hellip;<\/p>\n","protected":false},"author":2,"featured_media":91427,"comment_status":"open","ping_status":"open","sticky":false,"template":"","format":"standard","meta":{"content-type":"","jetpack_post_was_ever_published":false,"_jetpack_newsletter_access":"","_jetpack_dont_email_post_to_subs":false,"_jetpack_newsletter_tier_id":0,"_jetpack_memberships_contains_paywalled_content":false,"_jetpack_memberships_contains_paid_content":false,"footnotes":""},"categories":[16289],"tags":[16455,8295,2060,3499,2901,3767,8808],"class_list":["post-91426","post","type-post","status-publish","format-standard","has-post-thumbnail","hentry","category-internacionales","tag-fin","tag-gaza","tag-guerra","tag-israel","tag-liberacion","tag-protestas","tag-rehenes"],"jetpack_featured_media_url":"https:\/\/lasprimeras.com.do\/wp-content\/uploads\/2024\/11\/protesta-2.jpg","jetpack-related-posts":[{"id":106670,"url":"https:\/\/lasprimeras.com.do\/index.php\/2025\/08\/17\/israel-se-moviliza-contra-invasion-a-gaza-exige-acuerdo-para-liberar-rehenes\/","url_meta":{"origin":91426,"position":0},"title":"Israel se moviliza contra invasi\u00f3n a Gaza exige acuerdo para liberar rehenes","author":"Nelson Feliz","date":"17 de agosto de 2025","format":false,"excerpt":"Por Doctor Ram\u00f3n Ceballo Tel Aviv vivi\u00f3 una de las mayores movilizaciones sociales de los \u00faltimos tiempos, cuando cientos de miles de personas salieron a las calles para exigir el fin de la invasi\u00f3n a Gaza y un acuerdo inmediato que permita la liberaci\u00f3n de los rehenes. El Foro de\u2026","rel":"","context":"En \u00abPOLITICA\u00bb","block_context":{"text":"POLITICA","link":"https:\/\/lasprimeras.com.do\/index.php\/category\/politica\/"},"img":{"alt_text":"Ram\u00f3n Ceballo","src":"https:\/\/i0.wp.com\/lasprimeras.com.do\/wp-content\/uploads\/2025\/01\/Ramon-Ceballo.jpg?resize=350%2C200&ssl=1","width":350,"height":200},"classes":[]},{"id":106572,"url":"https:\/\/lasprimeras.com.do\/index.php\/2025\/08\/17\/manifestantes-van-a-huelga-en-israel-para-exigir-alto-el-fuego-y-liberacion-de-rehenes\/","url_meta":{"origin":91426,"position":1},"title":"Manifestantes van a huelga en Israel para exigir alto el fuego y liberaci\u00f3n de rehenes","author":"Nelson Feliz","date":"17 de agosto de 2025","format":false,"excerpt":"POR SAM METZ and NATALIE MELZER JERUSAL\u00c9N (AP) \u2014 Manifestantes en Israel que exigen que el gobierno llegue a un acuerdo para asegurar la liberaci\u00f3n de rehenes en poder de milicianos en Gaza intensificaron su campa\u00f1a el domingo, organizando una huelga nacional que paraliz\u00f3 el tr\u00e1fico y provoc\u00f3 el cierre\u2026","rel":"","context":"En \u00abINTERNACIONALES\u00bb","block_context":{"text":"INTERNACIONALES","link":"https:\/\/lasprimeras.com.do\/index.php\/category\/sin-categoria\/internacionales\/"},"img":{"alt_text":"","src":"https:\/\/i0.wp.com\/lasprimeras.com.do\/wp-content\/uploads\/2025\/08\/trump-1.jpg?resize=350%2C200&ssl=1","width":350,"height":200,"srcset":"https:\/\/i0.wp.com\/lasprimeras.com.do\/wp-content\/uploads\/2025\/08\/trump-1.jpg?resize=350%2C200&ssl=1 1x, https:\/\/i0.wp.com\/lasprimeras.com.do\/wp-content\/uploads\/2025\/08\/trump-1.jpg?resize=525%2C300&ssl=1 1.5x, https:\/\/i0.wp.com\/lasprimeras.com.do\/wp-content\/uploads\/2025\/08\/trump-1.jpg?resize=700%2C400&ssl=1 2x"},"classes":[]},{"id":85682,"url":"https:\/\/lasprimeras.com.do\/index.php\/2024\/07\/07\/manifestantes-israelies-cortan-autopistas-y-piden-un-alto-al-fuego-para-recuperar-a-los-rehenes\/","url_meta":{"origin":91426,"position":2},"title":"Manifestantes israel\u00edes cortan autopistas y piden un alto al fuego para recuperar a los rehenes","author":"Nelson Feliz","date":"7 de julio de 2024","format":false,"excerpt":"BY MELANIE LIDMAN AND SAMY MAGDY TEL AVIV, Israel (AP) \u2014 Cuando se cumpl\u00edan nueve meses del inicio de la guerra en Gaza, manifestantes israel\u00edes cortaron carreteras en todo el pa\u00eds el domingo y pidieron la renuncia del primer ministro, Benjamin Netanyahu, as\u00ed como un cese el fuego que pueda\u2026","rel":"","context":"En \u00abSin categor\u00eda\u00bb","block_context":{"text":"Sin categor\u00eda","link":"https:\/\/lasprimeras.com.do\/index.php\/category\/sin-categoria\/"},"img":{"alt_text":"","src":"https:\/\/i0.wp.com\/lasprimeras.com.do\/wp-content\/uploads\/2024\/07\/Israelies.jpg?resize=350%2C200&ssl=1","width":350,"height":200,"srcset":"https:\/\/i0.wp.com\/lasprimeras.com.do\/wp-content\/uploads\/2024\/07\/Israelies.jpg?resize=350%2C200&ssl=1 1x, https:\/\/i0.wp.com\/lasprimeras.com.do\/wp-content\/uploads\/2024\/07\/Israelies.jpg?resize=525%2C300&ssl=1 1.5x, https:\/\/i0.wp.com\/lasprimeras.com.do\/wp-content\/uploads\/2024\/07\/Israelies.jpg?resize=700%2C400&ssl=1 2x"},"classes":[]},{"id":79881,"url":"https:\/\/lasprimeras.com.do\/index.php\/2024\/04\/01\/miles-protestan-en-israel-para-pedir-que-liberen-los-rehenes\/","url_meta":{"origin":91426,"position":3},"title":"Miles protestan en Israel para pedir que liberen los rehenes","author":"BIMARY DE JES\u00daS Matos","date":"1 de abril de 2024","format":false,"excerpt":"Jerusal\u00e9n.-Miles de personas se congregaron ayer en Jerusal\u00e9n para protestar contra el Gobierno del primer ministro israel\u00ed, Benjam\u00edn Netanyahu, y para pedir la celebraci\u00f3n de elecciones anticipadas en el pa\u00eds ante su gesti\u00f3n de la guerra en la Franja de Gaza, que se acerca a los seis meses. Por primera\u2026","rel":"","context":"En \u00abSin categor\u00eda\u00bb","block_context":{"text":"Sin categor\u00eda","link":"https:\/\/lasprimeras.com.do\/index.php\/category\/sin-categoria\/"},"img":{"alt_text":"","src":"https:\/\/i0.wp.com\/lasprimeras.com.do\/wp-content\/uploads\/2024\/04\/2024-01-20_05-01-16___992.jpg?resize=350%2C200&ssl=1","width":350,"height":200,"srcset":"https:\/\/i0.wp.com\/lasprimeras.com.do\/wp-content\/uploads\/2024\/04\/2024-01-20_05-01-16___992.jpg?resize=350%2C200&ssl=1 1x, https:\/\/i0.wp.com\/lasprimeras.com.do\/wp-content\/uploads\/2024\/04\/2024-01-20_05-01-16___992.jpg?resize=525%2C300&ssl=1 1.5x, https:\/\/i0.wp.com\/lasprimeras.com.do\/wp-content\/uploads\/2024\/04\/2024-01-20_05-01-16___992.jpg?resize=700%2C400&ssl=1 2x"},"classes":[]},{"id":85197,"url":"https:\/\/lasprimeras.com.do\/index.php\/2024\/06\/25\/netanyahu-rechaza-un-acuerdo-que-ponga-fin-a-la-guerra-en-gaza-pone-a-prueba-propuesta-de-tregua\/","url_meta":{"origin":91426,"position":4},"title":"Netanyahu rechaza un acuerdo que ponga fin a la guerra en Gaza, pone a prueba propuesta de tregua","author":"Nelson Feliz","date":"25 de junio de 2024","format":false,"excerpt":"BY TIA GOLDENBERG AND SAMY MAGDY TEL AVIV, Israel (AP) \u2014 La viabilidad de una propuesta respaldada por Estados Unidos para poner fin a casi nueve meses de guerra en Gaza qued\u00f3 en duda el lunes despu\u00e9s de que el primer ministro israel\u00ed, Benjamin Netanyahu, dijera que \u00fanicamente aceptar\u00eda un\u2026","rel":"","context":"En \u00abSin categor\u00eda\u00bb","block_context":{"text":"Sin categor\u00eda","link":"https:\/\/lasprimeras.com.do\/index.php\/category\/sin-categoria\/"},"img":{"alt_text":"","src":"https:\/\/i0.wp.com\/lasprimeras.com.do\/wp-content\/uploads\/2024\/06\/acuerdo.jpg?resize=350%2C200&ssl=1","width":350,"height":200,"srcset":"https:\/\/i0.wp.com\/lasprimeras.com.do\/wp-content\/uploads\/2024\/06\/acuerdo.jpg?resize=350%2C200&ssl=1 1x, https:\/\/i0.wp.com\/lasprimeras.com.do\/wp-content\/uploads\/2024\/06\/acuerdo.jpg?resize=525%2C300&ssl=1 1.5x, https:\/\/i0.wp.com\/lasprimeras.com.do\/wp-content\/uploads\/2024\/06\/acuerdo.jpg?resize=700%2C400&ssl=1 2x"},"classes":[]},{"id":111077,"url":"https:\/\/lasprimeras.com.do\/index.php\/2025\/10\/05\/netanyahu-espera-anunciar-liberacion-de-todos-los-rehenes-de-gaza-en-los-proximos-dias\/","url_meta":{"origin":91426,"position":5},"title":"Netanyahu espera anunciar liberaci\u00f3n de todos los rehenes de Gaza \u201cen los pr\u00f3ximos d\u00edas\u201d","author":"Nelson Feliz","date":"5 de octubre de 2025","format":false,"excerpt":"POR SAM MEDNICK and SAMY MAGDY TEL AVIV, Israel (AP) \u2014 El primer ministro israel\u00ed Benjamin Netanyahu dijo que espera anunciar la liberaci\u00f3n de todos los rehenes de Gaza \u201cen los pr\u00f3ximos d\u00edas\u201d, al tiempo que Israel y Ham\u00e1s se preparan para conversaciones indirectas en Egipto el lunes sobre un\u2026","rel":"","context":"En \u00abINTERNACIONALES\u00bb","block_context":{"text":"INTERNACIONALES","link":"https:\/\/lasprimeras.com.do\/index.php\/category\/sin-categoria\/internacionales\/"},"img":{"alt_text":"","src":"https:\/\/i0.wp.com\/lasprimeras.com.do\/wp-content\/uploads\/2025\/10\/PRESOS.jpg?resize=350%2C200&ssl=1","width":350,"height":200,"srcset":"https:\/\/i0.wp.com\/lasprimeras.com.do\/wp-content\/uploads\/2025\/10\/PRESOS.jpg?resize=350%2C200&ssl=1 1x, https:\/\/i0.wp.com\/lasprimeras.com.do\/wp-content\/uploads\/2025\/10\/PRESOS.jpg?resize=525%2C300&ssl=1 1.5x, https:\/\/i0.wp.com\/lasprimeras.com.do\/wp-content\/uploads\/2025\/10\/PRESOS.jpg?resize=700%2C400&ssl=1 2x"},"classes":[]}],"jetpack_sharing_enabled":true,"_links":{"self":[{"href":"https:\/\/lasprimeras.com.do\/index.php\/wp-json\/wp\/v2\/posts\/91426","targetHints":{"allow":["GET"]}}],"collection":[{"href":"https:\/\/lasprimeras.com.do\/index.php\/wp-json\/wp\/v2\/posts"}],"about":[{"href":"https:\/\/lasprimeras.com.do\/index.php\/wp-json\/wp\/v2\/types\/post"}],"author":[{"embeddable":true,"href":"https:\/\/lasprimeras.com.do\/index.php\/wp-json\/wp\/v2\/users\/2"}],"replies":[{"embeddable":true,"href":"https:\/\/lasprimeras.com.do\/index.php\/wp-json\/wp\/v2\/comments?post=91426"}],"version-history":[{"count":1,"href":"https:\/\/lasprimeras.com.do\/index.php\/wp-json\/wp\/v2\/posts\/91426\/revisions"}],"predecessor-version":[{"id":91428,"href":"https:\/\/lasprimeras.com.do\/index.php\/wp-json\/wp\/v2\/posts\/91426\/revisions\/91428"}],"wp:featuredmedia":[{"embeddable":true,"href":"https:\/\/lasprimeras.com.do\/index.php\/wp-json\/wp\/v2\/media\/91427"}],"wp:attachment":[{"href":"https:\/\/lasprimeras.com.do\/index.php\/wp-json\/wp\/v2\/media?parent=91426"}],"wp:term":[{"taxonomy":"category","embeddable":true,"href":"https:\/\/lasprimeras.com.do\/index.php\/wp-json\/wp\/v2\/categories?post=91426"},{"taxonomy":"post_tag","embeddable":true,"href":"https:\/\/lasprimeras.com.do\/index.php\/wp-json\/wp\/v2\/tags?post=91426"}],"curies":[{"name":"wp","href":"https:\/\/api.w.org\/{rel}","templated":true}]}}