{"id":91429,"date":"2024-11-23T22:23:16","date_gmt":"2024-11-24T02:23:16","guid":{"rendered":"https:\/\/lasprimeras.com.do\/?p=91429"},"modified":"2024-11-23T22:23:17","modified_gmt":"2024-11-24T02:23:17","slug":"modelo-demanda-a-kanye-west-por-amordazamiento-pornografico","status":"publish","type":"post","link":"https:\/\/lasprimeras.com.do\/index.php\/2024\/11\/23\/modelo-demanda-a-kanye-west-por-amordazamiento-pornografico\/","title":{"rendered":"Modelo demanda a Kanye West por &#8220;amordazamiento pornogr\u00e1fico&#8221;"},"content":{"rendered":"\n<p><strong>&#8220;Le introdujo varios dedos en la garganta, los movi\u00f3 continuamente dentro y fuera y la amordaz\u00f3&#8221;, asegura el documento presentado este viernes ante un tribunal federal de Nueva York.<\/strong><\/p>\n\n\n\n<p>La modelo Jenifer An present\u00f3 este viernes ante un tribunal federal de Nueva York (EE.UU.) una demanda \u2014a la que ha tenido acceso la revista Rolling Stone\u2014 en la que asegura que el rapero Kanye West la asfixi\u00f3 y la someti\u00f3 a un &#8220;amordazamiento pornogr\u00e1fico&#8221; durante la grabaci\u00f3n de un videoclip del grupo musical La Roux realizada en 2010 en un hotel de Manhattan.<\/p>\n\n\n\n<p>La mujer denuncia que estaba vestida con lencer\u00eda y trabajando como actriz de fondo para el video &#8216;In for the Kill&#8217; cuando el artista lleg\u00f3 al plat\u00f3, la se\u00f1al\u00f3 y dijo: &#8220;Dame a la chica asi\u00e1tica&#8221;, detallando que estaba &#8220;sobresaliendo por encima&#8221; de ella y &#8220;respiraba agitadamente&#8221;.<\/p>\n\n\n\n<p>Posteriormente, indic\u00f3 al equipo de c\u00e1mara que hiciera &#8216;zoom&#8217; en su cara mientras \u00e9l montaba &#8220;su propia producci\u00f3n&#8221;, describe.<\/p>\n\n\n\n<p>&#8220;Ante la c\u00e1mara, el acusado West empez\u00f3 a asfixiar a la demandante con una mano. Luego le rode\u00f3 el cuello con la otra mano y sigui\u00f3 estrangul\u00e1ndola con ambas&#8221;, dice la demanda. &#8220;Luego le introdujo varios dedos en la garganta, los movi\u00f3 continuamente dentro y fuera y la amordaz\u00f3&#8221;, contin\u00faa el documento, que asegura que el hombre utiliz\u00f3 sus dedos &#8220;para emular el sexo oral forzado&#8221; mientras supuestamente gritaba &#8220;esto es arte, esto es puto arte, soy como Picasso&#8221;.<\/p>\n\n\n\n<p>Por otro lado, An asegura que &#8220;luchaba por respirar y sent\u00eda como si se hubiera desmayado temporalmente&#8221;, a\u00f1adiendo que ninguna de las personas presentes le ayud\u00f3. Asimismo, se\u00f1ala que la empresa que organiz\u00f3 el cameo, Universal Music Group, &#8220;no investig\u00f3&#8221; el asunto ni tom\u00f3 medidas al respecto.<\/p>\n\n\n\n<p>La mujer denuncia que estaba vestida con lencer\u00eda y trabajando como actriz de fondo para el video &#8216;In for the Kill&#8217; cuando el artista lleg\u00f3 al plat\u00f3, la se\u00f1al\u00f3 y dijo: &#8220;Dame a la chica asi\u00e1tica&#8221;, detallando que estaba &#8220;sobresaliendo por encima&#8221; de ella y &#8220;respiraba agitadamente&#8221;. Posteriormente, indic\u00f3 al equipo de c\u00e1mara que hiciera &#8216;zoom&#8217; en su cara mientras \u00e9l montaba &#8220;su propia producci\u00f3n&#8221;, describe.<\/p>\n\n\n\n<p>&#8220;Ante la c\u00e1mara, el acusado West empez\u00f3 a asfixiar a la demandante con una mano. Luego le rode\u00f3 el cuello con la otra mano y sigui\u00f3 estrangul\u00e1ndola con ambas&#8221;, dice la demanda. &#8220;Luego le introdujo varios dedos en la garganta, los movi\u00f3 continuamente dentro y fuera y la amordaz\u00f3&#8221;, contin\u00faa el documento, que asegura que el hombre utiliz\u00f3 sus dedos &#8220;para emular el sexo oral forzado&#8221; mientras supuestamente gritaba &#8220;esto es arte, esto es puto arte, soy como Picasso&#8221;.<\/p>\n\n\n\n<p>Por otro lado, An asegura que &#8220;luchaba por respirar y sent\u00eda como si se hubiera desmayado temporalmente&#8221;, a\u00f1adiendo que ninguna de las personas presentes le ayud\u00f3. Asimismo, se\u00f1ala que la empresa que organiz\u00f3 el cameo, Universal Music Group, &#8220;no investig\u00f3&#8221; el asunto ni tom\u00f3 medidas al respecto.<\/p>\n\n\n\n<p><a href=\"https:\/\/vk.com\/video-61174019_456246884?ref_domain=esrt.space\">https:\/\/vk.com\/video-61174019_456246884?ref_domain=esrt.space<\/a><\/p>\n\n\n\n<p>Fuente RT<\/p>\n","protected":false},"excerpt":{"rendered":"<p>&#8220;Le introdujo varios dedos en la garganta, los movi\u00f3 continuamente dentro y fuera y la amordaz\u00f3&#8221;, asegura el documento presentado este viernes ante un tribunal federal de Nueva York. La&hellip;<\/p>\n","protected":false},"author":2,"featured_media":91430,"comment_status":"open","ping_status":"open","sticky":false,"template":"","format":"standard","meta":{"content-type":"","jetpack_post_was_ever_published":false,"_jetpack_newsletter_access":"","_jetpack_dont_email_post_to_subs":false,"_jetpack_newsletter_tier_id":0,"_jetpack_memberships_contains_paywalled_content":false,"_jetpack_memberships_contains_paid_content":false,"footnotes":""},"categories":[16289],"tags":[16456,1085,16458,1432,104,16457],"class_list":["post-91429","post","type-post","status-publish","format-standard","has-post-thumbnail","hentry","category-internacionales","tag-amordazamiento","tag-demanda","tag-kanye-west","tag-modelo","tag-nueva-york","tag-pornografico"],"jetpack_featured_media_url":"https:\/\/lasprimeras.com.do\/wp-content\/uploads\/2024\/11\/Kanye-West.jpg","jetpack-related-posts":[{"id":56521,"url":"https:\/\/lasprimeras.com.do\/index.php\/2023\/08\/02\/x-demanda-a-organizacion-por-informes-sobre-creciente-odio-en-twitter\/","url_meta":{"origin":91429,"position":0},"title":"X demanda a organizaci\u00f3n por informes sobre creciente odio en Twitter","author":"Nelson Feliz","date":"2 de agosto de 2023","format":false,"excerpt":"Muchos usuarios y anunciantes han respondido negativamente a las nuevas tarifas de la red social por servicios que antes eran gratuitos. X demand\u00f3 a un grupo sin fines de lucro en un tribunal de Estados Unidos por haber elaborado un informe que afirma que el discurso de odio aument\u00f3 en\u2026","rel":"","context":"En \u00abSin categor\u00eda\u00bb","block_context":{"text":"Sin categor\u00eda","link":"https:\/\/lasprimeras.com.do\/index.php\/category\/sin-categoria\/"},"img":{"alt_text":"Esta foto ilustrativa creada en Washington, DC, el 24 de julio de 2023, muestra el nuevo logotipo X de Twitter reflejado en el logotipo del p\u00e1jaro de TwitterSTEFANI REYNOLDS\/AFP","src":"https:\/\/i0.wp.com\/lasprimeras.com.do\/wp-content\/uploads\/2023\/08\/X.jpeg?resize=350%2C200&ssl=1","width":350,"height":200,"srcset":"https:\/\/i0.wp.com\/lasprimeras.com.do\/wp-content\/uploads\/2023\/08\/X.jpeg?resize=350%2C200&ssl=1 1x, https:\/\/i0.wp.com\/lasprimeras.com.do\/wp-content\/uploads\/2023\/08\/X.jpeg?resize=525%2C300&ssl=1 1.5x, https:\/\/i0.wp.com\/lasprimeras.com.do\/wp-content\/uploads\/2023\/08\/X.jpeg?resize=700%2C400&ssl=1 2x"},"classes":[]},{"id":70987,"url":"https:\/\/lasprimeras.com.do\/index.php\/2023\/12\/16\/kany-garcia-lanza-su-nuevo-ep-lo-mas-escuchado-del-2023\/","url_meta":{"origin":91429,"position":1},"title":"Kany Garc\u00eda lanza su nuevo EP, &#8216;Lo m\u00e1s escuchado del 2023&#8217;","author":"BIMARY DE JES\u00daS Matos","date":"16 de diciembre de 2023","format":false,"excerpt":"Puerto Rico.-La cantautora puertorrique\u00f1a Kany Garc\u00eda anunci\u00f3 este viernes el lanzamiento de su nuevo disco EP \u2018Lo m\u00e1s escuchado del 2023\u2019, compuesto de 10 temas. Seg\u00fan resalta un comunicado de prensa enviado por sus representantes, el \u00e1lbum promete ser un reflejo del talento, la pasi\u00f3n y el compromiso musical de\u2026","rel":"","context":"En \u00abENTRETENIMIENTO\u00bb","block_context":{"text":"ENTRETENIMIENTO","link":"https:\/\/lasprimeras.com.do\/index.php\/category\/entretenimiento\/"},"img":{"alt_text":"","src":"https:\/\/i0.wp.com\/lasprimeras.com.do\/wp-content\/uploads\/2023\/12\/WhatsApp-Image-2023-12-16-at-9.27.39-AM-1.jpeg?resize=350%2C200&ssl=1","width":350,"height":200,"srcset":"https:\/\/i0.wp.com\/lasprimeras.com.do\/wp-content\/uploads\/2023\/12\/WhatsApp-Image-2023-12-16-at-9.27.39-AM-1.jpeg?resize=350%2C200&ssl=1 1x, https:\/\/i0.wp.com\/lasprimeras.com.do\/wp-content\/uploads\/2023\/12\/WhatsApp-Image-2023-12-16-at-9.27.39-AM-1.jpeg?resize=525%2C300&ssl=1 1.5x"},"classes":[]},{"id":60833,"url":"https:\/\/lasprimeras.com.do\/index.php\/2023\/09\/19\/asaltantes-matan-seguridad-en-el-supermercado-ole-de-villa-mella\/","url_meta":{"origin":91429,"position":2},"title":"Asaltantes matan seguridad en el supermercado Ol\u00e9 de Villa Mella","author":"Nelson Feliz","date":"19 de septiembre de 2023","format":false,"excerpt":"Al menos dos personas muertas dej\u00f3 un tiroteo en un intento de asalto en el supermercado Ol\u00e9 ubicado en la Av. Hermanas Mirabal 591 el sector el Primeral de Villa Mella, en Santo Domingo Norte. Los nombres de las v\u00edctimas no han sido revelados hasta el momento, pero trascendi\u00f3 que\u2026","rel":"","context":"En \u00abNACIONALES\u00bb","block_context":{"text":"NACIONALES","link":"https:\/\/lasprimeras.com.do\/index.php\/category\/nacionales\/"},"img":{"alt_text":"Cajeros","src":"https:\/\/i0.wp.com\/lasprimeras.com.do\/wp-content\/uploads\/2023\/09\/Cajeros.jpg?resize=350%2C200&ssl=1","width":350,"height":200,"srcset":"https:\/\/i0.wp.com\/lasprimeras.com.do\/wp-content\/uploads\/2023\/09\/Cajeros.jpg?resize=350%2C200&ssl=1 1x, https:\/\/i0.wp.com\/lasprimeras.com.do\/wp-content\/uploads\/2023\/09\/Cajeros.jpg?resize=525%2C300&ssl=1 1.5x, https:\/\/i0.wp.com\/lasprimeras.com.do\/wp-content\/uploads\/2023\/09\/Cajeros.jpg?resize=700%2C400&ssl=1 2x, https:\/\/i0.wp.com\/lasprimeras.com.do\/wp-content\/uploads\/2023\/09\/Cajeros.jpg?resize=1050%2C600&ssl=1 3x"},"classes":[]},{"id":75795,"url":"https:\/\/lasprimeras.com.do\/index.php\/2024\/02\/05\/kany-garcia-entrega-tres-noches-de-musica-a-sus-fanaticos-de-rd\/","url_meta":{"origin":91429,"position":3},"title":"Kany Garc\u00eda entrega tres noches de m\u00fasica a sus fan\u00e1ticos de RD","author":"BIMARY DE JES\u00daS Matos","date":"5 de febrero de 2024","format":false,"excerpt":"Santo Domingo.-La cantante boricua Kany Garc\u00eda tuvo tres noches de \u201cromance\u201d con el p\u00fablico dominicano que abarrot\u00f3 cada concierto ofrecidos el viernes, s\u00e1bado y ayer domingo en el Teatro Nacional. La complicidad que muestran ella y sus fan\u00e1ticos es incre\u00edble al punto que sus canciones son cantadas casi todas a\u2026","rel":"","context":"En \u00abENTRETENIMIENTO\u00bb","block_context":{"text":"ENTRETENIMIENTO","link":"https:\/\/lasprimeras.com.do\/index.php\/category\/entretenimiento\/"},"img":{"alt_text":"","src":"https:\/\/i0.wp.com\/lasprimeras.com.do\/wp-content\/uploads\/2024\/02\/CANDIDATO-A-REGIDOR-Justicia-Social-JOSUE-MENDEZ-APOYARA-A-DIO-ASTACIO-DEL-PRM-12.webp?resize=350%2C200&ssl=1","width":350,"height":200,"srcset":"https:\/\/i0.wp.com\/lasprimeras.com.do\/wp-content\/uploads\/2024\/02\/CANDIDATO-A-REGIDOR-Justicia-Social-JOSUE-MENDEZ-APOYARA-A-DIO-ASTACIO-DEL-PRM-12.webp?resize=350%2C200&ssl=1 1x, https:\/\/i0.wp.com\/lasprimeras.com.do\/wp-content\/uploads\/2024\/02\/CANDIDATO-A-REGIDOR-Justicia-Social-JOSUE-MENDEZ-APOYARA-A-DIO-ASTACIO-DEL-PRM-12.webp?resize=525%2C300&ssl=1 1.5x, https:\/\/i0.wp.com\/lasprimeras.com.do\/wp-content\/uploads\/2024\/02\/CANDIDATO-A-REGIDOR-Justicia-Social-JOSUE-MENDEZ-APOYARA-A-DIO-ASTACIO-DEL-PRM-12.webp?resize=700%2C400&ssl=1 2x, https:\/\/i0.wp.com\/lasprimeras.com.do\/wp-content\/uploads\/2024\/02\/CANDIDATO-A-REGIDOR-Justicia-Social-JOSUE-MENDEZ-APOYARA-A-DIO-ASTACIO-DEL-PRM-12.webp?resize=1050%2C600&ssl=1 3x, https:\/\/i0.wp.com\/lasprimeras.com.do\/wp-content\/uploads\/2024\/02\/CANDIDATO-A-REGIDOR-Justicia-Social-JOSUE-MENDEZ-APOYARA-A-DIO-ASTACIO-DEL-PRM-12.webp?resize=1400%2C800&ssl=1 4x"},"classes":[]},{"id":77698,"url":"https:\/\/lasprimeras.com.do\/index.php\/2024\/02\/24\/una-bachata-une-por-primera-vez-las-voces-de-kany-garcia-y-young-miko\/","url_meta":{"origin":91429,"position":4},"title":"Una bachata une por primera vez las voces de Kany Garc\u00eda y Young Miko","author":"BIMARY DE JES\u00daS Matos","date":"24 de febrero de 2024","format":false,"excerpt":"Puerto Rico. -La cantautora puertorrique\u00f1a Kany Garc\u00eda se une por primera vez a la artista urbana Young Miko en su nueva colaboraci\u00f3n musical, \u201cEn esta boca\u201d que estrena hoy jueves, 22 de febrero a trav\u00e9s de todas las plataformas digitales. Este tema formar\u00e1 parte del pr\u00f3ximo \u00e1lbum de estudio de\u2026","rel":"","context":"En \u00abENTRETENIMIENTO\u00bb","block_context":{"text":"ENTRETENIMIENTO","link":"https:\/\/lasprimeras.com.do\/index.php\/category\/entretenimiento\/"},"img":{"alt_text":"","src":"https:\/\/i0.wp.com\/lasprimeras.com.do\/wp-content\/uploads\/2024\/02\/65d94a9085f07.r_d.489-355.jpeg?resize=350%2C200&ssl=1","width":350,"height":200,"srcset":"https:\/\/i0.wp.com\/lasprimeras.com.do\/wp-content\/uploads\/2024\/02\/65d94a9085f07.r_d.489-355.jpeg?resize=350%2C200&ssl=1 1x, https:\/\/i0.wp.com\/lasprimeras.com.do\/wp-content\/uploads\/2024\/02\/65d94a9085f07.r_d.489-355.jpeg?resize=525%2C300&ssl=1 1.5x, https:\/\/i0.wp.com\/lasprimeras.com.do\/wp-content\/uploads\/2024\/02\/65d94a9085f07.r_d.489-355.jpeg?resize=700%2C400&ssl=1 2x"},"classes":[]},{"id":75642,"url":"https:\/\/lasprimeras.com.do\/index.php\/2024\/02\/03\/entre-anecdotas-y-canciones-kany-garcia-inicia-su-fin-de-semana-en-el-teatro-nacional\/","url_meta":{"origin":91429,"position":5},"title":"Entre an\u00e9cdotas y canciones, Kany Garc\u00eda inicia su fin de semana en el Teatro Nacional","author":"BIMARY DE JES\u00daS Matos","date":"3 de febrero de 2024","format":false,"excerpt":"Santo Domingo.-A Kany Garc\u00eda le pas\u00f3 algo con Rep\u00fablica Dominicana y es que la cantautora puertorrique\u00f1a se siente \u201ccompletamente feliz\u201d en esta media isla y los dominicanos se lo agradecen llenando sus conciertos, no solo una noche, sino tres como en esta ocasi\u00f3n. La artista present\u00f3 la noche de este\u2026","rel":"","context":"En \u00abENTRETENIMIENTO\u00bb","block_context":{"text":"ENTRETENIMIENTO","link":"https:\/\/lasprimeras.com.do\/index.php\/category\/entretenimiento\/"},"img":{"alt_text":"","src":"https:\/\/i0.wp.com\/lasprimeras.com.do\/wp-content\/uploads\/2024\/02\/Conoceran-esta-tarde-solicitud-de-cese-de-medida-de-coercion-a-Jean-Alain-Rodriguez-1.jpg?resize=350%2C200&ssl=1","width":350,"height":200,"srcset":"https:\/\/i0.wp.com\/lasprimeras.com.do\/wp-content\/uploads\/2024\/02\/Conoceran-esta-tarde-solicitud-de-cese-de-medida-de-coercion-a-Jean-Alain-Rodriguez-1.jpg?resize=350%2C200&ssl=1 1x, https:\/\/i0.wp.com\/lasprimeras.com.do\/wp-content\/uploads\/2024\/02\/Conoceran-esta-tarde-solicitud-de-cese-de-medida-de-coercion-a-Jean-Alain-Rodriguez-1.jpg?resize=525%2C300&ssl=1 1.5x, https:\/\/i0.wp.com\/lasprimeras.com.do\/wp-content\/uploads\/2024\/02\/Conoceran-esta-tarde-solicitud-de-cese-de-medida-de-coercion-a-Jean-Alain-Rodriguez-1.jpg?resize=700%2C400&ssl=1 2x"},"classes":[]}],"jetpack_sharing_enabled":true,"_links":{"self":[{"href":"https:\/\/lasprimeras.com.do\/index.php\/wp-json\/wp\/v2\/posts\/91429","targetHints":{"allow":["GET"]}}],"collection":[{"href":"https:\/\/lasprimeras.com.do\/index.php\/wp-json\/wp\/v2\/posts"}],"about":[{"href":"https:\/\/lasprimeras.com.do\/index.php\/wp-json\/wp\/v2\/types\/post"}],"author":[{"embeddable":true,"href":"https:\/\/lasprimeras.com.do\/index.php\/wp-json\/wp\/v2\/users\/2"}],"replies":[{"embeddable":true,"href":"https:\/\/lasprimeras.com.do\/index.php\/wp-json\/wp\/v2\/comments?post=91429"}],"version-history":[{"count":1,"href":"https:\/\/lasprimeras.com.do\/index.php\/wp-json\/wp\/v2\/posts\/91429\/revisions"}],"predecessor-version":[{"id":91431,"href":"https:\/\/lasprimeras.com.do\/index.php\/wp-json\/wp\/v2\/posts\/91429\/revisions\/91431"}],"wp:featuredmedia":[{"embeddable":true,"href":"https:\/\/lasprimeras.com.do\/index.php\/wp-json\/wp\/v2\/media\/91430"}],"wp:attachment":[{"href":"https:\/\/lasprimeras.com.do\/index.php\/wp-json\/wp\/v2\/media?parent=91429"}],"wp:term":[{"taxonomy":"category","embeddable":true,"href":"https:\/\/lasprimeras.com.do\/index.php\/wp-json\/wp\/v2\/categories?post=91429"},{"taxonomy":"post_tag","embeddable":true,"href":"https:\/\/lasprimeras.com.do\/index.php\/wp-json\/wp\/v2\/tags?post=91429"}],"curies":[{"name":"wp","href":"https:\/\/api.w.org\/{rel}","templated":true}]}}