{"id":91444,"date":"2024-11-24T19:45:25","date_gmt":"2024-11-24T23:45:25","guid":{"rendered":"https:\/\/lasprimeras.com.do\/?p=91444"},"modified":"2024-11-24T19:45:27","modified_gmt":"2024-11-24T23:45:27","slug":"machado-dice-que-imputacion-en-su-contra-muestra-debilidad-del-gobierno-de-maduro","status":"publish","type":"post","link":"https:\/\/lasprimeras.com.do\/index.php\/2024\/11\/24\/machado-dice-que-imputacion-en-su-contra-muestra-debilidad-del-gobierno-de-maduro\/","title":{"rendered":"Machado dice que imputaci\u00f3n en su contra muestra &#8220;debilidad&#8221; del Gobierno de Maduro"},"content":{"rendered":"\n<p>Caracas, (EFE).- La l\u00edder antichavista Mar\u00eda Corina Machado afirm\u00f3 este domingo que la imputaci\u00f3n de la Fiscal\u00eda -que la acusa de &#8220;traici\u00f3n a la patria&#8221;, conspiraci\u00f3n con pa\u00edses extranjeros y otros delitos- muestra &#8220;debilidad&#8221; del Gobierno de Nicol\u00e1s Maduro, a la vez que asegur\u00f3 que el fiscal general, Tarek William Saab, es el &#8220;principal represor del r\u00e9gimen&#8221;.<\/p>\n\n\n\n<p>&#8220;Evidentemente el r\u00e9gimen, que cada d\u00eda se da cuenta que esto es insostenible, tiene una reacci\u00f3n que es directamente proporcional a su debilidad. Mientras m\u00e1s d\u00e9biles est\u00e1n, m\u00e1s aislados est\u00e1n, act\u00faan con mayor crueldad y desesperaci\u00f3n&#8221;, afirm\u00f3 Machado en un video en X.<\/p>\n\n\n\n<p>Asimismo, la l\u00edder opositora se\u00f1al\u00f3 tambi\u00e9n como &#8220;debilidad&#8221; el &#8220;acoso&#8221; a la residencia de la Embajada de Argentina en Caracas -custodiada por Brasil-, donde permanecen asilados seis opositores, quienes denunciaron desde la noche del s\u00e1bado un &#8220;asedio&#8221; policial que -afirman- se ha mantenido hasta este domingo.<\/p>\n\n\n\n<p>&#8220;Esto es una demostraci\u00f3n de que saben que el tiempo se les acab\u00f3, de que saben que esto no tiene vuelta atr\u00e1s. (\u2026) Venezuela ya decidi\u00f3. Edmundo Gonz\u00e1lez (candidato opositor) es el presidente electo y debe tomar posesi\u00f3n de su cargo&#8221;, manifest\u00f3 Machado, quien tacha de &#8220;fraudulento&#8221; el resultado oficial de las presidenciales del 28 de julio, que dio la reelecci\u00f3n a Maduro.<\/p>\n\n\n\n<p>Este viernes, la Fiscal\u00eda inici\u00f3 una investigaci\u00f3n contra Machado al se\u00f1alarla de apoyar el proyecto de ley aprobado por la C\u00e1mara de Representantes de EEUU que proh\u00edbe a instituciones del Gobierno estadounidense contratar a personas o empresas que tengan lazos comerciales con el Ejecutivo de Maduro.<\/p>\n\n\n\n<p>El proyecto de ley fue presentado por los representantes de Florida Mike Waltz, republicano, y Debbie Wasserman Schultz, dem\u00f3crata, quienes consideran, en palabras del primero, que Estados Unidos debe &#8220;mantener las sanciones existentes contra el r\u00e9gimen y buscar ampliarlas para minimizar los recursos de Maduro para abusar de las libertades y la prosperidad del pueblo venezolano&#8221;.<\/p>\n\n\n\n<p>Tras las presidenciales, el Consejo Nacional Electoral proclam\u00f3 la victoria de Maduro sin publicar los resultados detallados, por lo que buena parte de la comunidad internacional cuestiona este triunfo, mientras la mayor coalici\u00f3n opositora se\u00f1ala que Gonz\u00e1lez Urrutia es el ganador, seg\u00fan el 83,5 % de las actas que aseguran haber reunido a trav\u00e9s de miembros de mesa.<\/p>\n\n\n\n<p>Maduro, por su parte, tacha de falsos estos documentos y afirma que se juramentar\u00e1 el 10 de enero, cuando empieza el pr\u00f3ximo per\u00edodo presidencial.<\/p>\n\n\n\n<p>Fuente Agencia EFE<\/p>\n","protected":false},"excerpt":{"rendered":"<p>Caracas, (EFE).- La l\u00edder antichavista Mar\u00eda Corina Machado afirm\u00f3 este domingo que la imputaci\u00f3n de la Fiscal\u00eda -que la acusa de &#8220;traici\u00f3n a la patria&#8221;, conspiraci\u00f3n con pa\u00edses extranjeros y&hellip;<\/p>\n","protected":false},"author":2,"featured_media":91445,"comment_status":"open","ping_status":"open","sticky":false,"template":"","format":"standard","meta":{"content-type":"","jetpack_post_was_ever_published":false,"_jetpack_newsletter_access":"","_jetpack_dont_email_post_to_subs":false,"_jetpack_newsletter_tier_id":0,"_jetpack_memberships_contains_paywalled_content":false,"_jetpack_memberships_contains_paid_content":false,"footnotes":""},"categories":[16289],"tags":[16465,171,16464,14145,1604],"class_list":["post-91444","post","type-post","status-publish","format-standard","has-post-thumbnail","hentry","category-internacionales","tag-debilidad","tag-gobierno","tag-imputacion","tag-maria-corina-machado","tag-nicolas-maduro"],"jetpack_featured_media_url":"https:\/\/lasprimeras.com.do\/wp-content\/uploads\/2024\/11\/Maria-Corina-Machado-1.jpg","jetpack-related-posts":[{"id":79427,"url":"https:\/\/lasprimeras.com.do\/index.php\/2024\/03\/27\/elecciones-venezuela-machado-dice-que-el-regimen-escogio-a-sus-candidatos\/","url_meta":{"origin":91444,"position":0},"title":"Elecciones Venezuela: Machado dice que \u201cel r\u00e9gimen escogi\u00f3 a sus candidatos\u201d","author":"BIMARY DE JES\u00daS Matos","date":"27 de marzo de 2024","format":false,"excerpt":"CARACAS \u2014\u00a0La l\u00edder opositora venezolana, Mar\u00eda Corina Machado, denunci\u00f3 el martes que el gobierno del presidente Nicol\u00e1s Maduro \u201cescogi\u00f3\u201d a los candidatos que participar\u00e1n en las elecciones\u00a0presidenciales del 28 de julio, luego de que un gobernador opositor\u00a0se postul\u00f3 a \u00faltima hora\u00a0como candidato presidencial. Machado reiter\u00f3 que el gobierno venezolano impidi\u00f3\u2026","rel":"","context":"En \u00abSin categor\u00eda\u00bb","block_context":{"text":"Sin categor\u00eda","link":"https:\/\/lasprimeras.com.do\/index.php\/category\/sin-categoria\/"},"img":{"alt_text":"","src":"https:\/\/i0.wp.com\/lasprimeras.com.do\/wp-content\/uploads\/2024\/03\/f446961b-01f0-4067-b295-657f64ff4981_w650_r1_s-1.jpg?resize=350%2C200&ssl=1","width":350,"height":200,"srcset":"https:\/\/i0.wp.com\/lasprimeras.com.do\/wp-content\/uploads\/2024\/03\/f446961b-01f0-4067-b295-657f64ff4981_w650_r1_s-1.jpg?resize=350%2C200&ssl=1 1x, https:\/\/i0.wp.com\/lasprimeras.com.do\/wp-content\/uploads\/2024\/03\/f446961b-01f0-4067-b295-657f64ff4981_w650_r1_s-1.jpg?resize=525%2C300&ssl=1 1.5x"},"classes":[]},{"id":118809,"url":"https:\/\/lasprimeras.com.do\/index.php\/2026\/01\/03\/maria-corina-machado-llego-la-hora-de-la-libertad-tras-la-caida-de-maduro\/","url_meta":{"origin":91444,"position":1},"title":"Mar\u00eda Corina Machado: &#8220;Lleg\u00f3 la hora de la libertad&#8221; tras la ca\u00edda de Maduro","author":"Nelson Feliz","date":"3 de enero de 2026","format":false,"excerpt":"La l\u00edder de la oposici\u00f3n y premio Nobel de la Paz, Mar\u00eda Corina Machado, anuncia tras la caprura de Nicolas Maduro que \"lleg\u00f3 la hora de la libertad\" para Venezuela a traves de un comunicado publicado en X. Corina Machado declara que Nicol\u00e1s Maduro enfrenta justicia internacional por cr\u00edmenes, y\u2026","rel":"","context":"En \u00abINTERNACIONALES\u00bb","block_context":{"text":"INTERNACIONALES","link":"https:\/\/lasprimeras.com.do\/index.php\/category\/sin-categoria\/internacionales\/"},"img":{"alt_text":"Mar\u00eda Corina Machado","src":"https:\/\/i0.wp.com\/lasprimeras.com.do\/wp-content\/uploads\/2026\/01\/Maria-Corina-Machado.jpg?resize=350%2C200&ssl=1","width":350,"height":200,"srcset":"https:\/\/i0.wp.com\/lasprimeras.com.do\/wp-content\/uploads\/2026\/01\/Maria-Corina-Machado.jpg?resize=350%2C200&ssl=1 1x, https:\/\/i0.wp.com\/lasprimeras.com.do\/wp-content\/uploads\/2026\/01\/Maria-Corina-Machado.jpg?resize=525%2C300&ssl=1 1.5x, https:\/\/i0.wp.com\/lasprimeras.com.do\/wp-content\/uploads\/2026\/01\/Maria-Corina-Machado.jpg?resize=700%2C400&ssl=1 2x"},"classes":[]},{"id":86130,"url":"https:\/\/lasprimeras.com.do\/index.php\/2024\/07\/18\/venezuela-liberan-al-jefe-de-seguridad-de-lider-opositora-maria-corina-machado\/","url_meta":{"origin":91444,"position":2},"title":"Venezuela: liberan al jefe de seguridad de l\u00edder opositora Mar\u00eda Corina Machado","author":"Nelson Feliz","date":"18 de julio de 2024","format":false,"excerpt":"CARACAS (AP) \u2014 El jefe de seguridad de la l\u00edder opositora venezolana Mar\u00eda Corina Machado fue liberado el jueves, tras su detenci\u00f3n el d\u00eda anterior para ser procesado por un incidente con simpatizantes del oficialismo en el centro del pa\u00eds. Milciades \u00c1vila, jefe de seguridad de Machado, fue liberado tras\u2026","rel":"","context":"En \u00abSin categor\u00eda\u00bb","block_context":{"text":"Sin categor\u00eda","link":"https:\/\/lasprimeras.com.do\/index.php\/category\/sin-categoria\/"},"img":{"alt_text":"","src":"https:\/\/i0.wp.com\/lasprimeras.com.do\/wp-content\/uploads\/2024\/07\/Maria-Corina-Machado.jpg?resize=350%2C200&ssl=1","width":350,"height":200,"srcset":"https:\/\/i0.wp.com\/lasprimeras.com.do\/wp-content\/uploads\/2024\/07\/Maria-Corina-Machado.jpg?resize=350%2C200&ssl=1 1x, https:\/\/i0.wp.com\/lasprimeras.com.do\/wp-content\/uploads\/2024\/07\/Maria-Corina-Machado.jpg?resize=525%2C300&ssl=1 1.5x, https:\/\/i0.wp.com\/lasprimeras.com.do\/wp-content\/uploads\/2024\/07\/Maria-Corina-Machado.jpg?resize=700%2C400&ssl=1 2x"},"classes":[]},{"id":95692,"url":"https:\/\/lasprimeras.com.do\/index.php\/2025\/03\/18\/machado-y-gonzalez-urrutia-piden-que-no-se-criminalice-a-los-migrantes-venezolanos\/","url_meta":{"origin":91444,"position":3},"title":"Machado y Gonz\u00e1lez Urrutia piden que no se criminalice a los migrantes venezolanos","author":"Nelson Feliz","date":"18 de marzo de 2025","format":false,"excerpt":"Mar\u00eda Corina Machado y Edmundo Gonz\u00e1lez Urrutia respaldaron los esfuerzos de Estados Unidos y otros pa\u00edses para combatir al Tren de Aragua. Los opositores venezolanos Mar\u00eda Corina Machado y Edmundo Gonz\u00e1lez Urrutia instaron este lunes a evitar la \u201cinjusta criminalizaci\u00f3n\u201d de los migrantes de su pa\u00eds, tras la decisi\u00f3n del\u2026","rel":"","context":"En \u00abINTERNACIONALES\u00bb","block_context":{"text":"INTERNACIONALES","link":"https:\/\/lasprimeras.com.do\/index.php\/category\/sin-categoria\/internacionales\/"},"img":{"alt_text":"Mar\u00eda Corina Machado y Edmundo Gonz\u00e1lez Urrutia","src":"https:\/\/i0.wp.com\/lasprimeras.com.do\/wp-content\/uploads\/2025\/03\/Maria-Corina-Machado-y-Edmundo-Gonzalez-Urrutia.png?resize=350%2C200&ssl=1","width":350,"height":200,"srcset":"https:\/\/i0.wp.com\/lasprimeras.com.do\/wp-content\/uploads\/2025\/03\/Maria-Corina-Machado-y-Edmundo-Gonzalez-Urrutia.png?resize=350%2C200&ssl=1 1x, https:\/\/i0.wp.com\/lasprimeras.com.do\/wp-content\/uploads\/2025\/03\/Maria-Corina-Machado-y-Edmundo-Gonzalez-Urrutia.png?resize=525%2C300&ssl=1 1.5x, https:\/\/i0.wp.com\/lasprimeras.com.do\/wp-content\/uploads\/2025\/03\/Maria-Corina-Machado-y-Edmundo-Gonzalez-Urrutia.png?resize=700%2C400&ssl=1 2x"},"classes":[]},{"id":86651,"url":"https:\/\/lasprimeras.com.do\/index.php\/2024\/07\/28\/maria-corina-machado-respondio-el-mensaje-de-apoyo-de-elon-musk-y-aseguro-que-el-pais-sera-libre\/","url_meta":{"origin":91444,"position":4},"title":"Mar\u00eda Corina Machado respondi\u00f3 el mensaje de apoyo de Elon Musk y asegur\u00f3 que el pa\u00eds \u201cser\u00e1 libre\u201d","author":"Nelson Feliz","date":"28 de julio de 2024","format":false,"excerpt":"\u201cEstamos decididos a vivir con dignidad y prosperidad, y a traer a nuestras familias de vuelta a casa\u201d, afirm\u00f3 la l\u00edder opositora en la respuesta que envi\u00f3 al magnate Por Marcos Colombo y Lucas Goyret Venezuela celebra este domingo unas elecciones presidenciales en las que Nicol\u00e1s Maduro busca asentarse en\u2026","rel":"","context":"En \u00abSin categor\u00eda\u00bb","block_context":{"text":"Sin categor\u00eda","link":"https:\/\/lasprimeras.com.do\/index.php\/category\/sin-categoria\/"},"img":{"alt_text":"Mar\u00eda Corina Machado","src":"https:\/\/i0.wp.com\/lasprimeras.com.do\/wp-content\/uploads\/2024\/07\/Maria-Corina-Machado-2.png?resize=350%2C200&ssl=1","width":350,"height":200,"srcset":"https:\/\/i0.wp.com\/lasprimeras.com.do\/wp-content\/uploads\/2024\/07\/Maria-Corina-Machado-2.png?resize=350%2C200&ssl=1 1x, https:\/\/i0.wp.com\/lasprimeras.com.do\/wp-content\/uploads\/2024\/07\/Maria-Corina-Machado-2.png?resize=525%2C300&ssl=1 1.5x, https:\/\/i0.wp.com\/lasprimeras.com.do\/wp-content\/uploads\/2024\/07\/Maria-Corina-Machado-2.png?resize=700%2C400&ssl=1 2x"},"classes":[]},{"id":86848,"url":"https:\/\/lasprimeras.com.do\/index.php\/2024\/08\/02\/atacantes-enmascarados-saquean-sede-de-lider-opositora-venezolana-maria-corina-machado\/","url_meta":{"origin":91444,"position":5},"title":"Atacantes enmascarados saquean sede de l\u00edder opositora venezolana Mar\u00eda Corina Machado","author":"Nelson Feliz","date":"2 de agosto de 2024","format":false,"excerpt":"Por GABRIELA S\u00c1 PESSOA, E. EDUARDO CASTILLO, JOSHUA GOODMAN y REGINA GARCIA CANO CARACAS, Venezuela (AP) \u2014 Media docena de agresores enmascarados saquearon la sede de la l\u00edder opositora venezolana Mar\u00eda Corina Machado en la m\u00e1s reciente escalada de violencia contra los opositores de Nicol\u00e1s Maduro tras las controvertidas elecciones\u2026","rel":"","context":"En \u00abSin categor\u00eda\u00bb","block_context":{"text":"Sin categor\u00eda","link":"https:\/\/lasprimeras.com.do\/index.php\/category\/sin-categoria\/"},"img":{"alt_text":"Mar\u00eda Corina Machado","src":"https:\/\/i0.wp.com\/lasprimeras.com.do\/wp-content\/uploads\/2024\/08\/Maria-Corina-Machado-3.png?resize=350%2C200&ssl=1","width":350,"height":200,"srcset":"https:\/\/i0.wp.com\/lasprimeras.com.do\/wp-content\/uploads\/2024\/08\/Maria-Corina-Machado-3.png?resize=350%2C200&ssl=1 1x, https:\/\/i0.wp.com\/lasprimeras.com.do\/wp-content\/uploads\/2024\/08\/Maria-Corina-Machado-3.png?resize=525%2C300&ssl=1 1.5x, https:\/\/i0.wp.com\/lasprimeras.com.do\/wp-content\/uploads\/2024\/08\/Maria-Corina-Machado-3.png?resize=700%2C400&ssl=1 2x, https:\/\/i0.wp.com\/lasprimeras.com.do\/wp-content\/uploads\/2024\/08\/Maria-Corina-Machado-3.png?resize=1050%2C600&ssl=1 3x"},"classes":[]}],"jetpack_sharing_enabled":true,"_links":{"self":[{"href":"https:\/\/lasprimeras.com.do\/index.php\/wp-json\/wp\/v2\/posts\/91444","targetHints":{"allow":["GET"]}}],"collection":[{"href":"https:\/\/lasprimeras.com.do\/index.php\/wp-json\/wp\/v2\/posts"}],"about":[{"href":"https:\/\/lasprimeras.com.do\/index.php\/wp-json\/wp\/v2\/types\/post"}],"author":[{"embeddable":true,"href":"https:\/\/lasprimeras.com.do\/index.php\/wp-json\/wp\/v2\/users\/2"}],"replies":[{"embeddable":true,"href":"https:\/\/lasprimeras.com.do\/index.php\/wp-json\/wp\/v2\/comments?post=91444"}],"version-history":[{"count":1,"href":"https:\/\/lasprimeras.com.do\/index.php\/wp-json\/wp\/v2\/posts\/91444\/revisions"}],"predecessor-version":[{"id":91446,"href":"https:\/\/lasprimeras.com.do\/index.php\/wp-json\/wp\/v2\/posts\/91444\/revisions\/91446"}],"wp:featuredmedia":[{"embeddable":true,"href":"https:\/\/lasprimeras.com.do\/index.php\/wp-json\/wp\/v2\/media\/91445"}],"wp:attachment":[{"href":"https:\/\/lasprimeras.com.do\/index.php\/wp-json\/wp\/v2\/media?parent=91444"}],"wp:term":[{"taxonomy":"category","embeddable":true,"href":"https:\/\/lasprimeras.com.do\/index.php\/wp-json\/wp\/v2\/categories?post=91444"},{"taxonomy":"post_tag","embeddable":true,"href":"https:\/\/lasprimeras.com.do\/index.php\/wp-json\/wp\/v2\/tags?post=91444"}],"curies":[{"name":"wp","href":"https:\/\/api.w.org\/{rel}","templated":true}]}}