{"id":91523,"date":"2024-11-25T23:45:56","date_gmt":"2024-11-26T03:45:56","guid":{"rendered":"https:\/\/lasprimeras.com.do\/?p=91523"},"modified":"2024-11-25T23:45:58","modified_gmt":"2024-11-26T03:45:58","slug":"danilo-medina-y-johnny-pujols-marcaron-la-pauta","status":"publish","type":"post","link":"https:\/\/lasprimeras.com.do\/index.php\/2024\/11\/25\/danilo-medina-y-johnny-pujols-marcaron-la-pauta\/","title":{"rendered":"Danilo Medina y Johnny Pujols marcaron la pauta"},"content":{"rendered":"\n<p>Por Joselito Feliz<\/p>\n\n\n\n<p>La clausura del X Congreso Reinaldo Pared P\u00e9rez no fue solo un evento interno del Partido de la Liberaci\u00f3n Dominicana (PLD); fue el escenario en el que Danilo Medina y Johnny Pujols trazaron la estrategia para devolverle el rumbo al pa\u00eds y conquistar el poder en 2028. Sus discursos no dejaron lugar a dudas: el PLD est\u00e1 decidido a reconstruirse y a reconectar con el pueblo.<\/p>\n\n\n\n<p>Johnny Pujols, en un tono en\u00e9rgico, dej\u00f3 claro que el PLD no aceptar\u00e1 faltas de respeto ni de adversarios ni de detractores.<\/p>\n\n\n\n<p>Con firmeza, proclam\u00f3 que el partido fundado por el Profesor Juan Bosch se enfrentar\u00e1 a quienes intenten minimizarlo. Pero su mensaje no fue solo para los externos; tambi\u00e9n envi\u00f3 un llamado a la militancia a asumir con dignidad, lealtad y compromiso el reto de refundar al partido, retomando las calles, los barrios y las causas sociales que siempre identificaron al PLD.<\/p>\n\n\n\n<p>Por su parte, Danilo Medina se enfoc\u00f3 en las fallas del actual gobierno del PRM, al que calific\u00f3 de ineficaz y desconectado de la realidad del pueblo.<\/p>\n\n\n\n<p>Denunci\u00f3 el deterioro en \u00e1reas clave como la salud, la educaci\u00f3n y la electricidad, recordando los avances logrados durante los gobiernos del PLD. Con una mezcla de autocr\u00edtica y visi\u00f3n de futuro.<\/p>\n\n\n\n<p>Medina enfatiz\u00f3 que el partido debe transformarse para ofrecer una alternativa real que devuelva la confianza y la esperanza al pueblo dominicano.<\/p>\n\n\n\n<p>El mensaje del presidente y secretario general del PLD es claro: el PLD no solo se reorganiza para ganar elecciones, sino para recuperar su identidad y liderar el pa\u00eds con una visi\u00f3n de desarrollo inclusivo, sostenible y transparente.<\/p>\n\n\n\n<p>En un contexto pol\u00edtico marcado por el desencanto ciudadano, el PLD busca renacer como un partido combativo y renovado.<\/p>\n\n\n\n<p>La historia del PLD ha demostrado que sabe enfrentar los desaf\u00edos y reinventarse. Hoy, con la gu\u00eda del presidente Danilo Medina y Johnny Pujols, los pelede\u00edstas tienen una hoja de ruta clara: trabajar unidos, reconectar con el pueblo y liderar el cambio que la Rep\u00fablica Dominicana necesita.<\/p>\n","protected":false},"excerpt":{"rendered":"<p>Por Joselito Feliz La clausura del X Congreso Reinaldo Pared P\u00e9rez no fue solo un evento interno del Partido de la Liberaci\u00f3n Dominicana (PLD); fue el escenario en el que&hellip;<\/p>\n","protected":false},"author":2,"featured_media":91524,"comment_status":"open","ping_status":"open","sticky":false,"template":"","format":"standard","meta":{"content-type":"","jetpack_post_was_ever_published":false,"_jetpack_newsletter_access":"","_jetpack_dont_email_post_to_subs":false,"_jetpack_newsletter_tier_id":0,"_jetpack_memberships_contains_paywalled_content":false,"_jetpack_memberships_contains_paid_content":false,"footnotes":""},"categories":[95],"tags":[16484],"class_list":["post-91523","post","type-post","status-publish","format-standard","has-post-thumbnail","hentry","category-opinion","tag-danilo-medina-y-johnny-pujols"],"jetpack_featured_media_url":"https:\/\/lasprimeras.com.do\/wp-content\/uploads\/2024\/11\/WhatsApp-Image-2024-11-25-at-12.13.18-PM.jpeg","jetpack-related-posts":[{"id":105311,"url":"https:\/\/lasprimeras.com.do\/index.php\/2025\/08\/01\/danilo-medina-y-johnny-pujols-encabezaran-asamblea-del-pld-en-la-vega-el-domingo\/","url_meta":{"origin":91523,"position":0},"title":"Danilo Medina y Johnny Pujols encabezar\u00e1n asamblea del PLD en La Vega el domingo","author":"Nelson Feliz","date":"1 de agosto de 2025","format":false,"excerpt":"El PLD en La Vega se prepara para la realizaci\u00f3n de la asamblea provincial programada para el pr\u00f3ximo domingo. El Partido de la Liberaci\u00f3n Dominicana (PLD) en La Vega afina los detalles para celebrar este domingo 3 de agosto la asamblea correspondiente a dicha provincia en la que participar\u00e1n miembros\u2026","rel":"","context":"En \u00abPOLITICA\u00bb","block_context":{"text":"POLITICA","link":"https:\/\/lasprimeras.com.do\/index.php\/category\/politica\/"},"img":{"alt_text":"Danilo Medina y Johnny Pujols","src":"https:\/\/i0.wp.com\/lasprimeras.com.do\/wp-content\/uploads\/2025\/08\/Danilo-Medina-y-Johnny-Pujols.jpg?resize=350%2C200&ssl=1","width":350,"height":200,"srcset":"https:\/\/i0.wp.com\/lasprimeras.com.do\/wp-content\/uploads\/2025\/08\/Danilo-Medina-y-Johnny-Pujols.jpg?resize=350%2C200&ssl=1 1x, https:\/\/i0.wp.com\/lasprimeras.com.do\/wp-content\/uploads\/2025\/08\/Danilo-Medina-y-Johnny-Pujols.jpg?resize=525%2C300&ssl=1 1.5x, https:\/\/i0.wp.com\/lasprimeras.com.do\/wp-content\/uploads\/2025\/08\/Danilo-Medina-y-Johnny-Pujols.jpg?resize=700%2C400&ssl=1 2x"},"classes":[]},{"id":102528,"url":"https:\/\/lasprimeras.com.do\/index.php\/2025\/07\/06\/danilo-medina-y-johnny-pujols-encabezan-asamblea-de-dirigentes-en-bahoruco-este-domingo\/","url_meta":{"origin":91523,"position":1},"title":"Danilo Medina y Johnny Pujols encabezan asamblea de dirigentes en Bahoruco este domingo","author":"Nelson Feliz","date":"6 de julio de 2025","format":false,"excerpt":"El presidente del Partido de la Liberaci\u00f3n Dominicana (PLD) Danilo Medina, y su secretario general Johnny Pujols, encabez\u00e1n este domingo la asamblea de dirigentes de esa organizaci\u00f3n en la provincia Bahoruco, dando continuidad a un programa de encuentros de esa naturaleza con los fines del fortalecimiento de la organizaci\u00f3n mediante\u2026","rel":"","context":"En \u00abPOLITICA\u00bb","block_context":{"text":"POLITICA","link":"https:\/\/lasprimeras.com.do\/index.php\/category\/politica\/"},"img":{"alt_text":"Danilo Medina y Johnny Pujols","src":"https:\/\/i0.wp.com\/lasprimeras.com.do\/wp-content\/uploads\/2025\/07\/Danilo-Medina-y-Johnny-Pujols.jpg?resize=350%2C200&ssl=1","width":350,"height":200,"srcset":"https:\/\/i0.wp.com\/lasprimeras.com.do\/wp-content\/uploads\/2025\/07\/Danilo-Medina-y-Johnny-Pujols.jpg?resize=350%2C200&ssl=1 1x, https:\/\/i0.wp.com\/lasprimeras.com.do\/wp-content\/uploads\/2025\/07\/Danilo-Medina-y-Johnny-Pujols.jpg?resize=525%2C300&ssl=1 1.5x, https:\/\/i0.wp.com\/lasprimeras.com.do\/wp-content\/uploads\/2025\/07\/Danilo-Medina-y-Johnny-Pujols.jpg?resize=700%2C400&ssl=1 2x"},"classes":[]},{"id":122155,"url":"https:\/\/lasprimeras.com.do\/index.php\/2026\/02\/14\/barahona-preparada-para-gran-asamblea-del-pld-alli\/","url_meta":{"origin":91523,"position":2},"title":"Barahona preparada para Gran Asamblea del PLD all\u00ed","author":"Nelson Feliz","date":"14 de febrero de 2026","format":false,"excerpt":"Danilo Medina y Johnny Pujols","rel":"","context":"En \u00abPOLITICA\u00bb","block_context":{"text":"POLITICA","link":"https:\/\/lasprimeras.com.do\/index.php\/category\/politica\/"},"img":{"alt_text":"Danilo Medina y Johnny Pujols","src":"https:\/\/i0.wp.com\/lasprimeras.com.do\/wp-content\/uploads\/2026\/02\/Danilo-Medina-y-Johnny-Pujols.jpg?resize=350%2C200&ssl=1","width":350,"height":200,"srcset":"https:\/\/i0.wp.com\/lasprimeras.com.do\/wp-content\/uploads\/2026\/02\/Danilo-Medina-y-Johnny-Pujols.jpg?resize=350%2C200&ssl=1 1x, https:\/\/i0.wp.com\/lasprimeras.com.do\/wp-content\/uploads\/2026\/02\/Danilo-Medina-y-Johnny-Pujols.jpg?resize=525%2C300&ssl=1 1.5x, https:\/\/i0.wp.com\/lasprimeras.com.do\/wp-content\/uploads\/2026\/02\/Danilo-Medina-y-Johnny-Pujols.jpg?resize=700%2C400&ssl=1 2x"},"classes":[]},{"id":106517,"url":"https:\/\/lasprimeras.com.do\/index.php\/2025\/08\/16\/danilo-medina-y-johnny-pujols-encabezan-este-domingo-la-asamblea-de-dirigentes-en-mao\/","url_meta":{"origin":91523,"position":3},"title":"Danilo Medina y Johnny Pujols encabezan este domingo la asamblea de dirigentes en Mao","author":"Nelson Feliz","date":"16 de agosto de 2025","format":false,"excerpt":"El ex presidente de la Republica y presidente del Partido de la Liberaci\u00f3n Dominicana (PLD) Danilo Medina y el secretario general del PLD, encabezaran este domingo la asamblea de dirigentes en Valverde de Ma oeste domingo. El escenario para el encuentro de miembros, dirigentes y militantes del PLD en la\u2026","rel":"","context":"En \u00abPOLITICA\u00bb","block_context":{"text":"POLITICA","link":"https:\/\/lasprimeras.com.do\/index.php\/category\/politica\/"},"img":{"alt_text":"","src":"https:\/\/i0.wp.com\/lasprimeras.com.do\/wp-content\/uploads\/2025\/08\/as-sj.jpg?resize=350%2C200&ssl=1","width":350,"height":200,"srcset":"https:\/\/i0.wp.com\/lasprimeras.com.do\/wp-content\/uploads\/2025\/08\/as-sj.jpg?resize=350%2C200&ssl=1 1x, https:\/\/i0.wp.com\/lasprimeras.com.do\/wp-content\/uploads\/2025\/08\/as-sj.jpg?resize=525%2C300&ssl=1 1.5x, https:\/\/i0.wp.com\/lasprimeras.com.do\/wp-content\/uploads\/2025\/08\/as-sj.jpg?resize=700%2C400&ssl=1 2x"},"classes":[]},{"id":115286,"url":"https:\/\/lasprimeras.com.do\/index.php\/2025\/11\/20\/danilo-medina-y-johnny-pujols-encabezaran-acto-del-pld-provincia-duarte\/","url_meta":{"origin":91523,"position":4},"title":"Danilo Medina y Johnny Pujols encabezar\u00e1n acto del PLD provincia Duarte","author":"Nelson Feliz","date":"20 de noviembre de 2025","format":false,"excerpt":"El PLD en la provincia Duarte se prepara para la realizaci\u00f3n de la asamblea de sus miembros y militantes el pr\u00f3ximo domingo. El Partido de la Liberaci\u00f3n Dominicana (PLD) confirm\u00f3 la celebraci\u00f3n de su pr\u00f3xima asamblea de miembros y militantes de la organizaci\u00f3n el domingo 23 de noviembre en San\u2026","rel":"","context":"En \u00abPOLITICA\u00bb","block_context":{"text":"POLITICA","link":"https:\/\/lasprimeras.com.do\/index.php\/category\/politica\/"},"img":{"alt_text":"","src":"","width":0,"height":0},"classes":[]},{"id":121039,"url":"https:\/\/lasprimeras.com.do\/index.php\/2026\/01\/30\/danilo-medina-y-johnny-pujols-encabezaran-asamblea-peledeista-en-sdn\/","url_meta":{"origin":91523,"position":5},"title":"Danilo Medina y Johnny Pujols encabezaran asamblea pelede\u00edsta en SDN","author":"Nelson Feliz","date":"30 de enero de 2026","format":false,"excerpt":"El ex presidente Danilo Medina, presidente del Partido de la Liberaci\u00f3n Dominicana (PLD), y Johnny Pujols, secretario general, estar\u00e1n encabezando la asamblea de miembros y militantes de la organizaci\u00f3n el pr\u00f3ximo domingo en el municipio Santo Domingo Norte. La direcci\u00f3n del Partido de la Liberaci\u00f3n Dominicana en la Circunscripci\u00f3n 6\u2026","rel":"","context":"En \u00abPOLITICA\u00bb","block_context":{"text":"POLITICA","link":"https:\/\/lasprimeras.com.do\/index.php\/category\/politica\/"},"img":{"alt_text":"","src":"https:\/\/i0.wp.com\/lasprimeras.com.do\/wp-content\/uploads\/2025\/10\/Danilo-Medina-y-Johnny-Pujols.jpeg?resize=350%2C200&ssl=1","width":350,"height":200,"srcset":"https:\/\/i0.wp.com\/lasprimeras.com.do\/wp-content\/uploads\/2025\/10\/Danilo-Medina-y-Johnny-Pujols.jpeg?resize=350%2C200&ssl=1 1x, https:\/\/i0.wp.com\/lasprimeras.com.do\/wp-content\/uploads\/2025\/10\/Danilo-Medina-y-Johnny-Pujols.jpeg?resize=525%2C300&ssl=1 1.5x, https:\/\/i0.wp.com\/lasprimeras.com.do\/wp-content\/uploads\/2025\/10\/Danilo-Medina-y-Johnny-Pujols.jpeg?resize=700%2C400&ssl=1 2x, https:\/\/i0.wp.com\/lasprimeras.com.do\/wp-content\/uploads\/2025\/10\/Danilo-Medina-y-Johnny-Pujols.jpeg?resize=1050%2C600&ssl=1 3x"},"classes":[]}],"jetpack_sharing_enabled":true,"_links":{"self":[{"href":"https:\/\/lasprimeras.com.do\/index.php\/wp-json\/wp\/v2\/posts\/91523","targetHints":{"allow":["GET"]}}],"collection":[{"href":"https:\/\/lasprimeras.com.do\/index.php\/wp-json\/wp\/v2\/posts"}],"about":[{"href":"https:\/\/lasprimeras.com.do\/index.php\/wp-json\/wp\/v2\/types\/post"}],"author":[{"embeddable":true,"href":"https:\/\/lasprimeras.com.do\/index.php\/wp-json\/wp\/v2\/users\/2"}],"replies":[{"embeddable":true,"href":"https:\/\/lasprimeras.com.do\/index.php\/wp-json\/wp\/v2\/comments?post=91523"}],"version-history":[{"count":1,"href":"https:\/\/lasprimeras.com.do\/index.php\/wp-json\/wp\/v2\/posts\/91523\/revisions"}],"predecessor-version":[{"id":91525,"href":"https:\/\/lasprimeras.com.do\/index.php\/wp-json\/wp\/v2\/posts\/91523\/revisions\/91525"}],"wp:featuredmedia":[{"embeddable":true,"href":"https:\/\/lasprimeras.com.do\/index.php\/wp-json\/wp\/v2\/media\/91524"}],"wp:attachment":[{"href":"https:\/\/lasprimeras.com.do\/index.php\/wp-json\/wp\/v2\/media?parent=91523"}],"wp:term":[{"taxonomy":"category","embeddable":true,"href":"https:\/\/lasprimeras.com.do\/index.php\/wp-json\/wp\/v2\/categories?post=91523"},{"taxonomy":"post_tag","embeddable":true,"href":"https:\/\/lasprimeras.com.do\/index.php\/wp-json\/wp\/v2\/tags?post=91523"}],"curies":[{"name":"wp","href":"https:\/\/api.w.org\/{rel}","templated":true}]}}