{"id":91531,"date":"2024-11-26T22:24:20","date_gmt":"2024-11-27T02:24:20","guid":{"rendered":"https:\/\/lasprimeras.com.do\/?p=91531"},"modified":"2024-11-26T22:24:21","modified_gmt":"2024-11-27T02:24:21","slug":"luis-el-gallo-llama-a-la-paz-y-buena-convivencia-respalda-a-donald-trump","status":"publish","type":"post","link":"https:\/\/lasprimeras.com.do\/index.php\/2024\/11\/26\/luis-el-gallo-llama-a-la-paz-y-buena-convivencia-respalda-a-donald-trump\/","title":{"rendered":"Luis \u201cEl Gallo\u201d llama a la paz y buena convivencia; respalda a Donald Trump"},"content":{"rendered":"\n<p>El presidente de la Uni\u00f3n Dem\u00f3crata Cristiana \u2013UDC-, Luis Acosta Moreta, Luis \u201cEl Gallo\u201d, planteo hoy la necesidad de que la paz y la buena convivencia se impongan en el mundo, y dio su respaldo a Donald Trump, presidente electo de los Estados Unidos.<\/p>\n\n\n\n<p>Destac\u00f3 que la pol\u00edtica exterior de los dem\u00f3cratas siempre ha constituido un peligro para la estabilidad dominicana, por lo que ahora habr\u00e1 un respiro, cuando Trump llegue a la presidencia en el mes de enero.<\/p>\n\n\n\n<p>Lament\u00f3 que a pesar de su pr\u00f3ximo retiro de la presidencia Joe Biden est\u00e1 poniendo al mundo al borde de una crisis sin precedentes, al intensificar la guerra de Ucrania.<\/p>\n\n\n\n<p>La utilizaci\u00f3n de armas de largo alcance por parte de los ucranianos, en misiles facilitados por los Estados Unidos, ampl\u00eda la guerra, y cierra posibilidades de di\u00e1logo.<\/p>\n\n\n\n<p>Trumph desde un principio se\u00f1al\u00f3 con claridad y objetividad que una de las primeras acciones de su gobierno ser\u00e1 terminar con la guerra de Ucrania y restablecer relaciones con Rusia.<\/p>\n\n\n\n<p>La paz y la buena convivencia entre las naciones, afirm\u00f3, es lo que debe prevalecer hoy, y no un ambiente de intranquilidad e imposiciones, que no conducen a ning\u00fan sitio.<\/p>\n\n\n\n<p>Por eso, es que desde su primer gobierno, la UDC ha dado su respaldo a Trumph, por considerar que puede llevar a cabo una buena administraci\u00f3n y ser un ente confiable en las relaciones dominico-norteamericanas.<\/p>\n\n\n\n<p>Trump en su gobierno jug\u00f3 con las carts limpias, no como el de Barack Obama o Biden que rehusaron designar un embajador en la Rep\u00fablica Dominicana y dieron la espalda a los reclamos nacionales de que se protegiera la frontera.<\/p>\n\n\n\n<p>Los dominicanos rechazan la pol\u00edtca migratoria de Biden, que favorece que indocumentados haitianos se establezcan en la Rep\u00fablica Dominicana, por considerar que eso le quita presi\u00f3n a Miami y otros estados norteamericanos, o a donde podr\u00edan dirigirse los haitianos.<\/p>\n\n\n\n<p>La hora es de levantar las fibras nacionales para rechazar una invasi\u00f3n de indocumentados violadores de nuestras leyes y nuestra constituci\u00f3n.<\/p>\n\n\n\n<p>Se\u00f1al\u00f3 que la pol\u00edtica de cero inmigrante ilegal de Donald Trump puede significar un respaldo a los dominicanos, que luchan contra la invasi\u00f3n pac\u00edfica de los haitianos, con miles de ilegales que llegan todos los meses al pa\u00eds.<\/p>\n","protected":false},"excerpt":{"rendered":"<p>El presidente de la Uni\u00f3n Dem\u00f3crata Cristiana \u2013UDC-, Luis Acosta Moreta, Luis \u201cEl Gallo\u201d, planteo hoy la necesidad de que la paz y la buena convivencia se impongan en el&hellip;<\/p>\n","protected":false},"author":2,"featured_media":85957,"comment_status":"open","ping_status":"open","sticky":false,"template":"","format":"standard","meta":{"content-type":"","jetpack_post_was_ever_published":false,"_jetpack_newsletter_access":"","_jetpack_dont_email_post_to_subs":false,"_jetpack_newsletter_tier_id":0,"_jetpack_memberships_contains_paywalled_content":false,"_jetpack_memberships_contains_paid_content":false,"footnotes":""},"categories":[25],"tags":[4752,978,561,778],"class_list":["post-91531","post","type-post","status-publish","format-standard","has-post-thumbnail","hentry","category-portada","tag-convivencia","tag-donald-trump","tag-luis-acosta-moreta","tag-paz"],"jetpack_featured_media_url":"https:\/\/lasprimeras.com.do\/wp-content\/uploads\/2024\/07\/Donald-Trump-2.jpg","jetpack-related-posts":[{"id":111776,"url":"https:\/\/lasprimeras.com.do\/index.php\/2025\/10\/13\/udc-considera-donald-trump-es-un-centinela-de-la-paz-y-guardian-de-la-democracia\/","url_meta":{"origin":91531,"position":0},"title":"UDC considera Donald Trump es un centinela de la paz y guardi\u00e1n de la democracia","author":"Nelson Feliz","date":"13 de octubre de 2025","format":false,"excerpt":"El presidente de la Uni\u00f3n Dem\u00f3crata Cristiana \u2013UDC-, Luis Acosta Moreta, Luis \u201cEl Gallo\u201d, consider\u00f3 hoy que el presidente norteamericano Donald Trump es un centinela de la paz y guardi\u00e1n de la democracia. Destac\u00f3 que Trump con su forma de gobierno ha hecho renacer el sue\u00f1o de los Estados Unidos,\u2026","rel":"","context":"En \u00abPOLITICA\u00bb","block_context":{"text":"POLITICA","link":"https:\/\/lasprimeras.com.do\/index.php\/category\/politica\/"},"img":{"alt_text":"Luis Acosta Moreta","src":"https:\/\/i0.wp.com\/lasprimeras.com.do\/wp-content\/uploads\/2025\/10\/Luis-Acosta-Moreta.jpg?resize=350%2C200&ssl=1","width":350,"height":200,"srcset":"https:\/\/i0.wp.com\/lasprimeras.com.do\/wp-content\/uploads\/2025\/10\/Luis-Acosta-Moreta.jpg?resize=350%2C200&ssl=1 1x, https:\/\/i0.wp.com\/lasprimeras.com.do\/wp-content\/uploads\/2025\/10\/Luis-Acosta-Moreta.jpg?resize=525%2C300&ssl=1 1.5x, https:\/\/i0.wp.com\/lasprimeras.com.do\/wp-content\/uploads\/2025\/10\/Luis-Acosta-Moreta.jpg?resize=700%2C400&ssl=1 2x"},"classes":[]},{"id":107104,"url":"https:\/\/lasprimeras.com.do\/index.php\/2025\/08\/22\/luis-el-gallo-reparte-libros-y-mascotas-proclama-el-ano-escolar-de-la-disciplina-y-los-valores-patrios\/","url_meta":{"origin":91531,"position":1},"title":"Luis \u201cEl Gallo\u201d reparte libros y mascotas; proclama el A\u00f1o Escolar de la Disciplina y los Valores Patrios","author":"Nelson Feliz","date":"22 de agosto de 2025","format":false,"excerpt":"El presidente de la Uni\u00f3n Dem\u00f3crata Cristiana (UDC), Luis Acosta Moreta, Luis \u201cEl Gallo\u201d, encabez\u00f3 jornadas de entrega de libros y \u00fatiles escolares a ni\u00f1os y ni\u00f1as de los barrios m\u00e1s pobres del Gran Santo Domingo, incluyendo Villas Agr\u00edcolas, San Carlos, El T\u00fanel de Capotillo, La 42, La Ci\u00e9naga, Cristo\u2026","rel":"","context":"En \u00abPOLITICA\u00bb","block_context":{"text":"POLITICA","link":"https:\/\/lasprimeras.com.do\/index.php\/category\/politica\/"},"img":{"alt_text":"","src":"https:\/\/i0.wp.com\/lasprimeras.com.do\/wp-content\/uploads\/2025\/08\/GALLO-1.jpg?resize=350%2C200&ssl=1","width":350,"height":200,"srcset":"https:\/\/i0.wp.com\/lasprimeras.com.do\/wp-content\/uploads\/2025\/08\/GALLO-1.jpg?resize=350%2C200&ssl=1 1x, https:\/\/i0.wp.com\/lasprimeras.com.do\/wp-content\/uploads\/2025\/08\/GALLO-1.jpg?resize=525%2C300&ssl=1 1.5x, https:\/\/i0.wp.com\/lasprimeras.com.do\/wp-content\/uploads\/2025\/08\/GALLO-1.jpg?resize=700%2C400&ssl=1 2x"},"classes":[]},{"id":113833,"url":"https:\/\/lasprimeras.com.do\/index.php\/2025\/11\/06\/es-deber-de-los-dominicanos-respetar-la-constitucion-y-buscar-soluciones-mediante-el-consenso-dice-udc\/","url_meta":{"origin":91531,"position":2},"title":"&#8220;Es deber de los dominicanos respetar la Constituci\u00f3n y buscar soluciones mediante el consenso&#8221;, dice UDC","author":"Nelson Feliz","date":"6 de noviembre de 2025","format":false,"excerpt":"El presidente de la Uni\u00f3n Dem\u00f3crata Cristiana -UDC-, Luis Acosta Moreta, Luis \u201cEl Gallo\u201d, consider\u00f3 hoy que es un deber de cada dominicano respetar la Constituci\u00f3n y velar por el mantenimiento de la democracia y la institucionalidad nacional. Afirm\u00f3 que la democracia actual que tienen los dominicanos ha costado sangre\u2026","rel":"","context":"En \u00abPOLITICA\u00bb","block_context":{"text":"POLITICA","link":"https:\/\/lasprimeras.com.do\/index.php\/category\/politica\/"},"img":{"alt_text":"D\u00eda de la Constituci\u00f3n","src":"https:\/\/i0.wp.com\/lasprimeras.com.do\/wp-content\/uploads\/2025\/11\/Dia-de-la-Constitucion.jpg?resize=350%2C200&ssl=1","width":350,"height":200,"srcset":"https:\/\/i0.wp.com\/lasprimeras.com.do\/wp-content\/uploads\/2025\/11\/Dia-de-la-Constitucion.jpg?resize=350%2C200&ssl=1 1x, https:\/\/i0.wp.com\/lasprimeras.com.do\/wp-content\/uploads\/2025\/11\/Dia-de-la-Constitucion.jpg?resize=525%2C300&ssl=1 1.5x"},"classes":[]},{"id":126950,"url":"https:\/\/lasprimeras.com.do\/index.php\/2026\/04\/07\/luis-el-gallo-respalda-propuesta-presidente-abinader-de-un-gran-acuerdo-nacional\/","url_meta":{"origin":91531,"position":3},"title":"Luis \u201cEl Gallo\u201d respalda propuesta presidente Abinader de un gran acuerdo nacional","author":"Nelson Feliz","date":"7 de abril de 2026","format":false,"excerpt":"El l\u00edder de la Uni\u00f3n Dem\u00f3crata Cristiana \u2013UDC-, Luis Acosta Moreta, Luis \u201cEl Gallo\u201d, apoy\u00f3 hoy la propuesta del presidente Luis Abinader de propiciar un gran acuerdo nacional para prevenir una crisis econ\u00f3mica, impulsada por problemas internacionales. Felicit\u00f3 y se adhiri\u00f3 a la propuesta del presidente Abinader, e hizo un\u2026","rel":"","context":"En \u00abPOLITICA\u00bb","block_context":{"text":"POLITICA","link":"https:\/\/lasprimeras.com.do\/index.php\/category\/politica\/"},"img":{"alt_text":"Luis Acosta Moreta","src":"https:\/\/i0.wp.com\/lasprimeras.com.do\/wp-content\/uploads\/2025\/07\/Luis-Acosta-Moreta.png?resize=350%2C200&ssl=1","width":350,"height":200},"classes":[]},{"id":111454,"url":"https:\/\/lasprimeras.com.do\/index.php\/2025\/10\/09\/luis-el-gallo-saluda-aprobacion-designacion-embajadora-leah-campos\/","url_meta":{"origin":91531,"position":4},"title":"Luis \u201cEl Gallo\u201d saluda aprobaci\u00f3n designaci\u00f3n embajadora Leah Campos","author":"Nelson Feliz","date":"9 de octubre de 2025","format":false,"excerpt":"El presidente de la Uni\u00f3n Dem\u00f3crata Cristiana .UDC., Luis Acosta Moreta, Luis \u201cEl Gallo\u201d, consider\u00f3 hoy positivo que el Senado de los Estados Unidos aprobara la designaci\u00f3n de la nueva embajadora norteamericana en el pa\u00eds, Leah Campos. Afirmo que poco despu\u00e9s de estar unos cuatro a\u00f1os sin un embajador norteamericano,\u2026","rel":"","context":"En \u00abPOLITICA\u00bb","block_context":{"text":"POLITICA","link":"https:\/\/lasprimeras.com.do\/index.php\/category\/politica\/"},"img":{"alt_text":"Leah Campos","src":"https:\/\/i0.wp.com\/lasprimeras.com.do\/wp-content\/uploads\/2025\/10\/Leah-Campos-1.jpg?resize=350%2C200&ssl=1","width":350,"height":200,"srcset":"https:\/\/i0.wp.com\/lasprimeras.com.do\/wp-content\/uploads\/2025\/10\/Leah-Campos-1.jpg?resize=350%2C200&ssl=1 1x, https:\/\/i0.wp.com\/lasprimeras.com.do\/wp-content\/uploads\/2025\/10\/Leah-Campos-1.jpg?resize=525%2C300&ssl=1 1.5x, https:\/\/i0.wp.com\/lasprimeras.com.do\/wp-content\/uploads\/2025\/10\/Leah-Campos-1.jpg?resize=700%2C400&ssl=1 2x"},"classes":[]},{"id":110091,"url":"https:\/\/lasprimeras.com.do\/index.php\/2025\/09\/25\/udc-respalda-a-presidente-abinader-al-pedir-comunidad-internacional-acuda-en-auxilio-de-haiti\/","url_meta":{"origin":91531,"position":5},"title":"UDC respalda a presidente Abinader, al pedir comunidad internacional acuda en auxilio de Hait\u00ed","author":"Nelson Feliz","date":"25 de septiembre de 2025","format":false,"excerpt":"El presidente de la Uni\u00f3n Dem\u00f3crata Cristiana \u2013UDC-, Luis Acosta Moreta, Luis \u201cEl Gallo\u201d salud\u00f3 y apoy\u00f3 hoy los pronunciamientos hechos por el presidente Luis Abinader de que una fuerza multinacional es la que debe buscar la paz y la soluci\u00f3n de los problemas haitianos. Tambi\u00e9n se\u00f1al\u00f3 como trascendente la\u2026","rel":"","context":"En \u00abPOLITICA\u00bb","block_context":{"text":"POLITICA","link":"https:\/\/lasprimeras.com.do\/index.php\/category\/politica\/"},"img":{"alt_text":"","src":"https:\/\/i0.wp.com\/lasprimeras.com.do\/wp-content\/uploads\/2025\/09\/Luis-Abinader-3-1.jpg?resize=350%2C200&ssl=1","width":350,"height":200,"srcset":"https:\/\/i0.wp.com\/lasprimeras.com.do\/wp-content\/uploads\/2025\/09\/Luis-Abinader-3-1.jpg?resize=350%2C200&ssl=1 1x, https:\/\/i0.wp.com\/lasprimeras.com.do\/wp-content\/uploads\/2025\/09\/Luis-Abinader-3-1.jpg?resize=525%2C300&ssl=1 1.5x, https:\/\/i0.wp.com\/lasprimeras.com.do\/wp-content\/uploads\/2025\/09\/Luis-Abinader-3-1.jpg?resize=700%2C400&ssl=1 2x"},"classes":[]}],"jetpack_sharing_enabled":true,"_links":{"self":[{"href":"https:\/\/lasprimeras.com.do\/index.php\/wp-json\/wp\/v2\/posts\/91531","targetHints":{"allow":["GET"]}}],"collection":[{"href":"https:\/\/lasprimeras.com.do\/index.php\/wp-json\/wp\/v2\/posts"}],"about":[{"href":"https:\/\/lasprimeras.com.do\/index.php\/wp-json\/wp\/v2\/types\/post"}],"author":[{"embeddable":true,"href":"https:\/\/lasprimeras.com.do\/index.php\/wp-json\/wp\/v2\/users\/2"}],"replies":[{"embeddable":true,"href":"https:\/\/lasprimeras.com.do\/index.php\/wp-json\/wp\/v2\/comments?post=91531"}],"version-history":[{"count":1,"href":"https:\/\/lasprimeras.com.do\/index.php\/wp-json\/wp\/v2\/posts\/91531\/revisions"}],"predecessor-version":[{"id":91532,"href":"https:\/\/lasprimeras.com.do\/index.php\/wp-json\/wp\/v2\/posts\/91531\/revisions\/91532"}],"wp:featuredmedia":[{"embeddable":true,"href":"https:\/\/lasprimeras.com.do\/index.php\/wp-json\/wp\/v2\/media\/85957"}],"wp:attachment":[{"href":"https:\/\/lasprimeras.com.do\/index.php\/wp-json\/wp\/v2\/media?parent=91531"}],"wp:term":[{"taxonomy":"category","embeddable":true,"href":"https:\/\/lasprimeras.com.do\/index.php\/wp-json\/wp\/v2\/categories?post=91531"},{"taxonomy":"post_tag","embeddable":true,"href":"https:\/\/lasprimeras.com.do\/index.php\/wp-json\/wp\/v2\/tags?post=91531"}],"curies":[{"name":"wp","href":"https:\/\/api.w.org\/{rel}","templated":true}]}}