{"id":91539,"date":"2024-11-26T22:53:59","date_gmt":"2024-11-27T02:53:59","guid":{"rendered":"https:\/\/lasprimeras.com.do\/?p=91539"},"modified":"2024-11-26T22:54:01","modified_gmt":"2024-11-27T02:54:01","slug":"igor-rodriguez-arajet-abrira-nuevo-hub-en-punta-cana","status":"publish","type":"post","link":"https:\/\/lasprimeras.com.do\/index.php\/2024\/11\/26\/igor-rodriguez-arajet-abrira-nuevo-hub-en-punta-cana\/","title":{"rendered":"Igor Rodr\u00edguez: Arajet abrir\u00e1 nuevo hub en Punta Cana"},"content":{"rendered":"\n<p>El director general del Instituto Dominicano de Aviaci\u00f3n Civil (IDAC), Igor Rodr\u00edguez, destac\u00f3 la inauguraci\u00f3n del nuevo hub de Arajet en el Aeropuerto Internacional de Punta Cana, como un paso clave para reforzar la conectividad a\u00e9rea de la Rep\u00fablica Dominicana con Am\u00e9rica Latina y el resto del mundo.<\/p>\n\n\n\n<p>Rodr\u00edguez, dijo que la base operativa de la aerol\u00ednea abrir\u00e1 nuevas oportunidades para los viajeros internacionales y contribuir\u00e1 al desarrollo econ\u00f3mico de la regi\u00f3n.<\/p>\n\n\n\n<p>El funcionario resalt\u00f3 los esfuerzos realizados por los ejecutivos de Arajet para hacer posible la apertura de este hub, unido a las dem\u00e1s instituciones para apoyar el crecimiento de nuestras empresas.<\/p>\n\n\n\n<p>&#8220;Deseo lo mejor para Arajet con este nuevo destino y quiero manifestarles que cuentan con el apoyo del Gobierno dominicano y del IDAC para garantizar la seguridad operacional&#8221;, se\u00f1al\u00f3.<\/p>\n\n\n\n<p>Asimismo, agradeci\u00f3 al Grupo Punta Cana en la persona de Frank Rainieri por la disponibilidad mostrada para continuar desarrollando la aviaci\u00f3n civil, y juntos llevarla a un siguiente nivel.<\/p>\n\n\n\n<p>El CEO de la l\u00ednea a\u00e9rea Arajet, V\u00edctor Pacheco revel\u00f3 que Arajet est\u00e1 operando actualmente con 10 aeronaves y destac\u00f3 que la aerol\u00ednea alcanz\u00f3 un hito importante al superar el mill\u00f3n de pasajeros en lo que va de a\u00f1o.<\/p>\n\n\n\n<p>&#8220;Nuestro objetivo es seguir creciendo, con una proyecci\u00f3n de operar entre 13 y 15 aviones para el a\u00f1o 2025, con lo que esperamos movilizar alrededor de 1.5 millones de pasajeros anuales&#8221;, asegur\u00f3 Pacheco.<\/p>\n\n\n\n<p>El fundador de Arajet tambi\u00e9n destac\u00f3 la importancia de trabajar en conjunto con las aerol\u00edneas internacionales y el Grupo Punta cana para crear acuerdos de interl\u00ednea y consolidar el Aeropuerto de Punta Cana como un &#8220;multi-destino&#8221;, agreg\u00f3.<\/p>\n","protected":false},"excerpt":{"rendered":"<p>El director general del Instituto Dominicano de Aviaci\u00f3n Civil (IDAC), Igor Rodr\u00edguez, destac\u00f3 la inauguraci\u00f3n del nuevo hub de Arajet en el Aeropuerto Internacional de Punta Cana, como un paso&hellip;<\/p>\n","protected":false},"author":2,"featured_media":91540,"comment_status":"open","ping_status":"open","sticky":false,"template":"","format":"standard","meta":{"content-type":"","jetpack_post_was_ever_published":false,"_jetpack_newsletter_access":"","_jetpack_dont_email_post_to_subs":false,"_jetpack_newsletter_tier_id":0,"_jetpack_memberships_contains_paywalled_content":false,"_jetpack_memberships_contains_paid_content":false,"footnotes":""},"categories":[35],"tags":[2569,4814,12799,971,1308],"class_list":["post-91539","post","type-post","status-publish","format-standard","has-post-thumbnail","hentry","category-nacionales","tag-arajet","tag-base","tag-igor-rodriguez","tag-instalacion-2","tag-punta-cana"],"jetpack_featured_media_url":"https:\/\/lasprimeras.com.do\/wp-content\/uploads\/2024\/11\/Arajet-en-Punta-Cana-1.jpg","jetpack-related-posts":[{"id":68883,"url":"https:\/\/lasprimeras.com.do\/index.php\/2023\/11\/28\/arajet-gana-como-la-mejor-nueva-aerolinea-del-mundo-en-la-cumbre-mundial-de-aviacion\/","url_meta":{"origin":91539,"position":0},"title":"Arajet gana como la mejor nueva aerol\u00ednea del mundo en la cumbre mundial de aviaci\u00f3n","author":"BIMARY DE JES\u00daS Matos","date":"28 de noviembre de 2023","format":false,"excerpt":"Abu Dhabi, Emiratos \u00c1rabes Unidos. \u2013 Arajet, la l\u00ednea a\u00e9rea de precios bajos del Caribe, fue reconocida como la mejor nueva aerol\u00ednea del mundo en los premios CAPA que se entregaron este martes en esta ciudad, en la Cumbre Mundial de Aviaci\u00f3n, y en la que tambi\u00e9n se premiaron otras\u2026","rel":"","context":"En \u00abPORTADA\u00bb","block_context":{"text":"PORTADA","link":"https:\/\/lasprimeras.com.do\/index.php\/category\/portada\/"},"img":{"alt_text":"","src":"https:\/\/i0.wp.com\/lasprimeras.com.do\/wp-content\/uploads\/2023\/11\/WhatsApp-Image-2023-11-28-at-2.37.56-PM.jpeg?resize=350%2C200&ssl=1","width":350,"height":200,"srcset":"https:\/\/i0.wp.com\/lasprimeras.com.do\/wp-content\/uploads\/2023\/11\/WhatsApp-Image-2023-11-28-at-2.37.56-PM.jpeg?resize=350%2C200&ssl=1 1x, https:\/\/i0.wp.com\/lasprimeras.com.do\/wp-content\/uploads\/2023\/11\/WhatsApp-Image-2023-11-28-at-2.37.56-PM.jpeg?resize=525%2C300&ssl=1 1.5x"},"classes":[]},{"id":67635,"url":"https:\/\/lasprimeras.com.do\/index.php\/2023\/11\/17\/arajet-inaugura-ruta-entre-sd-y-buenos-aires\/","url_meta":{"origin":91539,"position":1},"title":"Arajet inaugura ruta entre SD y Buenos Aires","author":"BIMARY DE JES\u00daS Matos","date":"17 de noviembre de 2023","format":false,"excerpt":"Santo Domingo.-La l\u00ednea a\u00e9rea Arajet inform\u00f3 ayer que inici\u00f3 oficialmente su nueva ruta con un vuelo directo entre la ciudad de Buenos Aires, en Argentina, y Santo Domingo, en Rep\u00fablica Dominicana. Arajet dijo que concluye el a\u00f1o con broche de oro inaugurando esta ruta tan esperada, que se convierte en\u2026","rel":"","context":"En \u00abPORTADA\u00bb","block_context":{"text":"PORTADA","link":"https:\/\/lasprimeras.com.do\/index.php\/category\/portada\/"},"img":{"alt_text":"","src":"https:\/\/i0.wp.com\/lasprimeras.com.do\/wp-content\/uploads\/2023\/11\/valentin-26.jpg?resize=350%2C200&ssl=1","width":350,"height":200,"srcset":"https:\/\/i0.wp.com\/lasprimeras.com.do\/wp-content\/uploads\/2023\/11\/valentin-26.jpg?resize=350%2C200&ssl=1 1x, https:\/\/i0.wp.com\/lasprimeras.com.do\/wp-content\/uploads\/2023\/11\/valentin-26.jpg?resize=525%2C300&ssl=1 1.5x"},"classes":[]},{"id":101324,"url":"https:\/\/lasprimeras.com.do\/index.php\/2025\/06\/18\/consul-de-rd-en-ny-con-arajet-los-dominicanos-seran-tratados-con-dignidad-respeto\/","url_meta":{"origin":91539,"position":2},"title":"C\u00f3nsul de RD en NY: \u201cCon Arajet los dominicanos ser\u00e1n tratados con dignidad, respeto\u201d","author":"Nelson Feliz","date":"18 de junio de 2025","format":false,"excerpt":"El c\u00f3nsul general de la Rep\u00fablica Dominicana en Nueva York, Jes\u00fas V\u00e1squez Mart\u00ednez (Chu), valor\u00f3 como un paso trascendental el inicio de los vuelos de la aerol\u00ednea dominicana Arajet hacia esta ciudad, destacando el impacto que tendr\u00e1 en la comunidad criolla residente en los Estados Unidos. \u201cCon Arajet, los dominicanos\u2026","rel":"","context":"En \u00abNACIONALES\u00bb","block_context":{"text":"NACIONALES","link":"https:\/\/lasprimeras.com.do\/index.php\/category\/nacionales\/"},"img":{"alt_text":"","src":"https:\/\/i0.wp.com\/lasprimeras.com.do\/wp-content\/uploads\/2025\/06\/chu.jpg?resize=350%2C200&ssl=1","width":350,"height":200,"srcset":"https:\/\/i0.wp.com\/lasprimeras.com.do\/wp-content\/uploads\/2025\/06\/chu.jpg?resize=350%2C200&ssl=1 1x, https:\/\/i0.wp.com\/lasprimeras.com.do\/wp-content\/uploads\/2025\/06\/chu.jpg?resize=525%2C300&ssl=1 1.5x, https:\/\/i0.wp.com\/lasprimeras.com.do\/wp-content\/uploads\/2025\/06\/chu.jpg?resize=700%2C400&ssl=1 2x"},"classes":[]},{"id":116912,"url":"https:\/\/lasprimeras.com.do\/index.php\/2025\/12\/05\/arajet-fija-tope-de-us1000-para-pasajes-de-ida-y-vuelta-entre-rd-y-newark-este-diciembre\/","url_meta":{"origin":91539,"position":3},"title":"Arajet fija tope de US$1,000 para pasajes de ida y vuelta entre RD y Newark este diciembre","author":"Nelson Feliz","date":"5 de diciembre de 2025","format":false,"excerpt":"Las negociaciones avanzan para que Arajet vuele hacia el principal aeropuerto de Nueva York, el JFK Nueva York - La aerol\u00ednea dominicana Arajet anunci\u00f3 que, durante todo el mes de diciembre, los boletos a\u00e9reos en la ruta Newark\u2013Rep\u00fablica Dominicana no superar\u00e1n los 1,000 d\u00f3lares ida y vuelta. La empresa present\u00f3\u2026","rel":"","context":"En \u00abECONOM\u00cdA\u00bb","block_context":{"text":"ECONOM\u00cdA","link":"https:\/\/lasprimeras.com.do\/index.php\/category\/economia\/"},"img":{"alt_text":"","src":"https:\/\/i0.wp.com\/lasprimeras.com.do\/wp-content\/uploads\/2025\/12\/ARAJET.jpg?resize=350%2C200&ssl=1","width":350,"height":200},"classes":[]},{"id":121053,"url":"https:\/\/lasprimeras.com.do\/index.php\/2026\/01\/30\/banreservas-y-arajet-se-unen-para-facilitar-vuelos-y-experiencia-de-viaje\/","url_meta":{"origin":91539,"position":4},"title":"Banreservas y Arajet se unen para facilitar vuelos y experiencia de viaje","author":"Nelson Feliz","date":"30 de enero de 2026","format":false,"excerpt":"Santo Domingo, RD. \u2013 Banreservas y la aerol\u00ednea bandera dominicana Arajet anunciaron una promoci\u00f3n conjunta dirigida a los tarjetahabientes de la entidad financiera, que permitir\u00e1 viajar a la extensa red de destinos que ofrece la l\u00ednea a\u00e9rea, con condiciones preferenciales durante los primeros meses de 2026. La iniciativa busca permitir\u2026","rel":"","context":"En \u00abECONOM\u00cdA\u00bb","block_context":{"text":"ECONOM\u00cdA","link":"https:\/\/lasprimeras.com.do\/index.php\/category\/economia\/"},"img":{"alt_text":"","src":"https:\/\/i0.wp.com\/lasprimeras.com.do\/wp-content\/uploads\/2026\/01\/IMG-20251202-WA0594.jpg?resize=350%2C200&ssl=1","width":350,"height":200,"srcset":"https:\/\/i0.wp.com\/lasprimeras.com.do\/wp-content\/uploads\/2026\/01\/IMG-20251202-WA0594.jpg?resize=350%2C200&ssl=1 1x, https:\/\/i0.wp.com\/lasprimeras.com.do\/wp-content\/uploads\/2026\/01\/IMG-20251202-WA0594.jpg?resize=525%2C300&ssl=1 1.5x, https:\/\/i0.wp.com\/lasprimeras.com.do\/wp-content\/uploads\/2026\/01\/IMG-20251202-WA0594.jpg?resize=700%2C400&ssl=1 2x, https:\/\/i0.wp.com\/lasprimeras.com.do\/wp-content\/uploads\/2026\/01\/IMG-20251202-WA0594.jpg?resize=1050%2C600&ssl=1 3x"},"classes":[]},{"id":100327,"url":"https:\/\/lasprimeras.com.do\/index.php\/2025\/06\/05\/arajet-iniciara-el-16-de-junio-vuelos-directos-desde-santo-domingo-hacia-nueva-york\/","url_meta":{"origin":91539,"position":5},"title":"Arajet iniciar\u00e1 el 16 de junio vuelos directos desde Santo Domingo hacia Nueva York","author":"Nelson Feliz","date":"5 de junio de 2025","format":false,"excerpt":"Anuncia en Puerto Rico que la ruta Santo Domingo-Nueva York inicia el lunes 16 de junio. El fundador y CEO de Arajet, V\u00edctor Pacheco M\u00e9ndez, anunci\u00f3 este mi\u00e9rcoles que la aerol\u00ednea dominicana de bajo costo iniciar\u00e1 vuelos directos desde Santo Domingo hacia Nueva York a partir del pr\u00f3ximo 16 de\u2026","rel":"","context":"En \u00abPORTADA\u00bb","block_context":{"text":"PORTADA","link":"https:\/\/lasprimeras.com.do\/index.php\/category\/portada\/"},"img":{"alt_text":"V\u00edctor Pacheco M\u00e9ndez","src":"https:\/\/i0.wp.com\/lasprimeras.com.do\/wp-content\/uploads\/2025\/06\/Victor-Pacheco-Mendez.jpg?resize=350%2C200&ssl=1","width":350,"height":200,"srcset":"https:\/\/i0.wp.com\/lasprimeras.com.do\/wp-content\/uploads\/2025\/06\/Victor-Pacheco-Mendez.jpg?resize=350%2C200&ssl=1 1x, https:\/\/i0.wp.com\/lasprimeras.com.do\/wp-content\/uploads\/2025\/06\/Victor-Pacheco-Mendez.jpg?resize=525%2C300&ssl=1 1.5x, https:\/\/i0.wp.com\/lasprimeras.com.do\/wp-content\/uploads\/2025\/06\/Victor-Pacheco-Mendez.jpg?resize=700%2C400&ssl=1 2x"},"classes":[]}],"jetpack_sharing_enabled":true,"_links":{"self":[{"href":"https:\/\/lasprimeras.com.do\/index.php\/wp-json\/wp\/v2\/posts\/91539","targetHints":{"allow":["GET"]}}],"collection":[{"href":"https:\/\/lasprimeras.com.do\/index.php\/wp-json\/wp\/v2\/posts"}],"about":[{"href":"https:\/\/lasprimeras.com.do\/index.php\/wp-json\/wp\/v2\/types\/post"}],"author":[{"embeddable":true,"href":"https:\/\/lasprimeras.com.do\/index.php\/wp-json\/wp\/v2\/users\/2"}],"replies":[{"embeddable":true,"href":"https:\/\/lasprimeras.com.do\/index.php\/wp-json\/wp\/v2\/comments?post=91539"}],"version-history":[{"count":1,"href":"https:\/\/lasprimeras.com.do\/index.php\/wp-json\/wp\/v2\/posts\/91539\/revisions"}],"predecessor-version":[{"id":91541,"href":"https:\/\/lasprimeras.com.do\/index.php\/wp-json\/wp\/v2\/posts\/91539\/revisions\/91541"}],"wp:featuredmedia":[{"embeddable":true,"href":"https:\/\/lasprimeras.com.do\/index.php\/wp-json\/wp\/v2\/media\/91540"}],"wp:attachment":[{"href":"https:\/\/lasprimeras.com.do\/index.php\/wp-json\/wp\/v2\/media?parent=91539"}],"wp:term":[{"taxonomy":"category","embeddable":true,"href":"https:\/\/lasprimeras.com.do\/index.php\/wp-json\/wp\/v2\/categories?post=91539"},{"taxonomy":"post_tag","embeddable":true,"href":"https:\/\/lasprimeras.com.do\/index.php\/wp-json\/wp\/v2\/tags?post=91539"}],"curies":[{"name":"wp","href":"https:\/\/api.w.org\/{rel}","templated":true}]}}