{"id":91542,"date":"2024-11-26T23:04:47","date_gmt":"2024-11-27T03:04:47","guid":{"rendered":"https:\/\/lasprimeras.com.do\/?p=91542"},"modified":"2024-11-26T23:04:47","modified_gmt":"2024-11-27T03:04:47","slug":"consejo-de-ministros-prioriza-metas-del-gobierno-para-el-proximo-cuatrienio-2024-2028","status":"publish","type":"post","link":"https:\/\/lasprimeras.com.do\/index.php\/2024\/11\/26\/consejo-de-ministros-prioriza-metas-del-gobierno-para-el-proximo-cuatrienio-2024-2028\/","title":{"rendered":"Consejo de Ministros prioriza metas del Gobierno para el pr\u00f3ximo cuatrienio 2024-2028"},"content":{"rendered":"\n<p>El presidente Luis Abinader encabez\u00f3 este martes la cuadrag\u00e9sima sexta reuni\u00f3n del Consejo de Ministros, la cual tuvo como objetivo principal priorizar dentro del Plan de Gobierno diez grandes metas de cara al 2028 y su mecanismo de monitoreo y seguimiento.&nbsp;<\/p>\n\n\n\n<p>Las informaciones fueron dadas a conocer por el ministro de la Presidencia, Jos\u00e9 Ignacio Paliza; la directora general de \u00c9tica e Integridad Gubernamental y el viceministro de Seguimiento y Coordinaci\u00f3n Gubernamental, tras finalizar el encuentro en el Palacio Presidencial.<\/p>\n\n\n\n<p>\u201cEste Consejo marc\u00f3 el inicio de un nuevo sistema de seguimiento y monitoreo de las principales apuestas que el Gobierno realiza para lograr el pa\u00eds que queremos&#8221;, asegur\u00f3 el ministro.<\/p>\n\n\n\n<p><strong>Entre las metas priorizadas por el Gobierno para el 2028 se encuentran:<\/strong><\/p>\n\n\n\n<p>Mantener un sistema de salud que eleve la edad promedio de la poblaci\u00f3n a 77 a\u00f1os; una pol\u00edtica integral de seguridad ciudadana que mantenga la tasa de homicidios en un d\u00edgito por cada 100 mil habitantes y disminuir el d\u00e9ficit de vivienda.<\/p>\n\n\n\n<p>Asimismo, consolidar la clase media del pa\u00eds, aumentando del 40.3% actual al 50% de la poblaci\u00f3n, llevar la tasa de pobreza general a 15%, tambi\u00e9n alcanzar un PIB per c\u00e1pita de 15,000 d\u00f3lares al 2028, como parte del proyecto Meta RD 2036 y mantener el crecimiento de las exportaciones anuales, as\u00ed como la Inversi\u00f3n Extranjera Directa.<\/p>\n\n\n\n<p>Del mismo modo, alcanzar los 14 millones de turistas, aumentar del 44% al 50% la tasa de empleo formal y mantener por debajo del 5% la tasa de desempleo y convertir a la escuela como el centro de desarrollo de las comunidades y duplicar los graduados universitarios de las carreras STEM.<\/p>\n\n\n\n<p>Adem\u00e1s, implementar una pol\u00edtica de inversi\u00f3n intensiva de agua para mejorar el suministro y la constancia del recurso en los hogares, declarar a Rep\u00fablica Dominicana libre de hambre y erradicar los pisos de tierra en los hogares, eliminando as\u00ed la pobreza extrema en el pa\u00eds.<\/p>\n\n\n\n<p>Por \u00faltimo, se estableci\u00f3 disminuir la tasa de muertes por accidentes de tr\u00e1nsito a menos de 20 por cada 100 mil habitantes. Actualmente la tasa es de 27 por cada 100 mil.<\/p>\n\n\n\n<p>Para garantizar el logro de estos esfuerzos, el Gobierno contar\u00e1 con un sistema de articulaci\u00f3n de los gabinetes presidenciales ya creados.<\/p>\n\n\n\n<p>De igual forma, para asegurar que las pol\u00edticas se entreguen seg\u00fan lo planificado implementaremos la metodolog\u00eda de seguimiento de Unidades de Cumplimiento, o \u201cDelivery Units\u201d, un esquema implementado con \u00e9xito en Reino Unido, que garantizar\u00e1 reportes, acompa\u00f1amiento y decisiones r\u00e1pidas sobre las prioridades.<\/p>\n\n\n\n<p>\u201cAdem\u00e1s, enfocados en una entrega real de resultados a la gente, a partir de ahora trabajaremos en las demandas que surgen del Registro \u00danico de Demandas Territoriales (RUDCT), que contiene las necesidades m\u00e1s sentidas de cada territorio\u201d, afirm\u00f3 el ministro.<\/p>\n\n\n\n<p>Entre otras informaciones dadas a conocer, est\u00e1n la unificaci\u00f3n de los sistemas de monitoreo y evaluaci\u00f3n en la nueva Evaluaci\u00f3n de Desempe\u00f1o Institucional, la cual mide la calidad de la gesti\u00f3n de acuerdo a la satisfacci\u00f3n y el impacto directo en los ciudadanos; y la ampliaci\u00f3n de la oferta de Sistemas de Monitoreo de la Administraci\u00f3n P\u00fablica (SISMAP) a los servicios de salud, educaci\u00f3n y seguridad, en aras de asegurar la calidad de los servicios p\u00fablicos.<\/p>\n\n\n\n<p>Paliza, en calidad de secretario t\u00e9cnico del Consejo de Ministros, afirm\u00f3 que \u201ccon estas medidas se confirma el esfuerzo que ya viene haciendo el Gobierno del presidente Luis Abinader para invertir e impactar de manera positiva la calidad de vida de la gente\u201d.<\/p>\n\n\n\n<p><strong>Alianza con Organizaci\u00f3n para la Cooperaci\u00f3n y el Desarrollo Econ\u00f3mico<\/strong><\/p>\n\n\n\n<p>La colaboraci\u00f3n entre la OCDE y la Rep\u00fablica Dominicana tiene como objetivo fundamental fortalecer las instituciones del Estado, garantizar la transparencia y mejorar la gobernabilidad.<\/p>\n\n\n\n<p>En particular, se est\u00e1 trabajando junto a la Direcci\u00f3n General de \u00c9tica e Integridad Gubernamental en el desarrollo de una Estrategia Nacional de Integridad y Anticorrupci\u00f3n que se base en las mejores pr\u00e1cticas internacionales.<\/p>\n","protected":false},"excerpt":{"rendered":"<p>El presidente Luis Abinader encabez\u00f3 este martes la cuadrag\u00e9sima sexta reuni\u00f3n del Consejo de Ministros, la cual tuvo como objetivo principal priorizar dentro del Plan de Gobierno diez grandes metas&hellip;<\/p>\n","protected":false},"author":2,"featured_media":91543,"comment_status":"open","ping_status":"open","sticky":false,"template":"","format":"standard","meta":{"content-type":"","jetpack_post_was_ever_published":false,"_jetpack_newsletter_access":"","_jetpack_dont_email_post_to_subs":false,"_jetpack_newsletter_tier_id":0,"_jetpack_memberships_contains_paywalled_content":false,"_jetpack_memberships_contains_paid_content":false,"footnotes":""},"categories":[39,25],"tags":[16487,5517,16488,171,7714,7065,665],"class_list":["post-91542","post","type-post","status-publish","format-standard","has-post-thumbnail","hentry","category-economia","category-portada","tag-2024-2028","tag-consejo-de-ministros","tag-cuatrienio","tag-gobierno","tag-mecanismo","tag-metas","tag-seguimiento"],"jetpack_featured_media_url":"https:\/\/lasprimeras.com.do\/wp-content\/uploads\/2024\/11\/Consejo-de-Ministros.jpg","jetpack-related-posts":[{"id":119363,"url":"https:\/\/lasprimeras.com.do\/index.php\/2026\/01\/11\/gobierno-prioriza-metas-estrategicas-para-2026-en-consejo-de-ministros-extendido\/","url_meta":{"origin":91542,"position":0},"title":"Gobierno prioriza metas estrat\u00e9gicas para 2026 en Consejo de Ministros extendido","author":"Nelson Feliz","date":"11 de enero de 2026","format":false,"excerpt":"La jornada permiti\u00f3 articular planificaci\u00f3n, presupuesto y mecanismos de seguimiento enfocados en resultados La sesi\u00f3n cont\u00f3 con el respaldo t\u00e9cnico y metodol\u00f3gico del Banco Interamericano de Desarrollo y del exministro del Reino Unido, Francis Maude El presidente Luis Abinader, acompa\u00f1ado de la vicepresidenta Raquel Pe\u00f1a, encabez\u00f3 este domingo el Consejo\u2026","rel":"","context":"En \u00abNACIONALES\u00bb","block_context":{"text":"NACIONALES","link":"https:\/\/lasprimeras.com.do\/index.php\/category\/nacionales\/"},"img":{"alt_text":"","src":"https:\/\/i0.wp.com\/lasprimeras.com.do\/wp-content\/uploads\/2026\/01\/Consejo-de-Ministros.jpg?resize=350%2C200&ssl=1","width":350,"height":200,"srcset":"https:\/\/i0.wp.com\/lasprimeras.com.do\/wp-content\/uploads\/2026\/01\/Consejo-de-Ministros.jpg?resize=350%2C200&ssl=1 1x, https:\/\/i0.wp.com\/lasprimeras.com.do\/wp-content\/uploads\/2026\/01\/Consejo-de-Ministros.jpg?resize=525%2C300&ssl=1 1.5x, https:\/\/i0.wp.com\/lasprimeras.com.do\/wp-content\/uploads\/2026\/01\/Consejo-de-Ministros.jpg?resize=700%2C400&ssl=1 2x"},"classes":[]},{"id":111340,"url":"https:\/\/lasprimeras.com.do\/index.php\/2025\/10\/08\/ministro-paliza-presenta-al-senado-estrategia-meta-rd-2036\/","url_meta":{"origin":91542,"position":1},"title":"Ministro Paliza presenta al Senado estrategia Meta RD 2036","author":"Nelson Feliz","date":"8 de octubre de 2025","format":false,"excerpt":"Plantean los diez objetivos prioritarios del Gobierno para el cuatrenio 2024-2028 como el primer paso hacia la meta. El ministro de la Presidencia, Jos\u00e9 Ignacio Paliza, y director general de Consejo Nacional de Competitividad, Peter Prazmowski, presentaron este martes a los legisladores del Senado el plan Meta RD 2036, que\u2026","rel":"","context":"En \u00abECONOM\u00cdA\u00bb","block_context":{"text":"ECONOM\u00cdA","link":"https:\/\/lasprimeras.com.do\/index.php\/category\/economia\/"},"img":{"alt_text":"","src":"https:\/\/i0.wp.com\/lasprimeras.com.do\/wp-content\/uploads\/2025\/10\/Jose-Ignacio-Paliza.jpg?resize=350%2C200&ssl=1","width":350,"height":200,"srcset":"https:\/\/i0.wp.com\/lasprimeras.com.do\/wp-content\/uploads\/2025\/10\/Jose-Ignacio-Paliza.jpg?resize=350%2C200&ssl=1 1x, https:\/\/i0.wp.com\/lasprimeras.com.do\/wp-content\/uploads\/2025\/10\/Jose-Ignacio-Paliza.jpg?resize=525%2C300&ssl=1 1.5x, https:\/\/i0.wp.com\/lasprimeras.com.do\/wp-content\/uploads\/2025\/10\/Jose-Ignacio-Paliza.jpg?resize=700%2C400&ssl=1 2x"},"classes":[]},{"id":105406,"url":"https:\/\/lasprimeras.com.do\/index.php\/2025\/08\/03\/energia-y-minas-presenta-plan-estrategico-institucional-2025-2028\/","url_meta":{"origin":91542,"position":2},"title":"Energ\u00eda y Minas presenta Plan Estrat\u00e9gico Institucional 2025-2028","author":"Nelson Feliz","date":"3 de agosto de 2025","format":false,"excerpt":"Ministro Joel Santos resalta importancia de la ejecuci\u00f3n y el seguimiento El Ministerio de Energ\u00eda y Minas present\u00f3 el Plan Estrat\u00e9gico Institucional (PEI) 2025-2028, un documento crucial que guiar\u00e1 el quehacer de la instituci\u00f3n durante los pr\u00f3ximos cuatro a\u00f1os. Al encabezar el acto, resalt\u00f3 la importancia de la planificaci\u00f3n, aplicaci\u00f3n\u2026","rel":"","context":"En \u00abNACIONALES\u00bb","block_context":{"text":"NACIONALES","link":"https:\/\/lasprimeras.com.do\/index.php\/category\/nacionales\/"},"img":{"alt_text":"","src":"https:\/\/i0.wp.com\/lasprimeras.com.do\/wp-content\/uploads\/2025\/08\/ENERGIA-Y-MINAS-2.jpg?resize=350%2C200&ssl=1","width":350,"height":200,"srcset":"https:\/\/i0.wp.com\/lasprimeras.com.do\/wp-content\/uploads\/2025\/08\/ENERGIA-Y-MINAS-2.jpg?resize=350%2C200&ssl=1 1x, https:\/\/i0.wp.com\/lasprimeras.com.do\/wp-content\/uploads\/2025\/08\/ENERGIA-Y-MINAS-2.jpg?resize=525%2C300&ssl=1 1.5x, https:\/\/i0.wp.com\/lasprimeras.com.do\/wp-content\/uploads\/2025\/08\/ENERGIA-Y-MINAS-2.jpg?resize=700%2C400&ssl=1 2x"},"classes":[]},{"id":96303,"url":"https:\/\/lasprimeras.com.do\/index.php\/2025\/03\/28\/dice-meta-rd-2036-es-la-ruta-para-convertir-rd-en-un-pais-plenamente-desarrollado\/","url_meta":{"origin":91542,"position":3},"title":"Dice Meta RD 2036 es la ruta para convertir RD en un pa\u00eds plenamente desarrollado","author":"Nelson Feliz","date":"28 de marzo de 2025","format":false,"excerpt":"El presidente Luis Abinader encabez\u00f3 la presentaci\u00f3n e inicio formal de los trabajos de los Comit\u00e9s Sectoriales de Meta RD 2036, con el fin de impulsar iniciativas priorizadas para duplicar el PIB real del pa\u00eds en los pr\u00f3ximos 11 a\u00f1os, generando mayor bienestar para toda la poblaci\u00f3n. \u201cYo estoy optimista\u2026","rel":"","context":"En \u00abECONOM\u00cdA\u00bb","block_context":{"text":"ECONOM\u00cdA","link":"https:\/\/lasprimeras.com.do\/index.php\/category\/economia\/"},"img":{"alt_text":"","src":"https:\/\/i0.wp.com\/lasprimeras.com.do\/wp-content\/uploads\/2025\/03\/lUIS-aBINADER-5.jpg?resize=350%2C200&ssl=1","width":350,"height":200,"srcset":"https:\/\/i0.wp.com\/lasprimeras.com.do\/wp-content\/uploads\/2025\/03\/lUIS-aBINADER-5.jpg?resize=350%2C200&ssl=1 1x, https:\/\/i0.wp.com\/lasprimeras.com.do\/wp-content\/uploads\/2025\/03\/lUIS-aBINADER-5.jpg?resize=525%2C300&ssl=1 1.5x, https:\/\/i0.wp.com\/lasprimeras.com.do\/wp-content\/uploads\/2025\/03\/lUIS-aBINADER-5.jpg?resize=700%2C400&ssl=1 2x"},"classes":[]},{"id":88205,"url":"https:\/\/lasprimeras.com.do\/index.php\/2024\/08\/23\/abinader-y-vicepresidenta-encabezan-consejo-de-ministros-y-directores-y-tratan-sobre-la-etica\/","url_meta":{"origin":91542,"position":4},"title":"Abinader y vicepresidenta encabezan Consejo de Ministros y Directores y tratan sobre la \u00e9tica","author":"Nelson Feliz","date":"23 de agosto de 2024","format":false,"excerpt":"Fue un llamado general a continuar con m\u00e1s transparencia, m\u00e1s compromiso, y m\u00e1s identificaci\u00f3n del funcionario p\u00fablico con las mejores pr\u00e1cticas y el mejor de los comportamientos en el devenir de sus funciones. El presidente Luis Abinader y la vicepresidenta Raquel Pe\u00f1a encabezaron este viernes el primer Consejo de Ministros\u2026","rel":"","context":"En \u00abNACIONALES\u00bb","block_context":{"text":"NACIONALES","link":"https:\/\/lasprimeras.com.do\/index.php\/category\/nacionales\/"},"img":{"alt_text":"Luis Abinader","src":"https:\/\/i0.wp.com\/lasprimeras.com.do\/wp-content\/uploads\/2024\/08\/Luis-Abinader-2-1.jpg?resize=350%2C200&ssl=1","width":350,"height":200,"srcset":"https:\/\/i0.wp.com\/lasprimeras.com.do\/wp-content\/uploads\/2024\/08\/Luis-Abinader-2-1.jpg?resize=350%2C200&ssl=1 1x, https:\/\/i0.wp.com\/lasprimeras.com.do\/wp-content\/uploads\/2024\/08\/Luis-Abinader-2-1.jpg?resize=525%2C300&ssl=1 1.5x, https:\/\/i0.wp.com\/lasprimeras.com.do\/wp-content\/uploads\/2024\/08\/Luis-Abinader-2-1.jpg?resize=700%2C400&ssl=1 2x"},"classes":[]},{"id":125161,"url":"https:\/\/lasprimeras.com.do\/index.php\/2026\/03\/19\/gobierno-y-sector-productivo-pasan-balance-a-avances-de-meta-rd-2036-en-consejo-de-ministros\/","url_meta":{"origin":91542,"position":5},"title":"Gobierno y sector productivo pasan balance a avances de Meta RD 2036 en Consejo de Ministros","author":"Nelson Feliz","date":"19 de marzo de 2026","format":false,"excerpt":"Paliza: sectores p\u00fablico y privado alineamos esfuerzos para transformar la estructura productiva del pa\u00eds y acelerar el crecimiento econ\u00f3mico. Ministro de Hacienda abord\u00f3 la planificaci\u00f3n pa\u00eds ante los impactos econ\u00f3micos de los conflictos b\u00e9licos en el Medio Oriente. El presidente de la Rep\u00fablica, Luis Abinader, y la vicepresidenta Raquel Pe\u00f1a\u2026","rel":"","context":"En \u00abECONOM\u00cdA\u00bb","block_context":{"text":"ECONOM\u00cdA","link":"https:\/\/lasprimeras.com.do\/index.php\/category\/economia\/"},"img":{"alt_text":"Luis Abinader","src":"https:\/\/i0.wp.com\/lasprimeras.com.do\/wp-content\/uploads\/2026\/03\/Luis-Abinader-6-3.jpg?resize=350%2C200&ssl=1","width":350,"height":200,"srcset":"https:\/\/i0.wp.com\/lasprimeras.com.do\/wp-content\/uploads\/2026\/03\/Luis-Abinader-6-3.jpg?resize=350%2C200&ssl=1 1x, https:\/\/i0.wp.com\/lasprimeras.com.do\/wp-content\/uploads\/2026\/03\/Luis-Abinader-6-3.jpg?resize=525%2C300&ssl=1 1.5x, https:\/\/i0.wp.com\/lasprimeras.com.do\/wp-content\/uploads\/2026\/03\/Luis-Abinader-6-3.jpg?resize=700%2C400&ssl=1 2x"},"classes":[]}],"jetpack_sharing_enabled":true,"_links":{"self":[{"href":"https:\/\/lasprimeras.com.do\/index.php\/wp-json\/wp\/v2\/posts\/91542","targetHints":{"allow":["GET"]}}],"collection":[{"href":"https:\/\/lasprimeras.com.do\/index.php\/wp-json\/wp\/v2\/posts"}],"about":[{"href":"https:\/\/lasprimeras.com.do\/index.php\/wp-json\/wp\/v2\/types\/post"}],"author":[{"embeddable":true,"href":"https:\/\/lasprimeras.com.do\/index.php\/wp-json\/wp\/v2\/users\/2"}],"replies":[{"embeddable":true,"href":"https:\/\/lasprimeras.com.do\/index.php\/wp-json\/wp\/v2\/comments?post=91542"}],"version-history":[{"count":1,"href":"https:\/\/lasprimeras.com.do\/index.php\/wp-json\/wp\/v2\/posts\/91542\/revisions"}],"predecessor-version":[{"id":91544,"href":"https:\/\/lasprimeras.com.do\/index.php\/wp-json\/wp\/v2\/posts\/91542\/revisions\/91544"}],"wp:featuredmedia":[{"embeddable":true,"href":"https:\/\/lasprimeras.com.do\/index.php\/wp-json\/wp\/v2\/media\/91543"}],"wp:attachment":[{"href":"https:\/\/lasprimeras.com.do\/index.php\/wp-json\/wp\/v2\/media?parent=91542"}],"wp:term":[{"taxonomy":"category","embeddable":true,"href":"https:\/\/lasprimeras.com.do\/index.php\/wp-json\/wp\/v2\/categories?post=91542"},{"taxonomy":"post_tag","embeddable":true,"href":"https:\/\/lasprimeras.com.do\/index.php\/wp-json\/wp\/v2\/tags?post=91542"}],"curies":[{"name":"wp","href":"https:\/\/api.w.org\/{rel}","templated":true}]}}