{"id":91545,"date":"2024-11-26T23:12:43","date_gmt":"2024-11-27T03:12:43","guid":{"rendered":"https:\/\/lasprimeras.com.do\/?p=91545"},"modified":"2024-11-26T23:12:44","modified_gmt":"2024-11-27T03:12:44","slug":"presidente-abinader-juramenta-comites-de-apoyo-a-la-reforma-penitenciaria","status":"publish","type":"post","link":"https:\/\/lasprimeras.com.do\/index.php\/2024\/11\/26\/presidente-abinader-juramenta-comites-de-apoyo-a-la-reforma-penitenciaria\/","title":{"rendered":"Presidente Abinader juramenta comit\u00e9s de apoyo a la reforma penitenciaria"},"content":{"rendered":"\n<p><strong>Comit\u00e9s juramentados pertenecen a Hig\u00fcey, Bonao, Guerra &#8211; Las Parras, Cotu\u00ed, Santiago Rodr\u00edguez, Pedernales, Barahona, San Francisco de Macor\u00eds, San Juan y Neiba.<\/strong><\/p>\n\n\n\n<p>El presidente Luis Abinader jurament\u00f3 este martes a los comit\u00e9s de apoyo a la reforma penitenciaria, la cual reiter\u00f3 es parte fundamental en la lucha por la seguridad ciudadana.<\/p>\n\n\n\n<p>\u201cLes agradezco este apoyo al gobierno, pero principalmente a su comunidad y al pa\u00eds\u201d, manifest\u00f3 el jefe de Estado a los presentes, asegurando que sus esfuerzos dar\u00e1n resultados concretos en cuanto a la seguridad ciudadana, una de las principales preocupaciones de la sociedad dominicana.<\/p>\n\n\n\n<p>En el acto, el presidente recibi\u00f3 el libro que contiene la estrategia para la reforma penitenciaria 2024-2027, cuyas 570 p\u00e1ginas incluyen elementos diagn\u00f3sticos y propuestas integrales para transformar el sistema e implementar un nuevo modelo que permita reducir la violencia en todo el pa\u00eds, as\u00ed como mejorar y atender la prevenci\u00f3n, las acciones de disuasi\u00f3n y las de reinserci\u00f3n de los privados de libertad, de manera conjunta y coordinada.<\/p>\n\n\n\n<p>El plan de trabajo de esta reforma penitenciaria abarca tambi\u00e9n la construcci\u00f3n de nuevas c\u00e1rceles que ya est\u00e1n incluidas en el presupuesto de 2025 y el presupuesto plurianual hasta 2028.<\/p>\n\n\n\n<p>Para alcanzar estos objetivos, Abinader agreg\u00f3 que esta reforma penitenciaria debe trabajarse de manera paralela a la reforma policial y en este sentido recalc\u00f3 que hasta la fecha, el pa\u00eds ha logrado reducir los niveles de robo y homicidio, posicion\u00e1ndolo por debajo de la media de la regi\u00f3n.<\/p>\n\n\n\n<p>De su lado, el director de la Oficina Nacional de Apoyo a la Reforma Penitenciaria (ONAPREP), Roberto Santana, agradeci\u00f3 al mandatario su apoyo al fortalecimiento de la seguridad ciudadana y destac\u00f3 como una gran responsabilidad y compromiso, su presencia cada lunes en el palacio de la Polic\u00eda Nacional.<\/p>\n\n\n\n<p><strong>Comit\u00e9s profesionales en apoyo a la reforma penitenciaria<\/strong><\/p>\n\n\n\n<p>En este \u00e1mbito figuran los comit\u00e9s del programa de apoyo en infraestructura penitenciaria; comit\u00e9 de salud penitenciaria y trabajo social; programa de apoyo al medio libre &#8211; cuencas hidrogr\u00e1ficas; comunicaciones; programa educativo penitenciario y comit\u00e9 de apoyo a la producci\u00f3n penitenciaria.<\/p>\n\n\n\n<p><strong>Comit\u00e9s provinciales<\/strong><\/p>\n\n\n\n<p>En tanto, los miembros juramentados en el Sal\u00f3n Las Cari\u00e1tides del Palacio Nacional, pertenecen a provincias en diferentes puntos del pa\u00eds, siendo estos Hig\u00fcey, Bonao, Guerra &#8211; Las Parras, Cotu\u00ed, Santiago Rodr\u00edguez, Pedernales, Barahona, San Francisco de Macor\u00eds, San Juan y Neiba.<\/p>\n\n\n\n<p>Estuvieron presentes los ministros, de la Presidencia, Jos\u00e9 Ignacio Paliza; Administrativo de la Presidencia, Andr\u00e9s Bautista; de Vivienda y Edificaciones, Carlos Bonilla; los miembros de la ONAPREP, Zaida Lovat\u00f3n, Freddy Danilo Ginebra, Rosa Margarita Hern\u00e1ndez de Grull\u00f3n y Jaime Tom\u00e1s Fr\u00edas; as\u00ed como el presidente del Senado, Ricardo de los Santos.<\/p>\n","protected":false},"excerpt":{"rendered":"<p>Comit\u00e9s juramentados pertenecen a Hig\u00fcey, Bonao, Guerra &#8211; Las Parras, Cotu\u00ed, Santiago Rodr\u00edguez, Pedernales, Barahona, San Francisco de Macor\u00eds, San Juan y Neiba. El presidente Luis Abinader jurament\u00f3 este martes&hellip;<\/p>\n","protected":false},"author":2,"featured_media":91546,"comment_status":"open","ping_status":"open","sticky":false,"template":"","format":"standard","meta":{"content-type":"","jetpack_post_was_ever_published":false,"_jetpack_newsletter_access":"","_jetpack_dont_email_post_to_subs":false,"_jetpack_newsletter_tier_id":0,"_jetpack_memberships_contains_paywalled_content":false,"_jetpack_memberships_contains_paid_content":false,"footnotes":""},"categories":[35],"tags":[16106,268,67,16489,4774],"class_list":["post-91545","post","type-post","status-publish","format-standard","has-post-thumbnail","hentry","category-nacionales","tag-comites","tag-juramenta","tag-luis-abinader","tag-reforma-penitenciaria","tag-seguridad-ciudadana"],"jetpack_featured_media_url":"https:\/\/lasprimeras.com.do\/wp-content\/uploads\/2024\/11\/Luis-Abinader-1.jpg","jetpack-related-posts":[{"id":113246,"url":"https:\/\/lasprimeras.com.do\/index.php\/2025\/10\/30\/el-director-de-prisiones-dice-que-el-bloqueo-de-senal-en-las-carceles-va-mal\/","url_meta":{"origin":91545,"position":0},"title":"El director de Prisiones dice que el bloqueo de se\u00f1al en las c\u00e1rceles &#8220;va mal&#8221;","author":"Nelson Feliz","date":"30 de octubre de 2025","format":false,"excerpt":"Santana insiste que sin personal civil formado, los centros penitenciarios seguir\u00e1n siendo focos de corrupci\u00f3n. El titular de la Direcci\u00f3n General de Servicios Penitenciarios y Correccionales (Dgspc), Roberto Santana, afirm\u00f3 este jueves que el bloqueo de la se\u00f1al telef\u00f3nica dentro de las c\u00e1rceles del pa\u00eds \"va mal\". El funcionario explic\u00f3\u2026","rel":"","context":"En \u00abNACIONALES\u00bb","block_context":{"text":"NACIONALES","link":"https:\/\/lasprimeras.com.do\/index.php\/category\/nacionales\/"},"img":{"alt_text":"","src":"https:\/\/i0.wp.com\/lasprimeras.com.do\/wp-content\/uploads\/2025\/10\/Roberto-Santana.jpg?resize=350%2C200&ssl=1","width":350,"height":200,"srcset":"https:\/\/i0.wp.com\/lasprimeras.com.do\/wp-content\/uploads\/2025\/10\/Roberto-Santana.jpg?resize=350%2C200&ssl=1 1x, https:\/\/i0.wp.com\/lasprimeras.com.do\/wp-content\/uploads\/2025\/10\/Roberto-Santana.jpg?resize=525%2C300&ssl=1 1.5x, https:\/\/i0.wp.com\/lasprimeras.com.do\/wp-content\/uploads\/2025\/10\/Roberto-Santana.jpg?resize=700%2C400&ssl=1 2x"},"classes":[]},{"id":113329,"url":"https:\/\/lasprimeras.com.do\/index.php\/2025\/10\/31\/defensa-publica-reafirma-compromiso-con-la-transformacion-del-sistema-penitenciario-dominicano\/","url_meta":{"origin":91545,"position":1},"title":"Defensa P\u00fablica reafirma compromiso con la transformaci\u00f3n del sistema penitenciario dominicano","author":"Nelson Feliz","date":"31 de octubre de 2025","format":false,"excerpt":"La Oficina Nacional de Defensa P\u00fablica particip\u00f3 en la firma de acuerdos estrat\u00e9gicos junto a la Oficina Nacional de Apoyo a la Reforma Penitenciaria (Onaprep) y m\u00e1s de 40 instituciones p\u00fablicas, privadas y de la sociedad civil; en un acto encabezado por el presidente de la Rep\u00fablica Luis Abinader en\u2026","rel":"","context":"En \u00abNACIONALES\u00bb","block_context":{"text":"NACIONALES","link":"https:\/\/lasprimeras.com.do\/index.php\/category\/nacionales\/"},"img":{"alt_text":"Oficina Nacional de Defensa P\u00fablica","src":"https:\/\/i0.wp.com\/lasprimeras.com.do\/wp-content\/uploads\/2025\/10\/Oficina-Nacional-de-Defensa-Publica-1.jpg?resize=350%2C200&ssl=1","width":350,"height":200,"srcset":"https:\/\/i0.wp.com\/lasprimeras.com.do\/wp-content\/uploads\/2025\/10\/Oficina-Nacional-de-Defensa-Publica-1.jpg?resize=350%2C200&ssl=1 1x, https:\/\/i0.wp.com\/lasprimeras.com.do\/wp-content\/uploads\/2025\/10\/Oficina-Nacional-de-Defensa-Publica-1.jpg?resize=525%2C300&ssl=1 1.5x, https:\/\/i0.wp.com\/lasprimeras.com.do\/wp-content\/uploads\/2025\/10\/Oficina-Nacional-de-Defensa-Publica-1.jpg?resize=700%2C400&ssl=1 2x"},"classes":[]},{"id":79326,"url":"https:\/\/lasprimeras.com.do\/index.php\/2024\/03\/26\/presidente-abinader-anuncia-creacion-de-comite-de-seguimiento-al-plan-de-gestion-la-victoria-las-parras\/","url_meta":{"origin":91545,"position":2},"title":"Presidente Abinader anuncia creaci\u00f3n de Comit\u00e9 de Seguimiento al Plan de Gesti\u00f3n La Victoria-Las Parras","author":"BIMARY DE JES\u00daS Matos","date":"26 de marzo de 2024","format":false,"excerpt":"Santo Domingo. - El presidente Luis Abinader anunci\u00f3 la creaci\u00f3n del Comit\u00e9 de Seguimiento al Plan de Gesti\u00f3n La Victoria-Las Parras, la cual se encargar\u00e1 de dar continuidad a las licitaciones y contratos necesarios para la transici\u00f3n de la c\u00e1rcel La Victoria al nuevo recinto Las Parras. El mandatario reiter\u00f3\u2026","rel":"","context":"En \u00abPORTADA\u00bb","block_context":{"text":"PORTADA","link":"https:\/\/lasprimeras.com.do\/index.php\/category\/portada\/"},"img":{"alt_text":"","src":"https:\/\/i0.wp.com\/lasprimeras.com.do\/wp-content\/uploads\/2024\/03\/Captura-de-pantalla-2024-01-22-124640.jpg?resize=350%2C200&ssl=1","width":350,"height":200,"srcset":"https:\/\/i0.wp.com\/lasprimeras.com.do\/wp-content\/uploads\/2024\/03\/Captura-de-pantalla-2024-01-22-124640.jpg?resize=350%2C200&ssl=1 1x, https:\/\/i0.wp.com\/lasprimeras.com.do\/wp-content\/uploads\/2024\/03\/Captura-de-pantalla-2024-01-22-124640.jpg?resize=525%2C300&ssl=1 1.5x, https:\/\/i0.wp.com\/lasprimeras.com.do\/wp-content\/uploads\/2024\/03\/Captura-de-pantalla-2024-01-22-124640.jpg?resize=700%2C400&ssl=1 2x, https:\/\/i0.wp.com\/lasprimeras.com.do\/wp-content\/uploads\/2024\/03\/Captura-de-pantalla-2024-01-22-124640.jpg?resize=1050%2C600&ssl=1 3x"},"classes":[]},{"id":105070,"url":"https:\/\/lasprimeras.com.do\/index.php\/2025\/07\/30\/juan-dionicio-rodriguez-el-ministerio-de-justicia-sera-un-gran-aporte-del-gobierno-de-abinader\/","url_meta":{"origin":91545,"position":3},"title":"Juan Dionicio Rodr\u00edguez: \u201cEl Ministerio de Justicia ser\u00e1 un gran aporte del Gobierno de Abinader\u201d","author":"Nelson Feliz","date":"30 de julio de 2025","format":false,"excerpt":"El exdiputado del Frente Amplio y actual coordinador de Justicia de la Oficina Nacional para el Apoyo a la Reforma Penitenciaria (ONAPREP), Juan Dionicio Rodr\u00edguez, valor\u00f3 como trascendental la creaci\u00f3n del Ministerio de Justicia por parte del Gobierno del presidente Luis Abinader, se\u00f1alando que esta instituci\u00f3n ser\u00e1 clave para transformar\u2026","rel":"","context":"En \u00abPOLITICA\u00bb","block_context":{"text":"POLITICA","link":"https:\/\/lasprimeras.com.do\/index.php\/category\/politica\/"},"img":{"alt_text":"","src":"https:\/\/i0.wp.com\/lasprimeras.com.do\/wp-content\/uploads\/2025\/07\/WhatsApp-Image-2025-07-29-at-7.56.00-PM.jpeg?resize=350%2C200&ssl=1","width":350,"height":200,"srcset":"https:\/\/i0.wp.com\/lasprimeras.com.do\/wp-content\/uploads\/2025\/07\/WhatsApp-Image-2025-07-29-at-7.56.00-PM.jpeg?resize=350%2C200&ssl=1 1x, https:\/\/i0.wp.com\/lasprimeras.com.do\/wp-content\/uploads\/2025\/07\/WhatsApp-Image-2025-07-29-at-7.56.00-PM.jpeg?resize=525%2C300&ssl=1 1.5x, https:\/\/i0.wp.com\/lasprimeras.com.do\/wp-content\/uploads\/2025\/07\/WhatsApp-Image-2025-07-29-at-7.56.00-PM.jpeg?resize=700%2C400&ssl=1 2x, https:\/\/i0.wp.com\/lasprimeras.com.do\/wp-content\/uploads\/2025\/07\/WhatsApp-Image-2025-07-29-at-7.56.00-PM.jpeg?resize=1050%2C600&ssl=1 3x, https:\/\/i0.wp.com\/lasprimeras.com.do\/wp-content\/uploads\/2025\/07\/WhatsApp-Image-2025-07-29-at-7.56.00-PM.jpeg?resize=1400%2C800&ssl=1 4x"},"classes":[]},{"id":120758,"url":"https:\/\/lasprimeras.com.do\/index.php\/2026\/01\/27\/abinader-juramenta-comision-de-veeduria-para-supervisar-obras-deportivas\/","url_meta":{"origin":91545,"position":4},"title":"Abinader juramenta comisi\u00f3n de veedur\u00eda para supervisar obras deportivas","author":"Nelson Feliz","date":"27 de enero de 2026","format":false,"excerpt":"Kekvin Cruz dijo que esta comisi\u00f3n responde a una instrucci\u00f3n directa del presidente Abinader, quien dispuso que los RD$2,000 millones recuperados de la corrupci\u00f3n fueran invertidos en infraestructuras deportivas El presidente Luis Abinader, jurament\u00f3 este lunes la comisi\u00f3n de veedur\u00eda que tendr\u00e1 a su cargo supervisar las obras de infraestructura\u2026","rel":"","context":"En \u00abDEPORTES\u00bb","block_context":{"text":"DEPORTES","link":"https:\/\/lasprimeras.com.do\/index.php\/category\/deportes\/"},"img":{"alt_text":"","src":"https:\/\/i0.wp.com\/lasprimeras.com.do\/wp-content\/uploads\/2026\/01\/Luis-Abinader-2-1.jpg?resize=350%2C200&ssl=1","width":350,"height":200,"srcset":"https:\/\/i0.wp.com\/lasprimeras.com.do\/wp-content\/uploads\/2026\/01\/Luis-Abinader-2-1.jpg?resize=350%2C200&ssl=1 1x, https:\/\/i0.wp.com\/lasprimeras.com.do\/wp-content\/uploads\/2026\/01\/Luis-Abinader-2-1.jpg?resize=525%2C300&ssl=1 1.5x, https:\/\/i0.wp.com\/lasprimeras.com.do\/wp-content\/uploads\/2026\/01\/Luis-Abinader-2-1.jpg?resize=700%2C400&ssl=1 2x"},"classes":[]},{"id":105665,"url":"https:\/\/lasprimeras.com.do\/index.php\/2025\/08\/05\/defensa-publica-y-onaprep-firman-convenio-a-favor-de-los-derechos-de-los-privados-de-libertad\/","url_meta":{"origin":91545,"position":5},"title":"Defensa P\u00fablica y ONAPREP firman convenio a favor de los derechos de los privados de libertad","author":"Nelson Feliz","date":"5 de agosto de 2025","format":false,"excerpt":"La Oficina Nacional de Defensa P\u00fablica (ONDP) y la Oficina Nacional de Apoyo a la Reforma Penitenciaria (ONAPREP) suscribieron un convenio de colaboraci\u00f3n interinstitucional, con el objetivo de trabajar de manera conjunta en la defensa de los derechos fundamentales y la mejora de las condiciones de vida de las personas\u2026","rel":"","context":"En \u00abNACIONALES\u00bb","block_context":{"text":"NACIONALES","link":"https:\/\/lasprimeras.com.do\/index.php\/category\/nacionales\/"},"img":{"alt_text":"","src":"https:\/\/i0.wp.com\/lasprimeras.com.do\/wp-content\/uploads\/2025\/08\/acuerdo.jpg?resize=350%2C200&ssl=1","width":350,"height":200,"srcset":"https:\/\/i0.wp.com\/lasprimeras.com.do\/wp-content\/uploads\/2025\/08\/acuerdo.jpg?resize=350%2C200&ssl=1 1x, https:\/\/i0.wp.com\/lasprimeras.com.do\/wp-content\/uploads\/2025\/08\/acuerdo.jpg?resize=525%2C300&ssl=1 1.5x, https:\/\/i0.wp.com\/lasprimeras.com.do\/wp-content\/uploads\/2025\/08\/acuerdo.jpg?resize=700%2C400&ssl=1 2x"},"classes":[]}],"jetpack_sharing_enabled":true,"_links":{"self":[{"href":"https:\/\/lasprimeras.com.do\/index.php\/wp-json\/wp\/v2\/posts\/91545","targetHints":{"allow":["GET"]}}],"collection":[{"href":"https:\/\/lasprimeras.com.do\/index.php\/wp-json\/wp\/v2\/posts"}],"about":[{"href":"https:\/\/lasprimeras.com.do\/index.php\/wp-json\/wp\/v2\/types\/post"}],"author":[{"embeddable":true,"href":"https:\/\/lasprimeras.com.do\/index.php\/wp-json\/wp\/v2\/users\/2"}],"replies":[{"embeddable":true,"href":"https:\/\/lasprimeras.com.do\/index.php\/wp-json\/wp\/v2\/comments?post=91545"}],"version-history":[{"count":1,"href":"https:\/\/lasprimeras.com.do\/index.php\/wp-json\/wp\/v2\/posts\/91545\/revisions"}],"predecessor-version":[{"id":91547,"href":"https:\/\/lasprimeras.com.do\/index.php\/wp-json\/wp\/v2\/posts\/91545\/revisions\/91547"}],"wp:featuredmedia":[{"embeddable":true,"href":"https:\/\/lasprimeras.com.do\/index.php\/wp-json\/wp\/v2\/media\/91546"}],"wp:attachment":[{"href":"https:\/\/lasprimeras.com.do\/index.php\/wp-json\/wp\/v2\/media?parent=91545"}],"wp:term":[{"taxonomy":"category","embeddable":true,"href":"https:\/\/lasprimeras.com.do\/index.php\/wp-json\/wp\/v2\/categories?post=91545"},{"taxonomy":"post_tag","embeddable":true,"href":"https:\/\/lasprimeras.com.do\/index.php\/wp-json\/wp\/v2\/tags?post=91545"}],"curies":[{"name":"wp","href":"https:\/\/api.w.org\/{rel}","templated":true}]}}