{"id":91551,"date":"2024-11-26T23:32:00","date_gmt":"2024-11-27T03:32:00","guid":{"rendered":"https:\/\/lasprimeras.com.do\/?p=91551"},"modified":"2024-11-26T23:32:02","modified_gmt":"2024-11-27T03:32:02","slug":"waldo-suero-rechaza-camaras-en-areas-quirurgicas-hospital-de-mao","status":"publish","type":"post","link":"https:\/\/lasprimeras.com.do\/index.php\/2024\/11\/26\/waldo-suero-rechaza-camaras-en-areas-quirurgicas-hospital-de-mao\/","title":{"rendered":"Waldo Suero rechaza c\u00e1maras en \u00e1reas quir\u00fargicas hospital de Mao"},"content":{"rendered":"\n<p>El presidente del Colegio M\u00e9dico Dominicano Dr. Waldo Ariel Suero, reiter\u00f3 nuevamente que se opone a la presencia de c\u00e1maras en las \u00e1reas privadas de los hospitales, como en los quir\u00f3fanos.<\/p>\n\n\n\n<p>Suero, refiri\u00f3 el caso de Valverde Mao, en donde existe una c\u00e1mara en uno de los quir\u00f3fanos.<\/p>\n\n\n\n<p>\u201cNos reunimos en la sede central del CMD con los m\u00e9dicos de Mao que se oponen a esta acci\u00f3n, igualmente en las reuniones de la JDN del CMD planteamos nuestra oposici\u00f3n. Tambi\u00e9n hemos hablado en varias ocasiones con el Dr. Mario Lama Director del Servicio Nacional de Salud, solicit\u00e1ndole que retire esa c\u00e1mara de ese lugar y a\u00fan el problema se mantiene\u201d, se\u00f1ala el galeno.<\/p>\n\n\n\n<p>El gremialista, manifest\u00f3 que los m\u00e9dicos de Valverde Mao hicieron una asamblea, donde aprobaron la presencia de esta c\u00e1mara; seg\u00fan ellos, porque el \u00e1rea de ubicaci\u00f3n de la c\u00e1mara no grava a los pacientes ni a los m\u00e9dicos; y es con intenci\u00f3n del cuidado de un equipo de cirug\u00eda muy costoso que alberga esa \u00e1rea quir\u00fargica.<\/p>\n\n\n\n<p>De todas formas, la posici\u00f3n del presidente del CMD, la cual es reiterativa, es de que estamos en contra de esta c\u00e1mara en ese lugar.<\/p>\n\n\n\n<p>El Presidente del CMD, Dr. Waldo Ariel Suero reitero el llamado al Servicio Nacional de Salud a buscarle una salida armoniosa y legal.<\/p>\n","protected":false},"excerpt":{"rendered":"<p>El presidente del Colegio M\u00e9dico Dominicano Dr. Waldo Ariel Suero, reiter\u00f3 nuevamente que se opone a la presencia de c\u00e1maras en las \u00e1reas privadas de los hospitales, como en los&hellip;<\/p>\n","protected":false},"author":2,"featured_media":91552,"comment_status":"open","ping_status":"open","sticky":false,"template":"","format":"standard","meta":{"content-type":"","jetpack_post_was_ever_published":false,"_jetpack_newsletter_access":"","_jetpack_dont_email_post_to_subs":false,"_jetpack_newsletter_tier_id":0,"_jetpack_memberships_contains_paywalled_content":false,"_jetpack_memberships_contains_paid_content":false,"footnotes":""},"categories":[25],"tags":[16491,6368,16492,16490],"class_list":["post-91551","post","type-post","status-publish","format-standard","has-post-thumbnail","hentry","category-portada","tag-areas-quirurgicas","tag-camaras","tag-hospital-de-mao","tag-waldo-suero"],"jetpack_featured_media_url":"https:\/\/lasprimeras.com.do\/wp-content\/uploads\/2024\/11\/Waldo-Ariel-Suero-1.jpg","jetpack-related-posts":[{"id":110406,"url":"https:\/\/lasprimeras.com.do\/index.php\/2025\/09\/28\/cmd-logra-un-aumento-salarial-de-un-25-a-los-medicos-del-semma\/","url_meta":{"origin":91551,"position":0},"title":"CMD logra un aumento salarial de un 25% a los m\u00e9dicos del SEMMA","author":"Nelson Feliz","date":"28 de septiembre de 2025","format":false,"excerpt":"En un hecho calificado hist\u00f3rico y por vez primera, el Colegio M\u00e9dico Dominicano (CMD) logra un aumento salarial de un 25% para todos los m\u00e9dicos que trabajan con la Administradora de Riesgos de Salud para Maestros (ARS SEMMA). Ciertamente el salario que reciben actualmente los m\u00e9dicos que trabajan en esa\u2026","rel":"","context":"En \u00abECONOM\u00cdA\u00bb","block_context":{"text":"ECONOM\u00cdA","link":"https:\/\/lasprimeras.com.do\/index.php\/category\/economia\/"},"img":{"alt_text":"","src":"https:\/\/i0.wp.com\/lasprimeras.com.do\/wp-content\/uploads\/2025\/09\/Waldo-Ariel-Suero-1.jpg?resize=350%2C200&ssl=1","width":350,"height":200,"srcset":"https:\/\/i0.wp.com\/lasprimeras.com.do\/wp-content\/uploads\/2025\/09\/Waldo-Ariel-Suero-1.jpg?resize=350%2C200&ssl=1 1x, https:\/\/i0.wp.com\/lasprimeras.com.do\/wp-content\/uploads\/2025\/09\/Waldo-Ariel-Suero-1.jpg?resize=525%2C300&ssl=1 1.5x, https:\/\/i0.wp.com\/lasprimeras.com.do\/wp-content\/uploads\/2025\/09\/Waldo-Ariel-Suero-1.jpg?resize=700%2C400&ssl=1 2x"},"classes":[]},{"id":107986,"url":"https:\/\/lasprimeras.com.do\/index.php\/2025\/09\/02\/cmd-denuncia-salarios-de-los-medicos-del-semma-son-vergonzosos\/","url_meta":{"origin":91551,"position":1},"title":"CMD denuncia salarios de los m\u00e9dicos del SEMMA son vergonzosos","author":"Nelson Feliz","date":"2 de septiembre de 2025","format":false,"excerpt":"El presidente del Colegio M\u00e9dico Dominicano Dr. Waldo Ariel Suero, expres\u00f3 que es una verdadera verg\u00fcenza el salario que devengan los m\u00e9dicos especialistas que laboran en el Seguro M\u00e9dico de los Maestros (ARS SEMMA). En el d\u00eda de ayer, el gremio m\u00e9dico encabezado por su presidente Dr. Waldo Ariel Suero\u2026","rel":"","context":"En \u00abPORTADA\u00bb","block_context":{"text":"PORTADA","link":"https:\/\/lasprimeras.com.do\/index.php\/category\/portada\/"},"img":{"alt_text":"Waldo Ariel Suero","src":"https:\/\/i0.wp.com\/lasprimeras.com.do\/wp-content\/uploads\/2025\/09\/Waldo-Ariel-Suero.jpg?resize=350%2C200&ssl=1","width":350,"height":200,"srcset":"https:\/\/i0.wp.com\/lasprimeras.com.do\/wp-content\/uploads\/2025\/09\/Waldo-Ariel-Suero.jpg?resize=350%2C200&ssl=1 1x, https:\/\/i0.wp.com\/lasprimeras.com.do\/wp-content\/uploads\/2025\/09\/Waldo-Ariel-Suero.jpg?resize=525%2C300&ssl=1 1.5x, https:\/\/i0.wp.com\/lasprimeras.com.do\/wp-content\/uploads\/2025\/09\/Waldo-Ariel-Suero.jpg?resize=700%2C400&ssl=1 2x"},"classes":[]},{"id":85618,"url":"https:\/\/lasprimeras.com.do\/index.php\/2024\/07\/04\/cmd-deplora-agresion-a-medico-en-el-hospital-dr-antonio-musa-de-spm\/","url_meta":{"origin":91551,"position":2},"title":"CMD deplora agresi\u00f3n a m\u00e9dico en el Hospital Dr. Antonio Musa de SPM","author":"Nelson Feliz","date":"4 de julio de 2024","format":false,"excerpt":"El presidente del Colegio M\u00e9dico Dominicano Dr. Waldo Ariel Suero, deplor\u00f3 en\u00e9rgicamente la agresi\u00f3n que recibi\u00f3 en el d\u00eda de ayer la Dra. Yeanlis Paniagua m\u00e9dico residente, mientras se encontraba brind\u00e1ndole asistencia m\u00e9dica a un paciente en el Hospital Dr. Antonio Musa de San Pedro de Macoris. Suero expresa que\u2026","rel":"","context":"En \u00abPORTADA\u00bb","block_context":{"text":"PORTADA","link":"https:\/\/lasprimeras.com.do\/index.php\/category\/portada\/"},"img":{"alt_text":"Waldo Ariel Suero","src":"https:\/\/i0.wp.com\/lasprimeras.com.do\/wp-content\/uploads\/2024\/07\/Waldo-Ariel-Suero.jpg?resize=350%2C200&ssl=1","width":350,"height":200,"srcset":"https:\/\/i0.wp.com\/lasprimeras.com.do\/wp-content\/uploads\/2024\/07\/Waldo-Ariel-Suero.jpg?resize=350%2C200&ssl=1 1x, https:\/\/i0.wp.com\/lasprimeras.com.do\/wp-content\/uploads\/2024\/07\/Waldo-Ariel-Suero.jpg?resize=525%2C300&ssl=1 1.5x, https:\/\/i0.wp.com\/lasprimeras.com.do\/wp-content\/uploads\/2024\/07\/Waldo-Ariel-Suero.jpg?resize=700%2C400&ssl=1 2x"},"classes":[]},{"id":103718,"url":"https:\/\/lasprimeras.com.do\/index.php\/2025\/07\/17\/waldo-suero-denuncia-abandono-del-hospital-de-dajabon-y-exige-accion-del-gobierno\/","url_meta":{"origin":91551,"position":3},"title":"Waldo Suero denuncia abandono del hospital de Dajab\u00f3n y exige acci\u00f3n del gobierno","author":"Nelson Feliz","date":"17 de julio de 2025","format":false,"excerpt":"El presidente del Colegio M\u00e9dico Dominicano (CMD), Waldo Ariel Suero, realiz\u00f3 este jueves una visita a la zona fronteriza, donde expres\u00f3 su preocupaci\u00f3n por las condiciones precarias en las que, seg\u00fan denunci\u00f3, a\u00fan opera el hospital de Dajab\u00f3n. \"Acabamos de visitar el hospital y nos reuniremos con los m\u00e9dicos para\u2026","rel":"","context":"En \u00abPORTADA\u00bb","block_context":{"text":"PORTADA","link":"https:\/\/lasprimeras.com.do\/index.php\/category\/portada\/"},"img":{"alt_text":"","src":"https:\/\/i0.wp.com\/lasprimeras.com.do\/wp-content\/uploads\/2025\/07\/waldo.jpg?resize=350%2C200&ssl=1","width":350,"height":200,"srcset":"https:\/\/i0.wp.com\/lasprimeras.com.do\/wp-content\/uploads\/2025\/07\/waldo.jpg?resize=350%2C200&ssl=1 1x, https:\/\/i0.wp.com\/lasprimeras.com.do\/wp-content\/uploads\/2025\/07\/waldo.jpg?resize=525%2C300&ssl=1 1.5x, https:\/\/i0.wp.com\/lasprimeras.com.do\/wp-content\/uploads\/2025\/07\/waldo.jpg?resize=700%2C400&ssl=1 2x"},"classes":[]},{"id":97634,"url":"https:\/\/lasprimeras.com.do\/index.php\/2025\/04\/24\/cmd-y-las-sociedades-medicas-no-fueron-consultados-como-establece-la-ley-68-03-segun-waldo-suero\/","url_meta":{"origin":91551,"position":4},"title":"&#8220;CMD y las Sociedades M\u00e9dicas NO fueron consultados como establece la Ley 68\/03&#8221;, seg\u00fan Waldo Suero","author":"Nelson Feliz","date":"24 de abril de 2025","format":false,"excerpt":"El presidente del Colegio M\u00e9dico Dominicano, doctor Waldo Ariel Suero, expres\u00f3 que el CMD y las Sociedades M\u00e9dicas Especializadas NO fueron consultados como establece la Ley 68\/03, en lo referente al protocolo que las autoridades est\u00e1n implementando en los hospitales, relacionado con la salud y los extranjeros ilegales. Suero enfatiz\u00f3\u2026","rel":"","context":"En \u00abPORTADA\u00bb","block_context":{"text":"PORTADA","link":"https:\/\/lasprimeras.com.do\/index.php\/category\/portada\/"},"img":{"alt_text":"Waldo Ariel Suero","src":"https:\/\/i0.wp.com\/lasprimeras.com.do\/wp-content\/uploads\/2025\/04\/Waldo-Ariel-Suero.jpg?resize=350%2C200&ssl=1","width":350,"height":200,"srcset":"https:\/\/i0.wp.com\/lasprimeras.com.do\/wp-content\/uploads\/2025\/04\/Waldo-Ariel-Suero.jpg?resize=350%2C200&ssl=1 1x, https:\/\/i0.wp.com\/lasprimeras.com.do\/wp-content\/uploads\/2025\/04\/Waldo-Ariel-Suero.jpg?resize=525%2C300&ssl=1 1.5x"},"classes":[]},{"id":116724,"url":"https:\/\/lasprimeras.com.do\/index.php\/2025\/12\/03\/cmd-adquiere-vivienda-para-uso-de-los-medicos-pensionados-y-la-regional-del-dn\/","url_meta":{"origin":91551,"position":5},"title":"CMD adquiere vivienda para uso de los m\u00e9dicos pensionados y la regional del DN","author":"Nelson Feliz","date":"3 de diciembre de 2025","format":false,"excerpt":"El presidente del Colegio M\u00e9dico Dominicano Dr. Waldo Ariel Suero, inform\u00f3 que en d\u00eda de ayer fue adquirida una magn\u00edfica y gran vivienda con 2 niveles de construcci\u00f3n, ubicada a una cuadra de la sede central del CMD en la calle Juan Tom\u00e1s Diaz, Ciudad Universitaria. La Junta Directiva Nacional\u2026","rel":"","context":"En \u00abNACIONALES\u00bb","block_context":{"text":"NACIONALES","link":"https:\/\/lasprimeras.com.do\/index.php\/category\/nacionales\/"},"img":{"alt_text":"","src":"https:\/\/i0.wp.com\/lasprimeras.com.do\/wp-content\/uploads\/2025\/12\/Waldo-Ariel-Suero.jpg?resize=350%2C200&ssl=1","width":350,"height":200,"srcset":"https:\/\/i0.wp.com\/lasprimeras.com.do\/wp-content\/uploads\/2025\/12\/Waldo-Ariel-Suero.jpg?resize=350%2C200&ssl=1 1x, https:\/\/i0.wp.com\/lasprimeras.com.do\/wp-content\/uploads\/2025\/12\/Waldo-Ariel-Suero.jpg?resize=525%2C300&ssl=1 1.5x, https:\/\/i0.wp.com\/lasprimeras.com.do\/wp-content\/uploads\/2025\/12\/Waldo-Ariel-Suero.jpg?resize=700%2C400&ssl=1 2x"},"classes":[]}],"jetpack_sharing_enabled":true,"_links":{"self":[{"href":"https:\/\/lasprimeras.com.do\/index.php\/wp-json\/wp\/v2\/posts\/91551","targetHints":{"allow":["GET"]}}],"collection":[{"href":"https:\/\/lasprimeras.com.do\/index.php\/wp-json\/wp\/v2\/posts"}],"about":[{"href":"https:\/\/lasprimeras.com.do\/index.php\/wp-json\/wp\/v2\/types\/post"}],"author":[{"embeddable":true,"href":"https:\/\/lasprimeras.com.do\/index.php\/wp-json\/wp\/v2\/users\/2"}],"replies":[{"embeddable":true,"href":"https:\/\/lasprimeras.com.do\/index.php\/wp-json\/wp\/v2\/comments?post=91551"}],"version-history":[{"count":1,"href":"https:\/\/lasprimeras.com.do\/index.php\/wp-json\/wp\/v2\/posts\/91551\/revisions"}],"predecessor-version":[{"id":91553,"href":"https:\/\/lasprimeras.com.do\/index.php\/wp-json\/wp\/v2\/posts\/91551\/revisions\/91553"}],"wp:featuredmedia":[{"embeddable":true,"href":"https:\/\/lasprimeras.com.do\/index.php\/wp-json\/wp\/v2\/media\/91552"}],"wp:attachment":[{"href":"https:\/\/lasprimeras.com.do\/index.php\/wp-json\/wp\/v2\/media?parent=91551"}],"wp:term":[{"taxonomy":"category","embeddable":true,"href":"https:\/\/lasprimeras.com.do\/index.php\/wp-json\/wp\/v2\/categories?post=91551"},{"taxonomy":"post_tag","embeddable":true,"href":"https:\/\/lasprimeras.com.do\/index.php\/wp-json\/wp\/v2\/tags?post=91551"}],"curies":[{"name":"wp","href":"https:\/\/api.w.org\/{rel}","templated":true}]}}