{"id":91590,"date":"2024-11-28T22:17:37","date_gmt":"2024-11-29T02:17:37","guid":{"rendered":"https:\/\/lasprimeras.com.do\/?p=91590"},"modified":"2024-11-28T22:17:38","modified_gmt":"2024-11-29T02:17:38","slug":"pleno-de-la-jce-conforma-comisiones-de-trabajo-para-el-periodo-2024-2028","status":"publish","type":"post","link":"https:\/\/lasprimeras.com.do\/index.php\/2024\/11\/28\/pleno-de-la-jce-conforma-comisiones-de-trabajo-para-el-periodo-2024-2028\/","title":{"rendered":"Pleno de la JCE conforma comisiones de trabajo para el per\u00edodo 2024-2028"},"content":{"rendered":"\n<p>El Pleno de la Junta Central Electoral (JCE), integrado por Rom\u00e1n Andr\u00e9s J\u00e1quez Liranzo, presidente; por los miembros titulares Dolores Altagracia Fern\u00e1ndez S\u00e1nchez, Samir Rafael Chami Isa, Hirayda Mercelle Fern\u00e1ndez Guzm\u00e1n y Rafael Armado Vallejo Santelises; y por Sonne Beltr\u00e9, secretario general, dej\u00f3 conformadas las comisiones de trabajo para el per\u00edodo 2024-2028, decisi\u00f3n que se llev\u00f3 a cabo durante la sesi\u00f3n administrativa ordinaria celebrada el pasado 18 de noviembre de 2024.<\/p>\n\n\n\n<p>Las comisiones de trabajo son las siguientes: Comit\u00e9 de Pensionados y Jubilados, Comisi\u00f3n de Tecnolog\u00eda, Comisi\u00f3n de Oficial\u00edas, Comisi\u00f3n de Pol\u00edticas de Igualdad de G\u00e9nero, Comisi\u00f3n de Juntas Electorales y Partidos Pol\u00edticos, Comisi\u00f3n de Descargo y Activos, Comisi\u00f3n de Infraestructura, Comisi\u00f3n del Voto Dominicano en el Exterior, Comisi\u00f3n de Derechos Humanos, Comisi\u00f3n de Cancelados e Inhabilitados y la Comisi\u00f3n de Planificaci\u00f3n Presupuestaria.<\/p>\n\n\n\n<p><strong>Coordinadores y miembros de las comisiones:&nbsp;<\/strong><\/p>\n\n\n\n<figure class=\"wp-block-table\"><table class=\"has-fixed-layout\"><tbody><tr><td><strong>Comit\u00e9 de Pensionados y Jubilados<\/strong><\/td><\/tr><tr><td>Coordinada por el presidente de la JCE, Rom\u00e1n Andr\u00e9s J\u00e1quez Liranzo<\/td><\/tr><tr><td><strong>Integrada por:<\/strong><\/td><\/tr><tr><td>El administrador del Plan de Retiro, Pensionados y Jubilados<\/td><\/tr><tr><td>El director Financiero<\/td><\/tr><tr><td>El director Gesti\u00f3n Humana<\/td><\/tr><tr><td>El consultor jur\u00eddico<\/td><\/tr><tr><td>La directora general Administrativa<\/td><\/tr><\/tbody><\/table><\/figure>\n\n\n\n<figure class=\"wp-block-table\"><table class=\"has-fixed-layout\"><tbody><tr><td><strong>Comisi\u00f3n de Tecnolog\u00eda<\/strong><\/td><\/tr><tr><td>Coordinada por el presidente de la JCE, Rom\u00e1n Andr\u00e9s J\u00e1quez Liranzo<\/td><\/tr><tr><td><strong>Integrada por:<\/strong><\/td><\/tr><tr><td>La directora nacional de Registro Civil<\/td><\/tr><tr><td>La directora de Partidos Pol\u00edticos<\/td><\/tr><tr><td>La directora de Comunicaciones<\/td><\/tr><tr><td>El director de Inform\u00e1tica&nbsp;<\/td><\/tr><tr><td>El director de Planificaci\u00f3n y Desarrollo<\/td><\/tr><tr><td>El director del Voto Dominicano en el Exterior<\/td><\/tr><tr><td>El director de Cedulaci\u00f3n<\/td><\/tr><tr><td>El director de Registro Electoral<\/td><\/tr><tr><td>El director de Gesti\u00f3n Humana<\/td><\/tr><tr><td>El director de Infraestructura F\u00edsica<\/td><\/tr><\/tbody><\/table><\/figure>\n\n\n\n<figure class=\"wp-block-table\"><table class=\"has-fixed-layout\"><tbody><tr><td><strong>Comisi\u00f3n<\/strong> <strong>de Oficial\u00edas<\/strong><\/td><\/tr><tr><td>Coordinada por la miembro titular Dolores Altagracia Fern\u00e1ndez S\u00e1nchez<\/td><\/tr><tr><td><strong>Integrada por:<\/strong><\/td><\/tr><tr><td>La directora nacional de Registro Civil<\/td><\/tr><tr><td>La directora de la Oficina Central del Estado Civil<\/td><\/tr><tr><td>La encargada de la Unidad de Declaraciones Fuera de Plazo<\/td><\/tr><tr><td>El director de Inspector\u00eda<\/td><\/tr><tr><td>El consultor jur\u00eddico<\/td><\/tr><\/tbody><\/table><\/figure>\n\n\n\n<figure class=\"wp-block-table\"><table class=\"has-fixed-layout\"><tbody><tr><td><strong>Comisi\u00f3n de Pol\u00edticas de Igualdad de G\u00e9nero<\/strong><\/td><\/tr><tr><td>Coordinada por la miembro titular Dolores Altagracia Fern\u00e1ndez S\u00e1nchez<\/td><\/tr><tr><td><strong>Integrada por:<\/strong><\/td><\/tr><tr><td>La directora nacional de Registro Civil<\/td><\/tr><tr><td>La directora de Comunicaciones<\/td><\/tr><tr><td>El director Nacional de Elecciones<\/td><\/tr><tr><td>El director Planificaci\u00f3n y Desarrollo<\/td><\/tr><tr><td>El director de Gesti\u00f3n Humana<\/td><\/tr><tr><td>El rector interino de Instituto Especializado Superior en Formaci\u00f3n Pol\u00edtica Electoral y del Estado Civil (IESPEC)<\/td><\/tr><\/tbody><\/table><\/figure>\n\n\n\n<figure class=\"wp-block-table\"><table class=\"has-fixed-layout\"><tbody><tr><td><strong>Comisi\u00f3n de Juntas Electorales y Partidos Pol\u00edticos<\/strong><\/td><\/tr><tr><td>Coordinada por el miembro titular Samir Rafael Chami Isa<\/td><\/tr><tr><td><strong>Integrada por:<\/strong><\/td><\/tr><tr><td>El director de Elecciones<\/td><\/tr><tr><td>El director de Coordinaci\u00f3n de Juntas Electorales<\/td><\/tr><tr><td>La directora de Partidos Pol\u00edticos<\/td><\/tr><tr><td>El director de Gesti\u00f3n Humana<\/td><\/tr><tr><td>El director de Inspector\u00eda<\/td><\/tr><\/tbody><\/table><\/figure>\n\n\n\n<figure class=\"wp-block-table\"><table class=\"has-fixed-layout\"><tbody><tr><td><strong>Comisi\u00f3n de Descargo de Activos<\/strong><\/td><\/tr><tr><td>Coordinada de manera conjunta por los miembros titulares Samir Rafael Chami Isa y Rafael Armando Vallejo Santelises<\/td><\/tr><tr><td><strong>Integrada por:<\/strong><\/td><\/tr><tr><td>La directora general Administrativa<\/td><\/tr><tr><td>El director Financiero<\/td><\/tr><tr><td>El auditor general<\/td><\/tr><tr><td>La encargada de la Secci\u00f3n de Inventario<\/td><\/tr><\/tbody><\/table><\/figure>\n\n\n\n<figure class=\"wp-block-table\"><table class=\"has-fixed-layout\"><tbody><tr><td><strong>Comisi\u00f3n de Infraestructura<\/strong><\/td><\/tr><tr><td>Coordinada de manera conjunta por los miembros titulares Samir Rafael Chami Isa y Rafael Armando Vallejo Santelises<\/td><\/tr><\/tbody><\/table><\/figure>\n\n\n\n<figure class=\"wp-block-table\"><table class=\"has-fixed-layout\"><tbody><tr><td><strong>Comisi\u00f3n del Voto Dominicano en el Exterior<\/strong><\/td><\/tr><tr><td>Coordinada por la miembro titular Hirayda Marcelle Fern\u00e1ndez Guzm\u00e1n<\/td><\/tr><tr><td><strong>Integrada por:<\/strong><\/td><\/tr><tr><td>El director del Voto Dominicano en el Exterior<\/td><\/tr><tr><td>El director de Elecciones<\/td><\/tr><tr><td>El director de Cedulaci\u00f3n<\/td><\/tr><tr><td>El director de Inform\u00e1tica&nbsp;<\/td><\/tr><tr><td>El director de Registro Electoral<\/td><\/tr><\/tbody><\/table><\/figure>\n\n\n\n<figure class=\"wp-block-table\"><table class=\"has-fixed-layout\"><tbody><tr><td><strong>Comisi\u00f3n de Derechos Humanos<\/strong><\/td><\/tr><tr><td>Coordinada por la miembro titular Hirayda Marcelle Fern\u00e1ndez Guzm\u00e1n<\/td><\/tr><\/tbody><\/table><\/figure>\n\n\n\n<figure class=\"wp-block-table\"><table class=\"has-fixed-layout\"><tbody><tr><td><strong>Comisi\u00f3n de Cancelados e Inhabilitados<\/strong><\/td><\/tr><tr><td>Coordinada por la miembro titular Hirayda Marcelle Fern\u00e1ndez Guzm\u00e1n<\/td><\/tr><tr><td><strong>Integrada por:<\/strong><\/td><\/tr><tr><td>El consultor jur\u00eddico<\/td><\/tr><tr><td>El director Inspector\u00eda<\/td><\/tr><tr><td>El director de Cedulaci\u00f3n<\/td><\/tr><tr><td>El director de Inform\u00e1tica&nbsp;<\/td><\/tr><tr><td>El director de Registro Electoral<\/td><\/tr><\/tbody><\/table><\/figure>\n\n\n\n<figure class=\"wp-block-table\"><table class=\"has-fixed-layout\"><tbody><tr><td><strong>Comisi\u00f3n de Planificaci\u00f3n Presupuestaria<\/strong><\/td><\/tr><tr><td>Coordinada por el miembro titular Rafael Armando Vallejo Santelises<\/td><\/tr><tr><td><strong>Integrada por:<\/strong><\/td><\/tr><tr><td>El director Financiero<\/td><\/tr><tr><td>El auditor general<\/td><\/tr><tr><td>El presidente de la Comisi\u00f3n de Compras y Contrataciones<\/td><\/tr><tr><td>La directora general Administrativa<\/td><\/tr><tr><td>El Director de Planificaci\u00f3n y Desarrollo<\/td><\/tr><\/tbody><\/table><\/figure>\n","protected":false},"excerpt":{"rendered":"<p>El Pleno de la Junta Central Electoral (JCE), integrado por Rom\u00e1n Andr\u00e9s J\u00e1quez Liranzo, presidente; por los miembros titulares Dolores Altagracia Fern\u00e1ndez S\u00e1nchez, Samir Rafael Chami Isa, Hirayda Mercelle Fern\u00e1ndez&hellip;<\/p>\n","protected":false},"author":2,"featured_media":80193,"comment_status":"open","ping_status":"open","sticky":false,"template":"","format":"standard","meta":{"content-type":"","jetpack_post_was_ever_published":false,"_jetpack_newsletter_access":"","_jetpack_dont_email_post_to_subs":false,"_jetpack_newsletter_tier_id":0,"_jetpack_memberships_contains_paywalled_content":false,"_jetpack_memberships_contains_paid_content":false,"footnotes":""},"categories":[35,25],"tags":[16487,15143,183,368,967],"class_list":["post-91590","post","type-post","status-publish","format-standard","has-post-thumbnail","hentry","category-nacionales","category-portada","tag-2024-2028","tag-comisiones","tag-jce","tag-pleno","tag-trabajo"],"jetpack_featured_media_url":"https:\/\/lasprimeras.com.do\/wp-content\/uploads\/2024\/04\/img-Fachada-Normal-JCE-1.jpg","jetpack-related-posts":[{"id":111650,"url":"https:\/\/lasprimeras.com.do\/index.php\/2025\/10\/12\/jce-inicia-recepcion-de-propuestas-de-aspirantes-a-miembros-de-las-oclee-en-el-exterior\/","url_meta":{"origin":91590,"position":0},"title":"JCE inicia recepci\u00f3n de propuestas de aspirantes a miembros de las OCLEE en el exterior","author":"Nelson Feliz","date":"12 de octubre de 2025","format":false,"excerpt":"Estados Unidos. - Una comisi\u00f3n de la Junta Central Electoral (JCE) recibi\u00f3 las propuestas de aspirantes a miembros para conformar las Oficinas de Coordinaci\u00f3n de Log\u00edstica Electoral en el Exterior (OCLEE) de cara al proceso electoral del 2028, iniciando la jornada en Filadelfia y Washington. La comisi\u00f3n la encabezan la\u2026","rel":"","context":"En \u00abNACIONALES\u00bb","block_context":{"text":"NACIONALES","link":"https:\/\/lasprimeras.com.do\/index.php\/category\/nacionales\/"},"img":{"alt_text":"","src":"https:\/\/i0.wp.com\/lasprimeras.com.do\/wp-content\/uploads\/2025\/10\/JCE-2.jpg?resize=350%2C200&ssl=1","width":350,"height":200,"srcset":"https:\/\/i0.wp.com\/lasprimeras.com.do\/wp-content\/uploads\/2025\/10\/JCE-2.jpg?resize=350%2C200&ssl=1 1x, https:\/\/i0.wp.com\/lasprimeras.com.do\/wp-content\/uploads\/2025\/10\/JCE-2.jpg?resize=525%2C300&ssl=1 1.5x, https:\/\/i0.wp.com\/lasprimeras.com.do\/wp-content\/uploads\/2025\/10\/JCE-2.jpg?resize=700%2C400&ssl=1 2x"},"classes":[]},{"id":125535,"url":"https:\/\/lasprimeras.com.do\/index.php\/2026\/03\/24\/comision-de-la-jce-recibe-propuestas-de-aspirantes-a-miembros-de-las-oclee-en-europa\/","url_meta":{"origin":91590,"position":1},"title":"Comisi\u00f3n de la JCE recibe propuestas de aspirantes a miembros de las OCLEE en Europa","author":"Nelson Feliz","date":"24 de marzo de 2026","format":false,"excerpt":"Madrid, Espa\u00f1a. - Una comisi\u00f3n de la Junta Central Electoral (JCE) recibi\u00f3 las propuestas de los aspirantes a miembros de las Oficinas de Coordinaci\u00f3n de Log\u00edstica Electoral en el Exterior (OCLEE) de cara a las elecciones de 2028, en una ruta de trabajo que inici\u00f3 desde el 13 hasta el\u2026","rel":"","context":"En \u00abNACIONALES\u00bb","block_context":{"text":"NACIONALES","link":"https:\/\/lasprimeras.com.do\/index.php\/category\/nacionales\/"},"img":{"alt_text":"","src":"https:\/\/i0.wp.com\/lasprimeras.com.do\/wp-content\/uploads\/2026\/03\/OCLEE-09.jpg?resize=350%2C200&ssl=1","width":350,"height":200,"srcset":"https:\/\/i0.wp.com\/lasprimeras.com.do\/wp-content\/uploads\/2026\/03\/OCLEE-09.jpg?resize=350%2C200&ssl=1 1x, https:\/\/i0.wp.com\/lasprimeras.com.do\/wp-content\/uploads\/2026\/03\/OCLEE-09.jpg?resize=525%2C300&ssl=1 1.5x, https:\/\/i0.wp.com\/lasprimeras.com.do\/wp-content\/uploads\/2026\/03\/OCLEE-09.jpg?resize=700%2C400&ssl=1 2x"},"classes":[]},{"id":91027,"url":"https:\/\/lasprimeras.com.do\/index.php\/2024\/11\/06\/senado-escoge-a-unanimidad-titulares-y-suplentes-de-la-jce-para-el-periodo-2024-2028\/","url_meta":{"origin":91590,"position":2},"title":"Senado escoge a unanimidad titulares y suplentes de la JCE para el periodo 2024-2028","author":"Nelson Feliz","date":"6 de noviembre de 2024","format":false,"excerpt":"El presidente de la C\u00e1mara Alta, Ricardo de los Santos convoc\u00f3 al pleno de los senadores para la juramentaci\u00f3n de los titulares, miembros y suplentes de la Junta Central Electoral (JCE), para el pr\u00f3ximo mi\u00e9rcoles a las 10:00 am. El Senado de la Rep\u00fablica escogi\u00f3 a unanimidad los nuevos miembros\u2026","rel":"","context":"En \u00abNACIONALES\u00bb","block_context":{"text":"NACIONALES","link":"https:\/\/lasprimeras.com.do\/index.php\/category\/nacionales\/"},"img":{"alt_text":"Senado","src":"https:\/\/i0.wp.com\/lasprimeras.com.do\/wp-content\/uploads\/2024\/10\/Senado-2.jpg?resize=350%2C200&ssl=1","width":350,"height":200,"srcset":"https:\/\/i0.wp.com\/lasprimeras.com.do\/wp-content\/uploads\/2024\/10\/Senado-2.jpg?resize=350%2C200&ssl=1 1x, https:\/\/i0.wp.com\/lasprimeras.com.do\/wp-content\/uploads\/2024\/10\/Senado-2.jpg?resize=525%2C300&ssl=1 1.5x, https:\/\/i0.wp.com\/lasprimeras.com.do\/wp-content\/uploads\/2024\/10\/Senado-2.jpg?resize=700%2C400&ssl=1 2x"},"classes":[]},{"id":112757,"url":"https:\/\/lasprimeras.com.do\/index.php\/2025\/10\/27\/jce-concluye-en-ny-ruta-recepcion-de-propuestas-para-conformar-oclle\/","url_meta":{"origin":91590,"position":3},"title":"JCE concluye en NY ruta recepci\u00f3n de propuestas para conformar OCLLE","author":"Nelson Feliz","date":"27 de octubre de 2025","format":false,"excerpt":"https:\/\/www.youtube.com\/watch?v=_qooak9QeMM Por Ram\u00f3n Mercedes NUEVA YORK.- Una comisi\u00f3n de la Junta Central Electoral (JCE), encabezada por su presidente, doctor Rom\u00e1n J\u00e1quez Liranzo, concluy\u00f3 la noche de este domingo la ruta de recepci\u00f3n de propuestas para la conformaci\u00f3n de las Oficinas de Coordinaci\u00f3n de Log\u00edstica Electoral del Exterior (OCLEE), en varias\u2026","rel":"","context":"En \u00abLA VOZ DE LA DIASPORA\u00bb","block_context":{"text":"LA VOZ DE LA DIASPORA","link":"https:\/\/lasprimeras.com.do\/index.php\/category\/la-voz-de-la-diaspora\/"},"img":{"alt_text":"JCE concluye en NY ruta recepci\u00f3n de propuestas para conformar OCLLE en circunscripci\u00f3n 1-USA","src":"https:\/\/i0.wp.com\/lasprimeras.com.do\/wp-content\/uploads\/2025\/10\/JCE.jpeg?resize=350%2C200&ssl=1","width":350,"height":200,"srcset":"https:\/\/i0.wp.com\/lasprimeras.com.do\/wp-content\/uploads\/2025\/10\/JCE.jpeg?resize=350%2C200&ssl=1 1x, https:\/\/i0.wp.com\/lasprimeras.com.do\/wp-content\/uploads\/2025\/10\/JCE.jpeg?resize=525%2C300&ssl=1 1.5x"},"classes":[]},{"id":90310,"url":"https:\/\/lasprimeras.com.do\/index.php\/2024\/10\/19\/comision-especial-de-senadores-finaliza-entrevistas-aspirantes-a-integrar-jce\/","url_meta":{"origin":91590,"position":4},"title":"Comisi\u00f3n Especial de Senadores finaliza entrevistas aspirantes a integrar JCE","author":"Nelson Feliz","date":"19 de octubre de 2024","format":false,"excerpt":"La Comisi\u00f3n Especial del Senado de la Rep\u00fablica, conformada para estudiar las propuestas de candidaturas para la escogencia de los miembros de la Junta Central Electoral (JCE), para el per\u00edodo 2024-2028, finaliz\u00f3 este viernes las entrevistas a 102 aspirantes a integrar el organismo electoral. Seg\u00fan explic\u00f3 el presidente de la\u2026","rel":"","context":"En \u00abNACIONALES\u00bb","block_context":{"text":"NACIONALES","link":"https:\/\/lasprimeras.com.do\/index.php\/category\/nacionales\/"},"img":{"alt_text":"","src":"https:\/\/i0.wp.com\/lasprimeras.com.do\/wp-content\/uploads\/2024\/10\/SENA.jpg?resize=350%2C200&ssl=1","width":350,"height":200,"srcset":"https:\/\/i0.wp.com\/lasprimeras.com.do\/wp-content\/uploads\/2024\/10\/SENA.jpg?resize=350%2C200&ssl=1 1x, https:\/\/i0.wp.com\/lasprimeras.com.do\/wp-content\/uploads\/2024\/10\/SENA.jpg?resize=525%2C300&ssl=1 1.5x, https:\/\/i0.wp.com\/lasprimeras.com.do\/wp-content\/uploads\/2024\/10\/SENA.jpg?resize=700%2C400&ssl=1 2x"},"classes":[]},{"id":115040,"url":"https:\/\/lasprimeras.com.do\/index.php\/2025\/11\/18\/jce-recibe-propuestas-de-aspirantes-a-miembros-de-las-oclee-en-chile-y-panama\/","url_meta":{"origin":91590,"position":5},"title":"JCE recibe propuestas de aspirantes a miembros de las OCLEE en Chile y Panam\u00e1","author":"Nelson Feliz","date":"18 de noviembre de 2025","format":false,"excerpt":"Una comisi\u00f3n de la Junta Central Electoral (JCE) se traslad\u00f3 a Chile y Panam\u00e1 para recibir las propuestas de los aspirantes a miembros de las Oficinas de Coordinaci\u00f3n y de Log\u00edstica Electoral en el Exterior (OCLEE) de estos pa\u00edses de cara a las elecciones de 2028. La comisi\u00f3n de la\u2026","rel":"","context":"En \u00abNACIONALES\u00bb","block_context":{"text":"NACIONALES","link":"https:\/\/lasprimeras.com.do\/index.php\/category\/nacionales\/"},"img":{"alt_text":"","src":"https:\/\/i0.wp.com\/lasprimeras.com.do\/wp-content\/uploads\/2025\/11\/jce-1-1.jpg?resize=350%2C200&ssl=1","width":350,"height":200,"srcset":"https:\/\/i0.wp.com\/lasprimeras.com.do\/wp-content\/uploads\/2025\/11\/jce-1-1.jpg?resize=350%2C200&ssl=1 1x, https:\/\/i0.wp.com\/lasprimeras.com.do\/wp-content\/uploads\/2025\/11\/jce-1-1.jpg?resize=525%2C300&ssl=1 1.5x, https:\/\/i0.wp.com\/lasprimeras.com.do\/wp-content\/uploads\/2025\/11\/jce-1-1.jpg?resize=700%2C400&ssl=1 2x"},"classes":[]}],"jetpack_sharing_enabled":true,"_links":{"self":[{"href":"https:\/\/lasprimeras.com.do\/index.php\/wp-json\/wp\/v2\/posts\/91590","targetHints":{"allow":["GET"]}}],"collection":[{"href":"https:\/\/lasprimeras.com.do\/index.php\/wp-json\/wp\/v2\/posts"}],"about":[{"href":"https:\/\/lasprimeras.com.do\/index.php\/wp-json\/wp\/v2\/types\/post"}],"author":[{"embeddable":true,"href":"https:\/\/lasprimeras.com.do\/index.php\/wp-json\/wp\/v2\/users\/2"}],"replies":[{"embeddable":true,"href":"https:\/\/lasprimeras.com.do\/index.php\/wp-json\/wp\/v2\/comments?post=91590"}],"version-history":[{"count":1,"href":"https:\/\/lasprimeras.com.do\/index.php\/wp-json\/wp\/v2\/posts\/91590\/revisions"}],"predecessor-version":[{"id":91591,"href":"https:\/\/lasprimeras.com.do\/index.php\/wp-json\/wp\/v2\/posts\/91590\/revisions\/91591"}],"wp:featuredmedia":[{"embeddable":true,"href":"https:\/\/lasprimeras.com.do\/index.php\/wp-json\/wp\/v2\/media\/80193"}],"wp:attachment":[{"href":"https:\/\/lasprimeras.com.do\/index.php\/wp-json\/wp\/v2\/media?parent=91590"}],"wp:term":[{"taxonomy":"category","embeddable":true,"href":"https:\/\/lasprimeras.com.do\/index.php\/wp-json\/wp\/v2\/categories?post=91590"},{"taxonomy":"post_tag","embeddable":true,"href":"https:\/\/lasprimeras.com.do\/index.php\/wp-json\/wp\/v2\/tags?post=91590"}],"curies":[{"name":"wp","href":"https:\/\/api.w.org\/{rel}","templated":true}]}}