{"id":91615,"date":"2024-11-28T23:16:26","date_gmt":"2024-11-29T03:16:26","guid":{"rendered":"https:\/\/lasprimeras.com.do\/?p=91615"},"modified":"2024-11-28T23:16:27","modified_gmt":"2024-11-29T03:16:27","slug":"entregan-bonos-navidenos-clinica-cruz-jiminian-hospital-padre-billini-y-conavihsida","status":"publish","type":"post","link":"https:\/\/lasprimeras.com.do\/index.php\/2024\/11\/28\/entregan-bonos-navidenos-clinica-cruz-jiminian-hospital-padre-billini-y-conavihsida\/","title":{"rendered":"Entregan bonos navide\u00f1os Cl\u00ednica Cruz Jimini\u00e1n, Hospital Padre Billini y Conavihsida"},"content":{"rendered":"\n<p>El coordinador del Gabinete de Pol\u00edticas Sociales del Gobierno, Tony Pe\u00f1a Guaba, entreg\u00f3 este jueves durante un nutrido acto en la Cl\u00ednica Cruz Jimini\u00e1n, una cantidad considerable de bonos navide\u00f1os.<\/p>\n\n\n\n<p>Pe\u00f1a Guaba, cumple su promesa en el acto de lanzamiento del Bono Navide\u00f1o de este a\u00f1o, de que las llevar\u00eda a todas las instituciones vulnerables del pa\u00eds, como los hospitales, los patronatos de ciegos, de sordomudos, las personas con enfermedades de c\u00e1ncer, renales, diabetes y todas las personas que, en una forma u otra, necesitan que el Gobierno dominicano le tienda una mano amiga en esta navidad.<\/p>\n\n\n\n<p>&#8220;Quiero agradecer a la Fundaci\u00f3n, al doctor Cruz Jimini\u00e1n, y a su hijo Luis Cruz, dos \u00e1ngeles del pueblo dominicano, dos personas sumamente sacrificadas en materia de salud en este pa\u00eds, ya que esta es una cl\u00ednica del pueblo dominicano, aqu\u00ed se hacen cosas que nisiquiera en los hospitales p\u00fablicos se hacen, porque esta es una cl\u00ednica que est\u00e1 al servicio de la gente, no para servirse, y yo reconozco el trabajo que hacen padre e hijo, ya que realmente hacen un gran trabajo desde su fundaci\u00f3n y lo menos que puede hacer el gobierno dominicano es iniciar aqu\u00ed su recorrido de la ruta solidaria y el propio gabinete, visitando todas las comunidades, cl\u00ednicas, los sectores m\u00e1s vulnerables, los discapacitados, los enfermos de c\u00e1ncer, los enfermos de Sida, sordomudos, ciegos y otros sectores&#8221;, expres\u00f3 Tony Pe\u00f1a.<\/p>\n\n\n\n<p>Mientras que el doctor Antonio Cruz Jimini\u00e1n dijo que estos bonos ser\u00e1n manejados con la misma pulcritud de a\u00f1os anteriores y de uno a uno, entregados a aquellas personas que en realidad lo necesiten y lleven su c\u00e9dula.<\/p>\n\n\n\n<p>Agradeci\u00f3 al presidente de la Rep\u00fablica, Luis Abinader y a Pe\u00f1a Guaba, de quien expres\u00f3 que cada a\u00f1o hace entrega a la Fundaci\u00f3n Cruz Jimini\u00e1n de una cantidad muy significativa de bonos, y que adem\u00e1s mantiene abierta las puertas de su despacho durante todo el a\u00f1o.<\/p>\n\n\n\n<p>Durante su recorrido de este jueves, el coordinador del Gabinete de Pol\u00edticas Sociales del Gobierno, Tony Pe\u00f1a Guaba, adem\u00e1s de la Cl\u00ednica Cruz Jimini\u00e1n, tambi\u00e9n llev\u00f3 la llamada brisita navide\u00f1a al Hospital Padre Billini y al Copresida, ubicado en La Plaza de la Salud.<\/p>\n\n\n\n<p>Se recuerda que el pasado mi\u00e9rcoles el presidente Luis Abinader encabez\u00f3 el acto de lanzamiento del Bono Navide\u00f1o de este a\u00f1o, con el que se otorgar\u00e1n 1,500 pesos a los beneficiarios del referido programa.<\/p>\n\n\n\n<p>De acuerdo a las proyecciones del Gobierno, con \u201cLa brisita navide\u00f1a\u201d se beneficiar\u00e1n unas 3 millones de personas y se entregar\u00e1n a trav\u00e9s de las Tarjetas Bono Navide\u00f1o Mastercard de Banreservas como en a\u00f1os anteriores.<\/p>\n","protected":false},"excerpt":{"rendered":"<p>El coordinador del Gabinete de Pol\u00edticas Sociales del Gobierno, Tony Pe\u00f1a Guaba, entreg\u00f3 este jueves durante un nutrido acto en la Cl\u00ednica Cruz Jimini\u00e1n, una cantidad considerable de bonos navide\u00f1os.&hellip;<\/p>\n","protected":false},"author":2,"featured_media":91616,"comment_status":"open","ping_status":"open","sticky":false,"template":"","format":"standard","meta":{"content-type":"","jetpack_post_was_ever_published":false,"_jetpack_newsletter_access":"","_jetpack_dont_email_post_to_subs":false,"_jetpack_newsletter_tier_id":0,"_jetpack_memberships_contains_paywalled_content":false,"_jetpack_memberships_contains_paid_content":false,"footnotes":""},"categories":[39],"tags":[10272,16519,15599,11511,16439],"class_list":["post-91615","post","type-post","status-publish","format-standard","has-post-thumbnail","hentry","category-economia","tag-bonos-navidenos","tag-clinica-cruz-jiminian","tag-conavihsida","tag-hospital-padre-billini","tag-tony-pena-guaba"],"jetpack_featured_media_url":"https:\/\/lasprimeras.com.do\/wp-content\/uploads\/2024\/11\/pena-guaba.jpg","jetpack-related-posts":[{"id":91910,"url":"https:\/\/lasprimeras.com.do\/index.php\/2024\/12\/06\/tony-pena-guaba-defiende-la-entrega-del-bono-navideno-que-hizo-en-hospitales\/","url_meta":{"origin":91615,"position":0},"title":"Tony Pe\u00f1a Guaba defiende la entrega del bono navide\u00f1o que hizo en hospitales","author":"Nelson Feliz","date":"6 de diciembre de 2024","format":false,"excerpt":"El coordinador del Gabinete de Pol\u00edtica Social, Tony Pe\u00f1a Guaba, se pronunci\u00f3 este jueves en respuesta a las cr\u00edticas generadas por un video que lo muestra entregando bonos navide\u00f1os a pacientes en un hospital p\u00fablico. En su defensa, Pe\u00f1a Guaba dijo que lleva la ayuda a donde m\u00e1s se necesita.\u2026","rel":"","context":"En \u00abECONOM\u00cdA\u00bb","block_context":{"text":"ECONOM\u00cdA","link":"https:\/\/lasprimeras.com.do\/index.php\/category\/economia\/"},"img":{"alt_text":"","src":"https:\/\/i0.wp.com\/lasprimeras.com.do\/wp-content\/uploads\/2024\/12\/Tony-Pena-Guaba.jpg?resize=350%2C200&ssl=1","width":350,"height":200,"srcset":"https:\/\/i0.wp.com\/lasprimeras.com.do\/wp-content\/uploads\/2024\/12\/Tony-Pena-Guaba.jpg?resize=350%2C200&ssl=1 1x, https:\/\/i0.wp.com\/lasprimeras.com.do\/wp-content\/uploads\/2024\/12\/Tony-Pena-Guaba.jpg?resize=525%2C300&ssl=1 1.5x, https:\/\/i0.wp.com\/lasprimeras.com.do\/wp-content\/uploads\/2024\/12\/Tony-Pena-Guaba.jpg?resize=700%2C400&ssl=1 2x"},"classes":[]},{"id":91520,"url":"https:\/\/lasprimeras.com.do\/index.php\/2024\/11\/25\/pena-guaba-compensara-con-bonos-navidenos-inscritos-en-el-programa-superate\/","url_meta":{"origin":91615,"position":1},"title":"Pe\u00f1a Guaba compensar\u00e1 con bonos navide\u00f1os inscritos en el programa sup\u00e9rate","author":"Nelson Feliz","date":"25 de noviembre de 2024","format":false,"excerpt":"El coordinador del Gabinete de Pol\u00edticas Sociales, Francisco Antonio (Tony) Pe\u00f1a Guaba, anunci\u00f3 que las ayudas gubernamentales lleguen a cada rinc\u00f3n del pa\u00eds durante el per\u00edodo navide\u00f1o, beneficiando a todos los dominicanos. Pe\u00f1a Guaba inform\u00f3 durante una amplia jornada social en San Francisco de Macor\u00eds, que una parte de la\u2026","rel":"","context":"En \u00abECONOM\u00cdA\u00bb","block_context":{"text":"ECONOM\u00cdA","link":"https:\/\/lasprimeras.com.do\/index.php\/category\/economia\/"},"img":{"alt_text":"","src":"https:\/\/i0.wp.com\/lasprimeras.com.do\/wp-content\/uploads\/2024\/11\/tony-1.jpg?resize=350%2C200&ssl=1","width":350,"height":200,"srcset":"https:\/\/i0.wp.com\/lasprimeras.com.do\/wp-content\/uploads\/2024\/11\/tony-1.jpg?resize=350%2C200&ssl=1 1x, https:\/\/i0.wp.com\/lasprimeras.com.do\/wp-content\/uploads\/2024\/11\/tony-1.jpg?resize=525%2C300&ssl=1 1.5x, https:\/\/i0.wp.com\/lasprimeras.com.do\/wp-content\/uploads\/2024\/11\/tony-1.jpg?resize=700%2C400&ssl=1 2x"},"classes":[]},{"id":116168,"url":"https:\/\/lasprimeras.com.do\/index.php\/2025\/11\/27\/presidente-abinader-lanza-el-bono-navideno-2025-para-2-6-millones-de-dominicanos\/","url_meta":{"origin":91615,"position":2},"title":"Presidente Abinader lanza el Bono Navide\u00f1o 2025 para 2.6 millones de dominicanos","author":"Nelson Feliz","date":"27 de noviembre de 2025","format":false,"excerpt":"Tambi\u00e9n, exhorta a los dominicanos a recibir el 2026 con esperanza, optimismo y determinaci\u00f3n, trabajando juntos por la salud, el progreso y el bienestar de todas las familias. En paralelo, desde la provincia de Santiago, la vicepresidenta Raquel Pe\u00f1a encabez\u00f3 el acto de entrega del Bono Navide\u00f1o para la regi\u00f3n\u2026","rel":"","context":"En \u00abECONOM\u00cdA\u00bb","block_context":{"text":"ECONOM\u00cdA","link":"https:\/\/lasprimeras.com.do\/index.php\/category\/economia\/"},"img":{"alt_text":"","src":"https:\/\/i0.wp.com\/lasprimeras.com.do\/wp-content\/uploads\/2025\/11\/bono-navideo.jpg?resize=350%2C200&ssl=1","width":350,"height":200,"srcset":"https:\/\/i0.wp.com\/lasprimeras.com.do\/wp-content\/uploads\/2025\/11\/bono-navideo.jpg?resize=350%2C200&ssl=1 1x, https:\/\/i0.wp.com\/lasprimeras.com.do\/wp-content\/uploads\/2025\/11\/bono-navideo.jpg?resize=525%2C300&ssl=1 1.5x, https:\/\/i0.wp.com\/lasprimeras.com.do\/wp-content\/uploads\/2025\/11\/bono-navideo.jpg?resize=700%2C400&ssl=1 2x"},"classes":[]},{"id":67557,"url":"https:\/\/lasprimeras.com.do\/index.php\/2023\/11\/16\/cruz-jiminian-da-inicio-a-la-navidad-con-tradicional-actividad\/","url_meta":{"origin":91615,"position":3},"title":"Cruz Jimini\u00e1n da inicio a la Navidad con tradicional actividad","author":"Nelson Feliz","date":"16 de noviembre de 2023","format":false,"excerpt":"Como cada a\u00f1o, y con una colorida y alegre actividad, el doctor F\u00e9lix Antonio Cruz Jimini\u00e1n dio inicio a la Navidad en Cristo Rey, junto a todo el equipo de la cl\u00ednica que lleva su nombre y residentes de ese sector capitalino. \"Es una tradici\u00f3n en la cl\u00ednica Cruz Jimini\u00e1n\u2026","rel":"","context":"En \u00abENTRETENIMIENTO\u00bb","block_context":{"text":"ENTRETENIMIENTO","link":"https:\/\/lasprimeras.com.do\/index.php\/category\/entretenimiento\/"},"img":{"alt_text":"F\u00e9lix Antonio Cruz Jimini\u00e1n","src":"https:\/\/i0.wp.com\/lasprimeras.com.do\/wp-content\/uploads\/2023\/11\/Felix-Antonio-Cruz-Jiminian-1.jpg?resize=350%2C200&ssl=1","width":350,"height":200,"srcset":"https:\/\/i0.wp.com\/lasprimeras.com.do\/wp-content\/uploads\/2023\/11\/Felix-Antonio-Cruz-Jiminian-1.jpg?resize=350%2C200&ssl=1 1x, https:\/\/i0.wp.com\/lasprimeras.com.do\/wp-content\/uploads\/2023\/11\/Felix-Antonio-Cruz-Jiminian-1.jpg?resize=525%2C300&ssl=1 1.5x, https:\/\/i0.wp.com\/lasprimeras.com.do\/wp-content\/uploads\/2023\/11\/Felix-Antonio-Cruz-Jiminian-1.jpg?resize=700%2C400&ssl=1 2x"},"classes":[]},{"id":91369,"url":"https:\/\/lasprimeras.com.do\/index.php\/2024\/11\/19\/gabinete-de-politica-social-institucion-publica-mas-destacada-de-la-semana\/","url_meta":{"origin":91615,"position":4},"title":"Gabinete de Pol\u00edtica Social: Instituci\u00f3n P\u00fablica M\u00e1s Destacada de la Semana","author":"Nelson Feliz","date":"19 de noviembre de 2024","format":false,"excerpt":"El Gabinete de Pol\u00edtica Social, coordinado por Tony Pe\u00f1a Guaba, ha sido seleccionado como la Instituci\u00f3n P\u00fablica M\u00e1s Destacada de la Semana. A continuaci\u00f3n, detallamos las acciones realizadas por esta instituci\u00f3n durante los \u00faltimos d\u00edas, que la hacen merecedora de esta distinci\u00f3n otorgada por el portal Nuestras Instituciones P\u00fablicas. El\u2026","rel":"","context":"En \u00abNACIONALES\u00bb","block_context":{"text":"NACIONALES","link":"https:\/\/lasprimeras.com.do\/index.php\/category\/nacionales\/"},"img":{"alt_text":"","src":"https:\/\/i0.wp.com\/lasprimeras.com.do\/wp-content\/uploads\/2024\/11\/tony.jpg?resize=350%2C200&ssl=1","width":350,"height":200,"srcset":"https:\/\/i0.wp.com\/lasprimeras.com.do\/wp-content\/uploads\/2024\/11\/tony.jpg?resize=350%2C200&ssl=1 1x, https:\/\/i0.wp.com\/lasprimeras.com.do\/wp-content\/uploads\/2024\/11\/tony.jpg?resize=525%2C300&ssl=1 1.5x, https:\/\/i0.wp.com\/lasprimeras.com.do\/wp-content\/uploads\/2024\/11\/tony.jpg?resize=700%2C400&ssl=1 2x"},"classes":[]},{"id":118366,"url":"https:\/\/lasprimeras.com.do\/index.php\/2025\/12\/27\/falta-de-transparencia-en-el-reparto-de-rd-1500-millones-de-bonos-navidenos\/","url_meta":{"origin":91615,"position":5},"title":"Falta de transparencia en el reparto de RD $1,500 millones de bonos navide\u00f1os","author":"Nelson Feliz","date":"27 de diciembre de 2025","format":false,"excerpt":"Tem\u00edstocles Mont\u00e1s, vicepresidente del PLD, critica falta de transparencia del actual Gobierno en el manejo de los recursos p\u00fablicos. El vicepresidente del Partido de la Liberaci\u00f3n Dominicana (PLD), Tem\u00edstocles Mont\u00e1s, critic\u00f3 este d\u00eda la falta de transparencia del actual Gobierno en el manejo de los recursos p\u00fablicos en las acciones\u2026","rel":"","context":"En \u00abECONOM\u00cdA\u00bb","block_context":{"text":"ECONOM\u00cdA","link":"https:\/\/lasprimeras.com.do\/index.php\/category\/economia\/"},"img":{"alt_text":"Tem\u00edstocles Mont\u00e1s","src":"https:\/\/i0.wp.com\/lasprimeras.com.do\/wp-content\/uploads\/2025\/12\/Temistocles-Montas.jpg?resize=350%2C200&ssl=1","width":350,"height":200,"srcset":"https:\/\/i0.wp.com\/lasprimeras.com.do\/wp-content\/uploads\/2025\/12\/Temistocles-Montas.jpg?resize=350%2C200&ssl=1 1x, https:\/\/i0.wp.com\/lasprimeras.com.do\/wp-content\/uploads\/2025\/12\/Temistocles-Montas.jpg?resize=525%2C300&ssl=1 1.5x, https:\/\/i0.wp.com\/lasprimeras.com.do\/wp-content\/uploads\/2025\/12\/Temistocles-Montas.jpg?resize=700%2C400&ssl=1 2x"},"classes":[]}],"jetpack_sharing_enabled":true,"_links":{"self":[{"href":"https:\/\/lasprimeras.com.do\/index.php\/wp-json\/wp\/v2\/posts\/91615","targetHints":{"allow":["GET"]}}],"collection":[{"href":"https:\/\/lasprimeras.com.do\/index.php\/wp-json\/wp\/v2\/posts"}],"about":[{"href":"https:\/\/lasprimeras.com.do\/index.php\/wp-json\/wp\/v2\/types\/post"}],"author":[{"embeddable":true,"href":"https:\/\/lasprimeras.com.do\/index.php\/wp-json\/wp\/v2\/users\/2"}],"replies":[{"embeddable":true,"href":"https:\/\/lasprimeras.com.do\/index.php\/wp-json\/wp\/v2\/comments?post=91615"}],"version-history":[{"count":1,"href":"https:\/\/lasprimeras.com.do\/index.php\/wp-json\/wp\/v2\/posts\/91615\/revisions"}],"predecessor-version":[{"id":91617,"href":"https:\/\/lasprimeras.com.do\/index.php\/wp-json\/wp\/v2\/posts\/91615\/revisions\/91617"}],"wp:featuredmedia":[{"embeddable":true,"href":"https:\/\/lasprimeras.com.do\/index.php\/wp-json\/wp\/v2\/media\/91616"}],"wp:attachment":[{"href":"https:\/\/lasprimeras.com.do\/index.php\/wp-json\/wp\/v2\/media?parent=91615"}],"wp:term":[{"taxonomy":"category","embeddable":true,"href":"https:\/\/lasprimeras.com.do\/index.php\/wp-json\/wp\/v2\/categories?post=91615"},{"taxonomy":"post_tag","embeddable":true,"href":"https:\/\/lasprimeras.com.do\/index.php\/wp-json\/wp\/v2\/tags?post=91615"}],"curies":[{"name":"wp","href":"https:\/\/api.w.org\/{rel}","templated":true}]}}