{"id":91665,"date":"2024-11-30T21:51:42","date_gmt":"2024-12-01T01:51:42","guid":{"rendered":"https:\/\/lasprimeras.com.do\/?p=91665"},"modified":"2024-11-30T21:51:44","modified_gmt":"2024-12-01T01:51:44","slug":"gobierno-celebra-primer-consejo-de-ministros-en-higuey","status":"publish","type":"post","link":"https:\/\/lasprimeras.com.do\/index.php\/2024\/11\/30\/gobierno-celebra-primer-consejo-de-ministros-en-higuey\/","title":{"rendered":"Gobierno celebra primer Consejo de Ministros en Hig\u00fcey"},"content":{"rendered":"\n<p>El presidente Luis Abinader, junto a la vicepresidenta Raquel Pe\u00f1a, encabez\u00f3 el cuadrag\u00e9simo s\u00e9ptimo Consejo de Ministros, en el que adem\u00e1s participaron directores generales, empresarios, entidades de la sociedad civil y l\u00edderes locales, donde fueron presentados los avances logrados en esta provincia durante el cuatrienio 2020-2024 y se analizaron las acciones que se requieren para continuar impactando el desarrollo de la regi\u00f3n.<\/p>\n\n\n\n<p>En el Consejo celebrado en el recinto universitario UASD, el jefe de Estado reconoci\u00f3 la necesidad de asignar inversiones especiales a esta provincia, por su gran importancia a nivel poblacional y econ\u00f3mico.<\/p>\n\n\n\n<p>A esto, el ministro de la Presidencia y secretario t\u00e9cnico del Consejo de Ministros, Jos\u00e9 Ignacio Paliza, asegur\u00f3 ser\u00e1n atendidas las demandas presentadas.<\/p>\n\n\n\n<p>\u201cHemos hecho importantes inversiones en esta provincia, logrando cambios significativos en las comunidades. La Altagracia es un motor importante de la econom\u00eda nacional, y desde el Gobierno continuaremos impulsando su desarrollo integral para beneficio de toda su gente\u201d.<\/p>\n\n\n\n<p>Salud<\/p>\n\n\n\n<p>En ese sentido, Mario Lama, director del SNS, destac\u00f3 que en materia de salud se han invertido m\u00e1s de RD$1,042 millones en hospitales como Nuestra Se\u00f1ora de La Altagracia y el Hospital Municipal de Ver\u00f3n, para fortalecer la infraestructura de salud de la provincia, mejorando el acceso a servicios m\u00e9dicos.<\/p>\n\n\n\n<p>Educaci\u00f3n<\/p>\n\n\n\n<p>Frank De \u00d3leo, viceministro de Educaci\u00f3n, indic\u00f3 que la inversi\u00f3n en infraestructura educativa y programas pedag\u00f3gicos alcanza los RD$4,560 millones, incluyendo la inauguraci\u00f3n de centros emblem\u00e1ticos como la Estancia Infantil S\u00e1vica y el Centro de Educaci\u00f3n Especial Domingo Ortiz Vizca\u00edno, beneficiando a m\u00e1s de 1,700 estudiantes, asegurando la cobertura para los ni\u00f1os, ni\u00f1as y adolescentes.<\/p>\n\n\n\n<p>Vivienda<\/p>\n\n\n\n<p>El ministro de la Vivienda, Carlos Bonilla, dijo que el programa Dominicana se Reconstruye ha mejorado m\u00e1s de 2,600 viviendas en los municipios de Hig\u00fcey y San Rafael de Yuma y en el distrito municipal de Ver\u00f3n, con una inversi\u00f3n total de RD$548 millones.<\/p>\n\n\n\n<p>Obras P\u00fablicas<\/p>\n\n\n\n<p>Deligne Ascensi\u00f3n, ministro de Obras P\u00fablicas, expres\u00f3 que en obras terminadas y en ejecuci\u00f3n, la inversi\u00f3n general es de RD$4,375 millones, para la construcci\u00f3n de calles, carreteras, puentes, dentro de las que destaca la construcci\u00f3n de la primera etapa de la Circunvalaci\u00f3n La Otra Banda, que conectar\u00e1 el municipio de Hig\u00fcey con el \u00e1rea hotelera de la provincia. Estas obras impulsan la actividad comercial y tur\u00edstica, y dignifican la vida de la gente.<\/p>\n\n\n\n<p>Turismo<\/p>\n\n\n\n<p>Para continuar impulsando el turismo en la regi\u00f3n, el ministro David Collado precis\u00f3 se invirtieron RD$1,102 millones en la reconstrucci\u00f3n de v\u00edas en zonas como Ver\u00f3n, Punta Cana, as\u00ed como para el acondicionamiento de playas como Macao, en apoyo a los comerciantes de la zona y para el disfrute de visitantes y residentes.<\/p>\n\n\n\n<p>Agua potable<\/p>\n\n\n\n<p>Adem\u00e1s, el director del INAPA, Wellington Arnaud, proyect\u00f3 la realizaci\u00f3n de varios proyectos de agua potable y saneamiento, como la ampliaci\u00f3n del sistema de alcantarillado sanitario de Hig\u00fcey, que beneficiar\u00e1 a m\u00e1s de 245,000 personas con una inversi\u00f3n estimada de RD$6,954 millones.<\/p>\n\n\n\n<p>Agricultura<\/p>\n\n\n\n<p>El ministro de Agricultura, Limber Cruz, reiter\u00f3 se brind\u00f3 apoyo a 1,105 productores con 82,795 millones, se han construido pozos agr\u00edcolas y comunitarios, se han otorgado pr\u00e9stamos a tasa cero y se han realizado 641 mercados y 210 bodegas m\u00f3viles, entre otras medidas.<\/p>\n\n\n\n<p>Obras comunitarias<\/p>\n\n\n\n<p>En este aspecto, \u00c1ngel de la Cruz, inform\u00f3 se ha invertido en obras como polideportivos, campos de b\u00e9isbol y un destacamento.<\/p>\n\n\n\n<p>Seguridad Ciudadana<\/p>\n\n\n\n<p>En tanto que Faride Raful, ministra de Interior y Polic\u00eda, manifest\u00f3 que contin\u00faan mejorando la seguridad ciudadana y promoviendo la convivencia pac\u00edfica, reduciendo la contaminaci\u00f3n s\u00f3nica, regulando el expendio de bebidas alcoh\u00f3licas, entre otras acciones.<\/p>\n","protected":false},"excerpt":{"rendered":"<p>El presidente Luis Abinader, junto a la vicepresidenta Raquel Pe\u00f1a, encabez\u00f3 el cuadrag\u00e9simo s\u00e9ptimo Consejo de Ministros, en el que adem\u00e1s participaron directores generales, empresarios, entidades de la sociedad civil&hellip;<\/p>\n","protected":false},"author":2,"featured_media":91666,"comment_status":"open","ping_status":"open","sticky":false,"template":"","format":"standard","meta":{"content-type":"","jetpack_post_was_ever_published":false,"_jetpack_newsletter_access":"","_jetpack_dont_email_post_to_subs":false,"_jetpack_newsletter_tier_id":0,"_jetpack_memberships_contains_paywalled_content":false,"_jetpack_memberships_contains_paid_content":false,"footnotes":""},"categories":[39,25],"tags":[1144,171,1080,372,1847],"class_list":["post-91665","post","type-post","status-publish","format-standard","has-post-thumbnail","hentry","category-economia","category-portada","tag-consejo","tag-gobierno","tag-higuey","tag-la-altagracia","tag-ministros"],"jetpack_featured_media_url":"https:\/\/lasprimeras.com.do\/wp-content\/uploads\/2024\/11\/consejo-ministros.jpg","jetpack-related-posts":[{"id":109928,"url":"https:\/\/lasprimeras.com.do\/index.php\/2025\/09\/23\/raquel-pena-y-paliza-encabezan-quincuagesimo-segundo-consejo-de-ministros\/","url_meta":{"origin":91665,"position":0},"title":"Raquel Pe\u00f1a y Paliza encabezan quincuag\u00e9simo segundo Consejo de Ministros","author":"Nelson Feliz","date":"23 de septiembre de 2025","format":false,"excerpt":"La vicepresidenta de la Rep\u00fablica, Raquel Pe\u00f1a, junto al ministro de la Presidencia, Jos\u00e9 Ignacio Paliza, encabeza este martes el quincuag\u00e9simo segundo Consejo de Ministros en el Palacio Nacional. Durante el encuentro, que se desarrolla en el Sal\u00f3n del Consejo de Gobierno, se abordan diversos temas de inter\u00e9s nacional vinculados\u2026","rel":"","context":"En \u00abNACIONALES\u00bb","block_context":{"text":"NACIONALES","link":"https:\/\/lasprimeras.com.do\/index.php\/category\/nacionales\/"},"img":{"alt_text":"","src":"https:\/\/i0.wp.com\/lasprimeras.com.do\/wp-content\/uploads\/2025\/09\/consejo.jpg?resize=350%2C200&ssl=1","width":350,"height":200,"srcset":"https:\/\/i0.wp.com\/lasprimeras.com.do\/wp-content\/uploads\/2025\/09\/consejo.jpg?resize=350%2C200&ssl=1 1x, https:\/\/i0.wp.com\/lasprimeras.com.do\/wp-content\/uploads\/2025\/09\/consejo.jpg?resize=525%2C300&ssl=1 1.5x, https:\/\/i0.wp.com\/lasprimeras.com.do\/wp-content\/uploads\/2025\/09\/consejo.jpg?resize=700%2C400&ssl=1 2x"},"classes":[]},{"id":51455,"url":"https:\/\/lasprimeras.com.do\/index.php\/2023\/05\/31\/abinader-encabeza-trigesimo-consejo-de-ministros-y-directores-en-el-palacio-nacional\/","url_meta":{"origin":91665,"position":1},"title":"Abinader encabeza trig\u00e9simo Consejo de Ministros y Directores en el Palacio Nacional","author":"prenxa100","date":"31 de mayo de 2023","format":false,"excerpt":"Por Wilson P\u00e9rez Santo Domingo. - En estos momentos el presidente Luis Abinader y la vicepresidenta Raquel Pe\u00f1a, encabezan el trig\u00e9simo Consejo de Ministros y Directores en el Palacio Nacional, donde se tratan importantes temas sobre la marcha del gobierno. https:\/\/youtu.be\/q-2y6XvR6F8","rel":"","context":"En \u00abNACIONALES\u00bb","block_context":{"text":"NACIONALES","link":"https:\/\/lasprimeras.com.do\/index.php\/category\/nacionales\/"},"img":{"alt_text":"","src":"https:\/\/i0.wp.com\/img.youtube.com\/vi\/q-2y6XvR6F8\/0.jpg?resize=350%2C200","width":350,"height":200},"classes":[]},{"id":90064,"url":"https:\/\/lasprimeras.com.do\/index.php\/2024\/10\/12\/presidente-abinader-encabeza-consejo-de-ministros-y-directores-en-puerto-plata\/","url_meta":{"origin":91665,"position":2},"title":"Presidente Abinader encabeza consejo de Ministros y Directores, en Puerto Plata","author":"Nelson Feliz","date":"12 de octubre de 2024","format":false,"excerpt":"El presidente de la Rep\u00fablica, Luis Abinader, junto a la vicepresidenta, Raquel Pe\u00f1a, encabeza en estos momentos el cuadrag\u00e9simo tercer consejo de Gobierno con una representaci\u00f3n de sus principales Ministros y Directores Generales. En el encuentro, que busca poner en conocimiento del mandatario los logros y avances de la provincia\u2026","rel":"","context":"En \u00abNACIONALES\u00bb","block_context":{"text":"NACIONALES","link":"https:\/\/lasprimeras.com.do\/index.php\/category\/nacionales\/"},"img":{"alt_text":"","src":"https:\/\/i0.wp.com\/lasprimeras.com.do\/wp-content\/uploads\/2024\/10\/Luis-Abinader-pp-4.jpg?resize=350%2C200&ssl=1","width":350,"height":200,"srcset":"https:\/\/i0.wp.com\/lasprimeras.com.do\/wp-content\/uploads\/2024\/10\/Luis-Abinader-pp-4.jpg?resize=350%2C200&ssl=1 1x, https:\/\/i0.wp.com\/lasprimeras.com.do\/wp-content\/uploads\/2024\/10\/Luis-Abinader-pp-4.jpg?resize=525%2C300&ssl=1 1.5x, https:\/\/i0.wp.com\/lasprimeras.com.do\/wp-content\/uploads\/2024\/10\/Luis-Abinader-pp-4.jpg?resize=700%2C400&ssl=1 2x"},"classes":[]},{"id":54094,"url":"https:\/\/lasprimeras.com.do\/index.php\/2023\/07\/06\/consejo-de-ministros-aprueba-politica-presupuestaria-del-ano-2024\/","url_meta":{"origin":91665,"position":3},"title":"Consejo de Ministros aprueba pol\u00edtica presupuestaria del a\u00f1o 2024","author":"Nelson Feliz","date":"6 de julio de 2023","format":false,"excerpt":"Jochi Vicente dice que el monto del presupuesto ser\u00e1 superior para el a\u00f1o 2024 porque hay un crecimiento de la econom\u00eda del pa\u00eds. La Vicepresidenta Raquel Pe\u00f1a encabez\u00f3 la noche de este jueves un Consejo de Gobierno en el Palacio Nacional, donde se discutieron los lineamientos que servir\u00e1n de base\u2026","rel":"","context":"En \u00abECONOM\u00cdA\u00bb","block_context":{"text":"ECONOM\u00cdA","link":"https:\/\/lasprimeras.com.do\/index.php\/category\/economia\/"},"img":{"alt_text":"","src":"https:\/\/i0.wp.com\/lasprimeras.com.do\/wp-content\/uploads\/2023\/07\/Raquel-Pena-2.jpg?resize=350%2C200&ssl=1","width":350,"height":200,"srcset":"https:\/\/i0.wp.com\/lasprimeras.com.do\/wp-content\/uploads\/2023\/07\/Raquel-Pena-2.jpg?resize=350%2C200&ssl=1 1x, https:\/\/i0.wp.com\/lasprimeras.com.do\/wp-content\/uploads\/2023\/07\/Raquel-Pena-2.jpg?resize=525%2C300&ssl=1 1.5x, https:\/\/i0.wp.com\/lasprimeras.com.do\/wp-content\/uploads\/2023\/07\/Raquel-Pena-2.jpg?resize=700%2C400&ssl=1 2x"},"classes":[]},{"id":119363,"url":"https:\/\/lasprimeras.com.do\/index.php\/2026\/01\/11\/gobierno-prioriza-metas-estrategicas-para-2026-en-consejo-de-ministros-extendido\/","url_meta":{"origin":91665,"position":4},"title":"Gobierno prioriza metas estrat\u00e9gicas para 2026 en Consejo de Ministros extendido","author":"Nelson Feliz","date":"11 de enero de 2026","format":false,"excerpt":"La jornada permiti\u00f3 articular planificaci\u00f3n, presupuesto y mecanismos de seguimiento enfocados en resultados La sesi\u00f3n cont\u00f3 con el respaldo t\u00e9cnico y metodol\u00f3gico del Banco Interamericano de Desarrollo y del exministro del Reino Unido, Francis Maude El presidente Luis Abinader, acompa\u00f1ado de la vicepresidenta Raquel Pe\u00f1a, encabez\u00f3 este domingo el Consejo\u2026","rel":"","context":"En \u00abNACIONALES\u00bb","block_context":{"text":"NACIONALES","link":"https:\/\/lasprimeras.com.do\/index.php\/category\/nacionales\/"},"img":{"alt_text":"","src":"https:\/\/i0.wp.com\/lasprimeras.com.do\/wp-content\/uploads\/2026\/01\/Consejo-de-Ministros.jpg?resize=350%2C200&ssl=1","width":350,"height":200,"srcset":"https:\/\/i0.wp.com\/lasprimeras.com.do\/wp-content\/uploads\/2026\/01\/Consejo-de-Ministros.jpg?resize=350%2C200&ssl=1 1x, https:\/\/i0.wp.com\/lasprimeras.com.do\/wp-content\/uploads\/2026\/01\/Consejo-de-Ministros.jpg?resize=525%2C300&ssl=1 1.5x, https:\/\/i0.wp.com\/lasprimeras.com.do\/wp-content\/uploads\/2026\/01\/Consejo-de-Ministros.jpg?resize=700%2C400&ssl=1 2x"},"classes":[]},{"id":121607,"url":"https:\/\/lasprimeras.com.do\/index.php\/2026\/02\/07\/consejo-presidencial-de-haiti-renuncia-tras-casi-dos-anos-en-el-poder\/","url_meta":{"origin":91665,"position":5},"title":"Consejo presidencial de Hait\u00ed renuncia tras casi dos a\u00f1os en el poder","author":"Nelson Feliz","date":"7 de febrero de 2026","format":false,"excerpt":"POR EVENS SANON and D\u00c1NICA COTO PUERTO PR\u00cdNCIPE, Hait\u00ed (AP) \u2014 El consejo presidencial de Hait\u00ed renunci\u00f3 el s\u00e1bado tras casi dos a\u00f1os de un tumultuoso gobierno junto a un primer ministro respaldado por Estados Unidos, quien se espera que permanezca en el poder mientras el pa\u00eds se prepara para\u2026","rel":"","context":"En \u00abINTERNACIONALES\u00bb","block_context":{"text":"INTERNACIONALES","link":"https:\/\/lasprimeras.com.do\/index.php\/category\/sin-categoria\/internacionales\/"},"img":{"alt_text":"El primer ministro de Hait\u00ed, Alix Didier Fils-Aim\u00e9, asiste a la toma de posesi\u00f3n del nuevo gabinete de la naci\u00f3n, en Puerto Pr\u00edncipe, Hait\u00ed, el 16 de noviembre de 2024. (AP Foto\/Odelyn Joseph, Archivo)","src":"https:\/\/i0.wp.com\/lasprimeras.com.do\/wp-content\/uploads\/2026\/02\/HAITI.jpg?resize=350%2C200&ssl=1","width":350,"height":200,"srcset":"https:\/\/i0.wp.com\/lasprimeras.com.do\/wp-content\/uploads\/2026\/02\/HAITI.jpg?resize=350%2C200&ssl=1 1x, https:\/\/i0.wp.com\/lasprimeras.com.do\/wp-content\/uploads\/2026\/02\/HAITI.jpg?resize=525%2C300&ssl=1 1.5x, https:\/\/i0.wp.com\/lasprimeras.com.do\/wp-content\/uploads\/2026\/02\/HAITI.jpg?resize=700%2C400&ssl=1 2x"},"classes":[]}],"jetpack_sharing_enabled":true,"_links":{"self":[{"href":"https:\/\/lasprimeras.com.do\/index.php\/wp-json\/wp\/v2\/posts\/91665","targetHints":{"allow":["GET"]}}],"collection":[{"href":"https:\/\/lasprimeras.com.do\/index.php\/wp-json\/wp\/v2\/posts"}],"about":[{"href":"https:\/\/lasprimeras.com.do\/index.php\/wp-json\/wp\/v2\/types\/post"}],"author":[{"embeddable":true,"href":"https:\/\/lasprimeras.com.do\/index.php\/wp-json\/wp\/v2\/users\/2"}],"replies":[{"embeddable":true,"href":"https:\/\/lasprimeras.com.do\/index.php\/wp-json\/wp\/v2\/comments?post=91665"}],"version-history":[{"count":1,"href":"https:\/\/lasprimeras.com.do\/index.php\/wp-json\/wp\/v2\/posts\/91665\/revisions"}],"predecessor-version":[{"id":91667,"href":"https:\/\/lasprimeras.com.do\/index.php\/wp-json\/wp\/v2\/posts\/91665\/revisions\/91667"}],"wp:featuredmedia":[{"embeddable":true,"href":"https:\/\/lasprimeras.com.do\/index.php\/wp-json\/wp\/v2\/media\/91666"}],"wp:attachment":[{"href":"https:\/\/lasprimeras.com.do\/index.php\/wp-json\/wp\/v2\/media?parent=91665"}],"wp:term":[{"taxonomy":"category","embeddable":true,"href":"https:\/\/lasprimeras.com.do\/index.php\/wp-json\/wp\/v2\/categories?post=91665"},{"taxonomy":"post_tag","embeddable":true,"href":"https:\/\/lasprimeras.com.do\/index.php\/wp-json\/wp\/v2\/tags?post=91665"}],"curies":[{"name":"wp","href":"https:\/\/api.w.org\/{rel}","templated":true}]}}