{"id":91693,"date":"2024-12-01T14:42:01","date_gmt":"2024-12-01T18:42:01","guid":{"rendered":"https:\/\/lasprimeras.com.do\/?p=91693"},"modified":"2024-12-01T14:42:03","modified_gmt":"2024-12-01T18:42:03","slug":"digev-gradua-3935-estudiantes-de-la-region-nordeste","status":"publish","type":"post","link":"https:\/\/lasprimeras.com.do\/index.php\/2024\/12\/01\/digev-gradua-3935-estudiantes-de-la-region-nordeste\/","title":{"rendered":"DIGEV grad\u00faa 3,935 estudiantes de la regi\u00f3n Nordeste"},"content":{"rendered":"\n<p>La Direcci\u00f3n General de las Escuelas Vocacionales de las Fuerzas Armadas y de la Polic\u00eda Nacional (DIGEV) del Ministerio de Defensa (MIDE), realizaron su quinta graduaci\u00f3n correspondiente al periodo acad\u00e9mico 2024, en la cual 3,935 estudiantes de Nagua, Mar\u00eda Trinidad S\u00e1nchez culminaron sus estudios en diversas carreras t\u00e9cnicas y especialidades.<\/p>\n\n\n\n<p>Los graduandos provienen de las provincias Mar\u00eda Trinidad S\u00e1nchez, Santa B\u00e1rbara de Saman\u00e1 y Duarte, as\u00ed como de los municipios de Castillo, Nagua, Los Pajones, Pimentel y Arroyo Barril.<\/p>\n\n\n\n<p>La ceremonia fue encabezada por el coronel Jos\u00e9 Ram\u00f3n Reyes Su\u00e1rez, director general de las Escuelas Vocacionales, quien subray\u00f3 el impacto de esta formaci\u00f3n t\u00e9cnica en la vida de los graduandos y en el desarrollo de sus comunidades:<\/p>\n\n\n\n<p>\u00abLos conocimientos adquiridos durante esta etapa abren nuevas puertas al \u00e1mbito laboral, brind\u00e1ndoles la posibilidad de contribuir de manera importante nuestra sociedad. Este \u00e9xito representa el comienzo de un camino que, aunque desafiante, estar\u00e1 repleto de triunfos y metas alcanzadas.\u00bb, expres\u00f3 el coronel Reyes Su\u00e1rez.<\/p>\n\n\n\n<p>Asimismo, agradeci\u00f3 al ministro de Defensa, teniente general Carlos Antonio Fern\u00e1ndez Onofre, por su constante apoyo al fortalecimiento de las Escuelas Vocacionales, reafirmando el compromiso del MIDE con la formaci\u00f3n t\u00e9cnica y el desarrollo integral de la naci\u00f3n.<\/p>\n\n\n\n<p>Entre las especialidades ofertadas en este periodo acad\u00e9mico destacan Enfermer\u00eda, Hosteler\u00eda y Turismo, Masaje Corporal, Ingl\u00e9s, Reposter\u00eda, Auxiliar de Farmacia, Inform\u00e1tica, Conducci\u00f3n de Veh\u00edculos, Maquillaje Profesional, Ebanister\u00eda y Electricidad. <\/p>\n\n\n\n<p>Cabe destacar que, en esta ocasi\u00f3n, el programa de Enfermer\u00eda celebra la graduaci\u00f3n de 62 participantes de esta regi\u00f3n, consolidando su relevancia en la formaci\u00f3n t\u00e9cnica local.<\/p>\n\n\n\n<p>La ceremonia cont\u00f3 con la presencia de autoridades civiles, militares y policiales de la regi\u00f3n, representantes de INFOTEP, inspectores de las Escuelas Vocacionales, as\u00ed como familiares, profesores y miembros del personal administrativo de las instituciones educativas.<\/p>\n\n\n\n<p>Este significativo acto reafirma el compromiso de las Escuelas Vocacionales con la educaci\u00f3n inclusiva y de calidad, constituy\u00e9ndose en un eje estrat\u00e9gico para el crecimiento econ\u00f3mico y social de la regi\u00f3n Nordeste y del pa\u00eds.<\/p>\n","protected":false},"excerpt":{"rendered":"<p>La Direcci\u00f3n General de las Escuelas Vocacionales de las Fuerzas Armadas y de la Polic\u00eda Nacional (DIGEV) del Ministerio de Defensa (MIDE), realizaron su quinta graduaci\u00f3n correspondiente al periodo acad\u00e9mico&hellip;<\/p>\n","protected":false},"author":2,"featured_media":91694,"comment_status":"open","ping_status":"open","sticky":false,"template":"","format":"standard","meta":{"content-type":"","jetpack_post_was_ever_published":false,"_jetpack_newsletter_access":"","_jetpack_dont_email_post_to_subs":false,"_jetpack_newsletter_tier_id":0,"_jetpack_memberships_contains_paywalled_content":false,"_jetpack_memberships_contains_paid_content":false,"footnotes":""},"categories":[3057],"tags":[353,658,524,1008,444,5462,659],"class_list":["post-91693","post","type-post","status-publish","format-standard","has-post-thumbnail","hentry","category-militares","tag-defensa","tag-escuelas","tag-estudiantes","tag-graduados","tag-ministerio","tag-region-nordeste","tag-vocacionales"],"jetpack_featured_media_url":"https:\/\/lasprimeras.com.do\/wp-content\/uploads\/2024\/12\/WhatsApp-Image-2024-11-29-at-7.42.24-PM-1.jpeg","jetpack-related-posts":[{"id":91536,"url":"https:\/\/lasprimeras.com.do\/index.php\/2024\/11\/26\/las-escuelas-vocacionales-graduan-4288-estudiantes-de-la-region-norte\/","url_meta":{"origin":91693,"position":0},"title":"Las Escuelas Vocacionales grad\u00faan 4,288 estudiantes de la regi\u00f3n Norte","author":"Nelson Feliz","date":"26 de noviembre de 2024","format":false,"excerpt":"La Direcci\u00f3n General de las Escuelas Vocacionales de las Fuerzas Armadas y Polic\u00eda Nacional (DIGEV) del Ministerio de Defensa (MIDE), realizaron este viernes su cuarta graduaci\u00f3n correspondiente al periodo acad\u00e9mico 2024 donde 4,288 estudiantes de la regi\u00f3n Norte culminaron sus estudios en distintas carreras t\u00e9cnicas y especialidades. Los graduandos provienen\u2026","rel":"","context":"En \u00abMILITARES\u00bb","block_context":{"text":"MILITARES","link":"https:\/\/lasprimeras.com.do\/index.php\/category\/militares\/"},"img":{"alt_text":"","src":"https:\/\/i0.wp.com\/lasprimeras.com.do\/wp-content\/uploads\/2024\/11\/digev-2.jpg?resize=350%2C200&ssl=1","width":350,"height":200,"srcset":"https:\/\/i0.wp.com\/lasprimeras.com.do\/wp-content\/uploads\/2024\/11\/digev-2.jpg?resize=350%2C200&ssl=1 1x, https:\/\/i0.wp.com\/lasprimeras.com.do\/wp-content\/uploads\/2024\/11\/digev-2.jpg?resize=525%2C300&ssl=1 1.5x, https:\/\/i0.wp.com\/lasprimeras.com.do\/wp-content\/uploads\/2024\/11\/digev-2.jpg?resize=700%2C400&ssl=1 2x"},"classes":[]},{"id":116038,"url":"https:\/\/lasprimeras.com.do\/index.php\/2025\/11\/26\/ministerio-de-defensa-entrega-46799-nuevos-tecnicos-a-traves-de-las-escuelas-vocacionales\/","url_meta":{"origin":91693,"position":1},"title":"Ministerio de Defensa entrega 46,799 nuevos t\u00e9cnicos a trav\u00e9s de las Escuelas Vocacionales","author":"Nelson Feliz","date":"26 de noviembre de 2025","format":false,"excerpt":"El DIGEV alcanza una cifra hist\u00f3rica de 509,875 egresados. El Ministerio de Defensa (MIDE), a trav\u00e9s de la Direcci\u00f3n General de las Escuelas Vocacionales de las Fuerzas Armadas y de la Polic\u00eda Nacional (DIGEV), culmin\u00f3 este mi\u00e9rcoles el programa acad\u00e9mico correspondiente al per\u00edodo 2025 con la investidura de 46,799 nuevos\u2026","rel":"","context":"En \u00abMILITARES\u00bb","block_context":{"text":"MILITARES","link":"https:\/\/lasprimeras.com.do\/index.php\/category\/militares\/"},"img":{"alt_text":"","src":"https:\/\/i0.wp.com\/lasprimeras.com.do\/wp-content\/uploads\/2025\/11\/principal-1.jpg?resize=350%2C200&ssl=1","width":350,"height":200,"srcset":"https:\/\/i0.wp.com\/lasprimeras.com.do\/wp-content\/uploads\/2025\/11\/principal-1.jpg?resize=350%2C200&ssl=1 1x, https:\/\/i0.wp.com\/lasprimeras.com.do\/wp-content\/uploads\/2025\/11\/principal-1.jpg?resize=525%2C300&ssl=1 1.5x, https:\/\/i0.wp.com\/lasprimeras.com.do\/wp-content\/uploads\/2025\/11\/principal-1.jpg?resize=700%2C400&ssl=1 2x"},"classes":[]},{"id":70149,"url":"https:\/\/lasprimeras.com.do\/index.php\/2023\/12\/08\/digev-gradua-1044-privados-de-libertad-de-la-carcel-de-la-victoria\/","url_meta":{"origin":91693,"position":2},"title":"DIGEV grad\u00faa 1,044 privados de libertad de la c\u00e1rcel de La Victoria","author":"Nelson Feliz","date":"8 de diciembre de 2023","format":false,"excerpt":"Por Martin Restituyo\u00a0 El director general de las Escuelas Vocacionales de las Fuerzas Armadas y de la Polic\u00eda Nacional (DIGEV), General de Brigada Jorge Luis Morel De Dios; encabez\u00f3 hoy el acto graduaci\u00f3n de 1,044 privados de libertad de la c\u00e1rcel de La Victoria, Santo Domingo Norte, quienes se graduaron\u2026","rel":"","context":"En \u00abMILITARES\u00bb","block_context":{"text":"MILITARES","link":"https:\/\/lasprimeras.com.do\/index.php\/category\/militares\/"},"img":{"alt_text":"DIGEV","src":"https:\/\/i0.wp.com\/lasprimeras.com.do\/wp-content\/uploads\/2023\/12\/DIGEV-1.jpg?resize=350%2C200&ssl=1","width":350,"height":200,"srcset":"https:\/\/i0.wp.com\/lasprimeras.com.do\/wp-content\/uploads\/2023\/12\/DIGEV-1.jpg?resize=350%2C200&ssl=1 1x, https:\/\/i0.wp.com\/lasprimeras.com.do\/wp-content\/uploads\/2023\/12\/DIGEV-1.jpg?resize=525%2C300&ssl=1 1.5x, https:\/\/i0.wp.com\/lasprimeras.com.do\/wp-content\/uploads\/2023\/12\/DIGEV-1.jpg?resize=700%2C400&ssl=1 2x"},"classes":[]},{"id":71033,"url":"https:\/\/lasprimeras.com.do\/index.php\/2023\/12\/16\/escuelas-vocacionales-cierran-programa-de-graduacion-2023-con-42-mil-300-nuevos-tecnicos-y-auxiliares\/","url_meta":{"origin":91693,"position":3},"title":"Escuelas Vocacionales cierran programa de graduaci\u00f3n 2023 con 42 mil 300 nuevos t\u00e9cnicos y auxiliares","author":"Nelson Feliz","date":"16 de diciembre de 2023","format":false,"excerpt":"Por Martin Restituyo La Direcci\u00f3n General de las Escuelas Vocacionales de las Fuerzas Armadas y de la Polic\u00eda Nacional (DIGEV) cerr\u00f3 hoy con \u00e9xito su programa de graduaci\u00f3n correspondiente al periodo acad\u00e9mico 2023 en donde se invistieron un total 42 mil nuevos t\u00e9cnicos y auxiliares en m\u00e1s de 100 acciones\u2026","rel":"","context":"En \u00abMILITARES\u00bb","block_context":{"text":"MILITARES","link":"https:\/\/lasprimeras.com.do\/index.php\/category\/militares\/"},"img":{"alt_text":"Escuelas Vocacionales","src":"https:\/\/i0.wp.com\/lasprimeras.com.do\/wp-content\/uploads\/2023\/12\/Escuelas-Vocacionales-1.jpg?resize=350%2C200&ssl=1","width":350,"height":200,"srcset":"https:\/\/i0.wp.com\/lasprimeras.com.do\/wp-content\/uploads\/2023\/12\/Escuelas-Vocacionales-1.jpg?resize=350%2C200&ssl=1 1x, https:\/\/i0.wp.com\/lasprimeras.com.do\/wp-content\/uploads\/2023\/12\/Escuelas-Vocacionales-1.jpg?resize=525%2C300&ssl=1 1.5x"},"classes":[]},{"id":119538,"url":"https:\/\/lasprimeras.com.do\/index.php\/2026\/01\/14\/mide-abre-el-ano-escolar-2026-de-las-escuelas-vocacionales-a-nivel-nacional\/","url_meta":{"origin":91693,"position":4},"title":"MIDE abre el a\u00f1o escolar 2026 de las Escuelas Vocacionales a nivel nacional","author":"Nelson Feliz","date":"14 de enero de 2026","format":false,"excerpt":"El Ministerio de Defensa (MIDE), a trav\u00e9s de la Direcci\u00f3n General de las Escuelas Vocacionales de las Fuerzas Armadas y de la Polic\u00eda Nacional (DIGEV), dej\u00f3 formalmente iniciado el a\u00f1o escolar 2026, de manera simult\u00e1nea en todas las sedes de DIGEV a nivel nacional, con una matr\u00edcula inicial que supera\u2026","rel":"","context":"En \u00abMILITARES\u00bb","block_context":{"text":"MILITARES","link":"https:\/\/lasprimeras.com.do\/index.php\/category\/militares\/"},"img":{"alt_text":"","src":"https:\/\/i0.wp.com\/lasprimeras.com.do\/wp-content\/uploads\/2026\/01\/IMG-20260113-WA0772.jpg?resize=350%2C200&ssl=1","width":350,"height":200,"srcset":"https:\/\/i0.wp.com\/lasprimeras.com.do\/wp-content\/uploads\/2026\/01\/IMG-20260113-WA0772.jpg?resize=350%2C200&ssl=1 1x, https:\/\/i0.wp.com\/lasprimeras.com.do\/wp-content\/uploads\/2026\/01\/IMG-20260113-WA0772.jpg?resize=525%2C300&ssl=1 1.5x, https:\/\/i0.wp.com\/lasprimeras.com.do\/wp-content\/uploads\/2026\/01\/IMG-20260113-WA0772.jpg?resize=700%2C400&ssl=1 2x, https:\/\/i0.wp.com\/lasprimeras.com.do\/wp-content\/uploads\/2026\/01\/IMG-20260113-WA0772.jpg?resize=1050%2C600&ssl=1 3x"},"classes":[]},{"id":91258,"url":"https:\/\/lasprimeras.com.do\/index.php\/2024\/11\/15\/escuelas-vocacionales-graduan-7-374-estudiantes-de-la-region-sur\/","url_meta":{"origin":91693,"position":5},"title":"Escuelas Vocacionales grad\u00faan 7.374 estudiantes de la regi\u00f3n Sur","author":"Nelson Feliz","date":"15 de noviembre de 2024","format":false,"excerpt":"El director general de las Escuelas Vocacionales de las Fuerzas Armadas y de la Polic\u00eda Nacional (DIGEV), coronel Jos\u00e9 R. Reyes Su\u00e1rez, encabez\u00f3 el acto de graduaci\u00f3n regional de 7,374 estudiantes pertenecientes a 11 municipios de la regi\u00f3n Sur, quienes fueron capacitados en m\u00e1s de 60 acciones formativas. La Escuelas\u2026","rel":"","context":"En \u00abMILITARES\u00bb","block_context":{"text":"MILITARES","link":"https:\/\/lasprimeras.com.do\/index.php\/category\/militares\/"},"img":{"alt_text":"","src":"https:\/\/i0.wp.com\/lasprimeras.com.do\/wp-content\/uploads\/2024\/11\/digevv-1.jpg?resize=350%2C200&ssl=1","width":350,"height":200,"srcset":"https:\/\/i0.wp.com\/lasprimeras.com.do\/wp-content\/uploads\/2024\/11\/digevv-1.jpg?resize=350%2C200&ssl=1 1x, https:\/\/i0.wp.com\/lasprimeras.com.do\/wp-content\/uploads\/2024\/11\/digevv-1.jpg?resize=525%2C300&ssl=1 1.5x, https:\/\/i0.wp.com\/lasprimeras.com.do\/wp-content\/uploads\/2024\/11\/digevv-1.jpg?resize=700%2C400&ssl=1 2x"},"classes":[]}],"jetpack_sharing_enabled":true,"_links":{"self":[{"href":"https:\/\/lasprimeras.com.do\/index.php\/wp-json\/wp\/v2\/posts\/91693","targetHints":{"allow":["GET"]}}],"collection":[{"href":"https:\/\/lasprimeras.com.do\/index.php\/wp-json\/wp\/v2\/posts"}],"about":[{"href":"https:\/\/lasprimeras.com.do\/index.php\/wp-json\/wp\/v2\/types\/post"}],"author":[{"embeddable":true,"href":"https:\/\/lasprimeras.com.do\/index.php\/wp-json\/wp\/v2\/users\/2"}],"replies":[{"embeddable":true,"href":"https:\/\/lasprimeras.com.do\/index.php\/wp-json\/wp\/v2\/comments?post=91693"}],"version-history":[{"count":1,"href":"https:\/\/lasprimeras.com.do\/index.php\/wp-json\/wp\/v2\/posts\/91693\/revisions"}],"predecessor-version":[{"id":91695,"href":"https:\/\/lasprimeras.com.do\/index.php\/wp-json\/wp\/v2\/posts\/91693\/revisions\/91695"}],"wp:featuredmedia":[{"embeddable":true,"href":"https:\/\/lasprimeras.com.do\/index.php\/wp-json\/wp\/v2\/media\/91694"}],"wp:attachment":[{"href":"https:\/\/lasprimeras.com.do\/index.php\/wp-json\/wp\/v2\/media?parent=91693"}],"wp:term":[{"taxonomy":"category","embeddable":true,"href":"https:\/\/lasprimeras.com.do\/index.php\/wp-json\/wp\/v2\/categories?post=91693"},{"taxonomy":"post_tag","embeddable":true,"href":"https:\/\/lasprimeras.com.do\/index.php\/wp-json\/wp\/v2\/tags?post=91693"}],"curies":[{"name":"wp","href":"https:\/\/api.w.org\/{rel}","templated":true}]}}