{"id":91696,"date":"2024-12-01T15:04:30","date_gmt":"2024-12-01T19:04:30","guid":{"rendered":"https:\/\/lasprimeras.com.do\/?p=91696"},"modified":"2024-12-01T15:04:32","modified_gmt":"2024-12-01T19:04:32","slug":"leonel-fernandez-realizara-la-voz-del-pueblo-este-lunes-2-de-diciembre","status":"publish","type":"post","link":"https:\/\/lasprimeras.com.do\/index.php\/2024\/12\/01\/leonel-fernandez-realizara-la-voz-del-pueblo-este-lunes-2-de-diciembre\/","title":{"rendered":"Leonel Fern\u00e1ndez realizar\u00e1 &#8220;La Voz del Pueblo&#8221; este lunes 2 de diciembre"},"content":{"rendered":"\n<p>El expresidente de la Rep\u00fablica Dominicana y l\u00edder del partido Fuerza del Pueblo, Leonel Fern\u00e1ndez, realizar\u00e1 &#8220;La Voz del Pueblo&#8221; desde la Casa del Pueblo Johnny Ventura este lunes, 2 de diciembre, a las 11:00 de la ma\u00f1ana.<\/p>\n\n\n\n<p>El evento, que estar\u00e1 abierto a la prensa, ser\u00e1 un espacio en el que Fern\u00e1ndez abordar\u00e1 temas de alto inter\u00e9s nacional, en un contexto marcado por el descontento ciudadano frente a las promesas incumplidas del gobierno del Partido Revolucionario Moderno (PRM). <\/p>\n\n\n\n<p>Este espacio se ha convertido en una plataforma clave para analizar las problem\u00e1ticas que afectan al pa\u00eds y proponer soluciones viables.<\/p>\n\n\n\n<p>Como l\u00edder de la oposici\u00f3n, Leonel Fern\u00e1ndez se ha consolidado como una figura destacada para quienes buscan una alternativa frente a las pol\u00edticas del actual gobierno. <\/p>\n\n\n\n<p>Su capacidad para conectar con la ciudadan\u00eda y ofrecer propuestas concretas refuerza su posici\u00f3n como un referente en el panorama pol\u00edtico nacional.<\/p>\n\n\n\n<p>En una edici\u00f3n pasada de &#8220;La Voz del Pueblo&#8221;, se revel\u00f3 la existencia de una red de espionaje que utilizaba c\u00e1maras de sem\u00e1foros para vigilar a la ciudadan\u00eda, lo que gener\u00f3 un amplio debate sobre la privacidad y el uso ilegal de la tecnolog\u00eda por parte del Estado y terceros. <\/p>\n\n\n\n<p>Este lunes, se espera que Fern\u00e1ndez vuelva a tratar temas de gran trascendencia para el futuro del pa\u00eds.<\/p>\n","protected":false},"excerpt":{"rendered":"<p>El expresidente de la Rep\u00fablica Dominicana y l\u00edder del partido Fuerza del Pueblo, Leonel Fern\u00e1ndez, realizar\u00e1 &#8220;La Voz del Pueblo&#8221; desde la Casa del Pueblo Johnny Ventura este lunes, 2&hellip;<\/p>\n","protected":false},"author":2,"featured_media":91697,"comment_status":"open","ping_status":"open","sticky":false,"template":"","format":"standard","meta":{"content-type":"","jetpack_post_was_ever_published":false,"_jetpack_newsletter_access":"","_jetpack_dont_email_post_to_subs":false,"_jetpack_newsletter_tier_id":0,"_jetpack_memberships_contains_paywalled_content":false,"_jetpack_memberships_contains_paid_content":false,"footnotes":""},"categories":[25],"tags":[16552,2038,12681,51],"class_list":["post-91696","post","type-post","status-publish","format-standard","has-post-thumbnail","hentry","category-portada","tag-2-de-diciembre","tag-este-lunes","tag-la-voz-del-pueblo","tag-leonel-fernandez"],"jetpack_featured_media_url":"https:\/\/lasprimeras.com.do\/wp-content\/uploads\/2024\/12\/WhatsApp-Image-2024-12-01-at-1.40.09-PM.jpeg","jetpack-related-posts":[{"id":90076,"url":"https:\/\/lasprimeras.com.do\/index.php\/2024\/10\/12\/leonel-realizara-la-voz-del-pueblo-este-lunes-14-de-octubre\/","url_meta":{"origin":91696,"position":0},"title":"Leonel realizar\u00e1 \u201cLa Voz del Pueblo\u201d este lunes 14 de octubre","author":"Nelson Feliz","date":"12 de octubre de 2024","format":false,"excerpt":"El l\u00edder de la oposici\u00f3n hablar\u00e1 en medio de la crisis pol\u00edtica creada por el gobierno debido a las nuevas reformas. El presidente del partido Fuerza del Pueblo (FP) y expresidente de la Rep\u00fablica, Leonel Fern\u00e1ndez, llevar\u00e1 a cabo una nueva edici\u00f3n de \u201cLa Voz del Pueblo\u201d, este lunes 14\u2026","rel":"","context":"En \u00abPORTADA\u00bb","block_context":{"text":"PORTADA","link":"https:\/\/lasprimeras.com.do\/index.php\/category\/portada\/"},"img":{"alt_text":"Leonel Fern\u00e1ndez","src":"https:\/\/i0.wp.com\/lasprimeras.com.do\/wp-content\/uploads\/2024\/10\/Leonel-Fernandez-2.jpg?resize=350%2C200&ssl=1","width":350,"height":200,"srcset":"https:\/\/i0.wp.com\/lasprimeras.com.do\/wp-content\/uploads\/2024\/10\/Leonel-Fernandez-2.jpg?resize=350%2C200&ssl=1 1x, https:\/\/i0.wp.com\/lasprimeras.com.do\/wp-content\/uploads\/2024\/10\/Leonel-Fernandez-2.jpg?resize=525%2C300&ssl=1 1.5x, https:\/\/i0.wp.com\/lasprimeras.com.do\/wp-content\/uploads\/2024\/10\/Leonel-Fernandez-2.jpg?resize=700%2C400&ssl=1 2x"},"classes":[]},{"id":89059,"url":"https:\/\/lasprimeras.com.do\/index.php\/2024\/09\/15\/leonel-fernandez-retoma-la-voz-del-pueblo-este-lunes-16-a-las-1100-a-m\/","url_meta":{"origin":91696,"position":1},"title":"Leonel Fern\u00e1ndez retoma &#8220;La Voz Del Pueblo&#8221; este lunes 16 a las 11:00 a.m.","author":"Nelson Feliz","date":"15 de septiembre de 2024","format":false,"excerpt":"Ser\u00e1 el contrapeso ante la constante propaganda gubernamental que distorsiona la realidad. El presidente del partido Fuerza del Pueblo (FP) y expresidente de la Rep\u00fablica Dominicana, Leonel Fern\u00e1ndez, reiniciar\u00e1 este lunes 16 de septiembre sus conversatorios con los dominicanos, abordando los problemas que afectan al pa\u00eds y compartiendo con la\u2026","rel":"","context":"En \u00abPORTADA\u00bb","block_context":{"text":"PORTADA","link":"https:\/\/lasprimeras.com.do\/index.php\/category\/portada\/"},"img":{"alt_text":"Leonel Fern\u00e1ndez","src":"https:\/\/i0.wp.com\/lasprimeras.com.do\/wp-content\/uploads\/2024\/09\/Leonel-Fernandez-1.jpg?resize=350%2C200&ssl=1","width":350,"height":200,"srcset":"https:\/\/i0.wp.com\/lasprimeras.com.do\/wp-content\/uploads\/2024\/09\/Leonel-Fernandez-1.jpg?resize=350%2C200&ssl=1 1x, https:\/\/i0.wp.com\/lasprimeras.com.do\/wp-content\/uploads\/2024\/09\/Leonel-Fernandez-1.jpg?resize=525%2C300&ssl=1 1.5x, https:\/\/i0.wp.com\/lasprimeras.com.do\/wp-content\/uploads\/2024\/09\/Leonel-Fernandez-1.jpg?resize=700%2C400&ssl=1 2x"},"classes":[]},{"id":106913,"url":"https:\/\/lasprimeras.com.do\/index.php\/2025\/08\/21\/leonel-la-crisis-actual-es-el-costo-de-haber-comprado-unas-elecciones-el-pueblo-se-la-esta-cobrando\/","url_meta":{"origin":91696,"position":2},"title":"Leonel: La crisis actual es el costo de haber comprado unas elecciones \u201cel pueblo se la est\u00e1 cobrando\u201d","author":"Nelson Feliz","date":"21 de agosto de 2025","format":false,"excerpt":"Relanzan el \u201cFrente de Balagueristas con Leonel\u201d y anuncian que trabajar\u00e1n para ganar en primera vuelta. El expresidente de la Rep\u00fablica, Leonel Fern\u00e1ndez, arremeti\u00f3 este mi\u00e9rcoles contra el gobierno del Partido Revolucionario Moderno (PRM), al asegurar que la actual crisis que atraviesa la naci\u00f3n es consecuencia directa del uso indebido\u2026","rel":"","context":"En \u00abPOLITICA\u00bb","block_context":{"text":"POLITICA","link":"https:\/\/lasprimeras.com.do\/index.php\/category\/politica\/"},"img":{"alt_text":"","src":"https:\/\/i0.wp.com\/lasprimeras.com.do\/wp-content\/uploads\/2025\/08\/LEONEL.jpg?resize=350%2C200&ssl=1","width":350,"height":200,"srcset":"https:\/\/i0.wp.com\/lasprimeras.com.do\/wp-content\/uploads\/2025\/08\/LEONEL.jpg?resize=350%2C200&ssl=1 1x, https:\/\/i0.wp.com\/lasprimeras.com.do\/wp-content\/uploads\/2025\/08\/LEONEL.jpg?resize=525%2C300&ssl=1 1.5x, https:\/\/i0.wp.com\/lasprimeras.com.do\/wp-content\/uploads\/2025\/08\/LEONEL.jpg?resize=700%2C400&ssl=1 2x"},"classes":[]},{"id":106464,"url":"https:\/\/lasprimeras.com.do\/index.php\/2025\/08\/15\/regidor-del-prm-se-une-a-la-fuerza-del-pueblo-y-es-juramentado-por-leonel-fernandez\/","url_meta":{"origin":91696,"position":3},"title":"Regidor del PRM se une a la Fuerza del Pueblo y es juramentado por Leonel Fern\u00e1ndez","author":"Nelson Feliz","date":"15 de agosto de 2025","format":false,"excerpt":"En el marco de su visita a la Ciudad Coraz\u00f3n, el presidente del partido Fuerza del Pueblo (FP), Leonel Fern\u00e1ndez, jurament\u00f3 al regidor del Partido Revolucionario Moderno (PRM) de Hatillo Palma, provincia Montecristi, Dany Torres, quien formaliz\u00f3 su ingreso a las filas de la organizaci\u00f3n pol\u00edtica liderada por el exmandatario.\u2026","rel":"","context":"En \u00abPOLITICA\u00bb","block_context":{"text":"POLITICA","link":"https:\/\/lasprimeras.com.do\/index.php\/category\/politica\/"},"img":{"alt_text":"","src":"https:\/\/i0.wp.com\/lasprimeras.com.do\/wp-content\/uploads\/2025\/08\/Dany-Torres.jpg?resize=350%2C200&ssl=1","width":350,"height":200,"srcset":"https:\/\/i0.wp.com\/lasprimeras.com.do\/wp-content\/uploads\/2025\/08\/Dany-Torres.jpg?resize=350%2C200&ssl=1 1x, https:\/\/i0.wp.com\/lasprimeras.com.do\/wp-content\/uploads\/2025\/08\/Dany-Torres.jpg?resize=525%2C300&ssl=1 1.5x, https:\/\/i0.wp.com\/lasprimeras.com.do\/wp-content\/uploads\/2025\/08\/Dany-Torres.jpg?resize=700%2C400&ssl=1 2x"},"classes":[]},{"id":116932,"url":"https:\/\/lasprimeras.com.do\/index.php\/2025\/12\/05\/llama-dominicanos-seguir-apoyo-a-leonel-para-garantizar-triunfo-arrollador-y-rd-vuelva-a-la-normalidad\/","url_meta":{"origin":91696,"position":4},"title":"Llama dominicanos seguir apoyo a Leonel para garantizar triunfo arrollador y RD vuelva a la normalidad","author":"Nelson Feliz","date":"5 de diciembre de 2025","format":false,"excerpt":"Por Ram\u00f3n Mercedes NUEVA YORK.- El presidente del activo movimiento pol\u00edtico en esta ciudad \u00abAmigos de Leonel\u00bb, que preside el empresario Jaime Vargas, exhorta a los dominicanos, tanto en dominicana como en el exterior, seguir apoyando al ex presidente Leonel Fern\u00e1ndez para garantizarle un triunfo arrollador en las elecciones del\u2026","rel":"","context":"En \u00abLA VOZ DE LA DIASPORA\u00bb","block_context":{"text":"LA VOZ DE LA DIASPORA","link":"https:\/\/lasprimeras.com.do\/index.php\/category\/la-voz-de-la-diaspora\/"},"img":{"alt_text":"","src":"https:\/\/i0.wp.com\/lasprimeras.com.do\/wp-content\/uploads\/2025\/12\/Llama-dominicano-seguir-apoyo-a-Leonel-para-garantizar-triunfo-arrollador-y-RD-vuelva-a-la-normalidad.jpg?resize=350%2C200&ssl=1","width":350,"height":200},"classes":[]},{"id":80740,"url":"https:\/\/lasprimeras.com.do\/index.php\/2024\/04\/11\/leonel-fernandez-anuncia-la-voz-del-pueblo-para-hablar-los-lunes-con-la-prensa-y-los-ciudadanos\/","url_meta":{"origin":91696,"position":5},"title":"Leonel Fern\u00e1ndez  anuncia \u201cLa Voz Del Pueblo\u201d para hablar los lunes con la prensa y los ciudadanos","author":"BIMARY DE JES\u00daS Matos","date":"11 de abril de 2024","format":false,"excerpt":"Santo Domingo.- El candidato presidencial del partido Fuerza del Pueblo, Leonel Fern\u00e1ndez, anunci\u00f3 que cada lunes, conversar\u00e1 con los dominicanos sobre los problemas que sufren y, compartir\u00e1 con la prensa las soluciones que tiene para traer el progreso a la Rep\u00fablica Dominicana. El primero de estos encuentros ser\u00e1 realizado este\u2026","rel":"","context":"En \u00abSin categor\u00eda\u00bb","block_context":{"text":"Sin categor\u00eda","link":"https:\/\/lasprimeras.com.do\/index.php\/category\/sin-categoria\/"},"img":{"alt_text":"","src":"https:\/\/i0.wp.com\/lasprimeras.com.do\/wp-content\/uploads\/2024\/04\/DANILO-CRUZ-PICHARDO-1-800x500-1.webp?resize=350%2C200&ssl=1","width":350,"height":200,"srcset":"https:\/\/i0.wp.com\/lasprimeras.com.do\/wp-content\/uploads\/2024\/04\/DANILO-CRUZ-PICHARDO-1-800x500-1.webp?resize=350%2C200&ssl=1 1x, https:\/\/i0.wp.com\/lasprimeras.com.do\/wp-content\/uploads\/2024\/04\/DANILO-CRUZ-PICHARDO-1-800x500-1.webp?resize=525%2C300&ssl=1 1.5x, https:\/\/i0.wp.com\/lasprimeras.com.do\/wp-content\/uploads\/2024\/04\/DANILO-CRUZ-PICHARDO-1-800x500-1.webp?resize=700%2C400&ssl=1 2x"},"classes":[]}],"jetpack_sharing_enabled":true,"_links":{"self":[{"href":"https:\/\/lasprimeras.com.do\/index.php\/wp-json\/wp\/v2\/posts\/91696","targetHints":{"allow":["GET"]}}],"collection":[{"href":"https:\/\/lasprimeras.com.do\/index.php\/wp-json\/wp\/v2\/posts"}],"about":[{"href":"https:\/\/lasprimeras.com.do\/index.php\/wp-json\/wp\/v2\/types\/post"}],"author":[{"embeddable":true,"href":"https:\/\/lasprimeras.com.do\/index.php\/wp-json\/wp\/v2\/users\/2"}],"replies":[{"embeddable":true,"href":"https:\/\/lasprimeras.com.do\/index.php\/wp-json\/wp\/v2\/comments?post=91696"}],"version-history":[{"count":1,"href":"https:\/\/lasprimeras.com.do\/index.php\/wp-json\/wp\/v2\/posts\/91696\/revisions"}],"predecessor-version":[{"id":91698,"href":"https:\/\/lasprimeras.com.do\/index.php\/wp-json\/wp\/v2\/posts\/91696\/revisions\/91698"}],"wp:featuredmedia":[{"embeddable":true,"href":"https:\/\/lasprimeras.com.do\/index.php\/wp-json\/wp\/v2\/media\/91697"}],"wp:attachment":[{"href":"https:\/\/lasprimeras.com.do\/index.php\/wp-json\/wp\/v2\/media?parent=91696"}],"wp:term":[{"taxonomy":"category","embeddable":true,"href":"https:\/\/lasprimeras.com.do\/index.php\/wp-json\/wp\/v2\/categories?post=91696"},{"taxonomy":"post_tag","embeddable":true,"href":"https:\/\/lasprimeras.com.do\/index.php\/wp-json\/wp\/v2\/tags?post=91696"}],"curies":[{"name":"wp","href":"https:\/\/api.w.org\/{rel}","templated":true}]}}