{"id":91739,"date":"2024-12-01T15:39:51","date_gmt":"2024-12-01T19:39:51","guid":{"rendered":"https:\/\/lasprimeras.com.do\/?p=91739"},"modified":"2024-12-01T15:39:53","modified_gmt":"2024-12-01T19:39:53","slug":"pld-dara-bienvenida-a-las-navidades-este-lunes-2-diciembre-en-su-casa-nacional","status":"publish","type":"post","link":"https:\/\/lasprimeras.com.do\/index.php\/2024\/12\/01\/pld-dara-bienvenida-a-las-navidades-este-lunes-2-diciembre-en-su-casa-nacional\/","title":{"rendered":"PLD dar\u00e1 bienvenida a las navidades este lunes 2 diciembre en su casa nacional"},"content":{"rendered":"\n<p>El Partido de la Liberaci\u00f3n Dominicana (PLD), encender\u00e1 las luces y exhibir\u00e1 las decoraciones navide\u00f1as en el complejo de edificaciones que componen la Casa Nacional Reinaldo Pared P\u00e9rez, acto tradicional de la familia pelede\u00edsta con el que formalmente ofrecen la bienvenida a las festividades navide\u00f1as este lunes 2 de diciembre a las seis de la tarde.<\/p>\n\n\n\n<p>La actividad, organizada por Comisi\u00f3n de Celebraciones y Conmemoraciones y que contar\u00e1 con la representaci\u00f3n de la direcci\u00f3n pol\u00edtica de la organizaci\u00f3n, se desarrollar\u00e1 en los jardines de la sede nacional para el encendido del decorado y disfrutar de un brindis navide\u00f1o y m\u00fasica de la temporada.<\/p>\n\n\n\n<p>Siguiendo la tradici\u00f3n, la Casa Nacional Reinaldo Pared P\u00e9rez se ilumina con luces de diferentes colores presentando una propuesta hermosa, que goza de la admiraci\u00f3n de los transe\u00fantes y los vecinos de la sede peledeista.<\/p>\n\n\n\n<p>Para el encuentro pautado para seis de la tarde se ha convocado a miembros y militantes del PLD, a sus familiares, a amigos y a los vecinos de Gascue, que siempre acuden a la Casa Nacional a disfrutar del espect\u00e1culo visual de las luminarias.<\/p>\n\n\n\n<p>Las navidades y diciembre tienen una especialidad en el Partido de la Liberaci\u00f3n Dominicana, pues su fundaci\u00f3n se produjo el 15 de diciembre de 1973, que este 2024 arribar\u00e1 a los 51 a\u00f1os de fundado.<\/p>\n\n\n\n<p>\u201cLa decoraci\u00f3n y todos los adornos lo han hecho los compa\u00f1eros y compa\u00f1eras que forman parte de las diferentes oficinas del PLD\u201d se destaca en la nota period\u00edstica, preparada por la Secretar\u00eda de Comunicaciones del PLD, anunciado la apertura a las navidades en el Partido de la Liberaci\u00f3n Dominicana.<\/p>\n","protected":false},"excerpt":{"rendered":"<p>El Partido de la Liberaci\u00f3n Dominicana (PLD), encender\u00e1 las luces y exhibir\u00e1 las decoraciones navide\u00f1as en el complejo de edificaciones que componen la Casa Nacional Reinaldo Pared P\u00e9rez, acto tradicional&hellip;<\/p>\n","protected":false},"author":2,"featured_media":53585,"comment_status":"open","ping_status":"open","sticky":false,"template":"","format":"standard","meta":{"content-type":"","jetpack_post_was_ever_published":false,"_jetpack_newsletter_access":"","_jetpack_dont_email_post_to_subs":false,"_jetpack_newsletter_tier_id":0,"_jetpack_memberships_contains_paywalled_content":false,"_jetpack_memberships_contains_paid_content":false,"footnotes":""},"categories":[25],"tags":[16554,1381,16555,2038,10094,269],"class_list":["post-91739","post","type-post","status-publish","format-standard","has-post-thumbnail","hentry","category-portada","tag-2-diciembre","tag-bienvenida","tag-casa-nacional","tag-este-lunes","tag-navidades","tag-pld"],"jetpack_featured_media_url":"https:\/\/lasprimeras.com.do\/wp-content\/uploads\/2023\/06\/Casa-Nacional-PLD.jpg","jetpack-related-posts":[{"id":116737,"url":"https:\/\/lasprimeras.com.do\/index.php\/2025\/12\/03\/pld-exhibe-decoracion-de-luces-de-su-sede-nacional-con-motivo-de-las-navidades\/","url_meta":{"origin":91739,"position":0},"title":"PLD exhibe decoraci\u00f3n de luces de su sede nacional con motivo de las navidades","author":"Nelson Feliz","date":"3 de diciembre de 2025","format":false,"excerpt":"El Partido de la Liberaci\u00f3n Dominicana (PLD) exhibe al p\u00fablico desde este jueves, la decoraci\u00f3n de luces de su sede nacional, con motivo de las navidades en un acto de apertura, pautado para la 6:00 de la tarde en la Casa Nacional Reinaldo Pared P\u00e9rez. Es una actividad tradicional, que\u2026","rel":"","context":"En \u00abPOLITICA\u00bb","block_context":{"text":"POLITICA","link":"https:\/\/lasprimeras.com.do\/index.php\/category\/politica\/"},"img":{"alt_text":"","src":"https:\/\/i0.wp.com\/lasprimeras.com.do\/wp-content\/uploads\/2025\/12\/decoracion-pasada.jpg?resize=350%2C200&ssl=1","width":350,"height":200,"srcset":"https:\/\/i0.wp.com\/lasprimeras.com.do\/wp-content\/uploads\/2025\/12\/decoracion-pasada.jpg?resize=350%2C200&ssl=1 1x, https:\/\/i0.wp.com\/lasprimeras.com.do\/wp-content\/uploads\/2025\/12\/decoracion-pasada.jpg?resize=525%2C300&ssl=1 1.5x, https:\/\/i0.wp.com\/lasprimeras.com.do\/wp-content\/uploads\/2025\/12\/decoracion-pasada.jpg?resize=700%2C400&ssl=1 2x"},"classes":[]},{"id":69358,"url":"https:\/\/lasprimeras.com.do\/index.php\/2023\/12\/01\/pld-encendera-luces-de-navidad-inicia-festejos-de-su-50-aniversario\/","url_meta":{"origin":91739,"position":1},"title":"PLD encender\u00e1 luces de Navidad, inicia festejos de su 50 aniversario","author":"BIMARY DE JES\u00daS Matos","date":"1 de diciembre de 2023","format":false,"excerpt":"SANTO DOMINGO. \u2013 El 1 de diciembre el Partido de la Liberaci\u00f3n Dominicana (PLD) encender\u00e1 las luces y exhibir\u00e1 las decoraciones navide\u00f1as en las edificaciones de la Casa Nacional Reinaldo Pared P\u00e9rez. Esta temporada tiene la particularidad de marcar el inicio de las actividades finales de la celebraci\u00f3n del 50\u2026","rel":"","context":"En \u00abSin categor\u00eda\u00bb","block_context":{"text":"Sin categor\u00eda","link":"https:\/\/lasprimeras.com.do\/index.php\/category\/sin-categoria\/"},"img":{"alt_text":"","src":"https:\/\/i0.wp.com\/lasprimeras.com.do\/wp-content\/uploads\/2023\/12\/WhatsApp-Image-2023-11-30-at-8.16.41-PM-1.jpeg?resize=350%2C200&ssl=1","width":350,"height":200,"srcset":"https:\/\/i0.wp.com\/lasprimeras.com.do\/wp-content\/uploads\/2023\/12\/WhatsApp-Image-2023-11-30-at-8.16.41-PM-1.jpeg?resize=350%2C200&ssl=1 1x, https:\/\/i0.wp.com\/lasprimeras.com.do\/wp-content\/uploads\/2023\/12\/WhatsApp-Image-2023-11-30-at-8.16.41-PM-1.jpeg?resize=525%2C300&ssl=1 1.5x"},"classes":[]},{"id":70449,"url":"https:\/\/lasprimeras.com.do\/index.php\/2023\/12\/11\/partido-de-la-liberacion-dominicana-cumple-50-anos-de-fundado\/","url_meta":{"origin":91739,"position":2},"title":"Partido de la Liberaci\u00f3n Dominicana cumple 50 a\u00f1os de fundado","author":"BIMARY DE JES\u00daS Matos","date":"11 de diciembre de 2023","format":false,"excerpt":"Santo Domingo.-El Partido de la Liberaci\u00f3n Dominicana (PLD) dijo que ha cumplido de forma cabal lo que estableci\u00f3 su fundador y l\u00edder hist\u00f3rico el Profesor Juan Bosch al momento de su creaci\u00f3n el 15 de diciembre de 1973 \u201cNo todas las organizaciones pol\u00edticas permanecen en el sentimiento del Pueblo Dominicano,\u2026","rel":"","context":"En \u00abSin categor\u00eda\u00bb","block_context":{"text":"Sin categor\u00eda","link":"https:\/\/lasprimeras.com.do\/index.php\/category\/sin-categoria\/"},"img":{"alt_text":"","src":"https:\/\/i0.wp.com\/lasprimeras.com.do\/wp-content\/uploads\/2023\/12\/Leonel-acusa-al-gobierno-de-incumplidores-y-mala-paga-que-lleva-a-la-quiebra-agricultores-3.webp?resize=350%2C200&ssl=1","width":350,"height":200,"srcset":"https:\/\/i0.wp.com\/lasprimeras.com.do\/wp-content\/uploads\/2023\/12\/Leonel-acusa-al-gobierno-de-incumplidores-y-mala-paga-que-lleva-a-la-quiebra-agricultores-3.webp?resize=350%2C200&ssl=1 1x, https:\/\/i0.wp.com\/lasprimeras.com.do\/wp-content\/uploads\/2023\/12\/Leonel-acusa-al-gobierno-de-incumplidores-y-mala-paga-que-lleva-a-la-quiebra-agricultores-3.webp?resize=525%2C300&ssl=1 1.5x, https:\/\/i0.wp.com\/lasprimeras.com.do\/wp-content\/uploads\/2023\/12\/Leonel-acusa-al-gobierno-de-incumplidores-y-mala-paga-que-lleva-a-la-quiebra-agricultores-3.webp?resize=700%2C400&ssl=1 2x"},"classes":[]},{"id":103944,"url":"https:\/\/lasprimeras.com.do\/index.php\/2025\/07\/20\/se-reune-este-lunes-el-cp-del-pld\/","url_meta":{"origin":91739,"position":3},"title":"Se re\u00fane este lunes el CP del PLD","author":"Nelson Feliz","date":"20 de julio de 2025","format":false,"excerpt":"Ser\u00e1 este lunes la reuni\u00f3n del Comit\u00e9 Pol\u00edtico del PLD para conocer la sentencia del TSE sobre las aspiraciones de precandidaturas presidencial El Comit\u00e9 Pol\u00edtico del Partido de la Liberaci\u00f3n Dominicana (PLD) retoma este lunes la reuni\u00f3n realizada el pasado d\u00eda 10 de julio en la que se comenz\u00f3 a\u2026","rel":"","context":"En \u00abPOLITICA\u00bb","block_context":{"text":"POLITICA","link":"https:\/\/lasprimeras.com.do\/index.php\/category\/politica\/"},"img":{"alt_text":"","src":"https:\/\/i0.wp.com\/lasprimeras.com.do\/wp-content\/uploads\/2024\/05\/CN-PLD.jpg?resize=350%2C200&ssl=1","width":350,"height":200,"srcset":"https:\/\/i0.wp.com\/lasprimeras.com.do\/wp-content\/uploads\/2024\/05\/CN-PLD.jpg?resize=350%2C200&ssl=1 1x, https:\/\/i0.wp.com\/lasprimeras.com.do\/wp-content\/uploads\/2024\/05\/CN-PLD.jpg?resize=525%2C300&ssl=1 1.5x, https:\/\/i0.wp.com\/lasprimeras.com.do\/wp-content\/uploads\/2024\/05\/CN-PLD.jpg?resize=700%2C400&ssl=1 2x"},"classes":[]},{"id":100567,"url":"https:\/\/lasprimeras.com.do\/index.php\/2025\/06\/08\/presidente-de-la-jce-roman-jaquez-visita-casa-nacional-del-pld\/","url_meta":{"origin":91739,"position":4},"title":"Presidente de la JCE Rom\u00e1n J\u00e1quez visita Casa Nacional del PLD","author":"Nelson Feliz","date":"8 de junio de 2025","format":false,"excerpt":"El presidente de la Junta Central Electoral (JCE), Rom\u00e1n J\u00e1quez Liranzo, visit\u00f3 la Casa Nacional Reinaldo Pared P\u00e9rez del Partido de la Liberaci\u00f3n Dominicana (PLD) compartiendo con los dirigentes de la organizaci\u00f3n pol\u00edtica quienes participan en el Diplomado Especializado en Administraci\u00f3n Electoral, organizado por la JCE, a trav\u00e9s del Instituto\u2026","rel":"","context":"En \u00abPOLITICA\u00bb","block_context":{"text":"POLITICA","link":"https:\/\/lasprimeras.com.do\/index.php\/category\/politica\/"},"img":{"alt_text":"","src":"https:\/\/i0.wp.com\/lasprimeras.com.do\/wp-content\/uploads\/2025\/06\/Roman-Jaquez.jpg?resize=350%2C200&ssl=1","width":350,"height":200,"srcset":"https:\/\/i0.wp.com\/lasprimeras.com.do\/wp-content\/uploads\/2025\/06\/Roman-Jaquez.jpg?resize=350%2C200&ssl=1 1x, https:\/\/i0.wp.com\/lasprimeras.com.do\/wp-content\/uploads\/2025\/06\/Roman-Jaquez.jpg?resize=525%2C300&ssl=1 1.5x, https:\/\/i0.wp.com\/lasprimeras.com.do\/wp-content\/uploads\/2025\/06\/Roman-Jaquez.jpg?resize=700%2C400&ssl=1 2x"},"classes":[]},{"id":112801,"url":"https:\/\/lasprimeras.com.do\/index.php\/2025\/10\/27\/en-el-cuarto-aniversario-del-fallecimiento-de-reinaldo-pared-perez\/","url_meta":{"origin":91739,"position":5},"title":"En el cuarto aniversario del fallecimiento de Reinaldo Pared P\u00e9rez","author":"Nelson Feliz","date":"27 de octubre de 2025","format":false,"excerpt":"Misa a la Memoria del secretario general Ad-Vitam del PLD, Reinaldo Pared P\u00e9rez, este martes 28 octubre a las 6.00 p.m. en la parroquia San Juan Bosco. En el Partido de la Liberaci\u00f3n Dominicana (PLD) se preparan para participar en la Eucarist\u00eda, programada a la memoria de su secretario general\u2026","rel":"","context":"En \u00abNACIONALES\u00bb","block_context":{"text":"NACIONALES","link":"https:\/\/lasprimeras.com.do\/index.php\/category\/nacionales\/"},"img":{"alt_text":"","src":"https:\/\/i0.wp.com\/lasprimeras.com.do\/wp-content\/uploads\/2025\/10\/Reinaldo-Pared-Perez.jpg?resize=350%2C200&ssl=1","width":350,"height":200,"srcset":"https:\/\/i0.wp.com\/lasprimeras.com.do\/wp-content\/uploads\/2025\/10\/Reinaldo-Pared-Perez.jpg?resize=350%2C200&ssl=1 1x, https:\/\/i0.wp.com\/lasprimeras.com.do\/wp-content\/uploads\/2025\/10\/Reinaldo-Pared-Perez.jpg?resize=525%2C300&ssl=1 1.5x, https:\/\/i0.wp.com\/lasprimeras.com.do\/wp-content\/uploads\/2025\/10\/Reinaldo-Pared-Perez.jpg?resize=700%2C400&ssl=1 2x"},"classes":[]}],"jetpack_sharing_enabled":true,"_links":{"self":[{"href":"https:\/\/lasprimeras.com.do\/index.php\/wp-json\/wp\/v2\/posts\/91739","targetHints":{"allow":["GET"]}}],"collection":[{"href":"https:\/\/lasprimeras.com.do\/index.php\/wp-json\/wp\/v2\/posts"}],"about":[{"href":"https:\/\/lasprimeras.com.do\/index.php\/wp-json\/wp\/v2\/types\/post"}],"author":[{"embeddable":true,"href":"https:\/\/lasprimeras.com.do\/index.php\/wp-json\/wp\/v2\/users\/2"}],"replies":[{"embeddable":true,"href":"https:\/\/lasprimeras.com.do\/index.php\/wp-json\/wp\/v2\/comments?post=91739"}],"version-history":[{"count":1,"href":"https:\/\/lasprimeras.com.do\/index.php\/wp-json\/wp\/v2\/posts\/91739\/revisions"}],"predecessor-version":[{"id":91740,"href":"https:\/\/lasprimeras.com.do\/index.php\/wp-json\/wp\/v2\/posts\/91739\/revisions\/91740"}],"wp:featuredmedia":[{"embeddable":true,"href":"https:\/\/lasprimeras.com.do\/index.php\/wp-json\/wp\/v2\/media\/53585"}],"wp:attachment":[{"href":"https:\/\/lasprimeras.com.do\/index.php\/wp-json\/wp\/v2\/media?parent=91739"}],"wp:term":[{"taxonomy":"category","embeddable":true,"href":"https:\/\/lasprimeras.com.do\/index.php\/wp-json\/wp\/v2\/categories?post=91739"},{"taxonomy":"post_tag","embeddable":true,"href":"https:\/\/lasprimeras.com.do\/index.php\/wp-json\/wp\/v2\/tags?post=91739"}],"curies":[{"name":"wp","href":"https:\/\/api.w.org\/{rel}","templated":true}]}}