{"id":91751,"date":"2024-12-01T17:32:13","date_gmt":"2024-12-01T21:32:13","guid":{"rendered":"https:\/\/lasprimeras.com.do\/?p=91751"},"modified":"2024-12-01T17:32:15","modified_gmt":"2024-12-01T21:32:15","slug":"salud-publica-vacuna-contra-varias-enfermedades-a-cientos-de-ninos-en-sde","status":"publish","type":"post","link":"https:\/\/lasprimeras.com.do\/index.php\/2024\/12\/01\/salud-publica-vacuna-contra-varias-enfermedades-a-cientos-de-ninos-en-sde\/","title":{"rendered":"Salud P\u00fablica vacuna contra varias enfermedades a cientos de ni\u00f1os en SDE"},"content":{"rendered":"\n<p><strong>Vacunas contra sarampi\u00f3n, rub\u00e9ola, paperas, polio, difteria, t\u00e9tanos, VPH, influenza, Covid-19 y otras, se aplicaron durante la jornada<\/strong><\/p>\n\n\n\n<p>El \u00c1rea II del Ministerio de Salud P\u00fablica a trav\u00e9s de la Direcci\u00f3n de Inmunoprevenibles por Vacunas (DIV), llev\u00f3 a cabo una jornada de vacunaci\u00f3n que brind\u00f3 protecci\u00f3n a decenas de ni\u00f1os contra m\u00e1s de siete enfermedades en edades entre 5 y 14 a\u00f1os residentes en diversos barrios del municipio Santo Domingo Este.<\/p>\n\n\n\n<p>La Direcci\u00f3n de Inmunoprevenibles por Vacunas del Ministerio de Salud P\u00fablica encabezada por la doctora Aida Luc\u00eda Vargas, inform\u00f3 que la jornada se llev\u00f3 a cabo en el Club de Los Billeteros, ubicado en la entrada de Los Tres Brazos.<\/p>\n\n\n\n<p>En la actividad participaron ni\u00f1os de comunidades como Los Tres Brazos, Los Mina, Katanga, El Cach\u00f3n de La Rubia, La Barquita, La Lata, Jard\u00edn del Ozama, Ensanche Ozama, Miraflores, Cansino y Los Trinitarios.<\/p>\n\n\n\n<p>Los ni\u00f1os recibieron vacunas contra enfermedades como sarampi\u00f3n, rub\u00e9ola, paperas, difteria, t\u00e9tanos, influenza, polio, virus del papiloma humano y COVID-19, entre otras.<\/p>\n\n\n\n<p>Vargas precis\u00f3 que a trav\u00e9s de las 40 Direcciones Provinciales y \u00c1reas de Salud han sido aplicadas miles de dosis adicionales este a\u00f1o, como refuerzo para mantener la no circulaci\u00f3n de enfermedades en v\u00eda de eliminaci\u00f3n como son la polio, sarampi\u00f3n, rub\u00e9ola y mantener otras bajo control como la difteria y el t\u00e9tanos.<\/p>\n\n\n\n<p>Esta actividad cont\u00f3 con el respaldo de la Agencia de los Estados Unidos para el Desarrollo Internacional (USAID) y la Fundaci\u00f3n Family Health International (FHI-360). <\/p>\n\n\n\n<p>Los ni\u00f1os y ni\u00f1as adem\u00e1s de vacunarse, disfrutaron de animaci\u00f3n con payasos,\u00a0 pinta caritas, meriendas y otras diversiones.<\/p>\n\n\n\n<p>El Vacunat\u00f3n ha llegado a m\u00e1s de nueve provincias del pa\u00eds, vacunando a miles de ni\u00f1os y reafirmando el compromiso del Ministerio de Salud y del Ministro Dr. V\u00edctor Atallah con la protecci\u00f3n de la infancia que vive en la Rep\u00fablica Dominicana. &#8220;Las vacunas salvan vidas y su aplicaci\u00f3n es gratis&#8221;.<\/p>\n","protected":false},"excerpt":{"rendered":"<p>Vacunas contra sarampi\u00f3n, rub\u00e9ola, paperas, polio, difteria, t\u00e9tanos, VPH, influenza, Covid-19 y otras, se aplicaron durante la jornada El \u00c1rea II del Ministerio de Salud P\u00fablica a trav\u00e9s de la&hellip;<\/p>\n","protected":false},"author":2,"featured_media":91752,"comment_status":"open","ping_status":"open","sticky":false,"template":"","format":"standard","meta":{"content-type":"","jetpack_post_was_ever_published":false,"_jetpack_newsletter_access":"","_jetpack_dont_email_post_to_subs":false,"_jetpack_newsletter_tier_id":0,"_jetpack_memberships_contains_paywalled_content":false,"_jetpack_memberships_contains_paid_content":false,"footnotes":""},"categories":[25,16558],"tags":[6574,444,2227,1570,3819],"class_list":["post-91751","post","type-post","status-publish","format-standard","has-post-thumbnail","hentry","category-portada","category-salud","tag-enfermedades","tag-ministerio","tag-salud-publica","tag-santo-domingo-este","tag-vacuna"],"jetpack_featured_media_url":"https:\/\/lasprimeras.com.do\/wp-content\/uploads\/2024\/12\/Aida-Lucia-Vargas.jpg","jetpack-related-posts":[{"id":76187,"url":"https:\/\/lasprimeras.com.do\/index.php\/2024\/02\/08\/ministerio-de-salud-informa-aplico-mas-de-seis-millones-de-dosis\/","url_meta":{"origin":91751,"position":0},"title":"Ministerio de Salud informa aplic\u00f3 m\u00e1s de seis millones de dosis","author":"BIMARY DE JES\u00daS Matos","date":"8 de febrero de 2024","format":false,"excerpt":"Santo Domingo.-Durante el 2023 al 31 de enero del presente a\u00f1o, el Ministerio de Salud P\u00fablica aplic\u00f3 seis millones de dosis de diferentes tipos de vacunas, revel\u00f3 este mi\u00e9rcoles la directora de Inmunoprevenibles por Vacunas, doctora Aida Luc\u00eda Vargas, las que sostuvo contribuir\u00e1n a mantener el control y erradicaci\u00f3n de\u2026","rel":"","context":"En \u00abPORTADA\u00bb","block_context":{"text":"PORTADA","link":"https:\/\/lasprimeras.com.do\/index.php\/category\/portada\/"},"img":{"alt_text":"","src":"","width":0,"height":0},"classes":[]},{"id":113798,"url":"https:\/\/lasprimeras.com.do\/index.php\/2025\/11\/05\/ministro-de-salud-anuncia-jornada-nacional-de-vacunacion-contra-la-influenza\/","url_meta":{"origin":91751,"position":1},"title":"Ministro de Salud anuncia Jornada Nacional de Vacunaci\u00f3n contra la influenza","author":"Nelson Feliz","date":"5 de noviembre de 2025","format":false,"excerpt":"Priorizar\u00e1n vacunaci\u00f3n a embarazadas, menores de tres a\u00f1os, adultos mayores y personas con condiciones de salud delicadas. El ministro de Salud, V\u00edctor Atallah, anunci\u00f3 el inicio de la jornada nacional de vacunaci\u00f3n contra la influenza A (H1N1), A (H3N2) y tipo B, con el objetivo de reducir la circulaci\u00f3n de\u2026","rel":"","context":"En \u00abSin categor\u00eda\u00bb","block_context":{"text":"Sin categor\u00eda","link":"https:\/\/lasprimeras.com.do\/index.php\/category\/sin-categoria\/"},"img":{"alt_text":"","src":"https:\/\/i0.wp.com\/lasprimeras.com.do\/wp-content\/uploads\/2025\/11\/Victor-Atallah.jpg?resize=350%2C200&ssl=1","width":350,"height":200,"srcset":"https:\/\/i0.wp.com\/lasprimeras.com.do\/wp-content\/uploads\/2025\/11\/Victor-Atallah.jpg?resize=350%2C200&ssl=1 1x, https:\/\/i0.wp.com\/lasprimeras.com.do\/wp-content\/uploads\/2025\/11\/Victor-Atallah.jpg?resize=525%2C300&ssl=1 1.5x, https:\/\/i0.wp.com\/lasprimeras.com.do\/wp-content\/uploads\/2025\/11\/Victor-Atallah.jpg?resize=700%2C400&ssl=1 2x"},"classes":[]},{"id":67286,"url":"https:\/\/lasprimeras.com.do\/index.php\/2023\/11\/14\/sp-inicia-primera-jornada-de-vacunacion-contra-neumococo\/","url_meta":{"origin":91751,"position":2},"title":"SP inicia primera &#8220;Jornada de vacunaci\u00f3n contra Neumococo&#8221;","author":"Nelson Feliz","date":"14 de noviembre de 2023","format":false,"excerpt":"Instala centro de vacunaci\u00f3n en el INDEN y llaman a las personas con ese padecimiento a aprovechar la inmunizaci\u00f3n gratuita. Por Martin Restituyo El Ministerio de Salud P\u00fablica inici\u00f3 la primera Jornada de vacunaci\u00f3n contra Neumococo dirigida a personas diab\u00e9ticas e instala centro de vacunaci\u00f3n en el INDEN y llama\u2026","rel":"","context":"En \u00abSin categor\u00eda\u00bb","block_context":{"text":"Sin categor\u00eda","link":"https:\/\/lasprimeras.com.do\/index.php\/category\/sin-categoria\/"},"img":{"alt_text":"Vacuna","src":"https:\/\/i0.wp.com\/lasprimeras.com.do\/wp-content\/uploads\/2023\/11\/Vacuna.jpg?resize=350%2C200&ssl=1","width":350,"height":200,"srcset":"https:\/\/i0.wp.com\/lasprimeras.com.do\/wp-content\/uploads\/2023\/11\/Vacuna.jpg?resize=350%2C200&ssl=1 1x, https:\/\/i0.wp.com\/lasprimeras.com.do\/wp-content\/uploads\/2023\/11\/Vacuna.jpg?resize=525%2C300&ssl=1 1.5x, https:\/\/i0.wp.com\/lasprimeras.com.do\/wp-content\/uploads\/2023\/11\/Vacuna.jpg?resize=700%2C400&ssl=1 2x"},"classes":[]},{"id":94415,"url":"https:\/\/lasprimeras.com.do\/index.php\/2025\/02\/28\/waldo-ariel-suero-frente-al-brote-de-sarampion-en-texas-llama-a-la-poblacion-a-vacunarse\/","url_meta":{"origin":91751,"position":3},"title":"Waldo Ariel Suero: Frente al brote de Sarampi\u00f3n en Texas, llama a la poblaci\u00f3n a vacunarse","author":"Nelson Feliz","date":"28 de febrero de 2025","format":false,"excerpt":"El presidente del Colegio M\u00e9dico Dominicano Dr. Waldo Ariel Suero, frente al actual incremento de los casos de Sarampi\u00f3n en el Oeste de Texas, les hace una llamado a la poblaci\u00f3n Dominicana a vacunarse, para prevenir el Sarampi\u00f3n, y por otro lado; a vacunarse tambi\u00e9n en contra de las dem\u00e1s\u2026","rel":"","context":"En \u00abPORTADA\u00bb","block_context":{"text":"PORTADA","link":"https:\/\/lasprimeras.com.do\/index.php\/category\/portada\/"},"img":{"alt_text":"Waldo Ariel Suero","src":"https:\/\/i0.wp.com\/lasprimeras.com.do\/wp-content\/uploads\/2025\/02\/Waldo-Ariel-Suero.jpg?resize=350%2C200&ssl=1","width":350,"height":200,"srcset":"https:\/\/i0.wp.com\/lasprimeras.com.do\/wp-content\/uploads\/2025\/02\/Waldo-Ariel-Suero.jpg?resize=350%2C200&ssl=1 1x, https:\/\/i0.wp.com\/lasprimeras.com.do\/wp-content\/uploads\/2025\/02\/Waldo-Ariel-Suero.jpg?resize=525%2C300&ssl=1 1.5x, https:\/\/i0.wp.com\/lasprimeras.com.do\/wp-content\/uploads\/2025\/02\/Waldo-Ariel-Suero.jpg?resize=700%2C400&ssl=1 2x"},"classes":[]},{"id":98163,"url":"https:\/\/lasprimeras.com.do\/index.php\/2025\/05\/02\/ministerio-de-salud-introduce-vacuna-hexavalente-acelular\/","url_meta":{"origin":91751,"position":4},"title":"Ministerio de Salud introduce vacuna hexavalente acelular","author":"Nelson Feliz","date":"2 de mayo de 2025","format":false,"excerpt":"El cambio se realiza en el marco de la Semana de Vacunaci\u00f3n en las Am\u00e9ricas junto a la OPS\/OMS El ministro de Salud, V\u00edctor Atallah, anunci\u00f3 la inclusi\u00f3n de la vacuna hexavalente acelular al esquema nacional de vacunaci\u00f3n, sustituyendo progresivamente la vacuna pentavalente, con el objetivo de preservar y proteger\u2026","rel":"","context":"En \u00abSALUD\u00bb","block_context":{"text":"SALUD","link":"https:\/\/lasprimeras.com.do\/index.php\/category\/salud\/"},"img":{"alt_text":"V\u00edctor Atallah","src":"https:\/\/i0.wp.com\/lasprimeras.com.do\/wp-content\/uploads\/2025\/05\/Victor-Atallah-1.jpg?resize=350%2C200&ssl=1","width":350,"height":200,"srcset":"https:\/\/i0.wp.com\/lasprimeras.com.do\/wp-content\/uploads\/2025\/05\/Victor-Atallah-1.jpg?resize=350%2C200&ssl=1 1x, https:\/\/i0.wp.com\/lasprimeras.com.do\/wp-content\/uploads\/2025\/05\/Victor-Atallah-1.jpg?resize=525%2C300&ssl=1 1.5x, https:\/\/i0.wp.com\/lasprimeras.com.do\/wp-content\/uploads\/2025\/05\/Victor-Atallah-1.jpg?resize=700%2C400&ssl=1 2x"},"classes":[]},{"id":119223,"url":"https:\/\/lasprimeras.com.do\/index.php\/2026\/01\/08\/sociedad-de-pediatria-pide-respetar-esquema-local-de-vacunas-pese-a-cambios-en-ee-uu\/","url_meta":{"origin":91751,"position":5},"title":"Sociedad de Pediatr\u00eda pide respetar esquema local de vacunas pese a cambios en EE.UU.","author":"Nelson Feliz","date":"8 de enero de 2026","format":false,"excerpt":"La Sociedad Dominicana de Pediatr\u00eda pidi\u00f3 este jueves a la poblaci\u00f3n cumplir con el esquema completo de vacunaci\u00f3n, tal como est\u00e1 establecido por la Direcci\u00f3n de Inmunoprevenibles por Vacunas (DIV). \"Es importante recordar que, en nuestro pa\u00eds, contamos con un esquema de vacunaci\u00f3n que se adhiere a las necesidades de\u2026","rel":"","context":"En \u00abSALUD\u00bb","block_context":{"text":"SALUD","link":"https:\/\/lasprimeras.com.do\/index.php\/category\/salud\/"},"img":{"alt_text":"","src":"https:\/\/i0.wp.com\/lasprimeras.com.do\/wp-content\/uploads\/2026\/01\/vacuna.jpg?resize=350%2C200&ssl=1","width":350,"height":200,"srcset":"https:\/\/i0.wp.com\/lasprimeras.com.do\/wp-content\/uploads\/2026\/01\/vacuna.jpg?resize=350%2C200&ssl=1 1x, https:\/\/i0.wp.com\/lasprimeras.com.do\/wp-content\/uploads\/2026\/01\/vacuna.jpg?resize=525%2C300&ssl=1 1.5x, https:\/\/i0.wp.com\/lasprimeras.com.do\/wp-content\/uploads\/2026\/01\/vacuna.jpg?resize=700%2C400&ssl=1 2x"},"classes":[]}],"jetpack_sharing_enabled":true,"_links":{"self":[{"href":"https:\/\/lasprimeras.com.do\/index.php\/wp-json\/wp\/v2\/posts\/91751","targetHints":{"allow":["GET"]}}],"collection":[{"href":"https:\/\/lasprimeras.com.do\/index.php\/wp-json\/wp\/v2\/posts"}],"about":[{"href":"https:\/\/lasprimeras.com.do\/index.php\/wp-json\/wp\/v2\/types\/post"}],"author":[{"embeddable":true,"href":"https:\/\/lasprimeras.com.do\/index.php\/wp-json\/wp\/v2\/users\/2"}],"replies":[{"embeddable":true,"href":"https:\/\/lasprimeras.com.do\/index.php\/wp-json\/wp\/v2\/comments?post=91751"}],"version-history":[{"count":1,"href":"https:\/\/lasprimeras.com.do\/index.php\/wp-json\/wp\/v2\/posts\/91751\/revisions"}],"predecessor-version":[{"id":91753,"href":"https:\/\/lasprimeras.com.do\/index.php\/wp-json\/wp\/v2\/posts\/91751\/revisions\/91753"}],"wp:featuredmedia":[{"embeddable":true,"href":"https:\/\/lasprimeras.com.do\/index.php\/wp-json\/wp\/v2\/media\/91752"}],"wp:attachment":[{"href":"https:\/\/lasprimeras.com.do\/index.php\/wp-json\/wp\/v2\/media?parent=91751"}],"wp:term":[{"taxonomy":"category","embeddable":true,"href":"https:\/\/lasprimeras.com.do\/index.php\/wp-json\/wp\/v2\/categories?post=91751"},{"taxonomy":"post_tag","embeddable":true,"href":"https:\/\/lasprimeras.com.do\/index.php\/wp-json\/wp\/v2\/tags?post=91751"}],"curies":[{"name":"wp","href":"https:\/\/api.w.org\/{rel}","templated":true}]}}