{"id":91755,"date":"2024-12-01T17:42:24","date_gmt":"2024-12-01T21:42:24","guid":{"rendered":"https:\/\/lasprimeras.com.do\/?p=91755"},"modified":"2024-12-01T17:42:26","modified_gmt":"2024-12-01T21:42:26","slug":"dgm-y-jce-coordinan-medidas-para-facilitar-el-control-migratorio-en-los-aeropuertos","status":"publish","type":"post","link":"https:\/\/lasprimeras.com.do\/index.php\/2024\/12\/01\/dgm-y-jce-coordinan-medidas-para-facilitar-el-control-migratorio-en-los-aeropuertos\/","title":{"rendered":"DGM y JCE coordinan medidas para facilitar el control migratorio en los aeropuertos"},"content":{"rendered":"\n<p>El director general de Migraci\u00f3n y el presidente de la Junta Central Electoral se reunieron para coordinar medidas que permitan optimizar los procedimientos de control migratorio, y facilitar la salida de pasajeros dominicanos por los aeropuertos.<\/p>\n\n\n\n<p>El titular de la DGM, vicealmirante Luis Rafael Lee Ballester y el magistrado Rom\u00e1n Andr\u00e9s J\u00e1quez Liranzo acordaron habilitar una mesa t\u00e9cnica que viabilice la consulta autom\u00e1tica a la base de datos de la JCE, para garantizar que los pasajeros \u00fanicamente tengan que mostrar sus pasaportes a los inspectores de migraci\u00f3n en el proceso de salida del pa\u00eds.<\/p>\n\n\n\n<p>Lee Ballester explic\u00f3 a J\u00e1quez Liranzo la DGM se ha propuesto agilizar los procesos de los servicios que ofrece y se sumar\u00e1 al programa \u201cBurocracia Cero\u201d, y le plante\u00f3 mesa t\u00e9cnica tambi\u00e9n cree las condiciones para facilitar la validaci\u00f3n de las actas de nacimiento, que es necesaria para otorgar permisos de salida a menores, y agilizar el tr\u00e1mite de estas solicitudes.<\/p>\n\n\n\n<p>El director de a DGM inform\u00f3, desde que se comenz\u00f3 a solicitar la presentaci\u00f3n de la c\u00e9dula de identidad para el tr\u00e1mite de migraci\u00f3n de salida del pa\u00eds en los aeropuertos, ninguna persona ha sido impedida de viajar ya que cuando no se ha mostrado la c\u00e9dula los inspectores han validado la identidad se accediendo manualmente al sistema de la JCE, proceso que se facilitar\u00e1 ahora con el acceso autom\u00e1tico.<\/p>\n\n\n\n<p>Lee Ballester recomend\u00f3 el uso del \u201cautogate\u201d, que sustituye la inspecci\u00f3n de documentos en la casilla de la DGM, para las personas mayores de 18 a\u00f1os, ya que al ser registradas en esa plataforma la identidad queda validada biom\u00e9tricamente.<\/p>\n\n\n\n<p>El encuentro se realiz\u00f3 en el despacho del titular de la JCE y tambi\u00e9n participaron el contralmirante Juan Gilberto N\u00fa\u00f1ez Abreu, ARD, y Natanael Minaya, directores de control migratorio y de tecnolog\u00eda de la DGM, respectivamente, as\u00ed como el ing. Danny Reyes, subdirector de la oficina t\u00e9cnica de tecnolog\u00eda de la JCE.<\/p>\n","protected":false},"excerpt":{"rendered":"<p>El director general de Migraci\u00f3n y el presidente de la Junta Central Electoral se reunieron para coordinar medidas que permitan optimizar los procedimientos de control migratorio, y facilitar la salida&hellip;<\/p>\n","protected":false},"author":2,"featured_media":91756,"comment_status":"open","ping_status":"open","sticky":false,"template":"","format":"standard","meta":{"content-type":"","jetpack_post_was_ever_published":false,"_jetpack_newsletter_access":"","_jetpack_dont_email_post_to_subs":false,"_jetpack_newsletter_tier_id":0,"_jetpack_memberships_contains_paywalled_content":false,"_jetpack_memberships_contains_paid_content":false,"footnotes":""},"categories":[35],"tags":[9988,16561,2310,183,1186],"class_list":["post-91755","post","type-post","status-publish","format-standard","has-post-thumbnail","hentry","category-nacionales","tag-aeropuertos","tag-control-migratorio","tag-dgm","tag-jce","tag-medidas"],"jetpack_featured_media_url":"https:\/\/lasprimeras.com.do\/wp-content\/uploads\/2024\/12\/WhatsApp-Image-2024-12-01-at-12.53.43-PM.jpeg","jetpack-related-posts":[{"id":128434,"url":"https:\/\/lasprimeras.com.do\/index.php\/2026\/04\/23\/lee-ballesterel-control-migratorio-y-fronterizo-es-clave-en-la-seguridad-nacional\/","url_meta":{"origin":91755,"position":0},"title":"Lee Ballester:\u201cEl control migratorio y fronterizo es clave en la seguridad nacional\u201d*","author":"Nelson Feliz","date":"23 de abril de 2026","format":false,"excerpt":"El director general de Migraci\u00f3n, Lee Ballester exhort\u00f3 a quienes tienen bajo su responsabilidad el control del flujo migratorio en puertos, aeropuertos y puestos de control fronterizo del pa\u00eds, a realizar sus tareas con eficiencia, \u00e9tica y compromiso con la seguridad nacional. Al referir las exigencias de calidad, velocidad y\u2026","rel":"","context":"En \u00abMILITARES\u00bb","block_context":{"text":"MILITARES","link":"https:\/\/lasprimeras.com.do\/index.php\/category\/militares\/"},"img":{"alt_text":"","src":"https:\/\/i0.wp.com\/lasprimeras.com.do\/wp-content\/uploads\/2026\/04\/IMG-20260423-WA0254.jpg?resize=350%2C200&ssl=1","width":350,"height":200,"srcset":"https:\/\/i0.wp.com\/lasprimeras.com.do\/wp-content\/uploads\/2026\/04\/IMG-20260423-WA0254.jpg?resize=350%2C200&ssl=1 1x, https:\/\/i0.wp.com\/lasprimeras.com.do\/wp-content\/uploads\/2026\/04\/IMG-20260423-WA0254.jpg?resize=525%2C300&ssl=1 1.5x, https:\/\/i0.wp.com\/lasprimeras.com.do\/wp-content\/uploads\/2026\/04\/IMG-20260423-WA0254.jpg?resize=700%2C400&ssl=1 2x, https:\/\/i0.wp.com\/lasprimeras.com.do\/wp-content\/uploads\/2026\/04\/IMG-20260423-WA0254.jpg?resize=1050%2C600&ssl=1 3x, https:\/\/i0.wp.com\/lasprimeras.com.do\/wp-content\/uploads\/2026\/04\/IMG-20260423-WA0254.jpg?resize=1400%2C800&ssl=1 4x"},"classes":[]},{"id":126849,"url":"https:\/\/lasprimeras.com.do\/index.php\/2026\/04\/06\/certifican-a-37-nuevos-inspectores-migratorios-tras-agotar-proceso-de-pasantias\/","url_meta":{"origin":91755,"position":1},"title":"Certifican a 37 nuevos inspectores migratorios tras agotar proceso de pasant\u00edas","author":"Nelson Feliz","date":"6 de abril de 2026","format":false,"excerpt":"El director general de Migraci\u00f3n, Vicealmirante Luis Rafael Lee Ballester, dio la bienvenida a 37 nuevos inspectores migratorios que se incorporan a la instituci\u00f3n que lidera, tras agotar un riguroso proceso de formaci\u00f3n que incluy\u00f3 pasant\u00edas en puertos, aeropuertos y puestos de control fronterizo del pa\u00eds. Los nuevos oficiales de\u2026","rel":"","context":"En \u00abMILITARES\u00bb","block_context":{"text":"MILITARES","link":"https:\/\/lasprimeras.com.do\/index.php\/category\/militares\/"},"img":{"alt_text":"","src":"https:\/\/i0.wp.com\/lasprimeras.com.do\/wp-content\/uploads\/2026\/04\/IMG-20260406-WA0472.jpg?resize=350%2C200&ssl=1","width":350,"height":200,"srcset":"https:\/\/i0.wp.com\/lasprimeras.com.do\/wp-content\/uploads\/2026\/04\/IMG-20260406-WA0472.jpg?resize=350%2C200&ssl=1 1x, https:\/\/i0.wp.com\/lasprimeras.com.do\/wp-content\/uploads\/2026\/04\/IMG-20260406-WA0472.jpg?resize=525%2C300&ssl=1 1.5x, https:\/\/i0.wp.com\/lasprimeras.com.do\/wp-content\/uploads\/2026\/04\/IMG-20260406-WA0472.jpg?resize=700%2C400&ssl=1 2x, https:\/\/i0.wp.com\/lasprimeras.com.do\/wp-content\/uploads\/2026\/04\/IMG-20260406-WA0472.jpg?resize=1050%2C600&ssl=1 3x"},"classes":[]},{"id":123886,"url":"https:\/\/lasprimeras.com.do\/index.php\/2026\/03\/06\/director-de-migracion-exhorta-a-agentes-de-interdiccion-a-actuar-apegados-a-la-ley-durante-operativos\/","url_meta":{"origin":91755,"position":2},"title":"Director de Migraci\u00f3n exhorta a agentes de interdicci\u00f3n a actuar apegados a la ley durante operativos","author":"Nelson Feliz","date":"6 de marzo de 2026","format":false,"excerpt":"El Director General de Migraci\u00f3n, Vicealmirante Luis Rafael Lee Ballester, ARD., instruy\u00f3 a los agentes de interdicci\u00f3n migratoria a ejecutar las acciones institucionales con \u00e9tica, integridad y compromiso, durante los operativos que realizan a diario y 24\/7 en todo el territorio nacional. La exhortaci\u00f3n la hizo durante un encuentro realizado\u2026","rel":"","context":"En \u00abMILITARES\u00bb","block_context":{"text":"MILITARES","link":"https:\/\/lasprimeras.com.do\/index.php\/category\/militares\/"},"img":{"alt_text":"","src":"https:\/\/i0.wp.com\/lasprimeras.com.do\/wp-content\/uploads\/2026\/03\/IMG-20260306-WA0327-scaled.jpg?resize=350%2C200&ssl=1","width":350,"height":200,"srcset":"https:\/\/i0.wp.com\/lasprimeras.com.do\/wp-content\/uploads\/2026\/03\/IMG-20260306-WA0327-scaled.jpg?resize=350%2C200&ssl=1 1x, https:\/\/i0.wp.com\/lasprimeras.com.do\/wp-content\/uploads\/2026\/03\/IMG-20260306-WA0327-scaled.jpg?resize=525%2C300&ssl=1 1.5x, https:\/\/i0.wp.com\/lasprimeras.com.do\/wp-content\/uploads\/2026\/03\/IMG-20260306-WA0327-scaled.jpg?resize=700%2C400&ssl=1 2x, https:\/\/i0.wp.com\/lasprimeras.com.do\/wp-content\/uploads\/2026\/03\/IMG-20260306-WA0327-scaled.jpg?resize=1050%2C600&ssl=1 3x, https:\/\/i0.wp.com\/lasprimeras.com.do\/wp-content\/uploads\/2026\/03\/IMG-20260306-WA0327-scaled.jpg?resize=1400%2C800&ssl=1 4x"},"classes":[]},{"id":107396,"url":"https:\/\/lasprimeras.com.do\/index.php\/2025\/08\/26\/director-general-de-migracion-supervisa-zonas-friusa-matamosquitos-y-otras-areas-en-costa-este\/","url_meta":{"origin":91755,"position":3},"title":"Director General de Migraci\u00f3n supervisa zonas Friusa, Matamosquitos y otras \u00e1reas en costa este","author":"Nelson Feliz","date":"26 de agosto de 2025","format":false,"excerpt":"El vicealmirante Lee Ballester recorri\u00f3 comunidades y sostuvo encuentros con mandos militares y policiales en el este. El director general de Migraci\u00f3n, vicealmirante Luis Rafael Lee Ballester, ARD, realiz\u00f3 un recorrido de supervisi\u00f3n a\u00e9reo y terrestre en distintos puntos del Este del pa\u00eds, con el objetivo de evaluar y reforzar\u2026","rel":"","context":"En \u00abMILITARES\u00bb","block_context":{"text":"MILITARES","link":"https:\/\/lasprimeras.com.do\/index.php\/category\/militares\/"},"img":{"alt_text":"","src":"https:\/\/i0.wp.com\/lasprimeras.com.do\/wp-content\/uploads\/2025\/08\/migra.jpg?resize=350%2C200&ssl=1","width":350,"height":200,"srcset":"https:\/\/i0.wp.com\/lasprimeras.com.do\/wp-content\/uploads\/2025\/08\/migra.jpg?resize=350%2C200&ssl=1 1x, https:\/\/i0.wp.com\/lasprimeras.com.do\/wp-content\/uploads\/2025\/08\/migra.jpg?resize=525%2C300&ssl=1 1.5x, https:\/\/i0.wp.com\/lasprimeras.com.do\/wp-content\/uploads\/2025\/08\/migra.jpg?resize=700%2C400&ssl=1 2x"},"classes":[]},{"id":129040,"url":"https:\/\/lasprimeras.com.do\/index.php\/2026\/04\/28\/lee-ballester-alerta-sobre-mafias-que-facilitan-reingreso-de-haitianos-deportados\/","url_meta":{"origin":91755,"position":4},"title":"Lee Ballester alerta sobre mafias que facilitan reingreso de haitianos deportados","author":"Nelson Feliz","date":"28 de abril de 2026","format":false,"excerpt":"La Direcci\u00f3n General de Migraci\u00f3n inform\u00f3 que a trav\u00e9s de las operaciones de interdicci\u00f3n han logrado un promedio diario de 1,000 personas detenidas El titular de la Direcci\u00f3n General de Migraci\u00f3n (DGM), Luis Rafael Lee Ballester, afirm\u00f3 este martes que la instituci\u00f3n enfrenta a diario mafias que se lucran facilitando\u2026","rel":"","context":"En \u00abNACIONALES\u00bb","block_context":{"text":"NACIONALES","link":"https:\/\/lasprimeras.com.do\/index.php\/category\/nacionales\/"},"img":{"alt_text":"","src":"https:\/\/i0.wp.com\/lasprimeras.com.do\/wp-content\/uploads\/2025\/09\/LEE-BALLESTER.jpg?resize=350%2C200&ssl=1","width":350,"height":200,"srcset":"https:\/\/i0.wp.com\/lasprimeras.com.do\/wp-content\/uploads\/2025\/09\/LEE-BALLESTER.jpg?resize=350%2C200&ssl=1 1x, https:\/\/i0.wp.com\/lasprimeras.com.do\/wp-content\/uploads\/2025\/09\/LEE-BALLESTER.jpg?resize=525%2C300&ssl=1 1.5x, https:\/\/i0.wp.com\/lasprimeras.com.do\/wp-content\/uploads\/2025\/09\/LEE-BALLESTER.jpg?resize=700%2C400&ssl=1 2x"},"classes":[]},{"id":97579,"url":"https:\/\/lasprimeras.com.do\/index.php\/2025\/04\/23\/director-de-migracion-garantiza-trato-humano-de-parturientas-haitianas\/","url_meta":{"origin":91755,"position":5},"title":"Director de Migraci\u00f3n garantiza trato humano de parturientas haitianas","author":"Nelson Feliz","date":"23 de abril de 2025","format":false,"excerpt":"Las trasladan en autobuses nuevos, c\u00f3modos y seguros. El Director General de Migraci\u00f3n, vicealmirante Luis Rafael Lee Ballester, ARD, se aperson\u00f3 hoy al Centro de Retenci\u00f3n de Inmigrantes indocumentados de Haina, para supervisar los procedimientos de repatriaci\u00f3n de parturientas haitianas, garantizar la correcta aplicaci\u00f3n de las normas que regulan el\u2026","rel":"","context":"En \u00abNACIONALES\u00bb","block_context":{"text":"NACIONALES","link":"https:\/\/lasprimeras.com.do\/index.php\/category\/nacionales\/"},"img":{"alt_text":"","src":"https:\/\/i0.wp.com\/lasprimeras.com.do\/wp-content\/uploads\/2025\/04\/dgm-1.jpg?resize=350%2C200&ssl=1","width":350,"height":200,"srcset":"https:\/\/i0.wp.com\/lasprimeras.com.do\/wp-content\/uploads\/2025\/04\/dgm-1.jpg?resize=350%2C200&ssl=1 1x, https:\/\/i0.wp.com\/lasprimeras.com.do\/wp-content\/uploads\/2025\/04\/dgm-1.jpg?resize=525%2C300&ssl=1 1.5x"},"classes":[]}],"jetpack_sharing_enabled":true,"_links":{"self":[{"href":"https:\/\/lasprimeras.com.do\/index.php\/wp-json\/wp\/v2\/posts\/91755","targetHints":{"allow":["GET"]}}],"collection":[{"href":"https:\/\/lasprimeras.com.do\/index.php\/wp-json\/wp\/v2\/posts"}],"about":[{"href":"https:\/\/lasprimeras.com.do\/index.php\/wp-json\/wp\/v2\/types\/post"}],"author":[{"embeddable":true,"href":"https:\/\/lasprimeras.com.do\/index.php\/wp-json\/wp\/v2\/users\/2"}],"replies":[{"embeddable":true,"href":"https:\/\/lasprimeras.com.do\/index.php\/wp-json\/wp\/v2\/comments?post=91755"}],"version-history":[{"count":1,"href":"https:\/\/lasprimeras.com.do\/index.php\/wp-json\/wp\/v2\/posts\/91755\/revisions"}],"predecessor-version":[{"id":91757,"href":"https:\/\/lasprimeras.com.do\/index.php\/wp-json\/wp\/v2\/posts\/91755\/revisions\/91757"}],"wp:featuredmedia":[{"embeddable":true,"href":"https:\/\/lasprimeras.com.do\/index.php\/wp-json\/wp\/v2\/media\/91756"}],"wp:attachment":[{"href":"https:\/\/lasprimeras.com.do\/index.php\/wp-json\/wp\/v2\/media?parent=91755"}],"wp:term":[{"taxonomy":"category","embeddable":true,"href":"https:\/\/lasprimeras.com.do\/index.php\/wp-json\/wp\/v2\/categories?post=91755"},{"taxonomy":"post_tag","embeddable":true,"href":"https:\/\/lasprimeras.com.do\/index.php\/wp-json\/wp\/v2\/tags?post=91755"}],"curies":[{"name":"wp","href":"https:\/\/api.w.org\/{rel}","templated":true}]}}