{"id":91758,"date":"2024-12-01T17:51:08","date_gmt":"2024-12-01T21:51:08","guid":{"rendered":"https:\/\/lasprimeras.com.do\/?p=91758"},"modified":"2024-12-01T17:51:11","modified_gmt":"2024-12-01T21:51:11","slug":"cambio-de-mando-en-el-comando-conjunto-unificado-de-las-fuerzas-armadas","status":"publish","type":"post","link":"https:\/\/lasprimeras.com.do\/index.php\/2024\/12\/01\/cambio-de-mando-en-el-comando-conjunto-unificado-de-las-fuerzas-armadas\/","title":{"rendered":"Cambio de Mando en el Comando Conjunto Unificado de las Fuerzas Armadas"},"content":{"rendered":"\n<p>El Comandante General del Ej\u00e9rcito de Rep\u00fablica Dominicana, Mayor General Jorge Iv\u00e1n Camino P\u00e9rez, asumi\u00f3 como nuevo Comandante del Comando Conjunto Unificado de las Fuerzas Armadas, en sustituci\u00f3n del Mayor General Piloto. Floreal T. Su\u00e1rez Mart\u00ednez, Comandante General de la Fuerza A\u00e9rea.<\/p>\n\n\n\n<p>El acto fue presidido por el Ministro de Defensa, Teniente General Carlos Antonio Fern\u00e1ndez Onofre, y tuvo lugar en el Centro de Comando, Control, Comunicaciones, Computadoras, Ciberseguridad e Inteligencia (C5i) del Ministerio de Defensa.<\/p>\n\n\n\n<p>El Comando Conjunto Unificado proporciona apoyo a la Polic\u00eda Nacional, con el prop\u00f3sito de combatir la delincuencia com\u00fan y el crimen organizado, fortaleciendo la seguridad ciudadana y el orden p\u00fablico.<\/p>\n\n\n\n<p>Durante el acto, se reconoci\u00f3 la labor del Mayor General Piloto, Floreal T. Su\u00e1rez Mart\u00ednez, por su desempe\u00f1o como Comandante Conjunto Unificado.<\/p>\n\n\n\n<p>El nuevo comandante, Mayor General Jorge Iv\u00e1n Camino P\u00e9rez, reafirm\u00f3 su compromiso de continuar trabajando para garantizar la seguridad y el bienestar de la ciudadan\u00eda.<\/p>\n\n\n\n<p>En el acto tambi\u00e9n estuvo presente el Comandante General de la Armada de la Rep\u00fablica Dominicana Vicealmirante Agust\u00edn Morillo Rodr\u00edguez, as\u00ed como otras autoridades militares y policiales.<\/p>\n","protected":false},"excerpt":{"rendered":"<p>El Comandante General del Ej\u00e9rcito de Rep\u00fablica Dominicana, Mayor General Jorge Iv\u00e1n Camino P\u00e9rez, asumi\u00f3 como nuevo Comandante del Comando Conjunto Unificado de las Fuerzas Armadas, en sustituci\u00f3n del Mayor&hellip;<\/p>\n","protected":false},"author":2,"featured_media":91759,"comment_status":"open","ping_status":"open","sticky":false,"template":"","format":"standard","meta":{"content-type":"","jetpack_post_was_ever_published":false,"_jetpack_newsletter_access":"","_jetpack_dont_email_post_to_subs":false,"_jetpack_newsletter_tier_id":0,"_jetpack_memberships_contains_paywalled_content":false,"_jetpack_memberships_contains_paid_content":false,"footnotes":""},"categories":[3057],"tags":[9436,16562,2957],"class_list":["post-91758","post","type-post","status-publish","format-standard","has-post-thumbnail","hentry","category-militares","tag-cambio-de-mando","tag-comando-conjunto-unificado","tag-fuerzas-armadas"],"jetpack_featured_media_url":"https:\/\/lasprimeras.com.do\/wp-content\/uploads\/2024\/12\/WhatsApp-Image-2024-12-01-at-1.04.39-PM-1.jpeg","jetpack-related-posts":[{"id":51698,"url":"https:\/\/lasprimeras.com.do\/index.php\/2023\/06\/02\/comandante-general-del-ejercito-asume-mando-del-comando-conjunto-unificado-de-fuerzas-armadas\/","url_meta":{"origin":91758,"position":0},"title":"Comandante general del Ej\u00e9rcito asume mando del Comando Conjunto Unificado de Fuerzas Armadas","author":"prenxa100","date":"2 de junio de 2023","format":false,"excerpt":"Por Wilson P\u00e9rez SANTO DOMINGO.- El comandante general del Ej\u00e9rcito de Rep\u00fablica Dominicana, mayor general Carlos A. Fern\u00e1ndez Onofre, asumi\u00f3 el mando como comandante del \u201cComando Conjunto Unificado de las Fuerzas Armadas\u201d, en sustituci\u00f3n del mayor general Carlos R. Febrillet Rodr\u00edguez, comandante general de la FARD. Desde el Comando Conjunto\u2026","rel":"","context":"En \u00abNACIONALES\u00bb","block_context":{"text":"NACIONALES","link":"https:\/\/lasprimeras.com.do\/index.php\/category\/nacionales\/"},"img":{"alt_text":"","src":"","width":0,"height":0},"classes":[]},{"id":55574,"url":"https:\/\/lasprimeras.com.do\/index.php\/2023\/07\/23\/comandante-del-ejercito-refuerza-labores-de-seguridad-de-la-pn-en-santo-domingo-y-santiago\/","url_meta":{"origin":91758,"position":1},"title":"Comandante del Ej\u00e9rcito refuerza labores de seguridad de la PN en Santo Domingo y Santiago","author":"Nelson Feliz","date":"23 de julio de 2023","format":false,"excerpt":"Por Martin Restituyo El comandante general del Ej\u00e9rcito y actual titular del Comando Conjunto Unificado de las Fuerzas Armadas, mayor general Carlos A. Fern\u00e1ndez Onofre, encabeza junto al alto mando policial, las operaciones militares de apoyo y patrullajes, que refuerzan las labores de seguridad ciudadana en Santo Domingo y Santiago.\u2026","rel":"","context":"En \u00abMILITARES\u00bb","block_context":{"text":"MILITARES","link":"https:\/\/lasprimeras.com.do\/index.php\/category\/militares\/"},"img":{"alt_text":"Carlos A. Fern\u00e1ndez Onofre","src":"https:\/\/i0.wp.com\/lasprimeras.com.do\/wp-content\/uploads\/2023\/07\/Carlos-A.-Fernandez-Onofre.jpg?resize=350%2C200&ssl=1","width":350,"height":200,"srcset":"https:\/\/i0.wp.com\/lasprimeras.com.do\/wp-content\/uploads\/2023\/07\/Carlos-A.-Fernandez-Onofre.jpg?resize=350%2C200&ssl=1 1x, https:\/\/i0.wp.com\/lasprimeras.com.do\/wp-content\/uploads\/2023\/07\/Carlos-A.-Fernandez-Onofre.jpg?resize=525%2C300&ssl=1 1.5x, https:\/\/i0.wp.com\/lasprimeras.com.do\/wp-content\/uploads\/2023\/07\/Carlos-A.-Fernandez-Onofre.jpg?resize=700%2C400&ssl=1 2x"},"classes":[]},{"id":81398,"url":"https:\/\/lasprimeras.com.do\/index.php\/2024\/04\/20\/comandante-del-ejercito-realiza-reunion-para-fortalecer-la-seguridad-ciudadana\/","url_meta":{"origin":91758,"position":2},"title":"Comandante del Ej\u00e9rcito realiza reuni\u00f3n para fortalecer la Seguridad Ciudadana","author":"Nelson Feliz","date":"20 de abril de 2024","format":false,"excerpt":"Por Martin Restituyo El Comandante General del Ej\u00e9rcito, Mayor General Carlos Antonio Fern\u00e1ndez Onofre, presidi\u00f3 una reuni\u00f3n con el objetivo de estandarizar los procedimientos, dise\u00f1ar nuevas estrategias y plantear los lineamientos necesarios para fortalecer las operaciones conjuntas e interagenciales que se llevan a cabo en pro de la seguridad ciudadana.\u2026","rel":"","context":"En \u00abNACIONALES\u00bb","block_context":{"text":"NACIONALES","link":"https:\/\/lasprimeras.com.do\/index.php\/category\/nacionales\/"},"img":{"alt_text":"Carlos Antonio Fern\u00e1ndez Onofre","src":"https:\/\/i0.wp.com\/lasprimeras.com.do\/wp-content\/uploads\/2024\/04\/Carlos-Antonio-Fernandez-Onofre-2.jpg?resize=350%2C200&ssl=1","width":350,"height":200,"srcset":"https:\/\/i0.wp.com\/lasprimeras.com.do\/wp-content\/uploads\/2024\/04\/Carlos-Antonio-Fernandez-Onofre-2.jpg?resize=350%2C200&ssl=1 1x, https:\/\/i0.wp.com\/lasprimeras.com.do\/wp-content\/uploads\/2024\/04\/Carlos-Antonio-Fernandez-Onofre-2.jpg?resize=525%2C300&ssl=1 1.5x, https:\/\/i0.wp.com\/lasprimeras.com.do\/wp-content\/uploads\/2024\/04\/Carlos-Antonio-Fernandez-Onofre-2.jpg?resize=700%2C400&ssl=1 2x"},"classes":[]},{"id":87841,"url":"https:\/\/lasprimeras.com.do\/index.php\/2024\/08\/18\/ministro-de-defensa-posesiona-nuevos-comandantes-generales-del-ejercito-y-la-fuerza-aerea-de-rd\/","url_meta":{"origin":91758,"position":3},"title":"Ministro de Defensa posesiona nuevos comandantes generales del Ej\u00e9rcito y la Fuerza A\u00e9rea de RD","author":"Nelson Feliz","date":"18 de agosto de 2024","format":false,"excerpt":"Por Martin Restituyo El nuevo ministro de Defensa, teniente general Carlos A. Fern\u00e1ndez Onofre, posesion\u00f3 oficialmente a los nuevos comandantes generales del Ej\u00e9rcito y la Fuerza A\u00e9rea de Rep\u00fablica Dominicana, en una solemne ceremonia celebrada en el Campamento militar \u00ab16 de agosto\u00bb, con asiento de la 1ra. Brigada de Infanter\u00eda\u2026","rel":"","context":"En \u00abMILITARES\u00bb","block_context":{"text":"MILITARES","link":"https:\/\/lasprimeras.com.do\/index.php\/category\/militares\/"},"img":{"alt_text":"Carlos A. Fern\u00e1ndez Onofre","src":"https:\/\/i0.wp.com\/lasprimeras.com.do\/wp-content\/uploads\/2024\/08\/Febrillet-y-Floreal-p.jpg?resize=350%2C200&ssl=1","width":350,"height":200,"srcset":"https:\/\/i0.wp.com\/lasprimeras.com.do\/wp-content\/uploads\/2024\/08\/Febrillet-y-Floreal-p.jpg?resize=350%2C200&ssl=1 1x, https:\/\/i0.wp.com\/lasprimeras.com.do\/wp-content\/uploads\/2024\/08\/Febrillet-y-Floreal-p.jpg?resize=525%2C300&ssl=1 1.5x, https:\/\/i0.wp.com\/lasprimeras.com.do\/wp-content\/uploads\/2024\/08\/Febrillet-y-Floreal-p.jpg?resize=700%2C400&ssl=1 2x"},"classes":[]},{"id":89238,"url":"https:\/\/lasprimeras.com.do\/index.php\/2024\/09\/20\/ministro-de-defensa-visita-instalaciones-de-la-armada-de-republica-dominicana\/","url_meta":{"origin":91758,"position":4},"title":"Ministro de Defensa visita instalaciones de la Armada de Rep\u00fablica Dominicana","author":"Paola Castillo","date":"20 de septiembre de 2024","format":false,"excerpt":"SANS SOUCI.- El ministro de Defensa, teniente general Carlos Antonio Fern\u00e1ndez Onofre, ERD., realiz\u00f3 su primera visita oficial a la Base Naval 27 de Febrero, sede principal de la Armada de Rep\u00fablica Dominicana, donde expres\u00f3 su inter\u00e9s de continuar las iniciativas y proyectos que permitan robustecer las capacidades de las\u2026","rel":"","context":"En \u00abMILITARES\u00bb","block_context":{"text":"MILITARES","link":"https:\/\/lasprimeras.com.do\/index.php\/category\/militares\/"},"img":{"alt_text":"","src":"https:\/\/i0.wp.com\/lasprimeras.com.do\/wp-content\/uploads\/2024\/09\/3a94f733-8a7b-45eb-a04e-cbd491db3adc.jpeg?resize=350%2C200&ssl=1","width":350,"height":200,"srcset":"https:\/\/i0.wp.com\/lasprimeras.com.do\/wp-content\/uploads\/2024\/09\/3a94f733-8a7b-45eb-a04e-cbd491db3adc.jpeg?resize=350%2C200&ssl=1 1x, https:\/\/i0.wp.com\/lasprimeras.com.do\/wp-content\/uploads\/2024\/09\/3a94f733-8a7b-45eb-a04e-cbd491db3adc.jpeg?resize=525%2C300&ssl=1 1.5x, https:\/\/i0.wp.com\/lasprimeras.com.do\/wp-content\/uploads\/2024\/09\/3a94f733-8a7b-45eb-a04e-cbd491db3adc.jpeg?resize=700%2C400&ssl=1 2x, https:\/\/i0.wp.com\/lasprimeras.com.do\/wp-content\/uploads\/2024\/09\/3a94f733-8a7b-45eb-a04e-cbd491db3adc.jpeg?resize=1050%2C600&ssl=1 3x, https:\/\/i0.wp.com\/lasprimeras.com.do\/wp-content\/uploads\/2024\/09\/3a94f733-8a7b-45eb-a04e-cbd491db3adc.jpeg?resize=1400%2C800&ssl=1 4x"},"classes":[]},{"id":61418,"url":"https:\/\/lasprimeras.com.do\/index.php\/2023\/09\/26\/conferencia-de-fuerzas-armadas-centroamericanas-inicia-en-rd-ejercicio-de-puesto-de-mando-virtual\/","url_meta":{"origin":91758,"position":5},"title":"Conferencia de Fuerzas Armadas Centroamericanas inicia en RD ejercicio de puesto de mando virtual","author":"Nelson Feliz","date":"26 de septiembre de 2023","format":false,"excerpt":"Por Mart\u00edn Restituyo La Conferencia de Fuerzas Armadas Centroamericanas, inici\u00f3 el \u201cD\u00e9cimo sexto ejercicio de puesto de mando virtual\u201d y el \u201cD\u00e9cimo segundo ejercicio de comunicaci\u00f3n\u201d, eventos donde se abordar\u00e1n temas sobre fen\u00f3menos atmosf\u00e9ricos. Ambos eventos, que se desarrollan del 25 al 28 de septiembre, son organizados por la Escuela\u2026","rel":"","context":"En \u00abMILITARES\u00bb","block_context":{"text":"MILITARES","link":"https:\/\/lasprimeras.com.do\/index.php\/category\/militares\/"},"img":{"alt_text":"Fuerzas Armadas Centroamericanas","src":"https:\/\/i0.wp.com\/lasprimeras.com.do\/wp-content\/uploads\/2023\/09\/Fuerzas-Armadas-Centroamericanas.jpg?resize=350%2C200&ssl=1","width":350,"height":200,"srcset":"https:\/\/i0.wp.com\/lasprimeras.com.do\/wp-content\/uploads\/2023\/09\/Fuerzas-Armadas-Centroamericanas.jpg?resize=350%2C200&ssl=1 1x, https:\/\/i0.wp.com\/lasprimeras.com.do\/wp-content\/uploads\/2023\/09\/Fuerzas-Armadas-Centroamericanas.jpg?resize=525%2C300&ssl=1 1.5x, https:\/\/i0.wp.com\/lasprimeras.com.do\/wp-content\/uploads\/2023\/09\/Fuerzas-Armadas-Centroamericanas.jpg?resize=700%2C400&ssl=1 2x"},"classes":[]}],"jetpack_sharing_enabled":true,"_links":{"self":[{"href":"https:\/\/lasprimeras.com.do\/index.php\/wp-json\/wp\/v2\/posts\/91758","targetHints":{"allow":["GET"]}}],"collection":[{"href":"https:\/\/lasprimeras.com.do\/index.php\/wp-json\/wp\/v2\/posts"}],"about":[{"href":"https:\/\/lasprimeras.com.do\/index.php\/wp-json\/wp\/v2\/types\/post"}],"author":[{"embeddable":true,"href":"https:\/\/lasprimeras.com.do\/index.php\/wp-json\/wp\/v2\/users\/2"}],"replies":[{"embeddable":true,"href":"https:\/\/lasprimeras.com.do\/index.php\/wp-json\/wp\/v2\/comments?post=91758"}],"version-history":[{"count":1,"href":"https:\/\/lasprimeras.com.do\/index.php\/wp-json\/wp\/v2\/posts\/91758\/revisions"}],"predecessor-version":[{"id":91760,"href":"https:\/\/lasprimeras.com.do\/index.php\/wp-json\/wp\/v2\/posts\/91758\/revisions\/91760"}],"wp:featuredmedia":[{"embeddable":true,"href":"https:\/\/lasprimeras.com.do\/index.php\/wp-json\/wp\/v2\/media\/91759"}],"wp:attachment":[{"href":"https:\/\/lasprimeras.com.do\/index.php\/wp-json\/wp\/v2\/media?parent=91758"}],"wp:term":[{"taxonomy":"category","embeddable":true,"href":"https:\/\/lasprimeras.com.do\/index.php\/wp-json\/wp\/v2\/categories?post=91758"},{"taxonomy":"post_tag","embeddable":true,"href":"https:\/\/lasprimeras.com.do\/index.php\/wp-json\/wp\/v2\/tags?post=91758"}],"curies":[{"name":"wp","href":"https:\/\/api.w.org\/{rel}","templated":true}]}}