{"id":91761,"date":"2024-12-01T18:03:54","date_gmt":"2024-12-01T22:03:54","guid":{"rendered":"https:\/\/lasprimeras.com.do\/?p=91761"},"modified":"2024-12-01T18:03:55","modified_gmt":"2024-12-01T22:03:55","slug":"santiago-hazim-alerta-que-12990-jovenes-cumpliran-la-mayoria-de-edad","status":"publish","type":"post","link":"https:\/\/lasprimeras.com.do\/index.php\/2024\/12\/01\/santiago-hazim-alerta-que-12990-jovenes-cumpliran-la-mayoria-de-edad\/","title":{"rendered":"Santiago Hazim alerta que 12,990 j\u00f3venes cumplir\u00e1n la mayor\u00eda de edad"},"content":{"rendered":"\n<p>El director ejecutivo del Seguro Nacional de Salud (SeNaSa), Santiago Hazim, alert\u00f3 que, para diciembre, 12,990 j\u00f3venes cumplir\u00e1n la mayor\u00eda de edad. Por ello, exhort\u00f3 a los titulares de los reg\u00edmenes Contributivo y Subsidiado del Seguro Familiar de Salud a afiliar a estos j\u00f3venes nuevamente, sin costo adicional, para asegurar la continuidad de su cobertura.<\/p>\n\n\n\n<p>\u201cQuiero felicitar a todos los titulares que, durante este a\u00f1o 2024, se preocuparon por garantizar que sus hijos o hijas, al alcanzar la mayor\u00eda de edad, continuaran afiliados. Este es el verdadero trabajo de prevenci\u00f3n: ustedes cumpliendo con su responsabilidad y nosotros con la nuestra\u201d, afirm\u00f3 el doctor Hazim.<\/p>\n\n\n\n<p>Asimismo, invit\u00f3 a quienes a\u00fan no han realizado este tr\u00e1mite a verificar el estatus de sus dependientes y completar el proceso correspondiente.<\/p>\n\n\n\n<p>&#8220;Seguiremos insistiendo en este tema, especialmente en estas festividades navide\u00f1as, para que todos disfruten con tranquilidad y seguridad de la brisita navide\u00f1a que promueve nuestro Gobierno&#8221;, agreg\u00f3.<\/p>\n\n\n\n<p>Hazim explic\u00f3 que, seg\u00fan la Ley 87-01 que regula el Sistema Dominicano de Seguridad Social y el reglamento sobre afiliaciones al Seguro Familiar de Salud, los dependientes son autom\u00e1ticamente dados de baja al cumplir la mayor\u00eda de edad si no han registrado en su ARS su c\u00e9dula de identidad y electoral. Este proceso es gestionado por la Tesorer\u00eda de la Seguridad Social (TSS), responsable de administrar la base de datos del sistema.<\/p>\n\n\n\n<p>Orientaci\u00f3n constante<\/p>\n\n\n\n<p>El doctor Hazim destac\u00f3 que SeNaSa, con m\u00e1s de 7.3 millones de afiliados, mantiene una comunicaci\u00f3n constante para orientar a los titulares sobre la necesidad de afiliar a sus dependientes al alcanzar la mayor\u00eda de edad o normalizar su estatus.<\/p>\n\n\n\n<p>\u00bfC\u00f3mo afiliarse?<\/p>\n\n\n\n<p>La licenciada Carmen Jos\u00e9, gerente Comercial y de Afiliaci\u00f3n de SeNaSa, inform\u00f3 que los dependientes pueden mantenerse afiliados hasta los 18 a\u00f1os de manera regular, hasta los 21 si son estudiantes, y de por vida si tienen alguna discapacidad, sin costo adicional.<\/p>\n\n\n\n<p>&#8220;Para hijos o hijastros mayores de 18 a\u00f1os que no estudien, la afiliaci\u00f3n es posible mediante el pago de un aporte adicional&#8221;, aclar\u00f3 Jos\u00e9.<\/p>\n\n\n\n<p>Ambos funcionarios resaltaron que SeNaSa cuenta con un equipo dedicado a contactar proactivamente a los titulares cuyos dependientes est\u00e1n pr\u00f3ximos a ser dados de baja por cumplir la mayor\u00eda de edad.<\/p>\n\n\n\n<p>Por ello, invitaron a los afiliados a mantener actualizados sus datos de contacto, como direcci\u00f3n y n\u00famero de tel\u00e9fono, a trav\u00e9s de las oficinas de SeNaSa o sus canales digitales. Tambi\u00e9n pueden comunicarse al n\u00famero 809-284-5399 para recibir asistencia. Esta iniciativa busca cerrar brechas en el acceso a la seguridad social y garantizar la tranquilidad de las familias afiliadas.<\/p>\n","protected":false},"excerpt":{"rendered":"<p>El director ejecutivo del Seguro Nacional de Salud (SeNaSa), Santiago Hazim, alert\u00f3 que, para diciembre, 12,990 j\u00f3venes cumplir\u00e1n la mayor\u00eda de edad. Por ello, exhort\u00f3 a los titulares de los&hellip;<\/p>\n","protected":false},"author":2,"featured_media":63264,"comment_status":"open","ping_status":"open","sticky":false,"template":"","format":"standard","meta":{"content-type":"","jetpack_post_was_ever_published":false,"_jetpack_newsletter_access":"","_jetpack_dont_email_post_to_subs":false,"_jetpack_newsletter_tier_id":0,"_jetpack_memberships_contains_paywalled_content":false,"_jetpack_memberships_contains_paid_content":false,"footnotes":""},"categories":[16558],"tags":[16564,15063,16563,5172,580,15339],"class_list":["post-91761","post","type-post","status-publish","format-standard","has-post-thumbnail","hentry","category-salud","tag-cobertura-de-salud","tag-dependientes","tag-mayoria-de-edad","tag-santiago-hazim","tag-senasa","tag-titulares"],"jetpack_featured_media_url":"https:\/\/lasprimeras.com.do\/wp-content\/uploads\/2023\/10\/Santiago-Hazim.jpg","jetpack-related-posts":[{"id":95820,"url":"https:\/\/lasprimeras.com.do\/index.php\/2025\/03\/19\/una-alerta-para-los-padres-el-llamado-de-senasa-a-garantizar-la-cobertura-de-sus-hijos\/","url_meta":{"origin":91761,"position":0},"title":"Una alerta para los padres: El llamado de SeNaSa a garantizar la cobertura de sus hijos","author":"Nelson Feliz","date":"19 de marzo de 2025","format":false,"excerpt":"El director ejecutivo de SeNaSa, Santiago Hazim, llam\u00f3 a los titulares de los reg\u00edmenes Contributivo y Subsidiado del Seguro Familiar de Salud que tengan dependientes pr\u00f3ximos a alcanzar la mayor\u00eda de edad a incluirlos en su n\u00facleo familiar sin costo adicional, garantizando as\u00ed la continuidad de su cobertura m\u00e9dica. \u201cHemos\u2026","rel":"","context":"En \u00abSALUD\u00bb","block_context":{"text":"SALUD","link":"https:\/\/lasprimeras.com.do\/index.php\/category\/salud\/"},"img":{"alt_text":"","src":"https:\/\/i0.wp.com\/lasprimeras.com.do\/wp-content\/uploads\/2025\/02\/SeNaSa.jpg?resize=350%2C200&ssl=1","width":350,"height":200,"srcset":"https:\/\/i0.wp.com\/lasprimeras.com.do\/wp-content\/uploads\/2025\/02\/SeNaSa.jpg?resize=350%2C200&ssl=1 1x, https:\/\/i0.wp.com\/lasprimeras.com.do\/wp-content\/uploads\/2025\/02\/SeNaSa.jpg?resize=525%2C300&ssl=1 1.5x, https:\/\/i0.wp.com\/lasprimeras.com.do\/wp-content\/uploads\/2025\/02\/SeNaSa.jpg?resize=700%2C400&ssl=1 2x"},"classes":[]},{"id":96163,"url":"https:\/\/lasprimeras.com.do\/index.php\/2025\/03\/26\/senasa-ha-afiliado-a-mas-de-400-mil-ninos-y-ninas-en-los-ultimos-tres-anos\/","url_meta":{"origin":91761,"position":1},"title":"SeNaSa ha afiliado a m\u00e1s de 400 mil ni\u00f1os y ni\u00f1as en los \u00faltimos tres a\u00f1os","author":"Nelson Feliz","date":"26 de marzo de 2025","format":false,"excerpt":"En los \u00faltimos tres a\u00f1os, el Seguro Nacional de Salud (SeNaSa) ha brindado protecci\u00f3n a m\u00e1s de 400,215 ni\u00f1os y ni\u00f1as desde su nacimiento hasta los cinco a\u00f1os, con un promedio anual de 133,405 nuevos afiliados. As\u00ed lo destac\u00f3 el director de la instituci\u00f3n, doctor Santiago Hazim, quien reafirm\u00f3 el\u2026","rel":"","context":"En \u00abSALUD\u00bb","block_context":{"text":"SALUD","link":"https:\/\/lasprimeras.com.do\/index.php\/category\/salud\/"},"img":{"alt_text":"","src":"https:\/\/i0.wp.com\/lasprimeras.com.do\/wp-content\/uploads\/2025\/03\/Santiago-Hazim.jpg?resize=350%2C200&ssl=1","width":350,"height":200,"srcset":"https:\/\/i0.wp.com\/lasprimeras.com.do\/wp-content\/uploads\/2025\/03\/Santiago-Hazim.jpg?resize=350%2C200&ssl=1 1x, https:\/\/i0.wp.com\/lasprimeras.com.do\/wp-content\/uploads\/2025\/03\/Santiago-Hazim.jpg?resize=525%2C300&ssl=1 1.5x"},"classes":[]},{"id":87091,"url":"https:\/\/lasprimeras.com.do\/index.php\/2024\/08\/07\/senasa-presenta-investigacion-sobre-prevalencia-de-cancer-en-la-poblacion-afiliada-2020-2024\/","url_meta":{"origin":91761,"position":2},"title":"SeNaSa presenta investigaci\u00f3n sobre &#8220;Prevalencia de c\u00e1ncer en la poblaci\u00f3n afiliada 2020-2024\u201d","author":"Nelson Feliz","date":"7 de agosto de 2024","format":false,"excerpt":"El Seguro Nacional de Salud (SeNaSa) present\u00f3 su investigaci\u00f3n titulada: \"Prevalencia de c\u00e1ncer en la poblaci\u00f3n afiliada a SeNaSa, 2020-2024\", con el prop\u00f3sito de aportar herramientas que permitan conocer el comportamiento de este padecimiento que se visualiza como una de las Enfermedades No Trasmisible (ENT) de alto impacto en la\u2026","rel":"","context":"En \u00abPORTADA\u00bb","block_context":{"text":"PORTADA","link":"https:\/\/lasprimeras.com.do\/index.php\/category\/portada\/"},"img":{"alt_text":"Santiago Hazim","src":"https:\/\/i0.wp.com\/lasprimeras.com.do\/wp-content\/uploads\/2024\/08\/Doctor-Santiago-Hazim-durante-su-exposicion.jpg?resize=350%2C200&ssl=1","width":350,"height":200,"srcset":"https:\/\/i0.wp.com\/lasprimeras.com.do\/wp-content\/uploads\/2024\/08\/Doctor-Santiago-Hazim-durante-su-exposicion.jpg?resize=350%2C200&ssl=1 1x, https:\/\/i0.wp.com\/lasprimeras.com.do\/wp-content\/uploads\/2024\/08\/Doctor-Santiago-Hazim-durante-su-exposicion.jpg?resize=525%2C300&ssl=1 1.5x, https:\/\/i0.wp.com\/lasprimeras.com.do\/wp-content\/uploads\/2024\/08\/Doctor-Santiago-Hazim-durante-su-exposicion.jpg?resize=700%2C400&ssl=1 2x"},"classes":[]},{"id":102920,"url":"https:\/\/lasprimeras.com.do\/index.php\/2025\/07\/10\/senasa-con-mas-de-7-millones-de-afiliados-y-94-2-de-satisfaccion-se-consolida-como-columna-vertebral-del-sistema-de-salud-dominicano\/","url_meta":{"origin":91761,"position":3},"title":"Senasa con m\u00e1s de 7 millones de afiliados y 94.2% de satisfacci\u00f3n se consolida como columna vertebral del sistema de salud dominicano","author":"Nelson Feliz","date":"10 de julio de 2025","format":false,"excerpt":"El director ejecutivo del Seguro Nacional de Salud (Senasa), doctor Santiago Hazim, manifest\u00f3 que con m\u00e1s de siete millones de afiliados y un \u00edndice de satisfacci\u00f3n de 94.2%, esa entidad mantiene todos sus servicios a sus afiliados, por lo que se ha convertido en la columna vertebral del sistema de\u2026","rel":"","context":"En \u00abPORTADA\u00bb","block_context":{"text":"PORTADA","link":"https:\/\/lasprimeras.com.do\/index.php\/category\/portada\/"},"img":{"alt_text":"Santiago Hazim","src":"https:\/\/i0.wp.com\/lasprimeras.com.do\/wp-content\/uploads\/2025\/07\/Santiago-Hazim.jpg?resize=350%2C200&ssl=1","width":350,"height":200,"srcset":"https:\/\/i0.wp.com\/lasprimeras.com.do\/wp-content\/uploads\/2025\/07\/Santiago-Hazim.jpg?resize=350%2C200&ssl=1 1x, https:\/\/i0.wp.com\/lasprimeras.com.do\/wp-content\/uploads\/2025\/07\/Santiago-Hazim.jpg?resize=525%2C300&ssl=1 1.5x, https:\/\/i0.wp.com\/lasprimeras.com.do\/wp-content\/uploads\/2025\/07\/Santiago-Hazim.jpg?resize=700%2C400&ssl=1 2x"},"classes":[]},{"id":63263,"url":"https:\/\/lasprimeras.com.do\/index.php\/2023\/10\/11\/santiago-hazimsenasa-es-principal-aseguradora-rd-con-75-millones-afiliados\/","url_meta":{"origin":91761,"position":4},"title":"Santiago Hazim:&#8221;SENASA es principal aseguradora RD con 7,5 millones afiliados&#8221;","author":"Nelson Feliz","date":"11 de octubre de 2023","format":false,"excerpt":"Por Mart\u00edn Restituyo El Seguro Nacional de Salud (SENASA) se ha convertido en la principal aseguradora del pa\u00eds, impactando en la vida de m\u00e1s de 7,5 millones dominicanos afiliados activos con una inversi\u00f3n que sobre pasa los 102 mil 321 millones de pesos. El director ejecutivo del Seguro Nacional de\u2026","rel":"","context":"En \u00abECONOM\u00cdA\u00bb","block_context":{"text":"ECONOM\u00cdA","link":"https:\/\/lasprimeras.com.do\/index.php\/category\/economia\/"},"img":{"alt_text":"Santiago Hazim","src":"https:\/\/i0.wp.com\/lasprimeras.com.do\/wp-content\/uploads\/2023\/10\/Santiago-Hazim.jpg?resize=350%2C200&ssl=1","width":350,"height":200,"srcset":"https:\/\/i0.wp.com\/lasprimeras.com.do\/wp-content\/uploads\/2023\/10\/Santiago-Hazim.jpg?resize=350%2C200&ssl=1 1x, https:\/\/i0.wp.com\/lasprimeras.com.do\/wp-content\/uploads\/2023\/10\/Santiago-Hazim.jpg?resize=525%2C300&ssl=1 1.5x, https:\/\/i0.wp.com\/lasprimeras.com.do\/wp-content\/uploads\/2023\/10\/Santiago-Hazim.jpg?resize=700%2C400&ssl=1 2x"},"classes":[]},{"id":76588,"url":"https:\/\/lasprimeras.com.do\/index.php\/2024\/02\/12\/director-de-senasa-entrega-carne-a-madre-del-primer-bebe-nacido-en-2024\/","url_meta":{"origin":91761,"position":5},"title":"Director de SeNaSa entrega carn\u00e9 a madre del primer beb\u00e9 nacido en 2024","author":"BIMARY DE JES\u00daS Matos","date":"12 de febrero de 2024","format":false,"excerpt":"Martin Restituyo Santo Domingo. -Por segundo a\u00f1o consecutivo, el director ejecutivo del Seguro Nacional de Salud (SeNaSa), doctor Santiago Hazim entreg\u00f3 los carn\u00e9s a una de las madres de los primeros beb\u00e9s nacidos en las principales maternidades durante las primeras horas del 2024 de enero pasado, con el objetivo de\u2026","rel":"","context":"En \u00abPORTADA\u00bb","block_context":{"text":"PORTADA","link":"https:\/\/lasprimeras.com.do\/index.php\/category\/portada\/"},"img":{"alt_text":"","src":"https:\/\/i0.wp.com\/lasprimeras.com.do\/wp-content\/uploads\/2024\/02\/IMG-20240212-WA0064.jpg?resize=350%2C200&ssl=1","width":350,"height":200,"srcset":"https:\/\/i0.wp.com\/lasprimeras.com.do\/wp-content\/uploads\/2024\/02\/IMG-20240212-WA0064.jpg?resize=350%2C200&ssl=1 1x, https:\/\/i0.wp.com\/lasprimeras.com.do\/wp-content\/uploads\/2024\/02\/IMG-20240212-WA0064.jpg?resize=525%2C300&ssl=1 1.5x, https:\/\/i0.wp.com\/lasprimeras.com.do\/wp-content\/uploads\/2024\/02\/IMG-20240212-WA0064.jpg?resize=700%2C400&ssl=1 2x, https:\/\/i0.wp.com\/lasprimeras.com.do\/wp-content\/uploads\/2024\/02\/IMG-20240212-WA0064.jpg?resize=1050%2C600&ssl=1 3x, https:\/\/i0.wp.com\/lasprimeras.com.do\/wp-content\/uploads\/2024\/02\/IMG-20240212-WA0064.jpg?resize=1400%2C800&ssl=1 4x"},"classes":[]}],"jetpack_sharing_enabled":true,"_links":{"self":[{"href":"https:\/\/lasprimeras.com.do\/index.php\/wp-json\/wp\/v2\/posts\/91761","targetHints":{"allow":["GET"]}}],"collection":[{"href":"https:\/\/lasprimeras.com.do\/index.php\/wp-json\/wp\/v2\/posts"}],"about":[{"href":"https:\/\/lasprimeras.com.do\/index.php\/wp-json\/wp\/v2\/types\/post"}],"author":[{"embeddable":true,"href":"https:\/\/lasprimeras.com.do\/index.php\/wp-json\/wp\/v2\/users\/2"}],"replies":[{"embeddable":true,"href":"https:\/\/lasprimeras.com.do\/index.php\/wp-json\/wp\/v2\/comments?post=91761"}],"version-history":[{"count":1,"href":"https:\/\/lasprimeras.com.do\/index.php\/wp-json\/wp\/v2\/posts\/91761\/revisions"}],"predecessor-version":[{"id":91762,"href":"https:\/\/lasprimeras.com.do\/index.php\/wp-json\/wp\/v2\/posts\/91761\/revisions\/91762"}],"wp:featuredmedia":[{"embeddable":true,"href":"https:\/\/lasprimeras.com.do\/index.php\/wp-json\/wp\/v2\/media\/63264"}],"wp:attachment":[{"href":"https:\/\/lasprimeras.com.do\/index.php\/wp-json\/wp\/v2\/media?parent=91761"}],"wp:term":[{"taxonomy":"category","embeddable":true,"href":"https:\/\/lasprimeras.com.do\/index.php\/wp-json\/wp\/v2\/categories?post=91761"},{"taxonomy":"post_tag","embeddable":true,"href":"https:\/\/lasprimeras.com.do\/index.php\/wp-json\/wp\/v2\/tags?post=91761"}],"curies":[{"name":"wp","href":"https:\/\/api.w.org\/{rel}","templated":true}]}}