{"id":91796,"date":"2024-12-01T21:29:46","date_gmt":"2024-12-02T01:29:46","guid":{"rendered":"https:\/\/lasprimeras.com.do\/?p=91796"},"modified":"2024-12-01T21:29:46","modified_gmt":"2024-12-02T01:29:46","slug":"las-lluvias-e-inundaciones-dejan-hasta-el-momento-cinco-fallecidos-en-bolivia","status":"publish","type":"post","link":"https:\/\/lasprimeras.com.do\/index.php\/2024\/12\/01\/las-lluvias-e-inundaciones-dejan-hasta-el-momento-cinco-fallecidos-en-bolivia\/","title":{"rendered":"Las lluvias e inundaciones dejan hasta el momento cinco fallecidos en Bolivia"},"content":{"rendered":"\n<p>La Paz, (EFE).- Bolivia reporta cinco personas fallecidas y unas 200 familias entre damnificadas y afectadas por las lluvias e inundaciones que tambi\u00e9n han da\u00f1ando cultivos agr\u00edcolas en el \u00faltimo mes, inform\u00f3 este domingo el viceministro de Defensa Civil, Juan Carlos Calvimontes.<\/p>\n\n\n\n<p>En una entrevista con el canal estatal Bolivia TV, Calvimontes precis\u00f3 que por el momento se registran afectaciones en doce municipios distribuidos en siete de las nueve regiones bolivianas.<\/p>\n\n\n\n<p>&#8220;Hay alrededor de 200 familias entre damnificadas y afectadas y lamentablemente ya se registran cinco personas fallecidas&#8221;, indic\u00f3.<\/p>\n\n\n\n<p>Las familias damnificadas son las que padecen de forma directa el impacto de un evento adverso, mientras que los afectados lo sufren indirectamente, seg\u00fan las autoridades bolivianas.<\/p>\n\n\n\n<p>Los fallecimientos se registran desde el inicio de la temporada de lluvias en el pa\u00eds hace un mes e incluyen tres decesos en la regi\u00f3n sure\u00f1a de Chuquisaca, uno en La Paz y uno en Tarija, se\u00f1al\u00f3 Calvimontes.<\/p>\n\n\n\n<p>En Chuquisaca a principios de noviembre murieron dos personas arrastradas por un r\u00edo que creci\u00f3 por las lluvias en la localidad de Presto, adem\u00e1s de un adolescente de 14 a\u00f1os que fue alcanzado por un rayo mientras pastoreaba ovejas en un distrito rural de la ciudad de Sucre, la capital constitucional de Bolivia.<\/p>\n\n\n\n<p>En Tarija muri\u00f3 un adulto mayor aplastado por un muro que cay\u00f3 como consecuencia de una inundaci\u00f3n y en La Paz est\u00e1 el caso de una ni\u00f1a de 5 a\u00f1os que qued\u00f3 sepultada en una riada con lodo ocurrida en el barrio de Bajo Llojeta, despu\u00e9s de una intensa lluvia el pasado fin de semana.<\/p>\n\n\n\n<p>En los valles de Tarija y Cochabamba, en Santa Cruz y en la zona subtropical de Los Yungas de La Paz est\u00e1 afectada la producci\u00f3n agr\u00edcola a causa de las &#8220;intensas lluvias que est\u00e1n cayendo&#8221; que, &#8220;aunque son de corta duraci\u00f3n, son tan fuertes que est\u00e1n inundando los cultivos&#8221;, explic\u00f3 el viceministro.<\/p>\n\n\n\n<p>Calvimontes sostuvo que el evento &#8220;m\u00e1s cr\u00edtico&#8221; que se atendi\u00f3 por el momento fue la riada con lodo en La Paz.<\/p>\n\n\n\n<p>La autoridad afirm\u00f3 que durante la semana se hicieron trabajos para intentar estabilizar la parte inferior de la zona afectada, pero est\u00e1 latente el riesgo de que una nueva lluvia intensa ocasiones otra riada en el \u00e1rea superior.<\/p>\n\n\n\n<p>Seg\u00fan el viceministro, en Bajo Llojeta hay un &#8220;problema estructural&#8221; ocasionado por los asentamientos humanos en \u00e1reas que no son aptas para ser habitadas, una pr\u00e1ctica promovida por los llamados &#8220;loteadores&#8221;, como se conoce a la gente que invade o trafica con terrenos en las \u00e1reas urbanas y periurbanas.<\/p>\n\n\n\n<p>Ese problema tambi\u00e9n se presenta en otros barrios de La Paz, sobre todo en la zona sur de la ciudad, donde entre febrero y marzo de este a\u00f1o las lluvias dejaron hundimientos de calles, deslizamientos, arrastre de material y crecidas de r\u00edos que afectaron a caminos vecinales y viviendas construidas cerca de los afluentes.<\/p>\n\n\n\n<p>La ciudad, sede del Gobierno y el Parlamento boliviano, tiene m\u00e1s de 300 r\u00edos subterr\u00e1neos y est\u00e1 construida en terrenos inestables, pues m\u00e1s del 70 % del \u00e1rea urbana est\u00e1 catalogado como &#8220;suelos de riesgo&#8221;, seg\u00fan informaci\u00f3n municipal difundida en 2019.<\/p>\n\n\n\n<p>Agencia EFE<\/p>\n","protected":false},"excerpt":{"rendered":"<p>La Paz, (EFE).- Bolivia reporta cinco personas fallecidas y unas 200 familias entre damnificadas y afectadas por las lluvias e inundaciones que tambi\u00e9n han da\u00f1ando cultivos agr\u00edcolas en el \u00faltimo&hellip;<\/p>\n","protected":false},"author":2,"featured_media":91797,"comment_status":"open","ping_status":"open","sticky":false,"template":"","format":"standard","meta":{"content-type":"","jetpack_post_was_ever_published":false,"_jetpack_newsletter_access":"","_jetpack_dont_email_post_to_subs":false,"_jetpack_newsletter_tier_id":0,"_jetpack_memberships_contains_paywalled_content":false,"_jetpack_memberships_contains_paid_content":false,"footnotes":""},"categories":[16289],"tags":[1963,16575,1516,2130],"class_list":["post-91796","post","type-post","status-publish","format-standard","has-post-thumbnail","hentry","category-internacionales","tag-bolivia","tag-cinco-fallecidos","tag-inundaciones","tag-lluvias"],"jetpack_featured_media_url":"https:\/\/lasprimeras.com.do\/wp-content\/uploads\/2024\/12\/inundaciones.jpg","jetpack-related-posts":[{"id":75183,"url":"https:\/\/lasprimeras.com.do\/index.php\/2024\/01\/30\/bolivia-reporta-22-personas-fallecidas-y-9-625-familias-afectadas-por-las-lluvias\/","url_meta":{"origin":91796,"position":0},"title":"Bolivia reporta 22 personas fallecidas y 9.625 familias afectadas por las lluvias","author":"BIMARY DE JES\u00daS Matos","date":"30 de enero de 2024","format":false,"excerpt":"Bolivia.-Bolivia reporta 22 personas fallecidas y 9.625 familias afectadas durante la \u00e9poca de lluvias que comenz\u00f3 en noviembre del a\u00f1o pasado, inform\u00f3 este lunes el viceministro de Defensa Civil, Juan Carlos Calvimontes.Bolivia reporta 22 personas fallecidas y 9.625 familias afectadas durante la \u00e9poca de lluvias que comenz\u00f3 en noviembre del\u2026","rel":"","context":"En \u00abSin categor\u00eda\u00bb","block_context":{"text":"Sin categor\u00eda","link":"https:\/\/lasprimeras.com.do\/index.php\/category\/sin-categoria\/"},"img":{"alt_text":"","src":"https:\/\/i0.wp.com\/lasprimeras.com.do\/wp-content\/uploads\/2024\/01\/Diseno-sin-titulo-10-7.webp?resize=350%2C200&ssl=1","width":350,"height":200,"srcset":"https:\/\/i0.wp.com\/lasprimeras.com.do\/wp-content\/uploads\/2024\/01\/Diseno-sin-titulo-10-7.webp?resize=350%2C200&ssl=1 1x, https:\/\/i0.wp.com\/lasprimeras.com.do\/wp-content\/uploads\/2024\/01\/Diseno-sin-titulo-10-7.webp?resize=525%2C300&ssl=1 1.5x"},"classes":[]},{"id":91447,"url":"https:\/\/lasprimeras.com.do\/index.php\/2024\/11\/24\/una-riada-deja-mas-de-10-heridos-y-40-viviendas-afectadas-en-zona-de-la-paz\/","url_meta":{"origin":91796,"position":1},"title":"Una riada deja m\u00e1s de 10 heridos y 40 viviendas afectadas en zona de La Paz","author":"Nelson Feliz","date":"24 de noviembre de 2024","format":false,"excerpt":"La Paz, (EFE).- M\u00e1s de una decena de heridos y 40 viviendas afectadas dej\u00f3 una riada con lodo que lleg\u00f3 de golpe a la zona de Bajo Llojeta de La Paz, en Bolivia, despu\u00e9s que cayera una fuerte lluvia en la ciudad, inform\u00f3 este domingo la alcald\u00eda capitalina. Una intensa\u2026","rel":"","context":"En \u00abINTERNACIONALES\u00bb","block_context":{"text":"INTERNACIONALES","link":"https:\/\/lasprimeras.com.do\/index.php\/category\/sin-categoria\/internacionales\/"},"img":{"alt_text":"","src":"https:\/\/i0.wp.com\/lasprimeras.com.do\/wp-content\/uploads\/2024\/11\/riada.jpg?resize=350%2C200&ssl=1","width":350,"height":200},"classes":[]},{"id":56342,"url":"https:\/\/lasprimeras.com.do\/index.php\/2023\/07\/31\/peores-lluvias-en-una-decada-en-el-norte-de-china-dejan-dos-fallecidos-y-100-000-evacuados\/","url_meta":{"origin":91796,"position":2},"title":"Peores lluvias en una d\u00e9cada en el norte de China dejan dos fallecidos y 100.000 evacuados","author":"Nelson Feliz","date":"31 de julio de 2023","format":false,"excerpt":"Las autoridades y los residentes del norte de China se encuentran en alerta m\u00e1xima debido a las lluvias y tormentas m\u00e1s intensas de la \u00faltima d\u00e9cada en la regi\u00f3n, que dejaron al menos dos fallecidos y m\u00e1s de 100.000 personas evacuadas. Los remanentes del tif\u00f3n Doksuri, que toc\u00f3 tierra el\u2026","rel":"","context":"En \u00abSin categor\u00eda\u00bb","block_context":{"text":"Sin categor\u00eda","link":"https:\/\/lasprimeras.com.do\/index.php\/category\/sin-categoria\/"},"img":{"alt_text":"","src":"https:\/\/i0.wp.com\/lasprimeras.com.do\/wp-content\/uploads\/2023\/07\/Lluvias-China.jpg?resize=350%2C200&ssl=1","width":350,"height":200,"srcset":"https:\/\/i0.wp.com\/lasprimeras.com.do\/wp-content\/uploads\/2023\/07\/Lluvias-China.jpg?resize=350%2C200&ssl=1 1x, https:\/\/i0.wp.com\/lasprimeras.com.do\/wp-content\/uploads\/2023\/07\/Lluvias-China.jpg?resize=525%2C300&ssl=1 1.5x, https:\/\/i0.wp.com\/lasprimeras.com.do\/wp-content\/uploads\/2023\/07\/Lluvias-China.jpg?resize=700%2C400&ssl=1 2x"},"classes":[]},{"id":67884,"url":"https:\/\/lasprimeras.com.do\/index.php\/2023\/11\/20\/el-alfa-lleva-comida-y-medicamentos-al-12-de-haina-lugar-afectado-por-las-lluvias\/","url_meta":{"origin":91796,"position":3},"title":"El Alfa lleva comida y medicamentos al 12 de Haina, lugar afectado por las lluvias","author":"BIMARY DE JES\u00daS Matos","date":"20 de noviembre de 2023","format":false,"excerpt":"Santo Domingo. \u2013 El popular int\u00e9rprete de m\u00fasica urbana Emanuel Herrera, mejor conocido como \u201cEl Alfa\u201d, acudi\u00f3 la tarde de este domingo al Km 12 de Haina, Autopista S\u00e1nchez, en Santo Domingo Oeste, el lugar m\u00e1s afectado por las fuertes lluvias que azotaron el pa\u00eds ayer s\u00e1bado. El denominado Rey\u2026","rel":"","context":"En \u00abENTRETENIMIENTO\u00bb","block_context":{"text":"ENTRETENIMIENTO","link":"https:\/\/lasprimeras.com.do\/index.php\/category\/entretenimiento\/"},"img":{"alt_text":"","src":"https:\/\/i0.wp.com\/lasprimeras.com.do\/wp-content\/uploads\/2023\/11\/WhatsApp-Image-2023-11-19-at-4.12.21-PM-4.jpeg?resize=350%2C200&ssl=1","width":350,"height":200,"srcset":"https:\/\/i0.wp.com\/lasprimeras.com.do\/wp-content\/uploads\/2023\/11\/WhatsApp-Image-2023-11-19-at-4.12.21-PM-4.jpeg?resize=350%2C200&ssl=1 1x, https:\/\/i0.wp.com\/lasprimeras.com.do\/wp-content\/uploads\/2023\/11\/WhatsApp-Image-2023-11-19-at-4.12.21-PM-4.jpeg?resize=525%2C300&ssl=1 1.5x"},"classes":[]},{"id":97172,"url":"https:\/\/lasprimeras.com.do\/index.php\/2025\/04\/16\/cinco-estudiantes-mueren-en-un-bus-escolar-incendiado-en-el-sur-de-bolivia\/","url_meta":{"origin":91796,"position":4},"title":"Cinco estudiantes mueren en un bus escolar incendiado en el sur de Bolivia","author":"Nelson Feliz","date":"16 de abril de 2025","format":false,"excerpt":"LA PAZ, Bolivia (AP) \u2014 Cinco estudiantes murieron y otros ocho resultaron heridos el mi\u00e9rcoles despu\u00e9s que el bus escolar en el que retornaban a sus casas se incendi\u00f3 presuntamente por una fuga de gas en el sur de Bolivia, inform\u00f3 la polic\u00eda. El siniestro ocurri\u00f3 en las puertas del\u2026","rel":"","context":"En \u00abINTERNACIONALES\u00bb","block_context":{"text":"INTERNACIONALES","link":"https:\/\/lasprimeras.com.do\/index.php\/category\/sin-categoria\/internacionales\/"},"img":{"alt_text":"","src":"https:\/\/i0.wp.com\/lasprimeras.com.do\/wp-content\/uploads\/2025\/04\/Explosion-bus.jpg?resize=350%2C200&ssl=1","width":350,"height":200,"srcset":"https:\/\/i0.wp.com\/lasprimeras.com.do\/wp-content\/uploads\/2025\/04\/Explosion-bus.jpg?resize=350%2C200&ssl=1 1x, https:\/\/i0.wp.com\/lasprimeras.com.do\/wp-content\/uploads\/2025\/04\/Explosion-bus.jpg?resize=525%2C300&ssl=1 1.5x, https:\/\/i0.wp.com\/lasprimeras.com.do\/wp-content\/uploads\/2025\/04\/Explosion-bus.jpg?resize=700%2C400&ssl=1 2x, https:\/\/i0.wp.com\/lasprimeras.com.do\/wp-content\/uploads\/2025\/04\/Explosion-bus.jpg?resize=1050%2C600&ssl=1 3x"},"classes":[]},{"id":92083,"url":"https:\/\/lasprimeras.com.do\/index.php\/2024\/12\/27\/comedores-economicos-acude-en-auxilio-de-familias-afectadas-por-aguaceros-en-samana-puerto-plata-y-moca\/","url_meta":{"origin":91796,"position":5},"title":"Comedores Econ\u00f3micos acude en auxilio de familias afectadas por aguaceros en Saman\u00e1, Puerto Plata y Moca","author":"Nelson Feliz","date":"27 de diciembre de 2024","format":false,"excerpt":"Durante los operativos de asistencia social se entregaron raciones crudas y cocidas en comunidades afectadas por inundaciones. Miles de afectados por los torrenciales aguaceros ca\u00eddos los \u00faltimos d\u00edas, en las ciudades de Puerto Plata, Saman\u00e1 y Moca, fueron beneficiados en operativos de asistencia social de Comedores Econ\u00f3micos del Estado Dominicano\u2026","rel":"","context":"En \u00abNACIONALES\u00bb","block_context":{"text":"NACIONALES","link":"https:\/\/lasprimeras.com.do\/index.php\/category\/nacionales\/"},"img":{"alt_text":"Comedores Econ\u00f3micos","src":"https:\/\/i0.wp.com\/lasprimeras.com.do\/wp-content\/uploads\/2024\/12\/Comedores-Economicos-1.jpg?resize=350%2C200&ssl=1","width":350,"height":200,"srcset":"https:\/\/i0.wp.com\/lasprimeras.com.do\/wp-content\/uploads\/2024\/12\/Comedores-Economicos-1.jpg?resize=350%2C200&ssl=1 1x, https:\/\/i0.wp.com\/lasprimeras.com.do\/wp-content\/uploads\/2024\/12\/Comedores-Economicos-1.jpg?resize=525%2C300&ssl=1 1.5x, https:\/\/i0.wp.com\/lasprimeras.com.do\/wp-content\/uploads\/2024\/12\/Comedores-Economicos-1.jpg?resize=700%2C400&ssl=1 2x"},"classes":[]}],"jetpack_sharing_enabled":true,"_links":{"self":[{"href":"https:\/\/lasprimeras.com.do\/index.php\/wp-json\/wp\/v2\/posts\/91796","targetHints":{"allow":["GET"]}}],"collection":[{"href":"https:\/\/lasprimeras.com.do\/index.php\/wp-json\/wp\/v2\/posts"}],"about":[{"href":"https:\/\/lasprimeras.com.do\/index.php\/wp-json\/wp\/v2\/types\/post"}],"author":[{"embeddable":true,"href":"https:\/\/lasprimeras.com.do\/index.php\/wp-json\/wp\/v2\/users\/2"}],"replies":[{"embeddable":true,"href":"https:\/\/lasprimeras.com.do\/index.php\/wp-json\/wp\/v2\/comments?post=91796"}],"version-history":[{"count":1,"href":"https:\/\/lasprimeras.com.do\/index.php\/wp-json\/wp\/v2\/posts\/91796\/revisions"}],"predecessor-version":[{"id":91798,"href":"https:\/\/lasprimeras.com.do\/index.php\/wp-json\/wp\/v2\/posts\/91796\/revisions\/91798"}],"wp:featuredmedia":[{"embeddable":true,"href":"https:\/\/lasprimeras.com.do\/index.php\/wp-json\/wp\/v2\/media\/91797"}],"wp:attachment":[{"href":"https:\/\/lasprimeras.com.do\/index.php\/wp-json\/wp\/v2\/media?parent=91796"}],"wp:term":[{"taxonomy":"category","embeddable":true,"href":"https:\/\/lasprimeras.com.do\/index.php\/wp-json\/wp\/v2\/categories?post=91796"},{"taxonomy":"post_tag","embeddable":true,"href":"https:\/\/lasprimeras.com.do\/index.php\/wp-json\/wp\/v2\/tags?post=91796"}],"curies":[{"name":"wp","href":"https:\/\/api.w.org\/{rel}","templated":true}]}}