{"id":91799,"date":"2024-12-01T21:37:04","date_gmt":"2024-12-02T01:37:04","guid":{"rendered":"https:\/\/lasprimeras.com.do\/?p=91799"},"modified":"2024-12-01T21:37:06","modified_gmt":"2024-12-02T01:37:06","slug":"pld-advierte-sobre-la-pobre-efectividad-y-falta-de-transparencia-del-bono-navideno","status":"publish","type":"post","link":"https:\/\/lasprimeras.com.do\/index.php\/2024\/12\/01\/pld-advierte-sobre-la-pobre-efectividad-y-falta-de-transparencia-del-bono-navideno\/","title":{"rendered":"PLD advierte sobre la pobre efectividad y falta de transparencia del bono navide\u00f1o"},"content":{"rendered":"\n<p>El Partido de la Liberaci\u00f3n Dominicana (PLD), denunci\u00f3 este domingo que dirigentes de esa organizaci\u00f3n aparecieron incluidos como beneficiarios del bono navide\u00f1o que promueve el Gobierno, con lo que se demuestra la pobre efectividad y transparencia de este tipo de ayudas sociales.<\/p>\n\n\n\n<p>Antes de que fuera sacada del sistema la p\u00e1gina del denominado bono navide\u00f1o, se comprob\u00f3 que aparecieron beneficiarios miembros y dirigentes de la direcci\u00f3n del PLD, incluyendo dirigentes de los comit\u00e9s central y pol\u00edtico.<\/p>\n\n\n\n<p>En esa situaci\u00f3n se incluy\u00f3 a Zoraima Cuello, integrante del Comit\u00e9 Pol\u00edtico del PLD, quien revel\u00f3 a trav\u00e9s de su cuenta en X que fue una de las beneficiarias del denominado bono navide\u00f1o.<\/p>\n\n\n\n<p>Cuello expres\u00f3 su preocupaci\u00f3n respecto a la asignaci\u00f3n de estos recursos y abog\u00f3 por una mayor transparencia en el programa. \u00abPor ello, consider\u00f3 imprescindible una auditor\u00eda al programa de bonos navide\u00f1os que restaure la confianza p\u00fablica y asegure un impacto verdadero en la poblaci\u00f3n m\u00e1s vulnerable\u00bb, escribi\u00f3 en su publicaci\u00f3n.<\/p>\n\n\n\n<p>Con su experiencia en la administraci\u00f3n p\u00fablica Zoraima Ciuello advirti\u00f3 que la forma de asignaci\u00f3n y activaci\u00f3n de los bonos navide\u00f1os presenta vulnerabilidades importantes que pueden ser explotadas de manera corrupta.<\/p>\n\n\n\n<p>\u201cLa falta de controles estrictos en la entrega y activaci\u00f3n de las tarjetas deja espacio para que individuos con acceso indebido a la informaci\u00f3n se aprovechen del sistema\u201d, coment\u00f3.<\/p>\n\n\n\n<p>De su lado Frank Olivares, miembro del Comit\u00e9 Central del PLD, record\u00f3 los procedimientos usados para las ayudas sociales en los gobiernos del PLD en los que priorizar los beneficiarios se inclu\u00edan cruces con la base de datos de la TSS y la base de datos del SIUBEN.<\/p>\n\n\n\n<p>Ahora, explic\u00f3 Olivares, \u201cse recurre a un m\u00e9todo excesivamente discrecional porque cada tarjeta es un monto al portador y no hay control de qui\u00e9n entrega ni a qui\u00e9n entrega.<\/p>\n\n\n\n<p>Tampoco hay control de donde se utiliza, porque est\u00e1 h\u00e1bil para ser gastado en cualquier comercio con un veriphone, que es lo que permite que una misma persona utilice muchas tarjetas y que no lo utilice para la cena de Navidad, que era la raz\u00f3n de ser original de las cajas que se entregaban en el pasado\u201d, apunt\u00f3.<\/p>\n","protected":false},"excerpt":{"rendered":"<p>El Partido de la Liberaci\u00f3n Dominicana (PLD), denunci\u00f3 este domingo que dirigentes de esa organizaci\u00f3n aparecieron incluidos como beneficiarios del bono navide\u00f1o que promueve el Gobierno, con lo que se&hellip;<\/p>\n","protected":false},"author":2,"featured_media":91800,"comment_status":"open","ping_status":"open","sticky":false,"template":"","format":"standard","meta":{"content-type":"","jetpack_post_was_ever_published":false,"_jetpack_newsletter_access":"","_jetpack_dont_email_post_to_subs":false,"_jetpack_newsletter_tier_id":0,"_jetpack_memberships_contains_paywalled_content":false,"_jetpack_memberships_contains_paid_content":false,"footnotes":""},"categories":[16559,25],"tags":[9874,16577,269,16576],"class_list":["post-91799","post","type-post","status-publish","format-standard","has-post-thumbnail","hentry","category-politica","category-portada","tag-bono-navideno","tag-falta-de-transparencia","tag-pld","tag-pobre-efectividad"],"jetpack_featured_media_url":"https:\/\/lasprimeras.com.do\/wp-content\/uploads\/2024\/12\/Zoraima-Cuello.png","jetpack-related-posts":[{"id":118366,"url":"https:\/\/lasprimeras.com.do\/index.php\/2025\/12\/27\/falta-de-transparencia-en-el-reparto-de-rd-1500-millones-de-bonos-navidenos\/","url_meta":{"origin":91799,"position":0},"title":"Falta de transparencia en el reparto de RD $1,500 millones de bonos navide\u00f1os","author":"Nelson Feliz","date":"27 de diciembre de 2025","format":false,"excerpt":"Tem\u00edstocles Mont\u00e1s, vicepresidente del PLD, critica falta de transparencia del actual Gobierno en el manejo de los recursos p\u00fablicos. El vicepresidente del Partido de la Liberaci\u00f3n Dominicana (PLD), Tem\u00edstocles Mont\u00e1s, critic\u00f3 este d\u00eda la falta de transparencia del actual Gobierno en el manejo de los recursos p\u00fablicos en las acciones\u2026","rel":"","context":"En \u00abECONOM\u00cdA\u00bb","block_context":{"text":"ECONOM\u00cdA","link":"https:\/\/lasprimeras.com.do\/index.php\/category\/economia\/"},"img":{"alt_text":"Tem\u00edstocles Mont\u00e1s","src":"https:\/\/i0.wp.com\/lasprimeras.com.do\/wp-content\/uploads\/2025\/12\/Temistocles-Montas.jpg?resize=350%2C200&ssl=1","width":350,"height":200,"srcset":"https:\/\/i0.wp.com\/lasprimeras.com.do\/wp-content\/uploads\/2025\/12\/Temistocles-Montas.jpg?resize=350%2C200&ssl=1 1x, https:\/\/i0.wp.com\/lasprimeras.com.do\/wp-content\/uploads\/2025\/12\/Temistocles-Montas.jpg?resize=525%2C300&ssl=1 1.5x, https:\/\/i0.wp.com\/lasprimeras.com.do\/wp-content\/uploads\/2025\/12\/Temistocles-Montas.jpg?resize=700%2C400&ssl=1 2x"},"classes":[]},{"id":76928,"url":"https:\/\/lasprimeras.com.do\/index.php\/2024\/02\/15\/fuerza-del-pueblo-exige-a-abinader-rendir-cuenta-de-emision-y-distribucion-de-bonos-navidenos\/","url_meta":{"origin":91799,"position":1},"title":"Fuerza del Pueblo exige a Abinader rendir cuenta de emisi\u00f3n y distribuci\u00f3n de bonos navide\u00f1os","author":"Nelson Feliz","date":"15 de febrero de 2024","format":false,"excerpt":"Denuncia que el propio mandatario recibi\u00f3 30 mil bonos y, hasta el Despacho de la Primera Dama que se supone no exist\u00eda. El partido Fuerza del Pueblo, a trav\u00e9s de su Secretar\u00eda de Asuntos Jur\u00eddicos, exigi\u00f3 al presidente Luis Abinader rendir cuentas por la an\u00f3mala emisi\u00f3n y distribuci\u00f3n de \u201cbonos\u2026","rel":"","context":"En \u00abECONOM\u00cdA\u00bb","block_context":{"text":"ECONOM\u00cdA","link":"https:\/\/lasprimeras.com.do\/index.php\/category\/economia\/"},"img":{"alt_text":"Fuerza del Pueblo","src":"https:\/\/i0.wp.com\/lasprimeras.com.do\/wp-content\/uploads\/2024\/02\/Fuerza-del-Pueblo.jpg?resize=350%2C200&ssl=1","width":350,"height":200,"srcset":"https:\/\/i0.wp.com\/lasprimeras.com.do\/wp-content\/uploads\/2024\/02\/Fuerza-del-Pueblo.jpg?resize=350%2C200&ssl=1 1x, https:\/\/i0.wp.com\/lasprimeras.com.do\/wp-content\/uploads\/2024\/02\/Fuerza-del-Pueblo.jpg?resize=525%2C300&ssl=1 1.5x, https:\/\/i0.wp.com\/lasprimeras.com.do\/wp-content\/uploads\/2024\/02\/Fuerza-del-Pueblo.jpg?resize=700%2C400&ssl=1 2x"},"classes":[]},{"id":68419,"url":"https:\/\/lasprimeras.com.do\/index.php\/2023\/11\/24\/bono-navideno-2023-del-gobierno-se-repartira-desde-el-4-de-diciembre\/","url_meta":{"origin":91799,"position":2},"title":"Bono Navide\u00f1o 2023 del Gobierno se repartir\u00e1 desde el 4 de diciembre","author":"BIMARY DE JES\u00daS Matos","date":"24 de noviembre de 2023","format":false,"excerpt":"Santo Domingo.-El coordinador de Pol\u00edtica Social, Tony Pe\u00f1a, anunci\u00f3 que a partir del lunes 4 de diciembre iniciar\u00e1 la entrega del bono navide\u00f1o del Gobierno nacional. Pe\u00f1a realiz\u00f3 el anuncio al hablar en la tercera graduaci\u00f3n ordinaria del programa 14\/24, en el Centro Ol\u00edmpico, acto encabezado por el presidente Luis\u2026","rel":"","context":"En \u00abPORTADA\u00bb","block_context":{"text":"PORTADA","link":"https:\/\/lasprimeras.com.do\/index.php\/category\/portada\/"},"img":{"alt_text":"","src":"","width":0,"height":0},"classes":[]},{"id":91838,"url":"https:\/\/lasprimeras.com.do\/index.php\/2024\/12\/03\/gobierno-trabaja-en-lista-definitiva-beneficiarios-bono-navideno\/","url_meta":{"origin":91799,"position":3},"title":"Gobierno trabaja en lista definitiva beneficiarios Bono Navide\u00f1o","author":"Nelson Feliz","date":"3 de diciembre de 2024","format":false,"excerpt":"A ra\u00edz del colapso de la plataforma habilitada para la verificaci\u00f3n del Bono Navide\u00f1o, el gobierno inform\u00f3 que se encuentran depurando la lista definitiva de los beneficiarios que cumplen con los requisitos para recibir la asistencia social. A trav\u00e9s de un comunicado colgado en la p\u00e1gina oficial del Programa Sup\u00e9rate,\u2026","rel":"","context":"En \u00abECONOM\u00cdA\u00bb","block_context":{"text":"ECONOM\u00cdA","link":"https:\/\/lasprimeras.com.do\/index.php\/category\/economia\/"},"img":{"alt_text":"Bono Navide\u00f1o","src":"https:\/\/i0.wp.com\/lasprimeras.com.do\/wp-content\/uploads\/2024\/12\/Bono-Navideno.jpg?resize=350%2C200&ssl=1","width":350,"height":200},"classes":[]},{"id":116875,"url":"https:\/\/lasprimeras.com.do\/index.php\/2025\/12\/04\/gobierno-entrega-bono-navideno-a-mas-de-1-millon-400-mil-personas-beneficiarias-de-superate\/","url_meta":{"origin":91799,"position":4},"title":"Gobierno entrega Bono Navide\u00f1o a m\u00e1s de 1 mill\u00f3n 400 mil personas beneficiarias de Sup\u00e9rate","author":"Nelson Feliz","date":"4 de diciembre de 2025","format":false,"excerpt":"La \u201cBrisita\u201d navide\u00f1a para beneficiarios del subsidio Alim\u00e9ntate fue distribuida de forma simult\u00e1nea en cinco puntos estrat\u00e9gicos: Distrito Nacional, Santo Domingo Este, Santiago, San Crist\u00f3bal y San Pedro de Macor\u00eds. La titular de la Direcci\u00f3n de Desarrollo Social Sup\u00e9rate, Gloria Reyes, el Gobierno entreg\u00f3 hoy, v\u00eda transferencia electr\u00f3nica, el Bono\u2026","rel":"","context":"En \u00abECONOM\u00cdA\u00bb","block_context":{"text":"ECONOM\u00cdA","link":"https:\/\/lasprimeras.com.do\/index.php\/category\/economia\/"},"img":{"alt_text":"","src":"https:\/\/i0.wp.com\/lasprimeras.com.do\/wp-content\/uploads\/2025\/12\/bono-navideno-2025-la-brisita.jpg-1024x558-1.jpg?resize=350%2C200&ssl=1","width":350,"height":200,"srcset":"https:\/\/i0.wp.com\/lasprimeras.com.do\/wp-content\/uploads\/2025\/12\/bono-navideno-2025-la-brisita.jpg-1024x558-1.jpg?resize=350%2C200&ssl=1 1x, https:\/\/i0.wp.com\/lasprimeras.com.do\/wp-content\/uploads\/2025\/12\/bono-navideno-2025-la-brisita.jpg-1024x558-1.jpg?resize=525%2C300&ssl=1 1.5x, https:\/\/i0.wp.com\/lasprimeras.com.do\/wp-content\/uploads\/2025\/12\/bono-navideno-2025-la-brisita.jpg-1024x558-1.jpg?resize=700%2C400&ssl=1 2x"},"classes":[]},{"id":118169,"url":"https:\/\/lasprimeras.com.do\/index.php\/2025\/12\/22\/gobierno-entrega-bono-navideno-a-hospitales-y-otras-instituciones-de-salud-y-discapacidad\/","url_meta":{"origin":91799,"position":5},"title":"Gobierno entrega bono navide\u00f1o a hospitales y otras instituciones de salud y discapacidad","author":"Nelson Feliz","date":"22 de diciembre de 2025","format":false,"excerpt":"El Gobierno dominicano concluy\u00f3 de manera exitosa la entrega del bono navide\u00f1o a hospitales en diferentes puntos del pa\u00eds, as\u00ed como a patronatos y entidades que brindan atenci\u00f3n a miles de personas, como parte de las acciones de ayuda social que se desarrollan durante esta temporada. La \u201cbrisita navide\u00f1a\u201d tambi\u00e9n\u2026","rel":"","context":"En \u00abSALUD\u00bb","block_context":{"text":"SALUD","link":"https:\/\/lasprimeras.com.do\/index.php\/category\/salud\/"},"img":{"alt_text":"bono navide\u00f1o","src":"https:\/\/i0.wp.com\/lasprimeras.com.do\/wp-content\/uploads\/2025\/12\/bono-navideno.jpg?resize=350%2C200&ssl=1","width":350,"height":200,"srcset":"https:\/\/i0.wp.com\/lasprimeras.com.do\/wp-content\/uploads\/2025\/12\/bono-navideno.jpg?resize=350%2C200&ssl=1 1x, https:\/\/i0.wp.com\/lasprimeras.com.do\/wp-content\/uploads\/2025\/12\/bono-navideno.jpg?resize=525%2C300&ssl=1 1.5x, https:\/\/i0.wp.com\/lasprimeras.com.do\/wp-content\/uploads\/2025\/12\/bono-navideno.jpg?resize=700%2C400&ssl=1 2x"},"classes":[]}],"jetpack_sharing_enabled":true,"_links":{"self":[{"href":"https:\/\/lasprimeras.com.do\/index.php\/wp-json\/wp\/v2\/posts\/91799","targetHints":{"allow":["GET"]}}],"collection":[{"href":"https:\/\/lasprimeras.com.do\/index.php\/wp-json\/wp\/v2\/posts"}],"about":[{"href":"https:\/\/lasprimeras.com.do\/index.php\/wp-json\/wp\/v2\/types\/post"}],"author":[{"embeddable":true,"href":"https:\/\/lasprimeras.com.do\/index.php\/wp-json\/wp\/v2\/users\/2"}],"replies":[{"embeddable":true,"href":"https:\/\/lasprimeras.com.do\/index.php\/wp-json\/wp\/v2\/comments?post=91799"}],"version-history":[{"count":1,"href":"https:\/\/lasprimeras.com.do\/index.php\/wp-json\/wp\/v2\/posts\/91799\/revisions"}],"predecessor-version":[{"id":91801,"href":"https:\/\/lasprimeras.com.do\/index.php\/wp-json\/wp\/v2\/posts\/91799\/revisions\/91801"}],"wp:featuredmedia":[{"embeddable":true,"href":"https:\/\/lasprimeras.com.do\/index.php\/wp-json\/wp\/v2\/media\/91800"}],"wp:attachment":[{"href":"https:\/\/lasprimeras.com.do\/index.php\/wp-json\/wp\/v2\/media?parent=91799"}],"wp:term":[{"taxonomy":"category","embeddable":true,"href":"https:\/\/lasprimeras.com.do\/index.php\/wp-json\/wp\/v2\/categories?post=91799"},{"taxonomy":"post_tag","embeddable":true,"href":"https:\/\/lasprimeras.com.do\/index.php\/wp-json\/wp\/v2\/tags?post=91799"}],"curies":[{"name":"wp","href":"https:\/\/api.w.org\/{rel}","templated":true}]}}