{"id":91805,"date":"2024-12-01T22:06:02","date_gmt":"2024-12-02T02:06:02","guid":{"rendered":"https:\/\/lasprimeras.com.do\/?p=91805"},"modified":"2024-12-01T22:06:03","modified_gmt":"2024-12-02T02:06:03","slug":"cabral-mantiene-su-invicto-en-el-torneo-u-25-con-una-brillante-actuacion-de-welber-pena","status":"publish","type":"post","link":"https:\/\/lasprimeras.com.do\/index.php\/2024\/12\/01\/cabral-mantiene-su-invicto-en-el-torneo-u-25-con-una-brillante-actuacion-de-welber-pena\/","title":{"rendered":"Cabral mantiene su invicto en el torneo U-25 con una brillante actuaci\u00f3n de Welber Pe\u00f1a"},"content":{"rendered":"\n<p>Barahona.-. El equipo de Cabral reafirm\u00f3 su dominio en el torneo U-25 al derrotar 70-62 al conjunto de Enriquillo, en un emocionante encuentro disputado en el polideportivo de la Villa Ol\u00edmpica de esta ciudad.<\/p>\n\n\n\n<p>La escuadra de la tierra de las Cach\u00faas se mantiene invicta en el certamen con un impecable r\u00e9cord de 3-0, consolid\u00e1ndose como uno de los favoritos al t\u00edtulo.<\/p>\n\n\n\n<p>El partido tuvo como figura destacada a Welber Pe\u00f1a, quien lider\u00f3 a Cabral con una actuaci\u00f3n excepcional. Pe\u00f1a encest\u00f3 26 puntos, acompa\u00f1ados de 1 rebote, 2 asistencias y 3 robos de bal\u00f3n, marcando la diferencia en momentos cruciales del encuentro.<\/p>\n\n\n\n<p>Con esta victoria, Cabral no solo fortalece su posici\u00f3n en el torneo, sino que env\u00eda un mensaje claro a sus pr\u00f3ximos rivales.<\/p>\n\n\n\n<figure class=\"wp-block-image size-full is-resized\"><img decoding=\"async\" width=\"700\" height=\"800\" src=\"https:\/\/lasprimeras.com.do\/wp-content\/uploads\/2024\/12\/Welber-Pena-1.jpg\" alt=\"\" class=\"wp-image-91807\" style=\"width:840px;height:auto\" srcset=\"https:\/\/lasprimeras.com.do\/wp-content\/uploads\/2024\/12\/Welber-Pena-1.jpg 700w, https:\/\/lasprimeras.com.do\/wp-content\/uploads\/2024\/12\/Welber-Pena-1-263x300.jpg 263w\" sizes=\"(max-width: 700px) 100vw, 700px\" \/><\/figure>\n\n\n\n<p>La afici\u00f3n cabrale\u00f1a celebra con entusiasmo el desempe\u00f1o de su equipo, que combina talento, estrategia y determinaci\u00f3n en cada partido.<\/p>\n","protected":false},"excerpt":{"rendered":"<p>Barahona.-. El equipo de Cabral reafirm\u00f3 su dominio en el torneo U-25 al derrotar 70-62 al conjunto de Enriquillo, en un emocionante encuentro disputado en el polideportivo de la Villa&hellip;<\/p>\n","protected":false},"author":2,"featured_media":91806,"comment_status":"open","ping_status":"open","sticky":false,"template":"","format":"standard","meta":{"content-type":"","jetpack_post_was_ever_published":false,"_jetpack_newsletter_access":"","_jetpack_dont_email_post_to_subs":false,"_jetpack_newsletter_tier_id":0,"_jetpack_memberships_contains_paywalled_content":false,"_jetpack_memberships_contains_paid_content":false,"footnotes":""},"categories":[630],"tags":[16578,266,6649,16579,16580],"class_list":["post-91805","post","type-post","status-publish","format-standard","has-post-thumbnail","hentry","category-deportes","tag-brillante","tag-cabral","tag-invicto","tag-torneo-u-25","tag-welber-pena"],"jetpack_featured_media_url":"https:\/\/lasprimeras.com.do\/wp-content\/uploads\/2024\/12\/Welber-Pena.jpg","jetpack-related-posts":[{"id":116214,"url":"https:\/\/lasprimeras.com.do\/index.php\/2025\/11\/28\/venezuela-y-lf-martinez-continuan-invictos-en-el-dominican-republic-tournament-u-16\/","url_meta":{"origin":91805,"position":0},"title":"Venezuela y Lf Mart\u00ednez contin\u00faan invictos en el Dominican Republic Tournament U-16","author":"Nelson Feliz","date":"28 de noviembre de 2025","format":false,"excerpt":"Justa se desarrolla en el Complejo El Naranjo en San Luis, Santo Domingo Este. Los equipos de Venezuela y Lf Mart\u00ednez mantienen sus invictos al vencer a los equipos de Perdomo y Colombia respectivamente en el Dominican Republic Tournament U16, que se celebra en esta localidad con 6 equipos y\u2026","rel":"","context":"En \u00abDEPORTES\u00bb","block_context":{"text":"DEPORTES","link":"https:\/\/lasprimeras.com.do\/index.php\/category\/deportes\/"},"img":{"alt_text":"","src":"https:\/\/i0.wp.com\/lasprimeras.com.do\/wp-content\/uploads\/2025\/11\/Delegacion-de-Venezuela.jpg?resize=350%2C200&ssl=1","width":350,"height":200,"srcset":"https:\/\/i0.wp.com\/lasprimeras.com.do\/wp-content\/uploads\/2025\/11\/Delegacion-de-Venezuela.jpg?resize=350%2C200&ssl=1 1x, https:\/\/i0.wp.com\/lasprimeras.com.do\/wp-content\/uploads\/2025\/11\/Delegacion-de-Venezuela.jpg?resize=525%2C300&ssl=1 1.5x, https:\/\/i0.wp.com\/lasprimeras.com.do\/wp-content\/uploads\/2025\/11\/Delegacion-de-Venezuela.jpg?resize=700%2C400&ssl=1 2x"},"classes":[]},{"id":58538,"url":"https:\/\/lasprimeras.com.do\/index.php\/2023\/08\/24\/reinas-del-caribe-se-imponen-a-canada-y-mantienen-su-invicto\/","url_meta":{"origin":91805,"position":1},"title":"Reinas del Caribe se imponen a Canad\u00e1 y mantienen su invicto","author":"Nelson Feliz","date":"24 de agosto de 2023","format":false,"excerpt":"La Rep\u00fablica Dominicana extendi\u00f3 su invicto este jueves tras disponer de su similar Canad\u00e1 tres sets por cero (25-23, 25-16 y 25-18) en la Copa Norceca Panamericana Final Six, que se celebra desde el pasado domingo en el Palacio de Voleibol Ricardo Gioriver Arias, del Centro Ol\u00edmpico Juan Pablo Duarte.\u2026","rel":"","context":"En \u00abSin categor\u00eda\u00bb","block_context":{"text":"Sin categor\u00eda","link":"https:\/\/lasprimeras.com.do\/index.php\/category\/sin-categoria\/"},"img":{"alt_text":"Las Reinas del Caribe ganaron tres sets por cero a Canad\u00e1. (CORTES\u00cdA NORCECA)","src":"https:\/\/i0.wp.com\/lasprimeras.com.do\/wp-content\/uploads\/2023\/08\/Reinas-del-Caribe.jpg?resize=350%2C200&ssl=1","width":350,"height":200,"srcset":"https:\/\/i0.wp.com\/lasprimeras.com.do\/wp-content\/uploads\/2023\/08\/Reinas-del-Caribe.jpg?resize=350%2C200&ssl=1 1x, https:\/\/i0.wp.com\/lasprimeras.com.do\/wp-content\/uploads\/2023\/08\/Reinas-del-Caribe.jpg?resize=525%2C300&ssl=1 1.5x, https:\/\/i0.wp.com\/lasprimeras.com.do\/wp-content\/uploads\/2023\/08\/Reinas-del-Caribe.jpg?resize=700%2C400&ssl=1 2x"},"classes":[]},{"id":54374,"url":"https:\/\/lasprimeras.com.do\/index.php\/2023\/07\/10\/josue-araujo-gana-gran-torneo-de-ajedrez-blitz-32\/","url_meta":{"origin":91805,"position":2},"title":"Josue Araujo gana Gran Torneo de Ajedrez Blitz 3+2","author":"Nelson Feliz","date":"10 de julio de 2023","format":false,"excerpt":"La Federaci\u00f3n Dominicana de Ajedrez celebr\u00f3, este domingo, su Gran Torneo de Ajedrez Blitz 3+2 celebrado en Santo Domingo. Este evento cont\u00f3 con el apoyo de la Fundaci\u00f3n Liss Chesss. El torneo inici\u00f3 a las 10am con la participaci\u00f3n de m\u00e1s de 73 jugadores de distintas provincias del pa\u00eds. Entre\u2026","rel":"","context":"En \u00abSin categor\u00eda\u00bb","block_context":{"text":"Sin categor\u00eda","link":"https:\/\/lasprimeras.com.do\/index.php\/category\/sin-categoria\/"},"img":{"alt_text":"","src":"https:\/\/i0.wp.com\/lasprimeras.com.do\/wp-content\/uploads\/2023\/07\/Ajedrez.jpg?resize=350%2C200&ssl=1","width":350,"height":200,"srcset":"https:\/\/i0.wp.com\/lasprimeras.com.do\/wp-content\/uploads\/2023\/07\/Ajedrez.jpg?resize=350%2C200&ssl=1 1x, https:\/\/i0.wp.com\/lasprimeras.com.do\/wp-content\/uploads\/2023\/07\/Ajedrez.jpg?resize=525%2C300&ssl=1 1.5x, https:\/\/i0.wp.com\/lasprimeras.com.do\/wp-content\/uploads\/2023\/07\/Ajedrez.jpg?resize=700%2C400&ssl=1 2x"},"classes":[]},{"id":68103,"url":"https:\/\/lasprimeras.com.do\/index.php\/2023\/11\/21\/rd-debuta-este-martes-ante-costa-rica-torneo-voleibol-norceca-u-17\/","url_meta":{"origin":91805,"position":3},"title":"RD debuta este martes ante Costa Rica torneo voleibol Norceca U-17","author":"BIMARY DE JES\u00daS Matos","date":"21 de noviembre de 2023","format":false,"excerpt":"SANTO DOMINGO.- La Selecci\u00f3n Nacional U-17 de Voleibol Femenino de Rep\u00fablica Dominicana, debutar\u00e1 este martes ante Costa Rica, en la primera edici\u00f3n del Campeonato Continental Norceca U-17. El partido est\u00e1 programado para las 2:00 de la tarde, (4:00 de la tarde hora dominicana) en el Gimnasio Jorge Galeano, en Tegucigalpa,\u2026","rel":"","context":"En \u00abSin categor\u00eda\u00bb","block_context":{"text":"Sin categor\u00eda","link":"https:\/\/lasprimeras.com.do\/index.php\/category\/sin-categoria\/"},"img":{"alt_text":"","src":"https:\/\/i0.wp.com\/lasprimeras.com.do\/wp-content\/uploads\/2023\/11\/Noticias-de-energia-6-6.jpg?resize=350%2C200&ssl=1","width":350,"height":200,"srcset":"https:\/\/i0.wp.com\/lasprimeras.com.do\/wp-content\/uploads\/2023\/11\/Noticias-de-energia-6-6.jpg?resize=350%2C200&ssl=1 1x, https:\/\/i0.wp.com\/lasprimeras.com.do\/wp-content\/uploads\/2023\/11\/Noticias-de-energia-6-6.jpg?resize=525%2C300&ssl=1 1.5x"},"classes":[]},{"id":116970,"url":"https:\/\/lasprimeras.com.do\/index.php\/2025\/12\/06\/senador-daniel-rivera-respalda-puesta-en-circulacion-del-libro-ercilia-pepin\/","url_meta":{"origin":91805,"position":4},"title":"Senador Daniel Rivera respalda puesta en circulaci\u00f3n del libro \u201cErcilia Pep\u00edn\u201d","author":"Nelson Feliz","date":"6 de diciembre de 2025","format":false,"excerpt":"Ejemplo de ense\u00f1anza, patriotismo y dignidad. El senador de la Rep\u00fablica por la provincia Santiago, doctor Daniel Rivera, encabez\u00f3 la puesta en circulaci\u00f3n del libro \u201cErcilia Pep\u00edn: Ejemplo de ense\u00f1anza, patriotismo y dignidad\u201d, escrito por el comunicador y economista Euri Cabral, durante un solemne acto realizado en el Ateneo Amantes\u2026","rel":"","context":"En \u00abNACIONALES\u00bb","block_context":{"text":"NACIONALES","link":"https:\/\/lasprimeras.com.do\/index.php\/category\/nacionales\/"},"img":{"alt_text":"Daniel Rivera","src":"https:\/\/i0.wp.com\/lasprimeras.com.do\/wp-content\/uploads\/2025\/12\/Daniel-Rivera.jpg?resize=350%2C200&ssl=1","width":350,"height":200,"srcset":"https:\/\/i0.wp.com\/lasprimeras.com.do\/wp-content\/uploads\/2025\/12\/Daniel-Rivera.jpg?resize=350%2C200&ssl=1 1x, https:\/\/i0.wp.com\/lasprimeras.com.do\/wp-content\/uploads\/2025\/12\/Daniel-Rivera.jpg?resize=525%2C300&ssl=1 1.5x, https:\/\/i0.wp.com\/lasprimeras.com.do\/wp-content\/uploads\/2025\/12\/Daniel-Rivera.jpg?resize=700%2C400&ssl=1 2x"},"classes":[]},{"id":120719,"url":"https:\/\/lasprimeras.com.do\/index.php\/2026\/01\/27\/presidente-del-cmd-repudia-atropello-contra-galeno-en-el-hospital-robert-reid-cabral\/","url_meta":{"origin":91805,"position":5},"title":"Presidente del CMD repudia atropello contra galeno en el Hospital Robert Reid Cabral","author":"Nelson Feliz","date":"27 de enero de 2026","format":false,"excerpt":"El Colegio M\u00e9dico Dominicano (CMD) externa su en\u00e9rgico rechazo ante los incidentes ocurridos en la emergencia del Hospital Infantil Dr. Robert Reid Cabral, donde el pediatra Dr. Cristian D\u00edaz fue objeto de una detenci\u00f3n arbitraria y humillante tras una denuncia sin fundamentos realizada por la madre de una paciente. El\u2026","rel":"","context":"En \u00abNACIONALES\u00bb","block_context":{"text":"NACIONALES","link":"https:\/\/lasprimeras.com.do\/index.php\/category\/nacionales\/"},"img":{"alt_text":"","src":"https:\/\/i0.wp.com\/lasprimeras.com.do\/wp-content\/uploads\/2026\/01\/IMG-20260127-WA0103-scaled.jpg?resize=350%2C200&ssl=1","width":350,"height":200,"srcset":"https:\/\/i0.wp.com\/lasprimeras.com.do\/wp-content\/uploads\/2026\/01\/IMG-20260127-WA0103-scaled.jpg?resize=350%2C200&ssl=1 1x, https:\/\/i0.wp.com\/lasprimeras.com.do\/wp-content\/uploads\/2026\/01\/IMG-20260127-WA0103-scaled.jpg?resize=525%2C300&ssl=1 1.5x, https:\/\/i0.wp.com\/lasprimeras.com.do\/wp-content\/uploads\/2026\/01\/IMG-20260127-WA0103-scaled.jpg?resize=700%2C400&ssl=1 2x, https:\/\/i0.wp.com\/lasprimeras.com.do\/wp-content\/uploads\/2026\/01\/IMG-20260127-WA0103-scaled.jpg?resize=1050%2C600&ssl=1 3x, https:\/\/i0.wp.com\/lasprimeras.com.do\/wp-content\/uploads\/2026\/01\/IMG-20260127-WA0103-scaled.jpg?resize=1400%2C800&ssl=1 4x"},"classes":[]}],"jetpack_sharing_enabled":true,"_links":{"self":[{"href":"https:\/\/lasprimeras.com.do\/index.php\/wp-json\/wp\/v2\/posts\/91805","targetHints":{"allow":["GET"]}}],"collection":[{"href":"https:\/\/lasprimeras.com.do\/index.php\/wp-json\/wp\/v2\/posts"}],"about":[{"href":"https:\/\/lasprimeras.com.do\/index.php\/wp-json\/wp\/v2\/types\/post"}],"author":[{"embeddable":true,"href":"https:\/\/lasprimeras.com.do\/index.php\/wp-json\/wp\/v2\/users\/2"}],"replies":[{"embeddable":true,"href":"https:\/\/lasprimeras.com.do\/index.php\/wp-json\/wp\/v2\/comments?post=91805"}],"version-history":[{"count":1,"href":"https:\/\/lasprimeras.com.do\/index.php\/wp-json\/wp\/v2\/posts\/91805\/revisions"}],"predecessor-version":[{"id":91808,"href":"https:\/\/lasprimeras.com.do\/index.php\/wp-json\/wp\/v2\/posts\/91805\/revisions\/91808"}],"wp:featuredmedia":[{"embeddable":true,"href":"https:\/\/lasprimeras.com.do\/index.php\/wp-json\/wp\/v2\/media\/91806"}],"wp:attachment":[{"href":"https:\/\/lasprimeras.com.do\/index.php\/wp-json\/wp\/v2\/media?parent=91805"}],"wp:term":[{"taxonomy":"category","embeddable":true,"href":"https:\/\/lasprimeras.com.do\/index.php\/wp-json\/wp\/v2\/categories?post=91805"},{"taxonomy":"post_tag","embeddable":true,"href":"https:\/\/lasprimeras.com.do\/index.php\/wp-json\/wp\/v2\/tags?post=91805"}],"curies":[{"name":"wp","href":"https:\/\/api.w.org\/{rel}","templated":true}]}}