{"id":91812,"date":"2024-12-03T22:32:34","date_gmt":"2024-12-04T02:32:34","guid":{"rendered":"https:\/\/lasprimeras.com.do\/?p=91812"},"modified":"2024-12-03T22:32:35","modified_gmt":"2024-12-04T02:32:35","slug":"trump-advierte-de-que-habra-un-infierno-que-pagar-si-no-se-libera-a-los-rehenes-de-ee-uu","status":"publish","type":"post","link":"https:\/\/lasprimeras.com.do\/index.php\/2024\/12\/03\/trump-advierte-de-que-habra-un-infierno-que-pagar-si-no-se-libera-a-los-rehenes-de-ee-uu\/","title":{"rendered":"Trump advierte de que &#8220;habr\u00e1 un infierno que pagar&#8221; si no se libera a los rehenes de EE.UU."},"content":{"rendered":"\n<p>Washington, (EFE).- El presidente electo estadounidense, Donald Trump, advirti\u00f3 de que si antes de que asuma el poder el pr\u00f3ximo enero no se ha liberado a todos los rehenes estadounidenses &#8220;habr\u00e1 un infierno que pagar&#8221; en Oriente Medio.<\/p>\n\n\n\n<p>&#8220;Si los rehenes no son liberados antes del 20 de enero de 2025, fecha en la que asumo con orgullo el cargo de presidente de Estados Unidos, habr\u00e1 TODO UN INFIERNO que pagar en Oriente Medio y para aquellos responsables que perpetraron estas atrocidades contra la humanidad&#8221;, dijo en su red social, Truth Social.<\/p>\n\n\n\n<p>Los responsables &#8220;se ver\u00e1n afectados con mayor dureza que nadie en la larga e hist\u00f3rica historia de Estados Unidos.<\/p>\n\n\n\n<p>LIBEREN A LOS REHENES AHORA!&#8221;, a\u00f1adi\u00f3 en su plataforma, donde lament\u00f3 en que &#8220;todo el mundo&#8221; hable de que esas personas se vean privadas de su libertad &#8220;de forma tan violenta e inhumana&#8221; pero no se haga nada al respecto.<\/p>\n\n\n\n<p>&#8220;\u00a1Todo son palabras!&#8221;, destac\u00f3 el mismo d\u00eda en que el Ej\u00e9rcito israel\u00ed anunci\u00f3 que el soldado estadounidense-israel\u00ed Omer Neutra, de 21 a\u00f1os, muri\u00f3 en los ataques de Ham\u00e1s del 7 de octubre de 2023 y que su cad\u00e1ver es uno de los 35 que contin\u00faan en manos de la organizaci\u00f3n islamista en Gaza.<\/p>\n\n\n\n<p>El actual presidente estadounidense, Joe Biden, lament\u00f3 este lunes su fallecimiento y se dirigi\u00f3 tambi\u00e9n a las familias de los j\u00f3venes que a\u00fan siguen secuestrados: &#8220;Los vemos. Estamos con ustedes. No dejar\u00e9 de trabajar para que sus seres queridos vuelvan a casa, a donde pertenecen&#8221;, dijo en un comunicado.<\/p>\n\n\n\n<p>Antes de que se conociera la noticia de su muerte, el Comit\u00e9 Estadounidense Israel\u00ed (AJC, por sus siglas en ingl\u00e9s) apunt\u00f3 este lunes que hay siete estadounidenses en manos de Ham\u00e1s.<\/p>\n\n\n\n<p>Neutra era uno de los m\u00e1s j\u00f3venes, mientras que el mayor, Gadi Haggai, ten\u00eda 73 a\u00f1os y se considera que muri\u00f3 v\u00edctima de un cohete lanzado por el grupo islamista palestino.<\/p>\n\n\n\n<p>Agencia EFE<\/p>\n","protected":false},"excerpt":{"rendered":"<p>Washington, (EFE).- El presidente electo estadounidense, Donald Trump, advirti\u00f3 de que si antes de que asuma el poder el pr\u00f3ximo enero no se ha liberado a todos los rehenes estadounidenses&hellip;<\/p>\n","protected":false},"author":2,"featured_media":91813,"comment_status":"open","ping_status":"open","sticky":false,"template":"","format":"standard","meta":{"content-type":"","jetpack_post_was_ever_published":false,"_jetpack_newsletter_access":"","_jetpack_dont_email_post_to_subs":false,"_jetpack_newsletter_tier_id":0,"_jetpack_memberships_contains_paywalled_content":false,"_jetpack_memberships_contains_paid_content":false,"footnotes":""},"categories":[16289],"tags":[978,206,16582,2854,8808],"class_list":["post-91812","post","type-post","status-publish","format-standard","has-post-thumbnail","hentry","category-internacionales","tag-donald-trump","tag-ee-uu","tag-habra-un-infierno-que-pagar","tag-libera","tag-rehenes"],"jetpack_featured_media_url":"https:\/\/lasprimeras.com.do\/wp-content\/uploads\/2024\/12\/Donald-Trump.jpg","jetpack-related-posts":[{"id":92792,"url":"https:\/\/lasprimeras.com.do\/index.php\/2025\/01\/15\/trump-anuncia-el-pronto-intercambio-de-rehenes-entre-israel-y-hamas\/","url_meta":{"origin":91812,"position":0},"title":"Trump anuncia el pronto intercambio de rehenes entre Israel y Ham\u00e1s","author":"Nelson Feliz","date":"15 de enero de 2025","format":false,"excerpt":"\"Tenemos un acuerdo sobre los rehenes en Oriente Medio. Ser\u00e1n liberados en breve\", escribi\u00f3 el presidente electo de EE.UU. en sus redes sociales. El presidente electo de EE.UU., Donald Trump, ha anunciado el pronto intercambio de rehenes entre Israel y Ham\u00e1s. \"Tenemos un acuerdo sobre los rehenes en Oriente Medio.\u2026","rel":"","context":"En \u00abINTERNACIONALES\u00bb","block_context":{"text":"INTERNACIONALES","link":"https:\/\/lasprimeras.com.do\/index.php\/category\/sin-categoria\/internacionales\/"},"img":{"alt_text":"","src":"https:\/\/i0.wp.com\/lasprimeras.com.do\/wp-content\/uploads\/2025\/01\/Donald-Trump.jpg?resize=350%2C200&ssl=1","width":350,"height":200,"srcset":"https:\/\/i0.wp.com\/lasprimeras.com.do\/wp-content\/uploads\/2025\/01\/Donald-Trump.jpg?resize=350%2C200&ssl=1 1x, https:\/\/i0.wp.com\/lasprimeras.com.do\/wp-content\/uploads\/2025\/01\/Donald-Trump.jpg?resize=525%2C300&ssl=1 1.5x, https:\/\/i0.wp.com\/lasprimeras.com.do\/wp-content\/uploads\/2025\/01\/Donald-Trump.jpg?resize=700%2C400&ssl=1 2x"},"classes":[]},{"id":94830,"url":"https:\/\/lasprimeras.com.do\/index.php\/2025\/03\/06\/hamas-ignora-la-amenaza-de-trump-y-dice-que-solo-liberara-rehenes-a-cambio-de-una-tregua-duradera\/","url_meta":{"origin":91812,"position":1},"title":"Ham\u00e1s ignora la amenaza de Trump y dice que solo liberar\u00e1 rehenes a cambio de una tregua duradera","author":"Nelson Feliz","date":"6 de marzo de 2025","format":false,"excerpt":"POR SAMY MAGDY EL CAIRO (AP) \u2014 El grupo miliciano Ham\u00e1s desestim\u00f3 el jueves la \u00faltima amenaza del presidente de Estados Unidos, Donald Trump, y reiter\u00f3 que solo liberar\u00e1 a los rehenes israel\u00edes que quedan a cambio de un alto el fuego duradero en la Franja de Gaza. Ham\u00e1s acus\u00f3\u2026","rel":"","context":"En \u00abINTERNACIONALES\u00bb","block_context":{"text":"INTERNACIONALES","link":"https:\/\/lasprimeras.com.do\/index.php\/category\/sin-categoria\/internacionales\/"},"img":{"alt_text":"","src":"https:\/\/i0.wp.com\/lasprimeras.com.do\/wp-content\/uploads\/2025\/03\/grupo-miliciano-Hamas.png?resize=350%2C200&ssl=1","width":350,"height":200,"srcset":"https:\/\/i0.wp.com\/lasprimeras.com.do\/wp-content\/uploads\/2025\/03\/grupo-miliciano-Hamas.png?resize=350%2C200&ssl=1 1x, https:\/\/i0.wp.com\/lasprimeras.com.do\/wp-content\/uploads\/2025\/03\/grupo-miliciano-Hamas.png?resize=525%2C300&ssl=1 1.5x, https:\/\/i0.wp.com\/lasprimeras.com.do\/wp-content\/uploads\/2025\/03\/grupo-miliciano-Hamas.png?resize=700%2C400&ssl=1 2x"},"classes":[]},{"id":66446,"url":"https:\/\/lasprimeras.com.do\/index.php\/2023\/11\/07\/israel-descarta-tregua-en-gaza-hasta-que-israel-libere-a-rehenes\/","url_meta":{"origin":91812,"position":2},"title":"Israel descarta tregua en Gaza hasta que Israel libere a rehenes","author":"BIMARY DE JES\u00daS Matos","date":"7 de noviembre de 2023","format":false,"excerpt":"Israel.-El primer ministro israel\u00ed, Benjam\u00edn Netanyahu, ha descartado de nuevo una tregua en el conflicto en la Franja de Gaza hasta que Ham\u00e1s libere a los rehenes, aunque ha concedido que pueda haber \u00abpausas t\u00e1cticas\u00bb. \u00abNo habr\u00e1 cese al fuego general sin la liberaci\u00f3n de rehenes\u00bb, ha declarado Netanyahu en\u2026","rel":"","context":"En \u00abSin categor\u00eda\u00bb","block_context":{"text":"Sin categor\u00eda","link":"https:\/\/lasprimeras.com.do\/index.php\/category\/sin-categoria\/"},"img":{"alt_text":"","src":"https:\/\/i0.wp.com\/lasprimeras.com.do\/wp-content\/uploads\/2023\/11\/torose-4.jpg?resize=350%2C200&ssl=1","width":350,"height":200,"srcset":"https:\/\/i0.wp.com\/lasprimeras.com.do\/wp-content\/uploads\/2023\/11\/torose-4.jpg?resize=350%2C200&ssl=1 1x, https:\/\/i0.wp.com\/lasprimeras.com.do\/wp-content\/uploads\/2023\/11\/torose-4.jpg?resize=525%2C300&ssl=1 1.5x"},"classes":[]},{"id":91426,"url":"https:\/\/lasprimeras.com.do\/index.php\/2024\/11\/23\/protestas-en-israel-para-exigir-el-fin-de-la-guerra-en-gaza-y-la-liberacion-de-rehenes\/","url_meta":{"origin":91812,"position":3},"title":"Protestas en Israel para exigir el fin de la guerra en Gaza y la liberaci\u00f3n de rehenes","author":"Nelson Feliz","date":"23 de noviembre de 2024","format":false,"excerpt":"Una persona fue detenida mientras se manifestaba frente a la casa del ministro para el Desarrollo del N\u00e9guev y Galilea en el sur de Tel Aviv. Cientos de manifestantes han salido este s\u00e1bado a las calles de Tel Aviv, Israel, para corear consignas exigiendo el fin de la guerra en\u2026","rel":"","context":"En \u00abINTERNACIONALES\u00bb","block_context":{"text":"INTERNACIONALES","link":"https:\/\/lasprimeras.com.do\/index.php\/category\/sin-categoria\/internacionales\/"},"img":{"alt_text":"","src":"https:\/\/i0.wp.com\/lasprimeras.com.do\/wp-content\/uploads\/2024\/11\/protesta-2.jpg?resize=350%2C200&ssl=1","width":350,"height":200,"srcset":"https:\/\/i0.wp.com\/lasprimeras.com.do\/wp-content\/uploads\/2024\/11\/protesta-2.jpg?resize=350%2C200&ssl=1 1x, https:\/\/i0.wp.com\/lasprimeras.com.do\/wp-content\/uploads\/2024\/11\/protesta-2.jpg?resize=525%2C300&ssl=1 1.5x, https:\/\/i0.wp.com\/lasprimeras.com.do\/wp-content\/uploads\/2024\/11\/protesta-2.jpg?resize=700%2C400&ssl=1 2x"},"classes":[]},{"id":70885,"url":"https:\/\/lasprimeras.com.do\/index.php\/2023\/12\/15\/eeuu-exhorta-a-hamas-deponer-las-armas-y-liberar-a-los-rehenes\/","url_meta":{"origin":91812,"position":4},"title":"EEUU exhorta a Ham\u00e1s deponer las armas y liberar a los rehenes","author":"BIMARY DE JES\u00daS Matos","date":"15 de diciembre de 2023","format":false,"excerpt":"MADRID.- El portavoz de Seguridad de la Casa Blanca, John Kirby, dijo este jueves que el Movimiento de Resistencia Isl\u00e1mica (Ham\u00e1s) debe deponer las armas, entregar a los responsables de los ataques del 7 de octubre y liberar a los rehenes que a\u00fan siguen bajo su custodia, como condici\u00f3n para\u2026","rel":"","context":"En \u00abSin categor\u00eda\u00bb","block_context":{"text":"Sin categor\u00eda","link":"https:\/\/lasprimeras.com.do\/index.php\/category\/sin-categoria\/"},"img":{"alt_text":"","src":"https:\/\/i0.wp.com\/lasprimeras.com.do\/wp-content\/uploads\/2023\/12\/WhatsApp-Image-2023-12-14-at-4.48.00-PM-6.jpeg?resize=350%2C200&ssl=1","width":350,"height":200,"srcset":"https:\/\/i0.wp.com\/lasprimeras.com.do\/wp-content\/uploads\/2023\/12\/WhatsApp-Image-2023-12-14-at-4.48.00-PM-6.jpeg?resize=350%2C200&ssl=1 1x, https:\/\/i0.wp.com\/lasprimeras.com.do\/wp-content\/uploads\/2023\/12\/WhatsApp-Image-2023-12-14-at-4.48.00-PM-6.jpeg?resize=525%2C300&ssl=1 1.5x"},"classes":[]},{"id":67341,"url":"https:\/\/lasprimeras.com.do\/index.php\/2023\/11\/15\/biden-y-netanyahu-hablan-sobre-liberar-rehenes-en-poder-hamas\/","url_meta":{"origin":91812,"position":5},"title":"Biden y Netanyahu hablan sobre liberar rehenes en poder Ham\u00e1s","author":"BIMARY DE JES\u00daS Matos","date":"15 de noviembre de 2023","format":false,"excerpt":"WASHINGTON.- El presidente de Estados Unidos, Joe Biden, y el primer ministro de Israel, Benjamin Netanyahu, han mantenido este martes una conversaci\u00f3n telef\u00f3nica respecto a \u00ablos \u00faltimos acontecimientos\u00bb en la Franja de Gaza y a los esfuerzos de ambos pa\u00edses para liberar a los rehenes capturados por el Movimiento de\u2026","rel":"","context":"En \u00abSin categor\u00eda\u00bb","block_context":{"text":"Sin categor\u00eda","link":"https:\/\/lasprimeras.com.do\/index.php\/category\/sin-categoria\/"},"img":{"alt_text":"","src":"https:\/\/i0.wp.com\/lasprimeras.com.do\/wp-content\/uploads\/2023\/11\/valentin-22.jpg?resize=350%2C200&ssl=1","width":350,"height":200,"srcset":"https:\/\/i0.wp.com\/lasprimeras.com.do\/wp-content\/uploads\/2023\/11\/valentin-22.jpg?resize=350%2C200&ssl=1 1x, https:\/\/i0.wp.com\/lasprimeras.com.do\/wp-content\/uploads\/2023\/11\/valentin-22.jpg?resize=525%2C300&ssl=1 1.5x"},"classes":[]}],"jetpack_sharing_enabled":true,"_links":{"self":[{"href":"https:\/\/lasprimeras.com.do\/index.php\/wp-json\/wp\/v2\/posts\/91812","targetHints":{"allow":["GET"]}}],"collection":[{"href":"https:\/\/lasprimeras.com.do\/index.php\/wp-json\/wp\/v2\/posts"}],"about":[{"href":"https:\/\/lasprimeras.com.do\/index.php\/wp-json\/wp\/v2\/types\/post"}],"author":[{"embeddable":true,"href":"https:\/\/lasprimeras.com.do\/index.php\/wp-json\/wp\/v2\/users\/2"}],"replies":[{"embeddable":true,"href":"https:\/\/lasprimeras.com.do\/index.php\/wp-json\/wp\/v2\/comments?post=91812"}],"version-history":[{"count":1,"href":"https:\/\/lasprimeras.com.do\/index.php\/wp-json\/wp\/v2\/posts\/91812\/revisions"}],"predecessor-version":[{"id":91814,"href":"https:\/\/lasprimeras.com.do\/index.php\/wp-json\/wp\/v2\/posts\/91812\/revisions\/91814"}],"wp:featuredmedia":[{"embeddable":true,"href":"https:\/\/lasprimeras.com.do\/index.php\/wp-json\/wp\/v2\/media\/91813"}],"wp:attachment":[{"href":"https:\/\/lasprimeras.com.do\/index.php\/wp-json\/wp\/v2\/media?parent=91812"}],"wp:term":[{"taxonomy":"category","embeddable":true,"href":"https:\/\/lasprimeras.com.do\/index.php\/wp-json\/wp\/v2\/categories?post=91812"},{"taxonomy":"post_tag","embeddable":true,"href":"https:\/\/lasprimeras.com.do\/index.php\/wp-json\/wp\/v2\/tags?post=91812"}],"curies":[{"name":"wp","href":"https:\/\/api.w.org\/{rel}","templated":true}]}}