{"id":91816,"date":"2024-12-03T22:37:16","date_gmt":"2024-12-04T02:37:16","guid":{"rendered":"https:\/\/lasprimeras.com.do\/?p=91816"},"modified":"2024-12-03T22:37:16","modified_gmt":"2024-12-04T02:37:16","slug":"familiares-desesperados-por-traslado-de-presas-politicas-dice-un-partido-antichavista","status":"publish","type":"post","link":"https:\/\/lasprimeras.com.do\/index.php\/2024\/12\/03\/familiares-desesperados-por-traslado-de-presas-politicas-dice-un-partido-antichavista\/","title":{"rendered":"Familiares &#8220;desesperados&#8221; por traslado de &#8220;presas pol\u00edticas&#8221;, dice un partido antichavista"},"content":{"rendered":"\n<p>Caracas,(EFE).- Familiares de &#8220;presas pol\u00edticas&#8221; en Venezuela est\u00e1n &#8220;desesperados&#8221; luego de que trasladaran a 29 mujeres desde el estado Anzo\u00e1tegui (este) hasta un centro penitenciario en Miranda (norte, cercano a Caracas), asegur\u00f3 este martes el Comit\u00e9 de Derechos Humanos de Vente Venezuela (VV), partido liderado por la opositora Mar\u00eda Corina Machado.<\/p>\n\n\n\n<p>Indic\u00f3 que este grupo de &#8220;presas pol\u00edticas&#8221; fueron detenidas tras las elecciones presidenciales del pasado julio, cuando se desat\u00f3 una crisis marcada por protestas y operativos policiales, luego de que el mandatario Nicol\u00e1s Maduro fuera declarado ganador por el ente electoral nacional y la oposici\u00f3n mayoritaria -agrupada en la Plataforma Unitaria Democr\u00e1tica (PUD)- denunciara fraude.<\/p>\n\n\n\n<p>&#8220;Familiares est\u00e1n desesperados. No solo es la situaci\u00f3n de reclusi\u00f3n sino que, adem\u00e1s, estas mujeres estar\u00e1n a cientos de kil\u00f3metros de distancia&#8221;, dijo el comit\u00e9 en la red social X.<\/p>\n\n\n\n<p>Adem\u00e1s, acus\u00f3 al Gobierno de Maduro de generar &#8220;dolor y sufrimiento en las familias&#8221;, por lo que exigi\u00f3 el cese de &#8220;tanta injusticia&#8221; y la liberaci\u00f3n de &#8220;todos los presos pol\u00edticos&#8221;.<\/p>\n\n\n\n<p>Seg\u00fan precis\u00f3 en X la ONG Comit\u00e9 por la Libertad de los Presos Pol\u00edticos, el grupo estaba recluido en la sede de la Polic\u00eda Nacional Bolivariana (PNB) en una localidad de Anzo\u00e1tegui, y fue trasladado al Centro de Formaci\u00f3n Femenina La Cris\u00e1lida, en Los Teques, capital de Miranda.<\/p>\n\n\n\n<p>Por otra parte, el partido opositor Voluntad Popular (VP) denunci\u00f3 que una &#8220;presa pol\u00edtica&#8221; en el estado Lara (oeste) y paciente oncol\u00f3gico fue trasladada este martes a un &#8220;recinto carcelario con m\u00e1s limitaciones para recibir las atenciones m\u00e9dicas que requiere&#8221;.<\/p>\n\n\n\n<p>&#8220;La vida de Yenni Barrios est\u00e1 en serio peligro en esta c\u00e1rcel y la responsabilidad es \u00fanica y exclusivamente del r\u00e9gimen de Nicol\u00e1s Maduro. Exigimos que sea liberada inmediatamente para que reciba la atenci\u00f3n m\u00e9dica necesaria. \u00a1Basta de injusticia!&#8221;, expres\u00f3 VP en X.<\/p>\n\n\n\n<p>El pasado domingo, familiares y amigos llevaron a cabo una vigilia en Caracas para exigir la liberaci\u00f3n de esas personas, as\u00ed como el &#8220;cese de la represi\u00f3n&#8221; que -denunciaron- se exacerb\u00f3 tras las presidenciales.<\/p>\n\n\n\n<p>Seg\u00fan la ONG Foro Penal, que lidera la defensa de los &#8220;presos pol\u00edticos&#8221; en la naci\u00f3n, 1.903 personas siguen encarceladas por disentir del Gobierno, la mayor\u00eda de ellas detenidas despu\u00e9s de los comicios.<\/p>\n\n\n\n<p>El fiscal de la Corte Penal Internacional (CPI), Karim Khan, reprendi\u00f3 el lunes a Venezuela por la falta de &#8220;implementaci\u00f3n concreta de leyes y pr\u00e1cticas&#8221; para proteger los derechos de los civiles, y advirti\u00f3 de que las investigaciones de su oficina &#8220;siguen en curso y est\u00e1n activas&#8221;, un discurso que el Gobierno de Maduro rechaz\u00f3 este martes.<\/p>\n\n\n\n<p>Agencia EFE<\/p>\n","protected":false},"excerpt":{"rendered":"<p>Caracas,(EFE).- Familiares de &#8220;presas pol\u00edticas&#8221; en Venezuela est\u00e1n &#8220;desesperados&#8221; luego de que trasladaran a 29 mujeres desde el estado Anzo\u00e1tegui (este) hasta un centro penitenciario en Miranda (norte, cercano a&hellip;<\/p>\n","protected":false},"author":2,"featured_media":91817,"comment_status":"open","ping_status":"open","sticky":false,"template":"","format":"standard","meta":{"content-type":"","jetpack_post_was_ever_published":false,"_jetpack_newsletter_access":"","_jetpack_dont_email_post_to_subs":false,"_jetpack_newsletter_tier_id":0,"_jetpack_memberships_contains_paywalled_content":false,"_jetpack_memberships_contains_paid_content":false,"footnotes":""},"categories":[16289],"tags":[16584,12150,1055,694,16583,13878],"class_list":["post-91816","post","type-post","status-publish","format-standard","has-post-thumbnail","hentry","category-internacionales","tag-antichavista","tag-desesperados","tag-familiares","tag-partido","tag-presas-politicas","tag-traslado"],"jetpack_featured_media_url":"https:\/\/lasprimeras.com.do\/wp-content\/uploads\/2024\/12\/ANTICHAVISTAS.jpg","jetpack-related-posts":[{"id":90872,"url":"https:\/\/lasprimeras.com.do\/index.php\/2024\/11\/02\/bloque-opositor-de-venezuela-exige-la-liberacion-de-dirigente-detenido-hace-tres-meses\/","url_meta":{"origin":91816,"position":0},"title":"Bloque opositor de Venezuela exige la liberaci\u00f3n de dirigente detenido hace tres meses","author":"Nelson Feliz","date":"2 de noviembre de 2024","format":false,"excerpt":"Caracas,(EFE).- La mayor coalici\u00f3n opositora de Venezuela, Plataforma Unitaria Democr\u00e1tica (PUD), exigi\u00f3 este s\u00e1bado la liberaci\u00f3n del dirigente antichavista Roland Carre\u00f1o, de quien asegura que fue detenido por \"cuerpos de inteligencia del r\u00e9gimen de Nicol\u00e1s Maduro\" el pasado agosto. A trav\u00e9s de X, la PUD exigi\u00f3 que se libere \"de\u2026","rel":"","context":"En \u00abSin categor\u00eda\u00bb","block_context":{"text":"Sin categor\u00eda","link":"https:\/\/lasprimeras.com.do\/index.php\/category\/sin-categoria\/"},"img":{"alt_text":"","src":"https:\/\/i0.wp.com\/lasprimeras.com.do\/wp-content\/uploads\/2024\/11\/libertad.jpg?resize=350%2C200&ssl=1","width":350,"height":200,"srcset":"https:\/\/i0.wp.com\/lasprimeras.com.do\/wp-content\/uploads\/2024\/11\/libertad.jpg?resize=350%2C200&ssl=1 1x, https:\/\/i0.wp.com\/lasprimeras.com.do\/wp-content\/uploads\/2024\/11\/libertad.jpg?resize=525%2C300&ssl=1 1.5x, https:\/\/i0.wp.com\/lasprimeras.com.do\/wp-content\/uploads\/2024\/11\/libertad.jpg?resize=700%2C400&ssl=1 2x"},"classes":[]},{"id":119906,"url":"https:\/\/lasprimeras.com.do\/index.php\/2026\/01\/18\/venezolanos-en-colombia-se-manifiestan-por-la-liberacion-de-presos-en-venezuela\/","url_meta":{"origin":91816,"position":1},"title":"Venezolanos en Colombia se manifiestan por la liberaci\u00f3n de presos en Venezuela","author":"Nelson Feliz","date":"18 de enero de 2026","format":false,"excerpt":"POR SAMUEL SOTOMAYOR BOGOT\u00c1 (AP) \u2014 Venezolanos residentes en Colombia se congregaron el domingo en la principal plaza p\u00fablica de Bogot\u00e1 para pedir la liberaci\u00f3n de los presos pol\u00edticos en Venezuela, un proceso iniciado tras el operativo militar estadounidense en el que fueron capturados el expresidente Nicol\u00e1s Maduro y su\u2026","rel":"","context":"En \u00abINTERNACIONALES\u00bb","block_context":{"text":"INTERNACIONALES","link":"https:\/\/lasprimeras.com.do\/index.php\/category\/sin-categoria\/internacionales\/"},"img":{"alt_text":"","src":"","width":0,"height":0},"classes":[]},{"id":122140,"url":"https:\/\/lasprimeras.com.do\/index.php\/2026\/02\/14\/familiares-se-reencuentran-con-17-presos-liberados-en-venezuela-otros-aguardan-ley-de-amnistia\/","url_meta":{"origin":91816,"position":2},"title":"Familiares se reencuentran con 17 presos liberados en Venezuela; otros aguardan Ley de Amnist\u00eda","author":"Nelson Feliz","date":"14 de febrero de 2026","format":false,"excerpt":"POR JUAN ARR\u00c1EZ CARACAS (AP) \u2014 Al menos 17 personas que permanec\u00edan detenidas por motivos pol\u00edticos en una prisi\u00f3n del este de Caracas se reencontraron la madrugada del s\u00e1bado con sus familiares tras ser liberados, al tiempo que crece la presi\u00f3n sobre el gobierno de la presidenta encargada Delcy Rodr\u00edguez\u2026","rel":"","context":"En \u00abINTERNACIONALES\u00bb","block_context":{"text":"INTERNACIONALES","link":"https:\/\/lasprimeras.com.do\/index.php\/category\/sin-categoria\/internacionales\/"},"img":{"alt_text":"","src":"https:\/\/i0.wp.com\/lasprimeras.com.do\/wp-content\/uploads\/2026\/02\/liberados.jpg?resize=350%2C200&ssl=1","width":350,"height":200,"srcset":"https:\/\/i0.wp.com\/lasprimeras.com.do\/wp-content\/uploads\/2026\/02\/liberados.jpg?resize=350%2C200&ssl=1 1x, https:\/\/i0.wp.com\/lasprimeras.com.do\/wp-content\/uploads\/2026\/02\/liberados.jpg?resize=525%2C300&ssl=1 1.5x, https:\/\/i0.wp.com\/lasprimeras.com.do\/wp-content\/uploads\/2026\/02\/liberados.jpg?resize=700%2C400&ssl=1 2x"},"classes":[]},{"id":122765,"url":"https:\/\/lasprimeras.com.do\/index.php\/2026\/02\/22\/venezuela-evalua-medidas-de-gracia-en-medio-de-las-criticas-por-exclusiones-de-la-amnistia\/","url_meta":{"origin":91816,"position":3},"title":"Venezuela eval\u00faa \u00abmedidas de gracia\u00bb en medio de las cr\u00edticas por exclusiones de la amnist\u00eda","author":"Nelson Feliz","date":"22 de febrero de 2026","format":false,"excerpt":"Jorge Rodr\u00edguez","rel":"","context":"En \u00abINTERNACIONALES\u00bb","block_context":{"text":"INTERNACIONALES","link":"https:\/\/lasprimeras.com.do\/index.php\/category\/sin-categoria\/internacionales\/"},"img":{"alt_text":"","src":"https:\/\/i0.wp.com\/lasprimeras.com.do\/wp-content\/uploads\/2026\/02\/Jorge-Rodriguez.jpg?resize=350%2C200&ssl=1","width":350,"height":200,"srcset":"https:\/\/i0.wp.com\/lasprimeras.com.do\/wp-content\/uploads\/2026\/02\/Jorge-Rodriguez.jpg?resize=350%2C200&ssl=1 1x, https:\/\/i0.wp.com\/lasprimeras.com.do\/wp-content\/uploads\/2026\/02\/Jorge-Rodriguez.jpg?resize=525%2C300&ssl=1 1.5x, https:\/\/i0.wp.com\/lasprimeras.com.do\/wp-content\/uploads\/2026\/02\/Jorge-Rodriguez.jpg?resize=700%2C400&ssl=1 2x"},"classes":[]},{"id":78638,"url":"https:\/\/lasprimeras.com.do\/index.php\/2024\/03\/18\/familiares-de-presos-en-la-victoria-estan-desesperados-por-obtener-informes-el-incendio\/","url_meta":{"origin":91816,"position":4},"title":"Familiares de presos en La Victoria est\u00e1n desesperados por obtener informes el incendio","author":"Nelson Feliz","date":"18 de marzo de 2024","format":false,"excerpt":"Los familiares de los presos desconocen el estado de sus parientes. Un ambiente de desesperaci\u00f3n es lo que se vive a las fueras del Centro de Privaci\u00f3n de Libertad de La Victoria, donde un fuego afecta desde esta ma\u00f1ana una parte del recinto. Familiares de los presos que se encuentran\u2026","rel":"","context":"En \u00abNACIONALES\u00bb","block_context":{"text":"NACIONALES","link":"https:\/\/lasprimeras.com.do\/index.php\/category\/nacionales\/"},"img":{"alt_text":"La Victoria","src":"https:\/\/i0.wp.com\/lasprimeras.com.do\/wp-content\/uploads\/2024\/03\/La-Victoria.jpg?resize=350%2C200&ssl=1","width":350,"height":200,"srcset":"https:\/\/i0.wp.com\/lasprimeras.com.do\/wp-content\/uploads\/2024\/03\/La-Victoria.jpg?resize=350%2C200&ssl=1 1x, https:\/\/i0.wp.com\/lasprimeras.com.do\/wp-content\/uploads\/2024\/03\/La-Victoria.jpg?resize=525%2C300&ssl=1 1.5x"},"classes":[]},{"id":91790,"url":"https:\/\/lasprimeras.com.do\/index.php\/2024\/12\/01\/familias-de-presos-politicos-en-venezuela-exigen-su-libertad-y-el-cese-de-la-represion\/","url_meta":{"origin":91816,"position":5},"title":"Familias de &#8220;presos pol\u00edticos&#8221; en Venezuela exigen su libertad y el cese de la &#8220;represi\u00f3n&#8221;","author":"Nelson Feliz","date":"1 de diciembre de 2024","format":false,"excerpt":"Caracas, (EFE).- Familiares y amigos de los considerados \"presos pol\u00edticos\" en Venezuela, acompa\u00f1ados de activistas y otros ciudadanos, llevaron a cabo este domingo una vigilia en una plaza de Caracas para exigir la liberaci\u00f3n de estos detenidos, as\u00ed como el \"cese de la represi\u00f3n\" en el pa\u00eds. Al grito de\u2026","rel":"","context":"En \u00abINTERNACIONALES\u00bb","block_context":{"text":"INTERNACIONALES","link":"https:\/\/lasprimeras.com.do\/index.php\/category\/sin-categoria\/internacionales\/"},"img":{"alt_text":"","src":"https:\/\/i0.wp.com\/lasprimeras.com.do\/wp-content\/uploads\/2024\/12\/familiares.jpg?resize=350%2C200&ssl=1","width":350,"height":200,"srcset":"https:\/\/i0.wp.com\/lasprimeras.com.do\/wp-content\/uploads\/2024\/12\/familiares.jpg?resize=350%2C200&ssl=1 1x, https:\/\/i0.wp.com\/lasprimeras.com.do\/wp-content\/uploads\/2024\/12\/familiares.jpg?resize=525%2C300&ssl=1 1.5x"},"classes":[]}],"jetpack_sharing_enabled":true,"_links":{"self":[{"href":"https:\/\/lasprimeras.com.do\/index.php\/wp-json\/wp\/v2\/posts\/91816","targetHints":{"allow":["GET"]}}],"collection":[{"href":"https:\/\/lasprimeras.com.do\/index.php\/wp-json\/wp\/v2\/posts"}],"about":[{"href":"https:\/\/lasprimeras.com.do\/index.php\/wp-json\/wp\/v2\/types\/post"}],"author":[{"embeddable":true,"href":"https:\/\/lasprimeras.com.do\/index.php\/wp-json\/wp\/v2\/users\/2"}],"replies":[{"embeddable":true,"href":"https:\/\/lasprimeras.com.do\/index.php\/wp-json\/wp\/v2\/comments?post=91816"}],"version-history":[{"count":1,"href":"https:\/\/lasprimeras.com.do\/index.php\/wp-json\/wp\/v2\/posts\/91816\/revisions"}],"predecessor-version":[{"id":91818,"href":"https:\/\/lasprimeras.com.do\/index.php\/wp-json\/wp\/v2\/posts\/91816\/revisions\/91818"}],"wp:featuredmedia":[{"embeddable":true,"href":"https:\/\/lasprimeras.com.do\/index.php\/wp-json\/wp\/v2\/media\/91817"}],"wp:attachment":[{"href":"https:\/\/lasprimeras.com.do\/index.php\/wp-json\/wp\/v2\/media?parent=91816"}],"wp:term":[{"taxonomy":"category","embeddable":true,"href":"https:\/\/lasprimeras.com.do\/index.php\/wp-json\/wp\/v2\/categories?post=91816"},{"taxonomy":"post_tag","embeddable":true,"href":"https:\/\/lasprimeras.com.do\/index.php\/wp-json\/wp\/v2\/tags?post=91816"}],"curies":[{"name":"wp","href":"https:\/\/api.w.org\/{rel}","templated":true}]}}