{"id":91833,"date":"2024-12-03T23:08:56","date_gmt":"2024-12-04T03:08:56","guid":{"rendered":"https:\/\/lasprimeras.com.do\/?p=91833"},"modified":"2024-12-03T23:08:59","modified_gmt":"2024-12-04T03:08:59","slug":"nace-el-club-deportivo-y-academia-hermanos-leon-en-cartagena","status":"publish","type":"post","link":"https:\/\/lasprimeras.com.do\/index.php\/2024\/12\/03\/nace-el-club-deportivo-y-academia-hermanos-leon-en-cartagena\/","title":{"rendered":"Nace el Club Deportivo y Academia Hermanos Le\u00f3n en Cartagena"},"content":{"rendered":"\n<p>Con \u00e9nfasis en prospectos y formaci\u00f3n infantil, el club promete revitalizar el deporte en la regi\u00f3n.<\/p>\n\n\n\n<p>Cartagena de Indias- En Cartagena, el b\u00e9isbol da un paso firme hacia el futuro con el lanzamiento oficial del Club Deportivo Hermanos Le\u00f3n, una iniciativa que integra el talento local con la oportunidad de proyecci\u00f3n internacional.<\/p>\n\n\n\n<p>Este proyecto, liderado por Orlando Le\u00f3n y respaldado por figuras destacadas del b\u00e9isbol, busca fortalecer la base deportiva de la regi\u00f3n, formando prospectos y promoviendo categor\u00edas juveniles.<\/p>\n\n\n\n<p>Lanzamiento y objetivos del club<\/p>\n\n\n\n<p>El lanzamiento del club no solo marca el inicio de su afiliaci\u00f3n oficial a la Liga de B\u00e9isbol de Bol\u00edvar, sino tambi\u00e9n la inauguraci\u00f3n de la Academia Hermanos Le\u00f3n, un espacio dedicado a preparar prospectos para competencias nacionales e internacionales.<\/p>\n\n\n\n<p>&#8220;Este no es solo el nacimiento de un club, sino de un sue\u00f1o de muchos a\u00f1os. Queremos que Cartagena vuelva a ser cuna de grandes talentos&#8221;, expres\u00f3 Orlando Le\u00f3n.<\/p>\n\n\n\n<p>Academia y proyecci\u00f3n internacional<\/p>\n\n\n\n<p>La academia est\u00e1 orientada a j\u00f3venes entre 13 y 15 a\u00f1os que buscan desarrollarse como prospectos para alcanzar firmas con organizaciones internacionales.<\/p>\n\n\n\n<p>Hasta la fecha, Le\u00f3n ha enviado seis peloteros a Rep\u00fablica Dominicana, donde se han destacado en programas de alto rendimiento. Entre los logros m\u00e1s recientes, sobresale Rasen Camargo, firmado por los Cincinnati Reds, y otros prospectos como Juan Marrugo y Arleyder Franco, actualmente en desarrollo.<\/p>\n\n\n\n<p>El club tambi\u00e9n formaliz\u00f3 una alianza estrat\u00e9gica con la Academia Pimentel en Rep\u00fablica Dominicana, dirigida por un reconocido entrenador de alto nivel.<\/p>\n\n\n\n<p>&#8220;Esta colaboraci\u00f3n nos permitir\u00e1 seguir guiando a j\u00f3venes promesas hacia un futuro brillante en el b\u00e9isbol profesional&#8221;, agreg\u00f3 Le\u00f3n.<\/p>\n\n\n\n<p>Categor\u00edas y entrenamientos<\/p>\n\n\n\n<p>El club arrancar\u00e1 con tres categor\u00edas principales:<br>\u2022 Pre-infantil: 9 a 10 a\u00f1os.<br>\u2022 Infantil: 11 a 12 a\u00f1os.<br>\u2022 Juvenil: 17 a 18 a\u00f1os, considerada una categor\u00eda \u00e9lite previa al nivel amateur.<br>Los entrenamientos se llevar\u00e1n a cabo en varios campos emblem\u00e1ticos de la ciudad, como Caracoles, Blas de Lezo, y Mart\u00ednez Martelo, con horarios dise\u00f1ados para adaptarse a las rutinas escolares de los ni\u00f1os.<\/p>\n\n\n\n<p>Equipo t\u00e9cnico y aliados claves<\/p>\n\n\n\n<p>El club cuenta con un equipo t\u00e9cnico compuesto por destacados entrenadores y colaboradores:<br>\u2022 Rafael Batista: Coach de picheo.<br>\u2022 Santiago \u201cPato\u201d Prada: Coach de bateo.<br>\u2022 Miguel Marrugo: Coach de posiciones.<br>\u2022 Santander Gonzalez: Coach de receptores.<br>\u2022 Luis Alfonso Lara: Instructor de gimnasio.<br>\u2022 Jos\u00e9 C\u00e1rdenas: Coach<\/p>\n\n\n\n<p>Adem\u00e1s, figuras como Adolfo S\u00e1nchez, un prospecto destacado de Cincinnati, y su familia estar\u00e1n presentes en el lanzamiento, junto con otros referentes del b\u00e9isbol cartagenero, como Orlando Le\u00f3n y Rafael Le\u00f3n.<\/p>\n\n\n\n<p>Infraestructura y proyecciones futuras<\/p>\n\n\n\n<p>El club y la academia trabajan para establecer una estructura s\u00f3lida que permita no solo formar deportistas, sino tambi\u00e9n consolidar un legado en la ciudad.<\/p>\n\n\n\n<p>Con tres campos de entrenamiento en diferentes zonas y un enfoque en categor\u00edas juveniles, la iniciativa se perfila como un semillero de talentos que beneficiar\u00e1 al b\u00e9isbol local y nacional.<br>Un homenaje al b\u00e9isbol cartagenero<\/p>\n\n\n\n<p>Durante el evento de lanzamiento, se rendir\u00e1 homenaje a figuras emblem\u00e1ticas del b\u00e9isbol cartagenero y se presentar\u00e1n los uniformes oficiales del club.<\/p>\n\n\n\n<p>&#8220;Queremos que esta sea una celebraci\u00f3n del b\u00e9isbol y de todo lo que representa para nuestra ciudad&#8221;, concluy\u00f3 Le\u00f3n.<\/p>\n\n\n\n<p>Con la visi\u00f3n de integrar tradici\u00f3n y futuro, el Club Deportivo Hermanos Le\u00f3n promete ser un pilar para el desarrollo del b\u00e9isbol en Cartagena, creando oportunidades para las nuevas generaciones y revitalizando el deporte en la regi\u00f3n.<\/p>\n","protected":false},"excerpt":{"rendered":"<p>Con \u00e9nfasis en prospectos y formaci\u00f3n infantil, el club promete revitalizar el deporte en la regi\u00f3n. Cartagena de Indias- En Cartagena, el b\u00e9isbol da un paso firme hacia el futuro&hellip;<\/p>\n","protected":false},"author":2,"featured_media":91834,"comment_status":"open","ping_status":"open","sticky":false,"template":"","format":"standard","meta":{"content-type":"","jetpack_post_was_ever_published":false,"_jetpack_newsletter_access":"","_jetpack_dont_email_post_to_subs":false,"_jetpack_newsletter_tier_id":0,"_jetpack_memberships_contains_paywalled_content":false,"_jetpack_memberships_contains_paid_content":false,"footnotes":""},"categories":[630],"tags":[16589,1140,16591,16590,16588],"class_list":["post-91833","post","type-post","status-publish","format-standard","has-post-thumbnail","hentry","category-deportes","tag-academia-hermanos-leon","tag-beisbol","tag-club-deportivo","tag-horizonte","tag-nace"],"jetpack_featured_media_url":"https:\/\/lasprimeras.com.do\/wp-content\/uploads\/2024\/12\/WhatsApp-Image-2024-12-03-at-7.29.53-AM-3.jpeg","jetpack-related-posts":[{"id":128500,"url":"https:\/\/lasprimeras.com.do\/index.php\/2026\/04\/23\/big-prospect-league-bpl-beisbol-pondra-en-marcha-4to-torneo-en-guerra-san-isidro\/","url_meta":{"origin":91833,"position":0},"title":"Big Prospect League (BPL-BEISBOL) pondr\u00e1 en marcha 4to Torneo en Guerra &#8211; San Isidro","author":"Nelson Feliz","date":"23 de abril de 2026","format":false,"excerpt":"Participaran 8 academias con jugadores elegibles clase Enero 2028 Enero 2029 Con la participaci\u00f3n de m\u00e1s de 200 atletas La Big Prospect League pondr\u00e1 en marcha su 4to Torneo de Beisbol correspondiente a la zona de Guerra San Isidro en el cual estar\u00e1n participando jugadores Clase enero 2028 enero 2029.\u2026","rel":"","context":"En \u00abDEPORTES\u00bb","block_context":{"text":"DEPORTES","link":"https:\/\/lasprimeras.com.do\/index.php\/category\/deportes\/"},"img":{"alt_text":"","src":"https:\/\/i0.wp.com\/lasprimeras.com.do\/wp-content\/uploads\/2026\/04\/Osiris-Reynoso-Entrega-la-copa-de-Campeones-al-manager-Rennie-Francisco-de-la-Academia-Los-Bautys-y-los-jugadores.jpg?resize=350%2C200&ssl=1","width":350,"height":200,"srcset":"https:\/\/i0.wp.com\/lasprimeras.com.do\/wp-content\/uploads\/2026\/04\/Osiris-Reynoso-Entrega-la-copa-de-Campeones-al-manager-Rennie-Francisco-de-la-Academia-Los-Bautys-y-los-jugadores.jpg?resize=350%2C200&ssl=1 1x, https:\/\/i0.wp.com\/lasprimeras.com.do\/wp-content\/uploads\/2026\/04\/Osiris-Reynoso-Entrega-la-copa-de-Campeones-al-manager-Rennie-Francisco-de-la-Academia-Los-Bautys-y-los-jugadores.jpg?resize=525%2C300&ssl=1 1.5x, https:\/\/i0.wp.com\/lasprimeras.com.do\/wp-content\/uploads\/2026\/04\/Osiris-Reynoso-Entrega-la-copa-de-Campeones-al-manager-Rennie-Francisco-de-la-Academia-Los-Bautys-y-los-jugadores.jpg?resize=700%2C400&ssl=1 2x"},"classes":[]},{"id":108140,"url":"https:\/\/lasprimeras.com.do\/index.php\/2025\/09\/03\/academia-blanco-de-santiago-obtiene-corona-en-torneo-the-next-big-sign-cibao\/","url_meta":{"origin":91833,"position":1},"title":"Academia Blanco de Santiago obtiene corona en torneo The Next Big Sign Cibao","author":"Nelson Feliz","date":"3 de septiembre de 2025","format":false,"excerpt":"Yonkairo Ram\u00edrez fue elegido el M\u00e1s Valioso. El seleccionado de la Academia Blanco de sector Uberal de Santiago derroto en un emocionante partido 2 carreras por 1 a la Academia Candy Valdez de la Vega para coronarse campeones del Torneo The Big Sign de la Big Prospect League (BPL-BEISBOL) correspondiente\u2026","rel":"","context":"En \u00abDEPORTES\u00bb","block_context":{"text":"DEPORTES","link":"https:\/\/lasprimeras.com.do\/index.php\/category\/deportes\/"},"img":{"alt_text":"","src":"https:\/\/i0.wp.com\/lasprimeras.com.do\/wp-content\/uploads\/2025\/09\/Osiris-Reynoso-Ceo-de-BPLBEISBOL-entrega-el-trofeo-de-Sub-Campeones-al-entrenador-el-Fathers-y-los-jugadores-de-Candy-Valdez.jpg?resize=350%2C200&ssl=1","width":350,"height":200,"srcset":"https:\/\/i0.wp.com\/lasprimeras.com.do\/wp-content\/uploads\/2025\/09\/Osiris-Reynoso-Ceo-de-BPLBEISBOL-entrega-el-trofeo-de-Sub-Campeones-al-entrenador-el-Fathers-y-los-jugadores-de-Candy-Valdez.jpg?resize=350%2C200&ssl=1 1x, https:\/\/i0.wp.com\/lasprimeras.com.do\/wp-content\/uploads\/2025\/09\/Osiris-Reynoso-Ceo-de-BPLBEISBOL-entrega-el-trofeo-de-Sub-Campeones-al-entrenador-el-Fathers-y-los-jugadores-de-Candy-Valdez.jpg?resize=525%2C300&ssl=1 1.5x, https:\/\/i0.wp.com\/lasprimeras.com.do\/wp-content\/uploads\/2025\/09\/Osiris-Reynoso-Ceo-de-BPLBEISBOL-entrega-el-trofeo-de-Sub-Campeones-al-entrenador-el-Fathers-y-los-jugadores-de-Candy-Valdez.jpg?resize=700%2C400&ssl=1 2x"},"classes":[]},{"id":78789,"url":"https:\/\/lasprimeras.com.do\/index.php\/2024\/03\/20\/lidom-dedica-campeonato-2024-2025-a-la-memoria-de-jose-leon\/","url_meta":{"origin":91833,"position":2},"title":"Lidom dedica campeonato 2024-2025 a la memoria de Jos\u00e9 Le\u00f3n","author":"BIMARY DE JES\u00daS Matos","date":"20 de marzo de 2024","format":false,"excerpt":"Santo Domingo.- La Liga de B\u00e9isbol Profesional de la Rep\u00fablica Dominicana (Lidom) anunci\u00f3 que ha decidido dedicar su pr\u00f3ximo campeonato a la memoria del empresario Jos\u00e9 Le\u00f3n Asensio. La decisi\u00f3n, anunciada en un comunicado, fue tomada de manera un\u00e1nime por la junta de directores de la Lidom, para reconocer el\u2026","rel":"","context":"En \u00abSin categor\u00eda\u00bb","block_context":{"text":"Sin categor\u00eda","link":"https:\/\/lasprimeras.com.do\/index.php\/category\/sin-categoria\/"},"img":{"alt_text":"","src":"","width":0,"height":0},"classes":[]},{"id":100991,"url":"https:\/\/lasprimeras.com.do\/index.php\/2025\/06\/14\/vaughn-sports-academy-dona-uniformes-a-la-big-prospect-league\/","url_meta":{"origin":91833,"position":3},"title":"Vaughn Sports Academy dona uniformes a la Big Prospect League","author":"Nelson Feliz","date":"14 de junio de 2025","format":false,"excerpt":"La empresa Vaughn Sports Factory del ex jugador de grandes ligas Mo Vaughn realiz\u00f3 la donaci\u00f3n de uniformes a la Big Prospect League (BPL-B\u00c9ISBOL) para ser utlizados en los diferentes torneos que participen a nivel nacional e internacional. Los uniformes fueron recibidos por Osiris Reynoso, CEO de BPL-B\u00c9ISBOL, quien dijo\u2026","rel":"","context":"En \u00abDEPORTES\u00bb","block_context":{"text":"DEPORTES","link":"https:\/\/lasprimeras.com.do\/index.php\/category\/deportes\/"},"img":{"alt_text":"","src":"https:\/\/i0.wp.com\/lasprimeras.com.do\/wp-content\/uploads\/2025\/06\/Osiris-Reynoso-Ceo-de-Bpl-Beisbol-y-algunos-de-los-jugadores-reciben-el-uniforme-de-Vaughn-Sports-Academy.jpg?resize=350%2C200&ssl=1","width":350,"height":200,"srcset":"https:\/\/i0.wp.com\/lasprimeras.com.do\/wp-content\/uploads\/2025\/06\/Osiris-Reynoso-Ceo-de-Bpl-Beisbol-y-algunos-de-los-jugadores-reciben-el-uniforme-de-Vaughn-Sports-Academy.jpg?resize=350%2C200&ssl=1 1x, https:\/\/i0.wp.com\/lasprimeras.com.do\/wp-content\/uploads\/2025\/06\/Osiris-Reynoso-Ceo-de-Bpl-Beisbol-y-algunos-de-los-jugadores-reciben-el-uniforme-de-Vaughn-Sports-Academy.jpg?resize=525%2C300&ssl=1 1.5x, https:\/\/i0.wp.com\/lasprimeras.com.do\/wp-content\/uploads\/2025\/06\/Osiris-Reynoso-Ceo-de-Bpl-Beisbol-y-algunos-de-los-jugadores-reciben-el-uniforme-de-Vaughn-Sports-Academy.jpg?resize=700%2C400&ssl=1 2x"},"classes":[]},{"id":71204,"url":"https:\/\/lasprimeras.com.do\/index.php\/2023\/12\/18\/reconocen-periodistas-por-sus-aportes-al-municipio-de-peralvillo\/","url_meta":{"origin":91833,"position":4},"title":"Reconocen periodistas por sus aportes al municipio de Peralvillo","author":"Nelson Feliz","date":"18 de diciembre de 2023","format":false,"excerpt":"Por sus aportes al municipio de Peralvillo, provincia Monte Plata, fueron reconocidos los periodistas Mart\u00edn Rodr\u00edguez, de SIN, Juan Carlos Santana, el choco, de Noticias Telemicro, Maricarmen Rojas, de Noticentro, canal 13, Maxi Manzueta, Gerente de Prensa de Edesur Dominicana y Nixon Rodr\u00edguez, de Telesistema canal 11. Los comunicadores, todos\u2026","rel":"","context":"En \u00abNACIONALES\u00bb","block_context":{"text":"NACIONALES","link":"https:\/\/lasprimeras.com.do\/index.php\/category\/nacionales\/"},"img":{"alt_text":"pERIODISTAS","src":"https:\/\/i0.wp.com\/lasprimeras.com.do\/wp-content\/uploads\/2023\/12\/pERIODISTAS-1.jpg?resize=350%2C200&ssl=1","width":350,"height":200,"srcset":"https:\/\/i0.wp.com\/lasprimeras.com.do\/wp-content\/uploads\/2023\/12\/pERIODISTAS-1.jpg?resize=350%2C200&ssl=1 1x, https:\/\/i0.wp.com\/lasprimeras.com.do\/wp-content\/uploads\/2023\/12\/pERIODISTAS-1.jpg?resize=525%2C300&ssl=1 1.5x, https:\/\/i0.wp.com\/lasprimeras.com.do\/wp-content\/uploads\/2023\/12\/pERIODISTAS-1.jpg?resize=700%2C400&ssl=1 2x"},"classes":[]},{"id":102432,"url":"https:\/\/lasprimeras.com.do\/index.php\/2025\/07\/04\/bplbeisbol-anuncia-torneo-de-beisbol-clase-2027-2028-en-el-cibao\/","url_meta":{"origin":91833,"position":5},"title":"BPLBEISBOL anuncia &#8220;Torneo de B\u00e9isbol clase 2027-2028&#8221; en el Cibao","author":"Nelson Feliz","date":"4 de julio de 2025","format":false,"excerpt":"Participaran 4 Academias y otras como invitadas. Con la participaci\u00f3n de m\u00e1s de 100 atletas La Big Prospect League BPLBEISBOL, pondr\u00e1 en marcha su 1er. Torneo De Beisbol Clase 2027-2028 correspondiente a la zona del Cibao. As\u00ed lo informo el dirigente Osiris Reynoso Ceo de BPL-BEISBOL, quien destac\u00f3 el gran\u2026","rel":"","context":"En \u00abDEPORTES\u00bb","block_context":{"text":"DEPORTES","link":"https:\/\/lasprimeras.com.do\/index.php\/category\/deportes\/"},"img":{"alt_text":"","src":"https:\/\/i0.wp.com\/lasprimeras.com.do\/wp-content\/uploads\/2025\/07\/Flyers-Academias-del-Cibao.jpg?resize=350%2C200&ssl=1","width":350,"height":200,"srcset":"https:\/\/i0.wp.com\/lasprimeras.com.do\/wp-content\/uploads\/2025\/07\/Flyers-Academias-del-Cibao.jpg?resize=350%2C200&ssl=1 1x, https:\/\/i0.wp.com\/lasprimeras.com.do\/wp-content\/uploads\/2025\/07\/Flyers-Academias-del-Cibao.jpg?resize=525%2C300&ssl=1 1.5x, https:\/\/i0.wp.com\/lasprimeras.com.do\/wp-content\/uploads\/2025\/07\/Flyers-Academias-del-Cibao.jpg?resize=700%2C400&ssl=1 2x"},"classes":[]}],"jetpack_sharing_enabled":true,"_links":{"self":[{"href":"https:\/\/lasprimeras.com.do\/index.php\/wp-json\/wp\/v2\/posts\/91833","targetHints":{"allow":["GET"]}}],"collection":[{"href":"https:\/\/lasprimeras.com.do\/index.php\/wp-json\/wp\/v2\/posts"}],"about":[{"href":"https:\/\/lasprimeras.com.do\/index.php\/wp-json\/wp\/v2\/types\/post"}],"author":[{"embeddable":true,"href":"https:\/\/lasprimeras.com.do\/index.php\/wp-json\/wp\/v2\/users\/2"}],"replies":[{"embeddable":true,"href":"https:\/\/lasprimeras.com.do\/index.php\/wp-json\/wp\/v2\/comments?post=91833"}],"version-history":[{"count":1,"href":"https:\/\/lasprimeras.com.do\/index.php\/wp-json\/wp\/v2\/posts\/91833\/revisions"}],"predecessor-version":[{"id":91835,"href":"https:\/\/lasprimeras.com.do\/index.php\/wp-json\/wp\/v2\/posts\/91833\/revisions\/91835"}],"wp:featuredmedia":[{"embeddable":true,"href":"https:\/\/lasprimeras.com.do\/index.php\/wp-json\/wp\/v2\/media\/91834"}],"wp:attachment":[{"href":"https:\/\/lasprimeras.com.do\/index.php\/wp-json\/wp\/v2\/media?parent=91833"}],"wp:term":[{"taxonomy":"category","embeddable":true,"href":"https:\/\/lasprimeras.com.do\/index.php\/wp-json\/wp\/v2\/categories?post=91833"},{"taxonomy":"post_tag","embeddable":true,"href":"https:\/\/lasprimeras.com.do\/index.php\/wp-json\/wp\/v2\/tags?post=91833"}],"curies":[{"name":"wp","href":"https:\/\/api.w.org\/{rel}","templated":true}]}}