{"id":91838,"date":"2024-12-03T23:19:44","date_gmt":"2024-12-04T03:19:44","guid":{"rendered":"https:\/\/lasprimeras.com.do\/?p=91838"},"modified":"2024-12-03T23:19:46","modified_gmt":"2024-12-04T03:19:46","slug":"gobierno-trabaja-en-lista-definitiva-beneficiarios-bono-navideno","status":"publish","type":"post","link":"https:\/\/lasprimeras.com.do\/index.php\/2024\/12\/03\/gobierno-trabaja-en-lista-definitiva-beneficiarios-bono-navideno\/","title":{"rendered":"Gobierno trabaja en lista definitiva beneficiarios Bono Navide\u00f1o"},"content":{"rendered":"\n<p>A ra\u00edz del colapso de la plataforma habilitada para la verificaci\u00f3n del Bono Navide\u00f1o, el gobierno inform\u00f3 que se encuentran depurando la lista definitiva de los beneficiarios que cumplen con los requisitos para recibir la asistencia social.<\/p>\n\n\n\n<p>A trav\u00e9s de un comunicado colgado en la p\u00e1gina oficial del Programa Sup\u00e9rate, el Gabinete de Pol\u00edticas Sociales y el Plan Social de la Presidencia, entidades encargadas de la distribuci\u00f3n del bono, manifestaron que las personas que han sido verificadas y no cumplen con los par\u00e1metros no recibir\u00e1n el apoyo destinado a familias en situaci\u00f3n de pobreza o con ingresos bajos.<\/p>\n\n\n\n<p>Indicaron que para recibir el apoyo monetario equivalente a 1,500 pesos que se otorga en el mes de diciembre, los ciudadanos deben ser desempleados o percibir un salario formalizado por la Tesorer\u00eda de la Seguridad Social que no supere los 30,000 pesos mensuales.<\/p>\n\n\n\n<p>Para la entrega de las tarjetas se priorizan hogares de bajos ingresos y que se encuentren en estado de vulnerabilidad seg\u00fan la base de datos de hogares elegibles del Sistema \u00danico de Beneficiarios (SIUBEN), a fin de garantizar el debido proceso.<\/p>\n\n\n\n<figure class=\"wp-block-image size-large\"><img decoding=\"async\" width=\"812\" height=\"1024\" src=\"https:\/\/lasprimeras.com.do\/wp-content\/uploads\/2024\/12\/WhatsApp-Image-2024-12-02-at-10.24.25-AM-812x1024.jpeg\" alt=\"\" class=\"wp-image-91839\" srcset=\"https:\/\/lasprimeras.com.do\/wp-content\/uploads\/2024\/12\/WhatsApp-Image-2024-12-02-at-10.24.25-AM-812x1024.jpeg 812w, https:\/\/lasprimeras.com.do\/wp-content\/uploads\/2024\/12\/WhatsApp-Image-2024-12-02-at-10.24.25-AM-238x300.jpeg 238w, https:\/\/lasprimeras.com.do\/wp-content\/uploads\/2024\/12\/WhatsApp-Image-2024-12-02-at-10.24.25-AM-768x969.jpeg 768w, https:\/\/lasprimeras.com.do\/wp-content\/uploads\/2024\/12\/WhatsApp-Image-2024-12-02-at-10.24.25-AM.jpeg 934w\" sizes=\"(max-width: 812px) 100vw, 812px\" \/><\/figure>\n\n\n\n<p>Las entidades explicaron que a ra\u00edz de la cantidad de personas que acceden al portal al mismo tiempo, este present\u00f3 fallas t\u00e9cnicas, que est\u00e1n siendo subsanadas.<\/p>\n","protected":false},"excerpt":{"rendered":"<p>A ra\u00edz del colapso de la plataforma habilitada para la verificaci\u00f3n del Bono Navide\u00f1o, el gobierno inform\u00f3 que se encuentran depurando la lista definitiva de los beneficiarios que cumplen con&hellip;<\/p>\n","protected":false},"author":2,"featured_media":91840,"comment_status":"open","ping_status":"open","sticky":false,"template":"","format":"standard","meta":{"content-type":"","jetpack_post_was_ever_published":false,"_jetpack_newsletter_access":"","_jetpack_dont_email_post_to_subs":false,"_jetpack_newsletter_tier_id":0,"_jetpack_memberships_contains_paywalled_content":false,"_jetpack_memberships_contains_paid_content":false,"footnotes":""},"categories":[39,25],"tags":[1796,9874,171],"class_list":["post-91838","post","type-post","status-publish","format-standard","has-post-thumbnail","hentry","category-economia","category-portada","tag-beneficiarios","tag-bono-navideno","tag-gobierno"],"jetpack_featured_media_url":"https:\/\/lasprimeras.com.do\/wp-content\/uploads\/2024\/12\/Bono-Navideno.jpg","jetpack-related-posts":[{"id":116875,"url":"https:\/\/lasprimeras.com.do\/index.php\/2025\/12\/04\/gobierno-entrega-bono-navideno-a-mas-de-1-millon-400-mil-personas-beneficiarias-de-superate\/","url_meta":{"origin":91838,"position":0},"title":"Gobierno entrega Bono Navide\u00f1o a m\u00e1s de 1 mill\u00f3n 400 mil personas beneficiarias de Sup\u00e9rate","author":"Nelson Feliz","date":"4 de diciembre de 2025","format":false,"excerpt":"La \u201cBrisita\u201d navide\u00f1a para beneficiarios del subsidio Alim\u00e9ntate fue distribuida de forma simult\u00e1nea en cinco puntos estrat\u00e9gicos: Distrito Nacional, Santo Domingo Este, Santiago, San Crist\u00f3bal y San Pedro de Macor\u00eds. La titular de la Direcci\u00f3n de Desarrollo Social Sup\u00e9rate, Gloria Reyes, el Gobierno entreg\u00f3 hoy, v\u00eda transferencia electr\u00f3nica, el Bono\u2026","rel":"","context":"En \u00abECONOM\u00cdA\u00bb","block_context":{"text":"ECONOM\u00cdA","link":"https:\/\/lasprimeras.com.do\/index.php\/category\/economia\/"},"img":{"alt_text":"","src":"https:\/\/i0.wp.com\/lasprimeras.com.do\/wp-content\/uploads\/2025\/12\/bono-navideno-2025-la-brisita.jpg-1024x558-1.jpg?resize=350%2C200&ssl=1","width":350,"height":200,"srcset":"https:\/\/i0.wp.com\/lasprimeras.com.do\/wp-content\/uploads\/2025\/12\/bono-navideno-2025-la-brisita.jpg-1024x558-1.jpg?resize=350%2C200&ssl=1 1x, https:\/\/i0.wp.com\/lasprimeras.com.do\/wp-content\/uploads\/2025\/12\/bono-navideno-2025-la-brisita.jpg-1024x558-1.jpg?resize=525%2C300&ssl=1 1.5x, https:\/\/i0.wp.com\/lasprimeras.com.do\/wp-content\/uploads\/2025\/12\/bono-navideno-2025-la-brisita.jpg-1024x558-1.jpg?resize=700%2C400&ssl=1 2x"},"classes":[]},{"id":76928,"url":"https:\/\/lasprimeras.com.do\/index.php\/2024\/02\/15\/fuerza-del-pueblo-exige-a-abinader-rendir-cuenta-de-emision-y-distribucion-de-bonos-navidenos\/","url_meta":{"origin":91838,"position":1},"title":"Fuerza del Pueblo exige a Abinader rendir cuenta de emisi\u00f3n y distribuci\u00f3n de bonos navide\u00f1os","author":"Nelson Feliz","date":"15 de febrero de 2024","format":false,"excerpt":"Denuncia que el propio mandatario recibi\u00f3 30 mil bonos y, hasta el Despacho de la Primera Dama que se supone no exist\u00eda. El partido Fuerza del Pueblo, a trav\u00e9s de su Secretar\u00eda de Asuntos Jur\u00eddicos, exigi\u00f3 al presidente Luis Abinader rendir cuentas por la an\u00f3mala emisi\u00f3n y distribuci\u00f3n de \u201cbonos\u2026","rel":"","context":"En \u00abECONOM\u00cdA\u00bb","block_context":{"text":"ECONOM\u00cdA","link":"https:\/\/lasprimeras.com.do\/index.php\/category\/economia\/"},"img":{"alt_text":"Fuerza del Pueblo","src":"https:\/\/i0.wp.com\/lasprimeras.com.do\/wp-content\/uploads\/2024\/02\/Fuerza-del-Pueblo.jpg?resize=350%2C200&ssl=1","width":350,"height":200,"srcset":"https:\/\/i0.wp.com\/lasprimeras.com.do\/wp-content\/uploads\/2024\/02\/Fuerza-del-Pueblo.jpg?resize=350%2C200&ssl=1 1x, https:\/\/i0.wp.com\/lasprimeras.com.do\/wp-content\/uploads\/2024\/02\/Fuerza-del-Pueblo.jpg?resize=525%2C300&ssl=1 1.5x, https:\/\/i0.wp.com\/lasprimeras.com.do\/wp-content\/uploads\/2024\/02\/Fuerza-del-Pueblo.jpg?resize=700%2C400&ssl=1 2x"},"classes":[]},{"id":68419,"url":"https:\/\/lasprimeras.com.do\/index.php\/2023\/11\/24\/bono-navideno-2023-del-gobierno-se-repartira-desde-el-4-de-diciembre\/","url_meta":{"origin":91838,"position":2},"title":"Bono Navide\u00f1o 2023 del Gobierno se repartir\u00e1 desde el 4 de diciembre","author":"BIMARY DE JES\u00daS Matos","date":"24 de noviembre de 2023","format":false,"excerpt":"Santo Domingo.-El coordinador de Pol\u00edtica Social, Tony Pe\u00f1a, anunci\u00f3 que a partir del lunes 4 de diciembre iniciar\u00e1 la entrega del bono navide\u00f1o del Gobierno nacional. Pe\u00f1a realiz\u00f3 el anuncio al hablar en la tercera graduaci\u00f3n ordinaria del programa 14\/24, en el Centro Ol\u00edmpico, acto encabezado por el presidente Luis\u2026","rel":"","context":"En \u00abPORTADA\u00bb","block_context":{"text":"PORTADA","link":"https:\/\/lasprimeras.com.do\/index.php\/category\/portada\/"},"img":{"alt_text":"","src":"","width":0,"height":0},"classes":[]},{"id":91799,"url":"https:\/\/lasprimeras.com.do\/index.php\/2024\/12\/01\/pld-advierte-sobre-la-pobre-efectividad-y-falta-de-transparencia-del-bono-navideno\/","url_meta":{"origin":91838,"position":3},"title":"PLD advierte sobre la pobre efectividad y falta de transparencia del bono navide\u00f1o","author":"Nelson Feliz","date":"1 de diciembre de 2024","format":false,"excerpt":"El Partido de la Liberaci\u00f3n Dominicana (PLD), denunci\u00f3 este domingo que dirigentes de esa organizaci\u00f3n aparecieron incluidos como beneficiarios del bono navide\u00f1o que promueve el Gobierno, con lo que se demuestra la pobre efectividad y transparencia de este tipo de ayudas sociales. Antes de que fuera sacada del sistema la\u2026","rel":"","context":"En \u00abPOLITICA\u00bb","block_context":{"text":"POLITICA","link":"https:\/\/lasprimeras.com.do\/index.php\/category\/politica\/"},"img":{"alt_text":"Zoraima Cuello","src":"https:\/\/i0.wp.com\/lasprimeras.com.do\/wp-content\/uploads\/2024\/12\/Zoraima-Cuello.png?resize=350%2C200&ssl=1","width":350,"height":200,"srcset":"https:\/\/i0.wp.com\/lasprimeras.com.do\/wp-content\/uploads\/2024\/12\/Zoraima-Cuello.png?resize=350%2C200&ssl=1 1x, https:\/\/i0.wp.com\/lasprimeras.com.do\/wp-content\/uploads\/2024\/12\/Zoraima-Cuello.png?resize=525%2C300&ssl=1 1.5x, https:\/\/i0.wp.com\/lasprimeras.com.do\/wp-content\/uploads\/2024\/12\/Zoraima-Cuello.png?resize=700%2C400&ssl=1 2x"},"classes":[]},{"id":91615,"url":"https:\/\/lasprimeras.com.do\/index.php\/2024\/11\/28\/entregan-bonos-navidenos-clinica-cruz-jiminian-hospital-padre-billini-y-conavihsida\/","url_meta":{"origin":91838,"position":4},"title":"Entregan bonos navide\u00f1os Cl\u00ednica Cruz Jimini\u00e1n, Hospital Padre Billini y Conavihsida","author":"Nelson Feliz","date":"28 de noviembre de 2024","format":false,"excerpt":"El coordinador del Gabinete de Pol\u00edticas Sociales del Gobierno, Tony Pe\u00f1a Guaba, entreg\u00f3 este jueves durante un nutrido acto en la Cl\u00ednica Cruz Jimini\u00e1n, una cantidad considerable de bonos navide\u00f1os. Pe\u00f1a Guaba, cumple su promesa en el acto de lanzamiento del Bono Navide\u00f1o de este a\u00f1o, de que las llevar\u00eda\u2026","rel":"","context":"En \u00abECONOM\u00cdA\u00bb","block_context":{"text":"ECONOM\u00cdA","link":"https:\/\/lasprimeras.com.do\/index.php\/category\/economia\/"},"img":{"alt_text":"","src":"https:\/\/i0.wp.com\/lasprimeras.com.do\/wp-content\/uploads\/2024\/11\/pena-guaba.jpg?resize=350%2C200&ssl=1","width":350,"height":200,"srcset":"https:\/\/i0.wp.com\/lasprimeras.com.do\/wp-content\/uploads\/2024\/11\/pena-guaba.jpg?resize=350%2C200&ssl=1 1x, https:\/\/i0.wp.com\/lasprimeras.com.do\/wp-content\/uploads\/2024\/11\/pena-guaba.jpg?resize=525%2C300&ssl=1 1.5x, https:\/\/i0.wp.com\/lasprimeras.com.do\/wp-content\/uploads\/2024\/11\/pena-guaba.jpg?resize=700%2C400&ssl=1 2x"},"classes":[]},{"id":70071,"url":"https:\/\/lasprimeras.com.do\/index.php\/2023\/12\/08\/abinader-anuncia-2-5-millones-de-dominicanos-se-beneficiaran-con-la-entrega-bonos-navidenos\/","url_meta":{"origin":91838,"position":5},"title":"Abinader anuncia 2.5 millones de dominicanos se beneficiar\u00e1n con la entrega bonos navide\u00f1os","author":"Nelson Feliz","date":"8 de diciembre de 2023","format":false,"excerpt":"Cifra marca un precedente como nunca hab\u00eda hecho ning\u00fan gobierno De manera simult\u00e1nea la vicepresidenta Raquel Pe\u00f1a y la primera dama, Raquel Arbaje, hacen anuncio en Santiago y Santo Domingo Este, respectivamente. El presidente Luis Abinader anunci\u00f3 este jueves la entrega del Bono Navide\u00f1o de 1,500 pesos con el que\u2026","rel":"","context":"En \u00abECONOM\u00cdA\u00bb","block_context":{"text":"ECONOM\u00cdA","link":"https:\/\/lasprimeras.com.do\/index.php\/category\/economia\/"},"img":{"alt_text":"Luis Abinader","src":"https:\/\/i0.wp.com\/lasprimeras.com.do\/wp-content\/uploads\/2023\/12\/Luis-Abinader-4.jpg?resize=350%2C200&ssl=1","width":350,"height":200,"srcset":"https:\/\/i0.wp.com\/lasprimeras.com.do\/wp-content\/uploads\/2023\/12\/Luis-Abinader-4.jpg?resize=350%2C200&ssl=1 1x, https:\/\/i0.wp.com\/lasprimeras.com.do\/wp-content\/uploads\/2023\/12\/Luis-Abinader-4.jpg?resize=525%2C300&ssl=1 1.5x, https:\/\/i0.wp.com\/lasprimeras.com.do\/wp-content\/uploads\/2023\/12\/Luis-Abinader-4.jpg?resize=700%2C400&ssl=1 2x"},"classes":[]}],"jetpack_sharing_enabled":true,"_links":{"self":[{"href":"https:\/\/lasprimeras.com.do\/index.php\/wp-json\/wp\/v2\/posts\/91838","targetHints":{"allow":["GET"]}}],"collection":[{"href":"https:\/\/lasprimeras.com.do\/index.php\/wp-json\/wp\/v2\/posts"}],"about":[{"href":"https:\/\/lasprimeras.com.do\/index.php\/wp-json\/wp\/v2\/types\/post"}],"author":[{"embeddable":true,"href":"https:\/\/lasprimeras.com.do\/index.php\/wp-json\/wp\/v2\/users\/2"}],"replies":[{"embeddable":true,"href":"https:\/\/lasprimeras.com.do\/index.php\/wp-json\/wp\/v2\/comments?post=91838"}],"version-history":[{"count":1,"href":"https:\/\/lasprimeras.com.do\/index.php\/wp-json\/wp\/v2\/posts\/91838\/revisions"}],"predecessor-version":[{"id":91841,"href":"https:\/\/lasprimeras.com.do\/index.php\/wp-json\/wp\/v2\/posts\/91838\/revisions\/91841"}],"wp:featuredmedia":[{"embeddable":true,"href":"https:\/\/lasprimeras.com.do\/index.php\/wp-json\/wp\/v2\/media\/91840"}],"wp:attachment":[{"href":"https:\/\/lasprimeras.com.do\/index.php\/wp-json\/wp\/v2\/media?parent=91838"}],"wp:term":[{"taxonomy":"category","embeddable":true,"href":"https:\/\/lasprimeras.com.do\/index.php\/wp-json\/wp\/v2\/categories?post=91838"},{"taxonomy":"post_tag","embeddable":true,"href":"https:\/\/lasprimeras.com.do\/index.php\/wp-json\/wp\/v2\/tags?post=91838"}],"curies":[{"name":"wp","href":"https:\/\/api.w.org\/{rel}","templated":true}]}}