{"id":91869,"date":"2024-12-04T23:10:30","date_gmt":"2024-12-05T03:10:30","guid":{"rendered":"https:\/\/lasprimeras.com.do\/?p=91869"},"modified":"2024-12-04T23:10:32","modified_gmt":"2024-12-05T03:10:32","slug":"abinader-sale-este-jueves-a-qatar-donde-participara-en-el-foro-mundial-de-doha","status":"publish","type":"post","link":"https:\/\/lasprimeras.com.do\/index.php\/2024\/12\/04\/abinader-sale-este-jueves-a-qatar-donde-participara-en-el-foro-mundial-de-doha\/","title":{"rendered":"Abinader sale este jueves a Qatar d\u00f3nde participar\u00e1 en el Foro Mundial de Doha"},"content":{"rendered":"\n<p>El presidente Luis Abinader, atendiendo una invitaci\u00f3n del Emir del Estado de Qatar, viajar\u00e1 este jueves a ese pa\u00eds para participar en el Foro Mundial de Doha y agotar una visita oficial.<\/p>\n\n\n\n<p>La Presidencia de la Rep\u00fablica inform\u00f3 que durante su estad\u00eda, el mandatario sostendr\u00e1 una reuni\u00f3n con el emir, su alteza el jeque Tamim bin Hamad Al Thani, y con el primer ministro, el jeque Mohammed bin Abdulrahman Al Thani.<\/p>\n\n\n\n<p>La agenda tambi\u00e9n incluye reuniones con altos funcionarios de las \u00e1reas de energ\u00eda, transporte, seguridad, salud, turismo e inversiones.<\/p>\n\n\n\n<p>La comitiva oficial que acompa\u00f1ar\u00e1 al jefe de Estado estar\u00e1 integrada por los ministros de Hacienda Jos\u00e9 Manuel Vicente; de Energ\u00eda y Minas, Joel Santos; el viceministro de Asuntos Econ\u00f3micos y de Cooperaci\u00f3n del Mirex, Hugo Rivera y la directora ejecutiva del Centro de Exportaci\u00f3n e Inversi\u00f3n de la Rep\u00fablica Dominicana (ProDominicana), Biviana Riveiro.<\/p>\n\n\n\n<p>Tambi\u00e9n formar\u00e1n parte de la delegaci\u00f3n el secretario general del Gabinete Presidencial, Eilyn Beltr\u00e1n; la asistente personal del mandatario, Mercedes Pichardo; el director de Prensa del Presidente, Daniel Garc\u00eda Archibald y el embajador dominicano en Qatar, George Bahsa Hazim.<\/p>\n\n\n\n<p>El Estado de Qatar est\u00e1 entre las principales econom\u00edas del mundo. Con la tercera reserva de gas natural m\u00e1s importante. Adem\u00e1s de ser de los pa\u00edses con mayor capacidad de inversi\u00f3n y cooperaci\u00f3n en sectores como energ\u00eda, turismo, seguridad, educaci\u00f3n, entre otros.<\/p>\n","protected":false},"excerpt":{"rendered":"<p>El presidente Luis Abinader, atendiendo una invitaci\u00f3n del Emir del Estado de Qatar, viajar\u00e1 este jueves a ese pa\u00eds para participar en el Foro Mundial de Doha y agotar una&hellip;<\/p>\n","protected":false},"author":2,"featured_media":57193,"comment_status":"open","ping_status":"open","sticky":false,"template":"","format":"standard","meta":{"content-type":"","jetpack_post_was_ever_published":false,"_jetpack_newsletter_access":"","_jetpack_dont_email_post_to_subs":false,"_jetpack_newsletter_tier_id":0,"_jetpack_memberships_contains_paywalled_content":false,"_jetpack_memberships_contains_paid_content":false,"footnotes":""},"categories":[35,25],"tags":[16606,16605,67,9857],"class_list":["post-91869","post","type-post","status-publish","format-standard","has-post-thumbnail","hentry","category-nacionales","category-portada","tag-doha","tag-foro-mundial","tag-luis-abinader","tag-qatar"],"jetpack_featured_media_url":"https:\/\/lasprimeras.com.do\/wp-content\/uploads\/2023\/08\/Luis-Abinader-viaja-NY.jpg","jetpack-related-posts":[{"id":91939,"url":"https:\/\/lasprimeras.com.do\/index.php\/2024\/12\/06\/presidente-abinader-sostendra-encuentro-con-primer-ministro-de-qatar\/","url_meta":{"origin":91869,"position":0},"title":"Presidente Abinader sostendr\u00e1 encuentro con Primer Ministro de Qatar","author":"Nelson Feliz","date":"6 de diciembre de 2024","format":false,"excerpt":"Mandatario estar\u00e1 presente en la apertura del Foro de Doha y la inauguraci\u00f3n de un busto al patricio Juan Pablo Duarte Doha.- El presidente Luis Abinader tiene este s\u00e1bado una amplia agenda en la capital de Qatar, que incluyen la inauguraci\u00f3n del Foro de Doha, de un busto al patricio\u2026","rel":"","context":"En \u00abINTERNACIONALES\u00bb","block_context":{"text":"INTERNACIONALES","link":"https:\/\/lasprimeras.com.do\/index.php\/category\/sin-categoria\/internacionales\/"},"img":{"alt_text":"","src":"https:\/\/i0.wp.com\/lasprimeras.com.do\/wp-content\/uploads\/2024\/12\/quatar.jpg?resize=350%2C200&ssl=1","width":350,"height":200,"srcset":"https:\/\/i0.wp.com\/lasprimeras.com.do\/wp-content\/uploads\/2024\/12\/quatar.jpg?resize=350%2C200&ssl=1 1x, https:\/\/i0.wp.com\/lasprimeras.com.do\/wp-content\/uploads\/2024\/12\/quatar.jpg?resize=525%2C300&ssl=1 1.5x"},"classes":[]},{"id":108729,"url":"https:\/\/lasprimeras.com.do\/index.php\/2025\/09\/10\/qatar-retira-los-escombros-tras-el-ataque-de-israel-contra-lideres-de-hamas-en-doha\/","url_meta":{"origin":91869,"position":1},"title":"Qatar retira los escombros tras el ataque de Israel contra l\u00edderes de Ham\u00e1s en Doha","author":"Nelson Feliz","date":"10 de septiembre de 2025","format":false,"excerpt":"POR JON GAMBRELL DOHA, Qatar (AP) \u2014 Qatar se despert\u00f3 el mi\u00e9rcoles mientras las fuerzas de seguridad y el personal de emergencia trabajaban en el lugar de un ataque israel\u00ed del d\u00eda anterior contra los l\u00edderes pol\u00edticos de Ham\u00e1s, que se hab\u00edan reunido en la capital del pa\u00eds petrolero para\u2026","rel":"","context":"En \u00abINTERNACIONALES\u00bb","block_context":{"text":"INTERNACIONALES","link":"https:\/\/lasprimeras.com.do\/index.php\/category\/sin-categoria\/internacionales\/"},"img":{"alt_text":"","src":"https:\/\/i0.wp.com\/lasprimeras.com.do\/wp-content\/uploads\/2025\/09\/DANOS.jpg?resize=350%2C200&ssl=1","width":350,"height":200,"srcset":"https:\/\/i0.wp.com\/lasprimeras.com.do\/wp-content\/uploads\/2025\/09\/DANOS.jpg?resize=350%2C200&ssl=1 1x, https:\/\/i0.wp.com\/lasprimeras.com.do\/wp-content\/uploads\/2025\/09\/DANOS.jpg?resize=525%2C300&ssl=1 1.5x, https:\/\/i0.wp.com\/lasprimeras.com.do\/wp-content\/uploads\/2025\/09\/DANOS.jpg?resize=700%2C400&ssl=1 2x"},"classes":[]},{"id":108841,"url":"https:\/\/lasprimeras.com.do\/index.php\/2025\/09\/11\/funcionario-de-qatar-afirma-que-netanyahu-mato-cualquier-esperanza-de-liberacion-de-rehenes-con-su-ataque-en-doha-contra-hamas\/","url_meta":{"origin":91869,"position":2},"title":"Funcionario de Qatar afirma que Netanyahu &#8220;mat\u00f3 cualquier esperanza&#8221; de liberaci\u00f3n de rehenes con su ataque en Doha contra Ham\u00e1s","author":"Nelson Feliz","date":"11 de septiembre de 2025","format":false,"excerpt":"Por JON GAMBRELL, ABDEL KAREEM HANA y WAFAA SHURAFA DOHA, Qatar (AP) \u2014 El primer ministro de Qatar dijo que el primer ministro israel\u00ed, Benjamin Netanyahu, \u201cmat\u00f3 cualquier esperanza\u201d de liberar a los rehenes que a\u00fan se encuentran retenidos en la Franja de Gaza despu\u00e9s de que Israel atac\u00f3 a\u2026","rel":"","context":"En \u00abINTERNACIONALES\u00bb","block_context":{"text":"INTERNACIONALES","link":"https:\/\/lasprimeras.com.do\/index.php\/category\/sin-categoria\/internacionales\/"},"img":{"alt_text":"","src":"https:\/\/i0.wp.com\/lasprimeras.com.do\/wp-content\/uploads\/2025\/09\/Quatar.jpg?resize=350%2C200&ssl=1","width":350,"height":200,"srcset":"https:\/\/i0.wp.com\/lasprimeras.com.do\/wp-content\/uploads\/2025\/09\/Quatar.jpg?resize=350%2C200&ssl=1 1x, https:\/\/i0.wp.com\/lasprimeras.com.do\/wp-content\/uploads\/2025\/09\/Quatar.jpg?resize=525%2C300&ssl=1 1.5x, https:\/\/i0.wp.com\/lasprimeras.com.do\/wp-content\/uploads\/2025\/09\/Quatar.jpg?resize=700%2C400&ssl=1 2x"},"classes":[]},{"id":109157,"url":"https:\/\/lasprimeras.com.do\/index.php\/2025\/09\/15\/qatar-acoge-una-cumbre-en-doha-sobre-el-ataque-israeli-a-hamas-y-busca-frenar-esos-ataques\/","url_meta":{"origin":91869,"position":3},"title":"Qatar acoge una cumbre en Doha sobre el ataque israel\u00ed a Ham\u00e1s y busca frenar esos ataques","author":"Nelson Feliz","date":"15 de septiembre de 2025","format":false,"excerpt":"POR JON GAMBRELL DUB\u00c1I, Emiratos \u00c1rabes Unidos (AP) \u2014 Qatar preparaba el lunes una cumbre sobre el ataque israel\u00ed a los l\u00edderes de Ham\u00e1s en Doha la semana pasada, con la esperanza de que un grupo de naciones \u00e1rabes e isl\u00e1micas ofrezca una forma de contener a Israel mientras contin\u00faa\u2026","rel":"","context":"En \u00abINTERNACIONALES\u00bb","block_context":{"text":"INTERNACIONALES","link":"https:\/\/lasprimeras.com.do\/index.php\/category\/sin-categoria\/internacionales\/"},"img":{"alt_text":"","src":"https:\/\/i0.wp.com\/lasprimeras.com.do\/wp-content\/uploads\/2025\/09\/Qatar.jpg?resize=350%2C200&ssl=1","width":350,"height":200,"srcset":"https:\/\/i0.wp.com\/lasprimeras.com.do\/wp-content\/uploads\/2025\/09\/Qatar.jpg?resize=350%2C200&ssl=1 1x, https:\/\/i0.wp.com\/lasprimeras.com.do\/wp-content\/uploads\/2025\/09\/Qatar.jpg?resize=525%2C300&ssl=1 1.5x, https:\/\/i0.wp.com\/lasprimeras.com.do\/wp-content\/uploads\/2025\/09\/Qatar.jpg?resize=700%2C400&ssl=1 2x"},"classes":[]},{"id":98886,"url":"https:\/\/lasprimeras.com.do\/index.php\/2025\/05\/14\/trump-se-reune-con-el-presidente-de-siria-antes-de-dirigirse-a-qatar-en-su-gira-por-oriente-medio\/","url_meta":{"origin":91869,"position":4},"title":"Trump se re\u00fane con el presidente de Siria antes de dirigirse a Qatar en su gira por Oriente Medio","author":"Nelson Feliz","date":"14 de mayo de 2025","format":false,"excerpt":"POR ZEKE MILLER, JON GAMBRELL and AAMER MADHANI RIAD, Arabia Saud\u00ed (AP) \u2014 El presidente de Estados Unidos, Donald Trump, se reuni\u00f3 el mi\u00e9rcoles con su hom\u00f3logo sirio, Ahmad al-Sharaa, en un cara a cara con el l\u00edder insurgente que pas\u00f3 a\u00f1os encarcelado por las fuerzas estadounidenses tras ser capturado\u2026","rel":"","context":"En \u00abINTERNACIONALES\u00bb","block_context":{"text":"INTERNACIONALES","link":"https:\/\/lasprimeras.com.do\/index.php\/category\/sin-categoria\/internacionales\/"},"img":{"alt_text":"","src":"https:\/\/i0.wp.com\/lasprimeras.com.do\/wp-content\/uploads\/2025\/05\/Donald-Trump-3.jpg?resize=350%2C200&ssl=1","width":350,"height":200,"srcset":"https:\/\/i0.wp.com\/lasprimeras.com.do\/wp-content\/uploads\/2025\/05\/Donald-Trump-3.jpg?resize=350%2C200&ssl=1 1x, https:\/\/i0.wp.com\/lasprimeras.com.do\/wp-content\/uploads\/2025\/05\/Donald-Trump-3.jpg?resize=525%2C300&ssl=1 1.5x, https:\/\/i0.wp.com\/lasprimeras.com.do\/wp-content\/uploads\/2025\/05\/Donald-Trump-3.jpg?resize=700%2C400&ssl=1 2x"},"classes":[]},{"id":108677,"url":"https:\/\/lasprimeras.com.do\/index.php\/2025\/09\/09\/israel-bombardea-edificios-en-qatar-para-matar-a-lideres-de-hamas-mientras-sopesaban-cese-al-fuego\/","url_meta":{"origin":91869,"position":5},"title":"Israel bombardea edificios en Qatar para matar a l\u00edderes de Ham\u00e1s mientras sopesaban cese al fuego","author":"Nelson Feliz","date":"9 de septiembre de 2025","format":false,"excerpt":"POR JOSEF FEDERMAN and JON GAMBRELL DOHA, Qatar (AP) \u2014 Israel atac\u00f3 el martes la sede del liderazgo pol\u00edtico de Ham\u00e1s en Qatar mientras las principales figuras del grupo palestino se reun\u00edan para considerar una propuesta estadounidense para un alto el fuego en la Franja de Gaza. El ataque en\u2026","rel":"","context":"En \u00abINTERNACIONALES\u00bb","block_context":{"text":"INTERNACIONALES","link":"https:\/\/lasprimeras.com.do\/index.php\/category\/sin-categoria\/internacionales\/"},"img":{"alt_text":"","src":"","width":0,"height":0},"classes":[]}],"jetpack_sharing_enabled":true,"_links":{"self":[{"href":"https:\/\/lasprimeras.com.do\/index.php\/wp-json\/wp\/v2\/posts\/91869","targetHints":{"allow":["GET"]}}],"collection":[{"href":"https:\/\/lasprimeras.com.do\/index.php\/wp-json\/wp\/v2\/posts"}],"about":[{"href":"https:\/\/lasprimeras.com.do\/index.php\/wp-json\/wp\/v2\/types\/post"}],"author":[{"embeddable":true,"href":"https:\/\/lasprimeras.com.do\/index.php\/wp-json\/wp\/v2\/users\/2"}],"replies":[{"embeddable":true,"href":"https:\/\/lasprimeras.com.do\/index.php\/wp-json\/wp\/v2\/comments?post=91869"}],"version-history":[{"count":1,"href":"https:\/\/lasprimeras.com.do\/index.php\/wp-json\/wp\/v2\/posts\/91869\/revisions"}],"predecessor-version":[{"id":91870,"href":"https:\/\/lasprimeras.com.do\/index.php\/wp-json\/wp\/v2\/posts\/91869\/revisions\/91870"}],"wp:featuredmedia":[{"embeddable":true,"href":"https:\/\/lasprimeras.com.do\/index.php\/wp-json\/wp\/v2\/media\/57193"}],"wp:attachment":[{"href":"https:\/\/lasprimeras.com.do\/index.php\/wp-json\/wp\/v2\/media?parent=91869"}],"wp:term":[{"taxonomy":"category","embeddable":true,"href":"https:\/\/lasprimeras.com.do\/index.php\/wp-json\/wp\/v2\/categories?post=91869"},{"taxonomy":"post_tag","embeddable":true,"href":"https:\/\/lasprimeras.com.do\/index.php\/wp-json\/wp\/v2\/tags?post=91869"}],"curies":[{"name":"wp","href":"https:\/\/api.w.org\/{rel}","templated":true}]}}