{"id":91877,"date":"2024-12-04T23:37:58","date_gmt":"2024-12-05T03:37:58","guid":{"rendered":"https:\/\/lasprimeras.com.do\/?p=91877"},"modified":"2024-12-04T23:38:00","modified_gmt":"2024-12-05T03:38:00","slug":"empresario-charles-sanchez-revela-presunta-corrupcion-en-minerd-en-compra-300-autobuses-electrico-escolares","status":"publish","type":"post","link":"https:\/\/lasprimeras.com.do\/index.php\/2024\/12\/04\/empresario-charles-sanchez-revela-presunta-corrupcion-en-minerd-en-compra-300-autobuses-electrico-escolares\/","title":{"rendered":"Empresario Charles S\u00e1nchez revela presunta corrupci\u00f3n en Minerd en compra 300 autobuses el\u00e9ctrico escolares"},"content":{"rendered":"\n<p>El empresario y productor del programa Zero Emisi\u00f3n, Charles S\u00e1nchez, revel\u00f3 que el gobierno ha incurrido en lo que podr\u00eda ser un presunto acto de corrupci\u00f3n en la compra de 300 autobuses el\u00e9ctricos para ser utilizado en el transporte escolar de Santiago, valorados en 600 millones de pesos.<\/p>\n\n\n\n<p>S\u00e1nchez dijo que de los 300 autobuses hasta ahora han llegado al Ministerio de Educaci\u00f3n 150, pero sin los cargadores el\u00e9ctricos que debieron tener integrados cada autob\u00fas.<\/p>\n\n\n\n<p>Se\u00f1al\u00f3 que durante el proceso de licitaci\u00f3n su empresa le propuso al Ministerio de Educaci\u00f3n (MINERD) venderles los autobuses con sus cargadores el\u00e9ctricos integrados de 11 kilovatios, pero prefirieron negociar con otras empresas que no le ofrecieron los beneficios que iban a obtener con nosotros.<\/p>\n\n\n\n<p>\u201cSi nos compraban esos 300 autobuses el gobierno se iba ahorrar 600 millones de pesos con el beneficio de que cada autob\u00fas hubiese llegado con un cargador de once kilovatios, por lo que no hab\u00eda que comprarlo, como sucede ahora\u201d, indic\u00f3.<\/p>\n\n\n\n<p>Precis\u00f3 que le propuso a Educaci\u00f3n que por cada autob\u00fas que le compraran &nbsp;le iba a reducir 2 millones de pesos menos, pero ellos no lo analizaron y prefirieron comprarlos sin cargadores y sin los beneficios que le planteamos.<\/p>\n\n\n\n<p>Charles S\u00e1nchez, expres\u00f3 en su programa Zero Emisi\u00f3n que es transmitido por CDN Radio, 92.5FM, que con su empresa iba a obtener mejores beneficios y garant\u00edas, pero el gobierno prefiri\u00f3 aunque perdiera negociar con grandes empresas como Santo Domingo Motor, Autozama, Previa Motor, entre otras.<\/p>\n\n\n\n<p>Sostuvo que nadie en el comit\u00e9 de compra ten\u00eda m\u00ednimamente dos dedos de frente para entender que cada veh\u00edculo el\u00e9ctrico trae un cargador interno.<\/p>\n\n\n\n<p>\u201cFue una inobservancia incre\u00edble, peligrosa y da\u00f1ina a los recursos del pa\u00eds haber obtenido esos autobuses sin los cargadores y sin saber d\u00f3nde lo iban a cargar\u201d, destac\u00f3.<\/p>\n\n\n\n<p>Se\u00f1al\u00f3 que el Ministerio de Educaci\u00f3n tuvo que volver hacer una licitaci\u00f3n para comprar los cargadores, lo que indica que el dinero del Estado no le duele a nadie en este pa\u00eds. \u201cHasta ahora de los 300 autobuses han llegado 150, de los cuales s\u00f3lo operan 60 autobuses\u201d, acot\u00f3.<\/p>\n\n\n\n<p>Puntualiz\u00f3 que el hecho de que los autobuses se hayan comprado sin cargadores ha provocado que en los pocos lugares de las estaciones de Santiago donde hay cargadores est\u00e9n provocando un caos por los entaponamiento al colocar todos esos autobuses en l\u00ednea.<\/p>\n\n\n\n<p>S\u00e1nchez asegur\u00f3 que el proceso de licitaci\u00f3n que el gobierno hizo para la compra de los autobuses escolares est\u00e1 mal hecho de arriba abajo al comprar los veh\u00edculos sin cargadores.<\/p>\n\n\n\n<p>\u201cLos cargadores ten\u00edan que estar dentro de cada autob\u00fas, porque esa es la norma, pero resulta que no evaluaron la documentaci\u00f3n que nosotros ten\u00edamos del proceso y si lo hac\u00edan se iban a dar cuenta que nuestra oferta de la venta de los autobuses pose\u00eda el cargador de 11 kilovatios, por lo que ahora no habr\u00eda problemas\u201d, ratific\u00f3.<\/p>\n\n\n\n<p>Agreg\u00f3 que despu\u00e9s de la compra de esos autobuses sin cargadores en Santiago no existe movilidad el\u00e9ctrica, debido a que los funcionarios del gobierno cometieron una &#8220;burrada&#8221;. \u201cParece que esos funcionarios estaban m\u00e1s interesados en comprar los autobuses que en buscar soluciones al transporte escolar\u201d, a\u00f1ade.<\/p>\n\n\n\n<p>Insisti\u00f3 que el que observa la movilidad el\u00e9ctrica en Santiago se da cuenta que el Ministerio de Educaci\u00f3n hizo un desastre en esa comprar &nbsp;autobuses de sin cargadores.<\/p>\n\n\n\n<p>Declar\u00f3 que por dondequiera que haya pasado el expediente de la compra de los autobuses estos deber\u00edan estar presos por comprarlos sin cargadores a sabiendas que exist\u00edan ofertas mejores.<\/p>\n\n\n\n<p>\u201cEse desastre que ha creado Educaci\u00f3n es un problema de ellos y de los perreme\u00edstas y por lo tanto est\u00e1n obligados a buscar como \u201catrapa cheles\u201d que son soluciones &nbsp;correctas\u201d, explic\u00f3.<\/p>\n\n\n\n<p>S\u00e1nchez dijo que el Ministerio de Educaci\u00f3n como no ha podido resolver el problema de los cargadores ahora est\u00e1 tratando de alquilar autobuses nuevos. \u201cEsto no es posible\u201d, aqu\u00ed tendr\u00e1 que caer una bomba nuclear para enderezar a los funcionarios p\u00fablicos\u201d, detall\u00f3 el empresario Charles S\u00e1nchez.<\/p>\n","protected":false},"excerpt":{"rendered":"<p>El empresario y productor del programa Zero Emisi\u00f3n, Charles S\u00e1nchez, revel\u00f3 que el gobierno ha incurrido en lo que podr\u00eda ser un presunto acto de corrupci\u00f3n en la compra de&hellip;<\/p>\n","protected":false},"author":2,"featured_media":91878,"comment_status":"open","ping_status":"open","sticky":false,"template":"","format":"standard","meta":{"content-type":"","jetpack_post_was_ever_published":false,"_jetpack_newsletter_access":"","_jetpack_dont_email_post_to_subs":false,"_jetpack_newsletter_tier_id":0,"_jetpack_memberships_contains_paywalled_content":false,"_jetpack_memberships_contains_paid_content":false,"footnotes":""},"categories":[39,25],"tags":[11628,8557,4269,1841,1079,2320,6042,855],"class_list":["post-91877","post","type-post","status-publish","format-standard","has-post-thumbnail","hentry","category-economia","category-portada","tag-autobuses","tag-charles-sanchez","tag-compra","tag-corrupcion","tag-electrico","tag-empresario","tag-escolares","tag-minerd"],"jetpack_featured_media_url":"https:\/\/lasprimeras.com.do\/wp-content\/uploads\/2024\/12\/Charles-Sanchez-1.jpg","jetpack-related-posts":[{"id":91874,"url":"https:\/\/lasprimeras.com.do\/index.php\/2024\/11\/28\/minerd-busca-soluciones-para-cargar-los-autobuses-electricos-del-transporte-escolar-en-santiago\/","url_meta":{"origin":91877,"position":0},"title":"Minerd busca soluciones para cargar los autobuses el\u00e9ctricos del transporte escolar en Santiago","author":"Nelson Feliz","date":"28 de noviembre de 2024","format":false,"excerpt":"A casi dos meses de su entrada en operaci\u00f3n en la provincia Santiago, solo 60 de los 150 autobuses el\u00e9ctricos del Sistema Nacional de Transporte Estudiantil (Trae) est\u00e1n operando. Eso se debe a que el Ministerio de Educaci\u00f3n de la Rep\u00fablica Dominicana (Minerd) no cuenta con las estaciones de cargas\u2026","rel":"","context":"En \u00abNACIONALES\u00bb","block_context":{"text":"NACIONALES","link":"https:\/\/lasprimeras.com.do\/index.php\/category\/nacionales\/"},"img":{"alt_text":"","src":"https:\/\/i0.wp.com\/lasprimeras.com.do\/wp-content\/uploads\/2024\/12\/autobuses-elect.jpg?resize=350%2C200&ssl=1","width":350,"height":200,"srcset":"https:\/\/i0.wp.com\/lasprimeras.com.do\/wp-content\/uploads\/2024\/12\/autobuses-elect.jpg?resize=350%2C200&ssl=1 1x, https:\/\/i0.wp.com\/lasprimeras.com.do\/wp-content\/uploads\/2024\/12\/autobuses-elect.jpg?resize=525%2C300&ssl=1 1.5x, https:\/\/i0.wp.com\/lasprimeras.com.do\/wp-content\/uploads\/2024\/12\/autobuses-elect.jpg?resize=700%2C400&ssl=1 2x"},"classes":[]},{"id":76817,"url":"https:\/\/lasprimeras.com.do\/index.php\/2024\/02\/14\/trae-incorporara-717-nuevos-autobuses-durante-el-mes-de-patria-para-expandirse-a-otras-provincias-del-pais\/","url_meta":{"origin":91877,"position":1},"title":"TRAE incorporar\u00e1 717 nuevos autobuses durante el Mes de Patria para expandirse a otras provincias del pa\u00eds","author":"BIMARY DE JES\u00daS Matos","date":"14 de febrero de 2024","format":false,"excerpt":"Martin Restituyo Santo Domingo.-TRAE incorporar\u00e1 717 nuevos autobuses durante el Mes de Patria para expandirse a otras provincias del pa\u00eds El Sistema Nacional de Transporte Estudiantil (TRAE) inform\u00f3 este mi\u00e9rcoles que incorporar\u00e1 717 autobuses nuevos para seguir expandiendo el servicio de transporte que ofrece a los estudiantes de escuelas p\u00fablicas\u2026","rel":"","context":"En \u00abPORTADA\u00bb","block_context":{"text":"PORTADA","link":"https:\/\/lasprimeras.com.do\/index.php\/category\/portada\/"},"img":{"alt_text":"","src":"https:\/\/i0.wp.com\/lasprimeras.com.do\/wp-content\/uploads\/2024\/02\/IMG-20240214-WA0044.jpg?resize=350%2C200&ssl=1","width":350,"height":200,"srcset":"https:\/\/i0.wp.com\/lasprimeras.com.do\/wp-content\/uploads\/2024\/02\/IMG-20240214-WA0044.jpg?resize=350%2C200&ssl=1 1x, https:\/\/i0.wp.com\/lasprimeras.com.do\/wp-content\/uploads\/2024\/02\/IMG-20240214-WA0044.jpg?resize=525%2C300&ssl=1 1.5x, https:\/\/i0.wp.com\/lasprimeras.com.do\/wp-content\/uploads\/2024\/02\/IMG-20240214-WA0044.jpg?resize=700%2C400&ssl=1 2x, https:\/\/i0.wp.com\/lasprimeras.com.do\/wp-content\/uploads\/2024\/02\/IMG-20240214-WA0044.jpg?resize=1050%2C600&ssl=1 3x"},"classes":[]},{"id":86538,"url":"https:\/\/lasprimeras.com.do\/index.php\/2024\/07\/27\/conatra-denuncia-decreto-616-22-no-manda-a-crear-empresa-publica-de-autobuses-escolares\/","url_meta":{"origin":91877,"position":2},"title":"CONATRA denuncia decreto 616-22 no manda a crear Empresa P\u00fablica de Autobuses Escolares","author":"Nelson Feliz","date":"27 de julio de 2024","format":false,"excerpt":"El secretario de educaci\u00f3n del Confederaci\u00f3n Nacional de Organizaciones del Transporte (CONATRA) Guillermo Est\u00e9vez, denunci\u00f3 que el Ministerio de Educaci\u00f3n ha puesto en marcha un plan para operar el servicio con m\u00e1s de un 50% por ciento de una totalidad de mil ochocientos cincuenta autobuses, entre ellos viejos autobuses reconstruidos.\u2026","rel":"","context":"En \u00abNACIONALES\u00bb","block_context":{"text":"NACIONALES","link":"https:\/\/lasprimeras.com.do\/index.php\/category\/nacionales\/"},"img":{"alt_text":"Guillermo Est\u00e9vez","src":"https:\/\/i0.wp.com\/lasprimeras.com.do\/wp-content\/uploads\/2024\/07\/Guillermo-Estevez-2.jpg?resize=350%2C200&ssl=1","width":350,"height":200,"srcset":"https:\/\/i0.wp.com\/lasprimeras.com.do\/wp-content\/uploads\/2024\/07\/Guillermo-Estevez-2.jpg?resize=350%2C200&ssl=1 1x, https:\/\/i0.wp.com\/lasprimeras.com.do\/wp-content\/uploads\/2024\/07\/Guillermo-Estevez-2.jpg?resize=525%2C300&ssl=1 1.5x"},"classes":[]},{"id":85207,"url":"https:\/\/lasprimeras.com.do\/index.php\/2024\/06\/25\/abinader-presenta-el-ahorro-que-representa-para-las-familias-el-sistema-nacional-de-transporte-estudiantil\/","url_meta":{"origin":91877,"position":3},"title":"Abinader presenta el ahorro que representa para las familias el Sistema Nacional de Transporte Estudiantil","author":"Nelson Feliz","date":"25 de junio de 2024","format":false,"excerpt":"El ahorro por familia oscila entre 5 mil y nueve mil pesos mensuales El presidente Luis Abinader present\u00f3 este lunes los logros del Sistema Nacional de Transporte Estudiantil, TRAE, que entre muchos otros, ha permitido que las familias beneficiadas ahorren entre 5 mil y 9 mil pesos mensuales. Bajo el\u2026","rel":"","context":"En \u00abECONOM\u00cdA\u00bb","block_context":{"text":"ECONOM\u00cdA","link":"https:\/\/lasprimeras.com.do\/index.php\/category\/economia\/"},"img":{"alt_text":"Luis Abinader","src":"https:\/\/i0.wp.com\/lasprimeras.com.do\/wp-content\/uploads\/2024\/06\/Luis-Abinader-7-1.jpg?resize=350%2C200&ssl=1","width":350,"height":200,"srcset":"https:\/\/i0.wp.com\/lasprimeras.com.do\/wp-content\/uploads\/2024\/06\/Luis-Abinader-7-1.jpg?resize=350%2C200&ssl=1 1x, https:\/\/i0.wp.com\/lasprimeras.com.do\/wp-content\/uploads\/2024\/06\/Luis-Abinader-7-1.jpg?resize=525%2C300&ssl=1 1.5x, https:\/\/i0.wp.com\/lasprimeras.com.do\/wp-content\/uploads\/2024\/06\/Luis-Abinader-7-1.jpg?resize=700%2C400&ssl=1 2x"},"classes":[]},{"id":86073,"url":"https:\/\/lasprimeras.com.do\/index.php\/2024\/07\/16\/transportistas-califican-como-revolucionario-el-transporte-escolar\/","url_meta":{"origin":91877,"position":4},"title":"Transportistas califican como \u201crevolucionario\u201d el transporte escolar","author":"Nelson Feliz","date":"16 de julio de 2024","format":false,"excerpt":"Para la UNET, el COEMTRAIN y decenas de entidades ligadas al transporte, el Ministerio de Educaci\u00f3n viola preceptos legales al comprar cientos de autobuses, cuando lo justo es contratar a los actores de ese sector. La Uni\u00f3n Nacional de Empresas de Transporte (UNET), el Consorcio Empresarial de Transportistas Innovadores (COEMTRAIN)\u2026","rel":"","context":"En \u00abNACIONALES\u00bb","block_context":{"text":"NACIONALES","link":"https:\/\/lasprimeras.com.do\/index.php\/category\/nacionales\/"},"img":{"alt_text":"","src":"https:\/\/i0.wp.com\/lasprimeras.com.do\/wp-content\/uploads\/2024\/07\/moreno.jpg?resize=350%2C200&ssl=1","width":350,"height":200,"srcset":"https:\/\/i0.wp.com\/lasprimeras.com.do\/wp-content\/uploads\/2024\/07\/moreno.jpg?resize=350%2C200&ssl=1 1x, https:\/\/i0.wp.com\/lasprimeras.com.do\/wp-content\/uploads\/2024\/07\/moreno.jpg?resize=525%2C300&ssl=1 1.5x"},"classes":[]},{"id":73727,"url":"https:\/\/lasprimeras.com.do\/index.php\/2024\/01\/15\/san-cristobal-ya-dispone-de-transporte-estudiantil-para-todas-las-escuelas\/","url_meta":{"origin":91877,"position":5},"title":"San Crist\u00f3bal ya dispone de transporte estudiantil para todas las escuelas","author":"Nelson Feliz","date":"15 de enero de 2024","format":false,"excerpt":"El Sistema Nacional de Transporte Estudiantil (TRAE) complet\u00f3 este lunes las rutas habilitadas para brindar servicio en San Crist\u00f3bal, una de las provincias donde inici\u00f3 el plan piloto hace un a\u00f1o. Los estudiantes de San Crist\u00f3bal, desde hoy cuentan con 80 autobuses y 30 rutas de TRAE para garantizar que\u2026","rel":"","context":"En \u00abNACIONALES\u00bb","block_context":{"text":"NACIONALES","link":"https:\/\/lasprimeras.com.do\/index.php\/category\/nacionales\/"},"img":{"alt_text":"Onesimo Gonzalez","src":"https:\/\/i0.wp.com\/lasprimeras.com.do\/wp-content\/uploads\/2024\/01\/Onesimo-Gonzalez-1.jpg?resize=350%2C200&ssl=1","width":350,"height":200,"srcset":"https:\/\/i0.wp.com\/lasprimeras.com.do\/wp-content\/uploads\/2024\/01\/Onesimo-Gonzalez-1.jpg?resize=350%2C200&ssl=1 1x, https:\/\/i0.wp.com\/lasprimeras.com.do\/wp-content\/uploads\/2024\/01\/Onesimo-Gonzalez-1.jpg?resize=525%2C300&ssl=1 1.5x, https:\/\/i0.wp.com\/lasprimeras.com.do\/wp-content\/uploads\/2024\/01\/Onesimo-Gonzalez-1.jpg?resize=700%2C400&ssl=1 2x"},"classes":[]}],"jetpack_sharing_enabled":true,"_links":{"self":[{"href":"https:\/\/lasprimeras.com.do\/index.php\/wp-json\/wp\/v2\/posts\/91877","targetHints":{"allow":["GET"]}}],"collection":[{"href":"https:\/\/lasprimeras.com.do\/index.php\/wp-json\/wp\/v2\/posts"}],"about":[{"href":"https:\/\/lasprimeras.com.do\/index.php\/wp-json\/wp\/v2\/types\/post"}],"author":[{"embeddable":true,"href":"https:\/\/lasprimeras.com.do\/index.php\/wp-json\/wp\/v2\/users\/2"}],"replies":[{"embeddable":true,"href":"https:\/\/lasprimeras.com.do\/index.php\/wp-json\/wp\/v2\/comments?post=91877"}],"version-history":[{"count":1,"href":"https:\/\/lasprimeras.com.do\/index.php\/wp-json\/wp\/v2\/posts\/91877\/revisions"}],"predecessor-version":[{"id":91879,"href":"https:\/\/lasprimeras.com.do\/index.php\/wp-json\/wp\/v2\/posts\/91877\/revisions\/91879"}],"wp:featuredmedia":[{"embeddable":true,"href":"https:\/\/lasprimeras.com.do\/index.php\/wp-json\/wp\/v2\/media\/91878"}],"wp:attachment":[{"href":"https:\/\/lasprimeras.com.do\/index.php\/wp-json\/wp\/v2\/media?parent=91877"}],"wp:term":[{"taxonomy":"category","embeddable":true,"href":"https:\/\/lasprimeras.com.do\/index.php\/wp-json\/wp\/v2\/categories?post=91877"},{"taxonomy":"post_tag","embeddable":true,"href":"https:\/\/lasprimeras.com.do\/index.php\/wp-json\/wp\/v2\/tags?post=91877"}],"curies":[{"name":"wp","href":"https:\/\/api.w.org\/{rel}","templated":true}]}}