{"id":91885,"date":"2024-12-05T22:40:54","date_gmt":"2024-12-06T02:40:54","guid":{"rendered":"https:\/\/lasprimeras.com.do\/?p=91885"},"modified":"2024-12-05T22:40:57","modified_gmt":"2024-12-06T02:40:57","slug":"mexico-llora-la-muerte-del-campeon-mundial-de-boxeo-israel-vazquez","status":"publish","type":"post","link":"https:\/\/lasprimeras.com.do\/index.php\/2024\/12\/05\/mexico-llora-la-muerte-del-campeon-mundial-de-boxeo-israel-vazquez\/","title":{"rendered":"M\u00e9xico llora la muerte del campe\u00f3n mundial de boxeo Israel V\u00e1zquez"},"content":{"rendered":"\n<p>Historia de sportsunlimitednews.com<\/p>\n\n\n\n<p>El excampe\u00f3n mundial de peso Bantam y originario de M\u00e9xico, Israel V\u00e1zquez, ha fallecido a la edad de 46 a\u00f1os. V\u00e1zquez fue diagnosticado recientemente con un sarcoma en estadio 4.<\/p>\n\n\n\n<p>&#8220;Descansa en paz&#8221;<\/p>\n\n\n\n<p>El presidente del Consejo Mundial de Boxeo, Mauricio Sulaiman confirm\u00f3 la triste noticia con el siguiente mensaje: &#8220;Israel V\u00e1zquez ya descansa en paz. Que Dios d\u00e9 fuerza y ayuda a su mujer, Laura, a sus hijos, a su familia y amigos en estos momentos tan dif\u00edciles&#8221;.<\/p>\n\n\n\n<p>Palabras de agradecimiento<\/p>\n\n\n\n<p>Sulaiman tambi\u00e9n a\u00f1ad\u00eda lo siguiente a su emotivo mensaje: &#8220;Gracias campe\u00f3n por dejarnos una huella tan especial. Siempre ser\u00e1s Magn\u00edfico&#8221;, subrayaba en referencia al apodo con el que se le conoc\u00eda al p\u00fagil.<\/p>\n\n\n\n<p>Un \u00eddolo para el p\u00fablico<\/p>\n\n\n\n<p>V\u00e1zquez era muy conocido por su estilo agresivo, por hacerse con el p\u00fablico de todo el mundo durante su carrera, y quiz\u00e1s, sobre todo, por su larga rivalidad con Rafael M\u00e1rquez, boxeador contra el que se enfrent\u00f3 en cuatro ocasiones entre 2007 y 2010.<\/p>\n\n\n\n<p>Obligado a retirarse<\/p>\n\n\n\n<p>V\u00e1zquez finalmente se vio obligado a retirarse en 2010 tras una serie de lesiones, incluyendo un desprendimiento de retina, seg\u00fan informaba The Guardian. El p\u00fagil acab\u00f3 su carrera con un r\u00e9cord de 44 victorias (32 por KO) y cinco derrotas en sus 49 combates profesionales disputados.<\/p>\n\n\n\n<p>Tributo a una leyenda<\/p>\n\n\n\n<p>Uno de los entrenadores m\u00e1s famosos de este deporte, Freddie Roach, cont\u00f3 a BoxingScene, despu\u00e9s de que se anunciara el fallecimiento del p\u00fagil, que V\u00e1zquez era &#8220;uno de los mejores boxeadores junto a los que he tenido el privilegio de trabajar&#8221;.<\/p>\n\n\n\n<p>Un guerrero<\/p>\n\n\n\n<p>George Kambosos, excampe\u00f3n unificado de peso ligero, escrib\u00eda tambi\u00e9n este mensaje en honor al boxeador fallecido: &#8220;RIP leyenda. Fue un honor haberte conocido, guerrero absoluto de este deporte&#8221;.<\/p>\n\n\n\n<p>Compa\u00f1eros de profesi\u00f3n y de experiencias<\/p>\n\n\n\n<p>Otro excampe\u00f3n de boxeo, Billy Dib, que logr\u00f3 superar su propia batalla contra el c\u00e1ncer, escrib\u00eda lo siguiente en redes sociales: &#8220;Con el coraz\u00f3n roto tras conocer el fallecimiento de Israel V\u00e1zquez, despu\u00e9s de su valiente lucha contra el c\u00e1ncer&#8221;.<\/p>\n\n\n\n<p>Halagos para el campe\u00f3n<\/p>\n\n\n\n<p>Dib a\u00f1ad\u00eda tambi\u00e9n: &#8220;\u00c9l no solo era un campe\u00f3n, sino tambi\u00e9n un aut\u00e9ntico luchador dentro y fuera del ring. Mis sentidas condolencias van para su familia, amigos y para todos aquellos que lo admiraran&#8221;.<\/p>\n\n\n\n<p>Campe\u00f3n del mundo indiscutible<\/p>\n\n\n\n<p>V\u00e1zquez finaliz\u00f3 una carrera en la que logr\u00f3 ser tres veces campe\u00f3n del mundo de peso Bantam, sosteniendo el t\u00edtulo IBF desde 2004 hasta 2005, y el cintur\u00f3n del WBC desde 2005 hasta 2008.<\/p>\n","protected":false},"excerpt":{"rendered":"<p>Historia de sportsunlimitednews.com El excampe\u00f3n mundial de peso Bantam y originario de M\u00e9xico, Israel V\u00e1zquez, ha fallecido a la edad de 46 a\u00f1os. V\u00e1zquez fue diagnosticado recientemente con un sarcoma&hellip;<\/p>\n","protected":false},"author":2,"featured_media":91886,"comment_status":"open","ping_status":"open","sticky":false,"template":"","format":"standard","meta":{"content-type":"","jetpack_post_was_ever_published":false,"_jetpack_newsletter_access":"","_jetpack_dont_email_post_to_subs":false,"_jetpack_newsletter_tier_id":0,"_jetpack_memberships_contains_paywalled_content":false,"_jetpack_memberships_contains_paid_content":false,"footnotes":""},"categories":[630],"tags":[4045,16614,16613,906,330],"class_list":["post-91885","post","type-post","status-publish","format-standard","has-post-thumbnail","hentry","category-deportes","tag-boxeo","tag-campeon-mundial","tag-llora","tag-mexico","tag-muerte"],"jetpack_featured_media_url":"https:\/\/lasprimeras.com.do\/wp-content\/uploads\/2024\/12\/dos.jpg","jetpack-related-posts":[{"id":50924,"url":"https:\/\/lasprimeras.com.do\/index.php\/2023\/05\/25\/canelo-alvarez-confirma-pelea-en-septiembre-con-un-rival-por-anunciar\/","url_meta":{"origin":91885,"position":0},"title":"&#8216;Canelo&#8217; \u00c1lvarez confirma pelea en septiembre con un rival por anunciar","author":"prenxa100","date":"25 de mayo de 2023","format":false,"excerpt":"M\u00e9xico, EFE.-.El boxeador mexicano Sa\u00fal 'Canelo' \u00c1lvarez, campe\u00f3n indiscutible del peso supermediano, confirm\u00f3 este mi\u00e9rcoles que pelear\u00e1 el pr\u00f3ximo septiembre con un rival por anunciar. \"S\u00ed pelear\u00e9 en septiembre, pero todav\u00eda no s\u00e9 con qui\u00e9n ni nada. La pr\u00f3xima semana nos vamos a sentar para hablar de eso\", explic\u00f3 durante\u2026","rel":"","context":"En \u00abSin categor\u00eda\u00bb","block_context":{"text":"Sin categor\u00eda","link":"https:\/\/lasprimeras.com.do\/index.php\/category\/sin-categoria\/"},"img":{"alt_text":"","src":"","width":0,"height":0},"classes":[]},{"id":63326,"url":"https:\/\/lasprimeras.com.do\/index.php\/2023\/10\/11\/omb-reconoce-en-punta-cana-al-super-campeon-mundial-emanuel-el-vaquero-navarrete\/","url_meta":{"origin":91885,"position":1},"title":"OMB reconoce en Punta Cana al S\u00faper Campe\u00f3n Mundial Emanuel &#8220;el Vaquero&#8221; Navarrete","author":"Nelson Feliz","date":"11 de octubre de 2023","format":false,"excerpt":"Le entregan cintur\u00f3n especial, placas de reconocimiento y una pintura con su imagen. Por Martin Restituyo El triple campe\u00f3n superpluma de la Organizaci\u00f3n Mundial de Boxeo (OMB) Emanuel \"el Vaquero\" Navarrete, recibi\u00f3 este mi\u00e9rcoles un reconocimiento especial como nuevo S\u00faper Campe\u00f3n Mundial, durante el 36 Congreso del organismo internacional que\u2026","rel":"","context":"En \u00abSin categor\u00eda\u00bb","block_context":{"text":"Sin categor\u00eda","link":"https:\/\/lasprimeras.com.do\/index.php\/category\/sin-categoria\/"},"img":{"alt_text":"El Vaquero","src":"https:\/\/i0.wp.com\/lasprimeras.com.do\/wp-content\/uploads\/2023\/10\/El-Vaquero.jpg?resize=350%2C200&ssl=1","width":350,"height":200,"srcset":"https:\/\/i0.wp.com\/lasprimeras.com.do\/wp-content\/uploads\/2023\/10\/El-Vaquero.jpg?resize=350%2C200&ssl=1 1x, https:\/\/i0.wp.com\/lasprimeras.com.do\/wp-content\/uploads\/2023\/10\/El-Vaquero.jpg?resize=525%2C300&ssl=1 1.5x, https:\/\/i0.wp.com\/lasprimeras.com.do\/wp-content\/uploads\/2023\/10\/El-Vaquero.jpg?resize=700%2C400&ssl=1 2x"},"classes":[]},{"id":60185,"url":"https:\/\/lasprimeras.com.do\/index.php\/2023\/09\/11\/javier-fortuna-vence-por-nocaut-a-olvin-medina-y-anuncia-que-ira-por-tercer-titulo-mundial\/","url_meta":{"origin":91885,"position":2},"title":"Javier Fortuna vence por nocaut a Olvin Medina y anuncia que ir\u00e1 por tercer t\u00edtulo mundial","author":"Nelson Feliz","date":"11 de septiembre de 2023","format":false,"excerpt":"El dominicano Javier \u201cEl Abej\u00f3n\u201d Fortuna, ex doble campe\u00f3n mundial, derrot\u00f3 por nocaut en dos asaltos a su compatriota Olvin Medina en el marco de la cartelera de boxeo internacional celebrada el pasado domingo en el Hotel Dominican Fiesta de Santo Domingo. El triunfo fue el n\u00famero 38, con 27\u2026","rel":"","context":"En \u00abSin categor\u00eda\u00bb","block_context":{"text":"Sin categor\u00eda","link":"https:\/\/lasprimeras.com.do\/index.php\/category\/sin-categoria\/"},"img":{"alt_text":"Javier Fortuna se retira a su esquina despu\u00e9s de dejar tendido en la lona a Olvin Medina en el combate que protagonizaron en el Hotel Dominican Fiesta.","src":"https:\/\/i0.wp.com\/lasprimeras.com.do\/wp-content\/uploads\/2023\/09\/Javier-Fortuna.jpeg?resize=350%2C200&ssl=1","width":350,"height":200,"srcset":"https:\/\/i0.wp.com\/lasprimeras.com.do\/wp-content\/uploads\/2023\/09\/Javier-Fortuna.jpeg?resize=350%2C200&ssl=1 1x, https:\/\/i0.wp.com\/lasprimeras.com.do\/wp-content\/uploads\/2023\/09\/Javier-Fortuna.jpeg?resize=525%2C300&ssl=1 1.5x, https:\/\/i0.wp.com\/lasprimeras.com.do\/wp-content\/uploads\/2023\/09\/Javier-Fortuna.jpeg?resize=700%2C400&ssl=1 2x"},"classes":[]},{"id":63652,"url":"https:\/\/lasprimeras.com.do\/index.php\/2023\/10\/13\/concluye-con-rotundo-exito-36-congreso-omb-en-punta-cana\/","url_meta":{"origin":91885,"position":3},"title":"Concluye con rotundo \u00e9xito 36 Congreso OMB en Punta Cana","author":"Nelson Feliz","date":"13 de octubre de 2023","format":false,"excerpt":"Gran participaci\u00f3n de ejecutivos, boxeadores, promotores, \u00e1rbitros y jueces. Entregan reconocimientos y cinturones especiales a los s\u00faper campeones mundiales Terrence Crawford y Amanda Serrano. Por Martin Restituyo Por todo lo alto, finaliz\u00f3 este viernes en Punta Cana, el 36 Congreso de la Organizaci\u00f3n Mundial de Boxeo (OMB), considerado uno de\u2026","rel":"","context":"En \u00abSin categor\u00eda\u00bb","block_context":{"text":"Sin categor\u00eda","link":"https:\/\/lasprimeras.com.do\/index.php\/category\/sin-categoria\/"},"img":{"alt_text":"Boxeo","src":"https:\/\/i0.wp.com\/lasprimeras.com.do\/wp-content\/uploads\/2023\/10\/Boxeo-1-1.jpg?resize=350%2C200&ssl=1","width":350,"height":200,"srcset":"https:\/\/i0.wp.com\/lasprimeras.com.do\/wp-content\/uploads\/2023\/10\/Boxeo-1-1.jpg?resize=350%2C200&ssl=1 1x, https:\/\/i0.wp.com\/lasprimeras.com.do\/wp-content\/uploads\/2023\/10\/Boxeo-1-1.jpg?resize=525%2C300&ssl=1 1.5x, https:\/\/i0.wp.com\/lasprimeras.com.do\/wp-content\/uploads\/2023\/10\/Boxeo-1-1.jpg?resize=700%2C400&ssl=1 2x"},"classes":[]},{"id":63549,"url":"https:\/\/lasprimeras.com.do\/index.php\/2023\/10\/13\/miguel-queliz-conquista-titulo-mundial-juvenil-de-la-omb-y-kaipo-gallegos-se-queda-con-el-de-las-130-libras\/","url_meta":{"origin":91885,"position":4},"title":"Miguel Qu\u00e9liz conquista t\u00edtulo mundial juvenil de la OMB y Kaipo Gallegos se queda con el de las 130 libras","author":"Nelson Feliz","date":"13 de octubre de 2023","format":false,"excerpt":"Mientras que el cubano Ernesbadi Begue obtiene el supermediano latino. Por Mart\u00edn Restituyo En un re\u00f1ido combate entre p\u00fagiles dominicanos que estaban invictos, Miguel Qu\u00e9liz venci\u00f3 por decisi\u00f3n un\u00e1nime a su compatriota Yermi Peralta para quedarse con el t\u00edtulo mundial juvenil de las 126 libras, en una cartelera que form\u00f3\u2026","rel":"","context":"En \u00abSin categor\u00eda\u00bb","block_context":{"text":"Sin categor\u00eda","link":"https:\/\/lasprimeras.com.do\/index.php\/category\/sin-categoria\/"},"img":{"alt_text":"El dominicano Miguel Queliz conecta al rostro de su compatriota Yermi Peralta, durante el combate que protagonizaron por el t\u00edtulo mundial juvenil de las 126 libras que avala la Organizaci\u00f3n Mundial de Boxeo.","src":"https:\/\/i0.wp.com\/lasprimeras.com.do\/wp-content\/uploads\/2023\/10\/boxeo-1.jpg?resize=350%2C200&ssl=1","width":350,"height":200,"srcset":"https:\/\/i0.wp.com\/lasprimeras.com.do\/wp-content\/uploads\/2023\/10\/boxeo-1.jpg?resize=350%2C200&ssl=1 1x, https:\/\/i0.wp.com\/lasprimeras.com.do\/wp-content\/uploads\/2023\/10\/boxeo-1.jpg?resize=525%2C300&ssl=1 1.5x"},"classes":[]},{"id":89044,"url":"https:\/\/lasprimeras.com.do\/index.php\/2024\/09\/15\/canelo-alvarez-defiende-sus-titulos-ante-puertorriqueno-berlanga-que-prometio-noquearlo\/","url_meta":{"origin":91885,"position":5},"title":"&#8216;Canelo&#8217; \u00c1lvarez defiende sus t\u00edtulos ante puertorrique\u00f1o Berlanga, que prometi\u00f3 noquearlo","author":"Nelson Feliz","date":"15 de septiembre de 2024","format":false,"excerpt":"Redacci\u00f3n Deportes,(EFE).- El mexicano Sa\u00fal \u2018Canelo\u2019 \u00c1lvarez defender\u00e1 este s\u00e1bado los t\u00edtulos supermedianos de la Asociaci\u00f3n Mundial, la Organizaci\u00f3n Mundial y el Consejo Mundial de Boxeo ante el puertorrique\u00f1o Edgar Berlanga, que prometi\u00f3 en ser el primero en noquear al campe\u00f3n mexicano. En una pelea que busca revivir la rivalidad\u2026","rel":"","context":"En \u00abSin categor\u00eda\u00bb","block_context":{"text":"Sin categor\u00eda","link":"https:\/\/lasprimeras.com.do\/index.php\/category\/sin-categoria\/"},"img":{"alt_text":"","src":"https:\/\/i0.wp.com\/lasprimeras.com.do\/wp-content\/uploads\/2024\/09\/Saul-Canelo-Alvarez.jpg?resize=350%2C200&ssl=1","width":350,"height":200,"srcset":"https:\/\/i0.wp.com\/lasprimeras.com.do\/wp-content\/uploads\/2024\/09\/Saul-Canelo-Alvarez.jpg?resize=350%2C200&ssl=1 1x, https:\/\/i0.wp.com\/lasprimeras.com.do\/wp-content\/uploads\/2024\/09\/Saul-Canelo-Alvarez.jpg?resize=525%2C300&ssl=1 1.5x"},"classes":[]}],"jetpack_sharing_enabled":true,"_links":{"self":[{"href":"https:\/\/lasprimeras.com.do\/index.php\/wp-json\/wp\/v2\/posts\/91885","targetHints":{"allow":["GET"]}}],"collection":[{"href":"https:\/\/lasprimeras.com.do\/index.php\/wp-json\/wp\/v2\/posts"}],"about":[{"href":"https:\/\/lasprimeras.com.do\/index.php\/wp-json\/wp\/v2\/types\/post"}],"author":[{"embeddable":true,"href":"https:\/\/lasprimeras.com.do\/index.php\/wp-json\/wp\/v2\/users\/2"}],"replies":[{"embeddable":true,"href":"https:\/\/lasprimeras.com.do\/index.php\/wp-json\/wp\/v2\/comments?post=91885"}],"version-history":[{"count":2,"href":"https:\/\/lasprimeras.com.do\/index.php\/wp-json\/wp\/v2\/posts\/91885\/revisions"}],"predecessor-version":[{"id":91888,"href":"https:\/\/lasprimeras.com.do\/index.php\/wp-json\/wp\/v2\/posts\/91885\/revisions\/91888"}],"wp:featuredmedia":[{"embeddable":true,"href":"https:\/\/lasprimeras.com.do\/index.php\/wp-json\/wp\/v2\/media\/91886"}],"wp:attachment":[{"href":"https:\/\/lasprimeras.com.do\/index.php\/wp-json\/wp\/v2\/media?parent=91885"}],"wp:term":[{"taxonomy":"category","embeddable":true,"href":"https:\/\/lasprimeras.com.do\/index.php\/wp-json\/wp\/v2\/categories?post=91885"},{"taxonomy":"post_tag","embeddable":true,"href":"https:\/\/lasprimeras.com.do\/index.php\/wp-json\/wp\/v2\/tags?post=91885"}],"curies":[{"name":"wp","href":"https:\/\/api.w.org\/{rel}","templated":true}]}}