{"id":91889,"date":"2024-12-05T22:45:13","date_gmt":"2024-12-06T02:45:13","guid":{"rendered":"https:\/\/lasprimeras.com.do\/?p=91889"},"modified":"2024-12-05T22:45:15","modified_gmt":"2024-12-06T02:45:15","slug":"senado-aprueba-presupuesto-del-estado-por-16-billones-de-pesos","status":"publish","type":"post","link":"https:\/\/lasprimeras.com.do\/index.php\/2024\/12\/05\/senado-aprueba-presupuesto-del-estado-por-16-billones-de-pesos\/","title":{"rendered":"Senado aprueba Presupuesto del Estado por 1,6 billones de pesos"},"content":{"rendered":"\n<p>Santo Domingo,(EFE).- El Senado de la Rep\u00fablica aprob\u00f3 este jueves el Proyecto de Ley del Presupuesto General del Estado por un monto de algo m\u00e1s de 1,6 billones de pesos, que pasa al Poder Ejecutivo para su promulgaci\u00f3n.<\/p>\n\n\n\n<p>La iniciativa fue aprobada en una sesi\u00f3n extraordinaria, luego de que fuera sancionada este martes por la C\u00e1mara de Diputados.<\/p>\n\n\n\n<p>Los senadores aprobaron el Presupuesto con 26 votos a favor y uno en contra, informaron las redes sociales del Senado.<\/p>\n\n\n\n<p>SOLO EL SENADOR ALEXIS ESPIRITUSANTO SE OPUSO AL PROYECTO<\/p>\n\n\n\n<p>El Poder Ejecutivo someti\u00f3 el proyecto de ley v\u00eda la C\u00e1mara de Diputados en septiembre pasado. Luego, se form\u00f3 una comisi\u00f3n bicameral que estudio la pieza y dio su aprobaci\u00f3n.<\/p>\n\n\n\n<p>El monto exacto del Presupuesto General del Estado para 2025 es de un bill\u00f3n 681,728.1 millones de pesos, el m\u00e1s alto en la historia del pa\u00eds.<\/p>\n\n\n\n<p>El senador Edward Alexis Esp\u00edritusanto, representante por La Romana, fue el \u00fanico legislador opositor en la sesi\u00f3n y critic\u00f3 al Gobierno porque, supuestamente, el presupuesto no est\u00e1 conectado con las verdaderas necesidades de los dominicanos.<\/p>\n\n\n\n<p>CIFRAS SERIAN USADAS COMO INSTRUMENTO DE PROPAGANDA<\/p>\n\n\n\n<p>\u00abNo podemos permitir que las grandes cifras sean utilizadas como instrumento de propaganda mientras las comunidades siguen sumidas en el abandono, sin servicios de salud dignos, sin educaci\u00f3n de calidad y con una inseguridad que cada d\u00eda arropa todos los sectores del pa\u00eds\u00bb, destac\u00f3.<\/p>\n\n\n\n<p>Varios senadores oficialistas y aliados, que conforman una mayor\u00eda absoluta en la c\u00e1mara, emitieron consideraciones a favor del proyecto de ley.EFE<\/p>\n","protected":false},"excerpt":{"rendered":"<p>Santo Domingo,(EFE).- El Senado de la Rep\u00fablica aprob\u00f3 este jueves el Proyecto de Ley del Presupuesto General del Estado por un monto de algo m\u00e1s de 1,6 billones de pesos,&hellip;<\/p>\n","protected":false},"author":2,"featured_media":91890,"comment_status":"open","ping_status":"open","sticky":false,"template":"","format":"standard","meta":{"content-type":"","jetpack_post_was_ever_published":false,"_jetpack_newsletter_access":"","_jetpack_dont_email_post_to_subs":false,"_jetpack_newsletter_tier_id":0,"_jetpack_memberships_contains_paywalled_content":false,"_jetpack_memberships_contains_paid_content":false,"footnotes":""},"categories":[39,25],"tags":[408,1068,5744,413],"class_list":["post-91889","post","type-post","status-publish","format-standard","has-post-thumbnail","hentry","category-economia","category-portada","tag-aprueba","tag-estado","tag-presupuesto","tag-senado"],"jetpack_featured_media_url":"https:\/\/lasprimeras.com.do\/wp-content\/uploads\/2024\/12\/senado-1.jpeg","jetpack-related-posts":[{"id":70623,"url":"https:\/\/lasprimeras.com.do\/index.php\/2023\/12\/12\/diputados-aprueban-de-urgencia-presupuesto-billonario-del-2024-e-incluyen-dinero-de-aerodom\/","url_meta":{"origin":91889,"position":0},"title":"Diputados aprueban de urgencia presupuesto billonario del 2024 e incluyen dinero de Aerodom","author":"Nelson Feliz","date":"12 de diciembre de 2023","format":false,"excerpt":"La C\u00e1mara de Diputados aprob\u00f3 este martes de urgencia y en dos lecturas consecutivas el proyecto de Ley de Presupuesto General del Estado para el a\u00f1o 2024 que asciende al bill\u00f3n de pesos y que incluye una adenda para proyectar los ingresos que dejar\u00e1 la renegociaci\u00f3n del contrato con Aerodom\u2026","rel":"","context":"En \u00abECONOM\u00cdA\u00bb","block_context":{"text":"ECONOM\u00cdA","link":"https:\/\/lasprimeras.com.do\/index.php\/category\/economia\/"},"img":{"alt_text":"PE agreg\u00f3 adenda de Aerodom a Presupuesto 2024 sin contrato aprobado","src":"https:\/\/i0.wp.com\/lasprimeras.com.do\/wp-content\/uploads\/2023\/12\/diputados.jpg?resize=350%2C200&ssl=1","width":350,"height":200,"srcset":"https:\/\/i0.wp.com\/lasprimeras.com.do\/wp-content\/uploads\/2023\/12\/diputados.jpg?resize=350%2C200&ssl=1 1x, https:\/\/i0.wp.com\/lasprimeras.com.do\/wp-content\/uploads\/2023\/12\/diputados.jpg?resize=525%2C300&ssl=1 1.5x, https:\/\/i0.wp.com\/lasprimeras.com.do\/wp-content\/uploads\/2023\/12\/diputados.jpg?resize=700%2C400&ssl=1 2x"},"classes":[]},{"id":91859,"url":"https:\/\/lasprimeras.com.do\/index.php\/2024\/12\/04\/diputados-aprueban-el-presupuesto-de-2025por-un-billon-681728-1-millones-de-pesos\/","url_meta":{"origin":91889,"position":1},"title":"Diputados aprueban el presupuesto de 2025,por un bill\u00f3n 681,728.1 millones de pesos","author":"Nelson Feliz","date":"4 de diciembre de 2024","format":false,"excerpt":"La C\u00e1mara de Diputados aprob\u00f3 este martes en dos lecturas consecutivas el proyecto del Presupuesto General del Estado para el a\u00f1o 2025, que asciende a un monto de un bill\u00f3n 681,728.1 millones de pesos y que fue sancionado bajo fuertes cr\u00edticas de la oposici\u00f3n. Aunque los opositores de la Fuerza\u2026","rel":"","context":"En \u00abECONOM\u00cdA\u00bb","block_context":{"text":"ECONOM\u00cdA","link":"https:\/\/lasprimeras.com.do\/index.php\/category\/economia\/"},"img":{"alt_text":"","src":"https:\/\/i0.wp.com\/lasprimeras.com.do\/wp-content\/uploads\/2024\/12\/diputados-2.jpeg?resize=350%2C200&ssl=1","width":350,"height":200,"srcset":"https:\/\/i0.wp.com\/lasprimeras.com.do\/wp-content\/uploads\/2024\/12\/diputados-2.jpeg?resize=350%2C200&ssl=1 1x, https:\/\/i0.wp.com\/lasprimeras.com.do\/wp-content\/uploads\/2024\/12\/diputados-2.jpeg?resize=525%2C300&ssl=1 1.5x, https:\/\/i0.wp.com\/lasprimeras.com.do\/wp-content\/uploads\/2024\/12\/diputados-2.jpeg?resize=700%2C400&ssl=1 2x, https:\/\/i0.wp.com\/lasprimeras.com.do\/wp-content\/uploads\/2024\/12\/diputados-2.jpeg?resize=1050%2C600&ssl=1 3x, https:\/\/i0.wp.com\/lasprimeras.com.do\/wp-content\/uploads\/2024\/12\/diputados-2.jpeg?resize=1400%2C800&ssl=1 4x"},"classes":[]},{"id":91895,"url":"https:\/\/lasprimeras.com.do\/index.php\/2024\/12\/05\/senado-aprueba-presupuesto-general-del-estado-del-ano-2025\/","url_meta":{"origin":91889,"position":2},"title":"Senado aprueba Presupuesto General del Estado del a\u00f1o 2025","author":"Nelson Feliz","date":"5 de diciembre de 2024","format":false,"excerpt":"El Senado de la Rep\u00fablica declar\u00f3 de urgencia y aprob\u00f3 en dos lecturas consecutivas el Proyecto de Ley de Presupuesto General del Estado para el a\u00f1o 2025, ascendente a un bill\u00f3n 681,728, millones de pesos. La pieza fue aprobada por 26 de 27 senadores presentes en los trabajos legislativos de\u2026","rel":"","context":"En \u00abECONOM\u00cdA\u00bb","block_context":{"text":"ECONOM\u00cdA","link":"https:\/\/lasprimeras.com.do\/index.php\/category\/economia\/"},"img":{"alt_text":"","src":"https:\/\/i0.wp.com\/lasprimeras.com.do\/wp-content\/uploads\/2024\/12\/RICARDO-DE-LOS-SANTOS-Pres.jpg?resize=350%2C200&ssl=1","width":350,"height":200,"srcset":"https:\/\/i0.wp.com\/lasprimeras.com.do\/wp-content\/uploads\/2024\/12\/RICARDO-DE-LOS-SANTOS-Pres.jpg?resize=350%2C200&ssl=1 1x, https:\/\/i0.wp.com\/lasprimeras.com.do\/wp-content\/uploads\/2024\/12\/RICARDO-DE-LOS-SANTOS-Pres.jpg?resize=525%2C300&ssl=1 1.5x, https:\/\/i0.wp.com\/lasprimeras.com.do\/wp-content\/uploads\/2024\/12\/RICARDO-DE-LOS-SANTOS-Pres.jpg?resize=700%2C400&ssl=1 2x"},"classes":[]},{"id":117870,"url":"https:\/\/lasprimeras.com.do\/index.php\/2025\/12\/16\/senado-aprueba-presupuesto-general-del-estado-para-el-ano-2026\/","url_meta":{"origin":91889,"position":3},"title":"Senado aprueba Presupuesto General del Estado para el a\u00f1o 2026","author":"Nelson Feliz","date":"16 de diciembre de 2025","format":false,"excerpt":"El 35.4% del presupuesto aprobado ser\u00e1 enfocado a la articulaci\u00f3n de bienes y servicios p\u00fablicos relacionados con la Estrategia Nacional de Desarrollo. La C\u00e1mara Alta declar\u00f3 de urgencia y aprob\u00f3 en dos lecturas consecutivas el Proyecto de Ley de Presupuesto General del Estado correspondiente al a\u00f1o 2026, ascendente a un\u2026","rel":"","context":"En \u00abECONOM\u00cdA\u00bb","block_context":{"text":"ECONOM\u00cdA","link":"https:\/\/lasprimeras.com.do\/index.php\/category\/economia\/"},"img":{"alt_text":"Senado aprueba Presupuesto General del Estado para el a\u00f1o 2026","src":"https:\/\/i0.wp.com\/lasprimeras.com.do\/wp-content\/uploads\/2025\/12\/Senado-aprueba-Presupuesto-General-del-Estado-para-el-ano-2026.jpg?resize=350%2C200&ssl=1","width":350,"height":200,"srcset":"https:\/\/i0.wp.com\/lasprimeras.com.do\/wp-content\/uploads\/2025\/12\/Senado-aprueba-Presupuesto-General-del-Estado-para-el-ano-2026.jpg?resize=350%2C200&ssl=1 1x, https:\/\/i0.wp.com\/lasprimeras.com.do\/wp-content\/uploads\/2025\/12\/Senado-aprueba-Presupuesto-General-del-Estado-para-el-ano-2026.jpg?resize=525%2C300&ssl=1 1.5x, https:\/\/i0.wp.com\/lasprimeras.com.do\/wp-content\/uploads\/2025\/12\/Senado-aprueba-Presupuesto-General-del-Estado-para-el-ano-2026.jpg?resize=700%2C400&ssl=1 2x"},"classes":[]},{"id":109244,"url":"https:\/\/lasprimeras.com.do\/index.php\/2025\/09\/15\/el-senado-aprueba-de-urgencia-aumento-de-mas-de-rd10-mil-millones-en-deuda-publica\/","url_meta":{"origin":91889,"position":4},"title":"El Senado aprueba de urgencia aumento de m\u00e1s de RD$10 mil millones en deuda p\u00fablica","author":"Nelson Feliz","date":"15 de septiembre de 2025","format":false,"excerpt":"Abinader justific\u00f3 la necesidad de la medida en que \u201cresponde a la expansi\u00f3n del gasto de capital prevista en la modificaci\u00f3n del presupuesto\". El Senado declar\u00f3 de urgencia y aprob\u00f3 este lunes en dos lecturas consecutivas el proyecto que modifica la Ley 90-24, del 20 de diciembre de 2024, para\u2026","rel":"","context":"En \u00abECONOM\u00cdA\u00bb","block_context":{"text":"ECONOM\u00cdA","link":"https:\/\/lasprimeras.com.do\/index.php\/category\/economia\/"},"img":{"alt_text":"","src":"https:\/\/i0.wp.com\/lasprimeras.com.do\/wp-content\/uploads\/2025\/09\/el-senado-aprueba-de-urgencia-aumento-de-mas-de-rd10-mil-millones-en-deuda-publica.jpg?resize=350%2C200&ssl=1","width":350,"height":200},"classes":[]},{"id":108077,"url":"https:\/\/lasprimeras.com.do\/index.php\/2025\/09\/02\/senadores-aprueban-el-presupuesto-complementario\/","url_meta":{"origin":91889,"position":5},"title":"Senadores aprueban el presupuesto complementario","author":"Nelson Feliz","date":"2 de septiembre de 2025","format":false,"excerpt":"Previamente, el senador del Distrito Nacional, Omar Fern\u00e1ndez, manifest\u00f3 que en la formulaci\u00f3n del presupuesto complementario existen contradicciones entre lo que dijo el presidente Luis Abinader en la carta de motivaci\u00f3n, y lo consignado en la pieza. El Senado de la Rep\u00fablica aprob\u00f3, en dos lecturas consecutivas, el proyecto de\u2026","rel":"","context":"En \u00abECONOM\u00cdA\u00bb","block_context":{"text":"ECONOM\u00cdA","link":"https:\/\/lasprimeras.com.do\/index.php\/category\/economia\/"},"img":{"alt_text":"","src":"https:\/\/i0.wp.com\/lasprimeras.com.do\/wp-content\/uploads\/2025\/03\/senadores.jpg?resize=350%2C200&ssl=1","width":350,"height":200,"srcset":"https:\/\/i0.wp.com\/lasprimeras.com.do\/wp-content\/uploads\/2025\/03\/senadores.jpg?resize=350%2C200&ssl=1 1x, https:\/\/i0.wp.com\/lasprimeras.com.do\/wp-content\/uploads\/2025\/03\/senadores.jpg?resize=525%2C300&ssl=1 1.5x, https:\/\/i0.wp.com\/lasprimeras.com.do\/wp-content\/uploads\/2025\/03\/senadores.jpg?resize=700%2C400&ssl=1 2x"},"classes":[]}],"jetpack_sharing_enabled":true,"_links":{"self":[{"href":"https:\/\/lasprimeras.com.do\/index.php\/wp-json\/wp\/v2\/posts\/91889","targetHints":{"allow":["GET"]}}],"collection":[{"href":"https:\/\/lasprimeras.com.do\/index.php\/wp-json\/wp\/v2\/posts"}],"about":[{"href":"https:\/\/lasprimeras.com.do\/index.php\/wp-json\/wp\/v2\/types\/post"}],"author":[{"embeddable":true,"href":"https:\/\/lasprimeras.com.do\/index.php\/wp-json\/wp\/v2\/users\/2"}],"replies":[{"embeddable":true,"href":"https:\/\/lasprimeras.com.do\/index.php\/wp-json\/wp\/v2\/comments?post=91889"}],"version-history":[{"count":1,"href":"https:\/\/lasprimeras.com.do\/index.php\/wp-json\/wp\/v2\/posts\/91889\/revisions"}],"predecessor-version":[{"id":91891,"href":"https:\/\/lasprimeras.com.do\/index.php\/wp-json\/wp\/v2\/posts\/91889\/revisions\/91891"}],"wp:featuredmedia":[{"embeddable":true,"href":"https:\/\/lasprimeras.com.do\/index.php\/wp-json\/wp\/v2\/media\/91890"}],"wp:attachment":[{"href":"https:\/\/lasprimeras.com.do\/index.php\/wp-json\/wp\/v2\/media?parent=91889"}],"wp:term":[{"taxonomy":"category","embeddable":true,"href":"https:\/\/lasprimeras.com.do\/index.php\/wp-json\/wp\/v2\/categories?post=91889"},{"taxonomy":"post_tag","embeddable":true,"href":"https:\/\/lasprimeras.com.do\/index.php\/wp-json\/wp\/v2\/tags?post=91889"}],"curies":[{"name":"wp","href":"https:\/\/api.w.org\/{rel}","templated":true}]}}