{"id":91892,"date":"2024-12-05T22:51:50","date_gmt":"2024-12-06T02:51:50","guid":{"rendered":"https:\/\/lasprimeras.com.do\/?p=91892"},"modified":"2024-12-05T22:51:51","modified_gmt":"2024-12-06T02:51:51","slug":"educacion-y-alianzas-interagenciales-son-claves-para-la-defensa-del-medio-ambiente","status":"publish","type":"post","link":"https:\/\/lasprimeras.com.do\/index.php\/2024\/12\/05\/educacion-y-alianzas-interagenciales-son-claves-para-la-defensa-del-medio-ambiente\/","title":{"rendered":"Educaci\u00f3n y alianzas interagenciales son claves para la defensa del medio ambiente"},"content":{"rendered":"\n<p class=\"wp-block-paragraph\">El director general del Servicio Nacional de Protecci\u00f3n Ambiental (SENPA), general de brigada \u00c1ngel Alfredo Camacho Ubiera, consider\u00f3 necesario fortalecer las relaciones c\u00edvico-militares e implementar programas educativos, para la defensa del medio ambiente y los recursos naturales.<\/p>\n\n\n\n<p class=\"wp-block-paragraph\">Al participar en el programa J-5 Interactivo junto al coronel Julio Rodr\u00edguez Burgos, asesor del SENPA, Camacho Ubiera, dijo que la presente gesti\u00f3n militar est\u00e1 enfocada en capacitar a los miembros de las FF. AA., y al personal civil bajo su mando, para fomentar la conciencia ciudadana.<\/p>\n\n\n\n<p class=\"wp-block-paragraph\">Con ello- se\u00f1al\u00f3- es posible salvaguardar el cuidado del ecosistema de una manera m\u00e1s vivencial, ya que la visi\u00f3n del SENPA aparte de vigilar y someter a los infractores del medio ambiente, es educar a la poblaci\u00f3n en sentido general.<\/p>\n\n\n\n<p class=\"wp-block-paragraph\">El director del organismo de protecci\u00f3n ambiental dijo que actualmente esta en elaboraci\u00f3n un proyecto para fortalecer el sistema de monitoreo del SENPA, y ser\u00e1 reestructurado con equipos de \u00faltima generaci\u00f3n \u201cpara estar a\u00fan m\u00e1s alertas, y anticipar los posibles casos de cr\u00edmenes forestales que se puedan presentar en cualquier parte del territorio dominicano\u201d.<\/p>\n","protected":false},"excerpt":{"rendered":"<p>El director general del Servicio Nacional de Protecci\u00f3n Ambiental (SENPA), general de brigada \u00c1ngel Alfredo Camacho Ubiera, consider\u00f3 necesario fortalecer las relaciones c\u00edvico-militares e implementar programas educativos, para la defensa&hellip;<\/p>\n","protected":false},"author":2,"featured_media":91893,"comment_status":"open","ping_status":"open","sticky":false,"template":"","format":"standard","meta":{"content-type":"","_jetpack_newsletter_access":"","_jetpack_dont_email_post_to_subs":false,"_jetpack_newsletter_tier_id":0,"_jetpack_memberships_contains_paywalled_content":false,"_jetpack_feature_clip_id":0,"_jetpack_memberships_contains_paid_content":false,"footnotes":"","jetpack_post_was_ever_published":false},"categories":[16560],"tags":[1089,16617,353,893,16616,563],"class_list":["post-91892","post","type-post","status-publish","format-standard","has-post-thumbnail","hentry","category-medio-ambiente","tag-alianzas","tag-claves","tag-defensa","tag-educacion","tag-interagenciales","tag-medio-ambiente"],"jetpack-related-posts":[{"id":136191,"url":"https:\/\/lasprimeras.com.do\/index.php\/2026\/07\/31\/estado-refuerza-proteccion-de-areas-protegidas-con-operativo-contra-delitos-ambientales\/","url_meta":{"origin":91892,"position":0},"title":"Estado refuerza protecci\u00f3n de \u00e1reas protegidas con operativo contra delitos ambientales","author":"Nelson Feliz","date":"31 de julio de 2026","format":false,"excerpt":"CONSTANZA (RD). -El Estado dominicano puso en marcha este viernes un amplio operativo interinstitucional para reforzar la protecci\u00f3n de las \u00e1reas protegidas, intervenir ocupaciones ilegales y combatir los delitos ambientales identificados. La operaci\u00f3n es ejecutada de manera coordinada por el Ministerio de Medio Ambiente, el Ministerio de Defensa, el Servicio\u2026","rel":"","context":"En \u00abMEDIO AMBIENTE\u00bb","block_context":{"text":"MEDIO AMBIENTE","link":"https:\/\/lasprimeras.com.do\/index.php\/category\/medio-ambiente\/"},"img":{"alt_text":"","src":"https:\/\/i0.wp.com\/lasprimeras.com.do\/wp-content\/uploads\/2026\/07\/SENPA-1.jpg?resize=350%2C200&ssl=1","width":350,"height":200,"srcset":"https:\/\/i0.wp.com\/lasprimeras.com.do\/wp-content\/uploads\/2026\/07\/SENPA-1.jpg?resize=350%2C200&ssl=1 1x, https:\/\/i0.wp.com\/lasprimeras.com.do\/wp-content\/uploads\/2026\/07\/SENPA-1.jpg?resize=525%2C300&ssl=1 1.5x, https:\/\/i0.wp.com\/lasprimeras.com.do\/wp-content\/uploads\/2026\/07\/SENPA-1.jpg?resize=700%2C400&ssl=1 2x"},"classes":[]},{"id":136768,"url":"https:\/\/lasprimeras.com.do\/index.php\/2026\/08\/07\/senpa-fortalece-la-vigilancia-ambiental-en-todo-el-pais\/","url_meta":{"origin":91892,"position":1},"title":"SENPA fortalece la vigilancia ambiental en todo el pa\u00eds","author":"Nelson Feliz","date":"7 de agosto de 2026","format":false,"excerpt":"La instituci\u00f3n consolida el mayor per\u00edodo de crecimiento de su historia, ampliando su capacidad para proteger el patrimonio natural y hacer cumplir la legislaci\u00f3n ambiental en todo el territorio nacional SANTO DOMINGO, RD. \u2013 En apenas siete meses de 2026, el Servicio Nacional de Protecci\u00f3n Ambiental (SENPA) ya super\u00f3 los\u2026","rel":"","context":"En \u00abMEDIO AMBIENTE\u00bb","block_context":{"text":"MEDIO AMBIENTE","link":"https:\/\/lasprimeras.com.do\/index.php\/category\/medio-ambiente\/"},"img":{"alt_text":"","src":"https:\/\/i0.wp.com\/lasprimeras.com.do\/wp-content\/uploads\/2026\/08\/SENPA-1.jpg?resize=350%2C200&ssl=1","width":350,"height":200,"srcset":"https:\/\/i0.wp.com\/lasprimeras.com.do\/wp-content\/uploads\/2026\/08\/SENPA-1.jpg?resize=350%2C200&ssl=1 1x, https:\/\/i0.wp.com\/lasprimeras.com.do\/wp-content\/uploads\/2026\/08\/SENPA-1.jpg?resize=525%2C300&ssl=1 1.5x, https:\/\/i0.wp.com\/lasprimeras.com.do\/wp-content\/uploads\/2026\/08\/SENPA-1.jpg?resize=700%2C400&ssl=1 2x"},"classes":[]},{"id":120795,"url":"https:\/\/lasprimeras.com.do\/index.php\/2026\/01\/27\/medio-ambiente-interviene-mina-de-agregados-en-nigua\/","url_meta":{"origin":91892,"position":2},"title":"Medio Ambiente interviene mina de agregados en Nigua","author":"Nelson Feliz","date":"27 de enero de 2026","format":false,"excerpt":"El Ministerio de Medio Ambiente y Recursos Naturales, a trav\u00e9s del Viceministerio de Suelos y Aguas, la Procuradur\u00eda Especializada para la Protecci\u00f3n del Medio Ambiente y los Recursos Naturales y el Servicio Nacional de Protecci\u00f3n Ambiental (SENPA), intervino la mina de agregados Aremax, la cual operaba de manera ilegal en\u2026","rel":"","context":"En \u00abMEDIO AMBIENTE\u00bb","block_context":{"text":"MEDIO AMBIENTE","link":"https:\/\/lasprimeras.com.do\/index.php\/category\/medio-ambiente\/"},"img":{"alt_text":"","src":"https:\/\/i0.wp.com\/lasprimeras.com.do\/wp-content\/uploads\/2026\/01\/unaaa.jpg?resize=350%2C200&ssl=1","width":350,"height":200,"srcset":"https:\/\/i0.wp.com\/lasprimeras.com.do\/wp-content\/uploads\/2026\/01\/unaaa.jpg?resize=350%2C200&ssl=1 1x, https:\/\/i0.wp.com\/lasprimeras.com.do\/wp-content\/uploads\/2026\/01\/unaaa.jpg?resize=525%2C300&ssl=1 1.5x, https:\/\/i0.wp.com\/lasprimeras.com.do\/wp-content\/uploads\/2026\/01\/unaaa.jpg?resize=700%2C400&ssl=1 2x"},"classes":[]},{"id":105492,"url":"https:\/\/lasprimeras.com.do\/index.php\/2025\/08\/04\/supervision-en-montecristi-un-estado-presente-escuchando-y-protegiendo-su-territorio\/","url_meta":{"origin":91892,"position":3},"title":"Supervisi\u00f3n en Montecristi: Un Estado Presente, Escuchando y Protegiendo su Territorio","author":"Nelson Feliz","date":"4 de agosto de 2025","format":false,"excerpt":"Autoridades del Ministerio de Medio Ambiente y Recursos Naturales, la Procuradur\u00eda Especializada para la Defensa del Medio Ambiente y los Recursos Naturales, el Servicio Nacional de Protecci\u00f3n Ambiental (SENPA), el Instituto Nacional de Recursos Hidr\u00e1ulicos (INDRHI), la Comisi\u00f3n de Medio Ambiente de la Universidad Aut\u00f3noma de Santo Domingo (UASD), la\u2026","rel":"","context":"En \u00abNACIONALES\u00bb","block_context":{"text":"NACIONALES","link":"https:\/\/lasprimeras.com.do\/index.php\/category\/nacionales\/"},"img":{"alt_text":"","src":"https:\/\/i0.wp.com\/lasprimeras.com.do\/wp-content\/uploads\/2025\/08\/Ministerio-de-Medio-Ambiente-1.jpg?resize=350%2C200&ssl=1","width":350,"height":200,"srcset":"https:\/\/i0.wp.com\/lasprimeras.com.do\/wp-content\/uploads\/2025\/08\/Ministerio-de-Medio-Ambiente-1.jpg?resize=350%2C200&ssl=1 1x, https:\/\/i0.wp.com\/lasprimeras.com.do\/wp-content\/uploads\/2025\/08\/Ministerio-de-Medio-Ambiente-1.jpg?resize=525%2C300&ssl=1 1.5x, https:\/\/i0.wp.com\/lasprimeras.com.do\/wp-content\/uploads\/2025\/08\/Ministerio-de-Medio-Ambiente-1.jpg?resize=700%2C400&ssl=1 2x"},"classes":[]},{"id":49686,"url":"https:\/\/lasprimeras.com.do\/index.php\/2023\/05\/13\/medio-ambiente-pone-en-marcha-operacion-militar-para-rescatar-parque-nacional-los-haitises\/","url_meta":{"origin":91892,"position":4},"title":"Medio Ambiente pone en marcha operaci\u00f3n militar para rescatar Parque Nacional Los Haitises","author":"prenxa100","date":"13 de mayo de 2023","format":false,"excerpt":"Por Wilson P\u00e9rez Santo Domingo.-.El Ministerio de Medio Ambiente y Recursos Naturales despleg\u00f3 a partir de este fin de semana un amplio operativo militar de control y vigilancia del Parque Nacional Los Haitises, con el objetivo de erradicar actividades il\u00edcitas como la invasi\u00f3n de terrenos, la tala de \u00e1rboles y\u2026","rel":"","context":"En \u00abNACIONALES\u00bb","block_context":{"text":"NACIONALES","link":"https:\/\/lasprimeras.com.do\/index.php\/category\/nacionales\/"},"img":{"alt_text":"","src":"","width":0,"height":0},"classes":[]},{"id":96970,"url":"https:\/\/lasprimeras.com.do\/index.php\/2025\/04\/10\/senpa-y-medio-ambiente-sofocan-incendio-forestal-en-valle-nuevo\/","url_meta":{"origin":91892,"position":5},"title":"SENPA y Medio Ambiente sofocan incendio forestal en Valle Nuevo","author":"Nelson Feliz","date":"10 de abril de 2025","format":false,"excerpt":"Miembros del Servicio Nacional de Protecci\u00f3n Ambiental (SENPA), bomberos forestales, en conjunto con el Ministerio de Medio Ambiente, lograron sofocar en un 90% un incendio en el Paraje Los Tramojos, del Parque Nacional Valle Nuevo, en San Jos\u00e9 de Ocoa. Este incendio afectaba \u00e1rboles, malezas y arbustos de diferentes especies\u2026","rel":"","context":"En \u00abNACIONALES\u00bb","block_context":{"text":"NACIONALES","link":"https:\/\/lasprimeras.com.do\/index.php\/category\/nacionales\/"},"img":{"alt_text":"","src":"https:\/\/i0.wp.com\/lasprimeras.com.do\/wp-content\/uploads\/2025\/04\/senpa-1.jpg?resize=350%2C200&ssl=1","width":350,"height":200,"srcset":"https:\/\/i0.wp.com\/lasprimeras.com.do\/wp-content\/uploads\/2025\/04\/senpa-1.jpg?resize=350%2C200&ssl=1 1x, https:\/\/i0.wp.com\/lasprimeras.com.do\/wp-content\/uploads\/2025\/04\/senpa-1.jpg?resize=525%2C300&ssl=1 1.5x"},"classes":[]}],"jetpack_sharing_enabled":true,"jetpack_featured_media_url":"https:\/\/lasprimeras.com.do\/wp-content\/uploads\/2024\/12\/sempa.jpg","_links":{"self":[{"href":"https:\/\/lasprimeras.com.do\/index.php\/wp-json\/wp\/v2\/posts\/91892","targetHints":{"allow":["GET"]}}],"collection":[{"href":"https:\/\/lasprimeras.com.do\/index.php\/wp-json\/wp\/v2\/posts"}],"about":[{"href":"https:\/\/lasprimeras.com.do\/index.php\/wp-json\/wp\/v2\/types\/post"}],"author":[{"embeddable":true,"href":"https:\/\/lasprimeras.com.do\/index.php\/wp-json\/wp\/v2\/users\/2"}],"replies":[{"embeddable":true,"href":"https:\/\/lasprimeras.com.do\/index.php\/wp-json\/wp\/v2\/comments?post=91892"}],"version-history":[{"count":1,"href":"https:\/\/lasprimeras.com.do\/index.php\/wp-json\/wp\/v2\/posts\/91892\/revisions"}],"predecessor-version":[{"id":91894,"href":"https:\/\/lasprimeras.com.do\/index.php\/wp-json\/wp\/v2\/posts\/91892\/revisions\/91894"}],"wp:featuredmedia":[{"embeddable":true,"href":"https:\/\/lasprimeras.com.do\/index.php\/wp-json\/wp\/v2\/media\/91893"}],"wp:attachment":[{"href":"https:\/\/lasprimeras.com.do\/index.php\/wp-json\/wp\/v2\/media?parent=91892"}],"wp:term":[{"taxonomy":"category","embeddable":true,"href":"https:\/\/lasprimeras.com.do\/index.php\/wp-json\/wp\/v2\/categories?post=91892"},{"taxonomy":"post_tag","embeddable":true,"href":"https:\/\/lasprimeras.com.do\/index.php\/wp-json\/wp\/v2\/tags?post=91892"}],"curies":[{"name":"wp","href":"https:\/\/api.w.org\/{rel}","templated":true}]}}