{"id":91895,"date":"2024-12-05T23:35:50","date_gmt":"2024-12-06T03:35:50","guid":{"rendered":"https:\/\/lasprimeras.com.do\/?p=91895"},"modified":"2024-12-05T23:35:50","modified_gmt":"2024-12-06T03:35:50","slug":"senado-aprueba-presupuesto-general-del-estado-del-ano-2025","status":"publish","type":"post","link":"https:\/\/lasprimeras.com.do\/index.php\/2024\/12\/05\/senado-aprueba-presupuesto-general-del-estado-del-ano-2025\/","title":{"rendered":"Senado aprueba Presupuesto General del Estado del a\u00f1o 2025"},"content":{"rendered":"\n<p>El Senado de la Rep\u00fablica declar\u00f3 de urgencia y aprob\u00f3 en dos lecturas consecutivas el Proyecto de Ley de Presupuesto General del Estado para el a\u00f1o 2025, ascendente a un bill\u00f3n 681,728, millones de pesos.<\/p>\n\n\n\n<p>La pieza fue aprobada por 26 de 27 senadores presentes en los trabajos legislativos de este jueves, en lo adelante ser\u00e1 remitida al Poder Ejecutivo para su promulgaci\u00f3n.<\/p>\n\n\n\n<p>La normativa sometida por el Poder Ejecutivo, v\u00eda la C\u00e1mara de Diputados fue sancionada despu\u00e9s de que la Comisi\u00f3n Bicameral, conformada por senadores y diputados, realizara un extenso an\u00e1lisis de la iniciativa.<\/p>\n\n\n\n<p>La Ley de Presupuesto General del Estado fue sancionada en la C\u00e1mara de Diputados y remitida al Senado de la Rep\u00fablica para su ponderaci\u00f3n y aprobaci\u00f3n, despu\u00e9s de dar lectura al informe remitido, el senador y vicepresidente de la Comisi\u00f3n Bicameral, Pedro Antonio Tineo, solicit\u00f3 al Pleno del Senado que la misma sea incluida en la orden del d\u00eda y declarada de urgencia en dos lecturas consecutivas.<\/p>\n\n\n\n<p>En los trabajos de este jueves, los senadores aprobaron en segunda lectura el proyecto que dispone la instalaci\u00f3n de fuentes de energ\u00eda renovable en edificios p\u00fablicos y privados, presentado por los senadores Alexis Victoria Yeb y Santiago Jos\u00e9 Zorrilla.<\/p>\n\n\n\n<p>La propuesta tiene la finalidad de establecer las regulaciones para el uso de este tipo de energ\u00eda en \u00e1reas comunes de edificios que albergan instituciones gubernamentales y empresas del sector privado, remodelados o de nueva construcci\u00f3n, para fomentar, de este modo, el empleo de fuentes alternas de energ\u00eda, as\u00ed como el ahorro y la eficiencia energ\u00e9tica.<\/p>\n\n\n\n<p>En segunda lectura fue sancionado el proyecto de ley que eleva la secci\u00f3n Las Cabuyas, perteneciente al municipio La Vega, a la categor\u00eda de distrito municipal, presentada por el senador de la provincia La Vega, Ram\u00f3n Rogelio Genao.<\/p>\n\n\n\n<p>Tambi\u00e9n se aprob\u00f3 el proyecto que dispone que la Biblioteca Rep\u00fablica Dominicana sea traspasada como una dependencia del Ministerio de Educaci\u00f3n, presentada por el senador Crist\u00f3bal Venerado Castillo.<\/p>\n\n\n\n<p>En segunda lectura el Pleno aprob\u00f3 el proyecto de ley que declara la provincia Saman\u00e1, provincia Ecotur\u00edstica, autor\u00eda del senador Pedro Catrain; as\u00ed como el proyecto que declara el Pueblo de Zambrana Abajo, cabecera del Distrito Municipal del mismo nombre, provincia S\u00e1nchez Ram\u00edrez, como \u2018\u2019 Capital del Oro y la Plata\u2019\u2019, presentado por el presidente del Senado, Ricardo de los Santos.<\/p>\n\n\n\n<p>El Pleno del Senado aprob\u00f3 en \u00fanica lectura el proyecto de resoluci\u00f3n que solicita al presidente ejecutivo del Banco de Reservas de la Rep\u00fablica Dominicana, Samuel Pereyra Rojas y a su Consejo de Directores, la instalaci\u00f3n de una sucursal en el municipio de Laguna Salada, y de cajeros autom\u00e1ticos en cada uno de los Distritos Municipales que integran los municipios Mao, Esperanza y Laguna Salada, pertenecientes a la provincia de Valverde, moci\u00f3n presentada por el senador Odalis Rafael Rodr\u00edguez.<\/p>\n\n\n\n<p>En tanto que, en \u00fanica lectura, tambi\u00e9n se aprob\u00f3 la resoluci\u00f3n que solicita al presidente Luis Abinader, que disponga la realizaci\u00f3n de los estudios correspondientes para la construcci\u00f3n del puente Pedro Fabio y canalizaci\u00f3n del Arroyo las Vacas en el municipio de Sabana Larga, de la provincia San Jos\u00e9 de Ocoa, iniciativa de Milc\u00edades Aneudy Ortiz Sajiun.<\/p>\n\n\n\n<p>De igual modo, se conoci\u00f3 la resoluci\u00f3n que solicita al presidente Luis Abinader, instruir al ministro de Obras P\u00fablicas para la terminaci\u00f3n inmediata de la carretera Hato Mayor- El Puerto, iniciativa del senado Crist\u00f3bal Venerado Castillo.<\/p>\n\n\n\n<p>En \u00fanica lectura se aprob\u00f3 resoluci\u00f3n que le solicita al presidente Luis Abinader, propiciar la instalaci\u00f3n de un consulado en la ciudad de Dajla en el Sahara Marroqu\u00ed. Esta propuesta fue presentada por los senadores Mar\u00eda Mercedes Ortiz Dilon\u00e9; Santiago Jos\u00e9 Zorrilla; Pedro Antonio Tineo N\u00fa\u00f1ez; Alexis Victoria Yeb; L\u00eda Ynocencia D\u00edaz Santana; F\u00e9lix Ram\u00f3n Bautista Rosario; Milc\u00edades Aneudy Ortiz Sajiun; Omar Leonel Fern\u00e1ndez Dom\u00ednguez; Eduard Alexis Espiritusanto Castillo; Odalis Rafael Rodr\u00edguez Rodr\u00edguez; Casimiro Antonio Marte Familia; Rafael Bar\u00f3n Duluc Rijo; Andr\u00e9s Guillermo Lama P\u00e9rez; Jonhson Encarnaci\u00f3n D\u00edaz; Crist\u00f3bal Venerado Antonio Castillo Liriano; Antonio Manuel Taveras Guzm\u00e1n.<\/p>\n\n\n\n<p>Los senadores sancionaron en \u00fanica lectura la ratificaci\u00f3n del nombramiento diplom\u00e1tico de Jos\u00e9 Julio G\u00f3mez Beato, como embajador extraordinario y plenipotenciario, de la Rep\u00fablica Dominicana en la Rep\u00fablica Popular China, remitida por el Poder Ejecutivo.<\/p>\n\n\n\n<p>MINUTO DE SILENCIO<\/p>\n\n\n\n<p>El Senado de la Rep\u00fablica rindi\u00f3 homenaje con un minuto de silencio a las memorias de Nelson Antonio Corniel, fundador del Patronato Contra el C\u00e1ncer Sabina Tatem Brache, de la provincia Hermanas Mirabal; y de Tono Alem\u00e1n Rodr\u00edguez, hermano del senador Bernardo Alem\u00e1n.<\/p>\n","protected":false},"excerpt":{"rendered":"<p>El Senado de la Rep\u00fablica declar\u00f3 de urgencia y aprob\u00f3 en dos lecturas consecutivas el Proyecto de Ley de Presupuesto General del Estado para el a\u00f1o 2025, ascendente a un&hellip;<\/p>\n","protected":false},"author":2,"featured_media":91896,"comment_status":"open","ping_status":"open","sticky":false,"template":"","format":"standard","meta":{"content-type":"","jetpack_post_was_ever_published":false,"_jetpack_newsletter_access":"","_jetpack_dont_email_post_to_subs":false,"_jetpack_newsletter_tier_id":0,"_jetpack_memberships_contains_paywalled_content":false,"_jetpack_memberships_contains_paid_content":false,"footnotes":""},"categories":[39,25],"tags":[408,16618,5744,413],"class_list":["post-91895","post","type-post","status-publish","format-standard","has-post-thumbnail","hentry","category-economia","category-portada","tag-aprueba","tag-general-del-estado","tag-presupuesto","tag-senado"],"jetpack_featured_media_url":"https:\/\/lasprimeras.com.do\/wp-content\/uploads\/2024\/12\/RICARDO-DE-LOS-SANTOS-Pres.jpg","jetpack-related-posts":[{"id":91889,"url":"https:\/\/lasprimeras.com.do\/index.php\/2024\/12\/05\/senado-aprueba-presupuesto-del-estado-por-16-billones-de-pesos\/","url_meta":{"origin":91895,"position":0},"title":"Senado aprueba Presupuesto del Estado por 1,6 billones de pesos","author":"Nelson Feliz","date":"5 de diciembre de 2024","format":false,"excerpt":"Santo Domingo,(EFE).- El Senado de la Rep\u00fablica aprob\u00f3 este jueves el Proyecto de Ley del Presupuesto General del Estado por un monto de algo m\u00e1s de 1,6 billones de pesos, que pasa al Poder Ejecutivo para su promulgaci\u00f3n. La iniciativa fue aprobada en una sesi\u00f3n extraordinaria, luego de que fuera\u2026","rel":"","context":"En \u00abECONOM\u00cdA\u00bb","block_context":{"text":"ECONOM\u00cdA","link":"https:\/\/lasprimeras.com.do\/index.php\/category\/economia\/"},"img":{"alt_text":"","src":"https:\/\/i0.wp.com\/lasprimeras.com.do\/wp-content\/uploads\/2024\/12\/senado-1.jpeg?resize=350%2C200&ssl=1","width":350,"height":200,"srcset":"https:\/\/i0.wp.com\/lasprimeras.com.do\/wp-content\/uploads\/2024\/12\/senado-1.jpeg?resize=350%2C200&ssl=1 1x, https:\/\/i0.wp.com\/lasprimeras.com.do\/wp-content\/uploads\/2024\/12\/senado-1.jpeg?resize=525%2C300&ssl=1 1.5x, https:\/\/i0.wp.com\/lasprimeras.com.do\/wp-content\/uploads\/2024\/12\/senado-1.jpeg?resize=700%2C400&ssl=1 2x, https:\/\/i0.wp.com\/lasprimeras.com.do\/wp-content\/uploads\/2024\/12\/senado-1.jpeg?resize=1050%2C600&ssl=1 3x, https:\/\/i0.wp.com\/lasprimeras.com.do\/wp-content\/uploads\/2024\/12\/senado-1.jpeg?resize=1400%2C800&ssl=1 4x"},"classes":[]},{"id":117870,"url":"https:\/\/lasprimeras.com.do\/index.php\/2025\/12\/16\/senado-aprueba-presupuesto-general-del-estado-para-el-ano-2026\/","url_meta":{"origin":91895,"position":1},"title":"Senado aprueba Presupuesto General del Estado para el a\u00f1o 2026","author":"Nelson Feliz","date":"16 de diciembre de 2025","format":false,"excerpt":"El 35.4% del presupuesto aprobado ser\u00e1 enfocado a la articulaci\u00f3n de bienes y servicios p\u00fablicos relacionados con la Estrategia Nacional de Desarrollo. La C\u00e1mara Alta declar\u00f3 de urgencia y aprob\u00f3 en dos lecturas consecutivas el Proyecto de Ley de Presupuesto General del Estado correspondiente al a\u00f1o 2026, ascendente a un\u2026","rel":"","context":"En \u00abECONOM\u00cdA\u00bb","block_context":{"text":"ECONOM\u00cdA","link":"https:\/\/lasprimeras.com.do\/index.php\/category\/economia\/"},"img":{"alt_text":"Senado aprueba Presupuesto General del Estado para el a\u00f1o 2026","src":"https:\/\/i0.wp.com\/lasprimeras.com.do\/wp-content\/uploads\/2025\/12\/Senado-aprueba-Presupuesto-General-del-Estado-para-el-ano-2026.jpg?resize=350%2C200&ssl=1","width":350,"height":200,"srcset":"https:\/\/i0.wp.com\/lasprimeras.com.do\/wp-content\/uploads\/2025\/12\/Senado-aprueba-Presupuesto-General-del-Estado-para-el-ano-2026.jpg?resize=350%2C200&ssl=1 1x, https:\/\/i0.wp.com\/lasprimeras.com.do\/wp-content\/uploads\/2025\/12\/Senado-aprueba-Presupuesto-General-del-Estado-para-el-ano-2026.jpg?resize=525%2C300&ssl=1 1.5x, https:\/\/i0.wp.com\/lasprimeras.com.do\/wp-content\/uploads\/2025\/12\/Senado-aprueba-Presupuesto-General-del-Estado-para-el-ano-2026.jpg?resize=700%2C400&ssl=1 2x"},"classes":[]},{"id":108077,"url":"https:\/\/lasprimeras.com.do\/index.php\/2025\/09\/02\/senadores-aprueban-el-presupuesto-complementario\/","url_meta":{"origin":91895,"position":2},"title":"Senadores aprueban el presupuesto complementario","author":"Nelson Feliz","date":"2 de septiembre de 2025","format":false,"excerpt":"Previamente, el senador del Distrito Nacional, Omar Fern\u00e1ndez, manifest\u00f3 que en la formulaci\u00f3n del presupuesto complementario existen contradicciones entre lo que dijo el presidente Luis Abinader en la carta de motivaci\u00f3n, y lo consignado en la pieza. El Senado de la Rep\u00fablica aprob\u00f3, en dos lecturas consecutivas, el proyecto de\u2026","rel":"","context":"En \u00abECONOM\u00cdA\u00bb","block_context":{"text":"ECONOM\u00cdA","link":"https:\/\/lasprimeras.com.do\/index.php\/category\/economia\/"},"img":{"alt_text":"","src":"https:\/\/i0.wp.com\/lasprimeras.com.do\/wp-content\/uploads\/2025\/03\/senadores.jpg?resize=350%2C200&ssl=1","width":350,"height":200,"srcset":"https:\/\/i0.wp.com\/lasprimeras.com.do\/wp-content\/uploads\/2025\/03\/senadores.jpg?resize=350%2C200&ssl=1 1x, https:\/\/i0.wp.com\/lasprimeras.com.do\/wp-content\/uploads\/2025\/03\/senadores.jpg?resize=525%2C300&ssl=1 1.5x, https:\/\/i0.wp.com\/lasprimeras.com.do\/wp-content\/uploads\/2025\/03\/senadores.jpg?resize=700%2C400&ssl=1 2x"},"classes":[]},{"id":72246,"url":"https:\/\/lasprimeras.com.do\/index.php\/2023\/12\/28\/camara-de-diputados-aprueba-emision-de-bonos-por-344000-millones-de-pesos\/","url_meta":{"origin":91895,"position":3},"title":"C\u00e1mara de Diputados aprueba emisi\u00f3n de bonos por 344,000 millones de pesos","author":"BIMARY DE JES\u00daS Matos","date":"28 de diciembre de 2023","format":false,"excerpt":"Santo Domingo.-A los fines de sustentar el presupuesto del pr\u00f3ximo a\u00f1o 2024, los diputados del oficialista Partido Revolucionario Moderno (PRM), lograron ayer sancionar favorablemente un nuevo pr\u00e9stamo y un proyecto de ley que autoriza al poder Ejecutivo a emitir y colocar valores de deuda p\u00fablica. Ambas piezas contaron con el\u2026","rel":"","context":"En \u00abNACIONALES\u00bb","block_context":{"text":"NACIONALES","link":"https:\/\/lasprimeras.com.do\/index.php\/category\/nacionales\/"},"img":{"alt_text":"","src":"https:\/\/i0.wp.com\/lasprimeras.com.do\/wp-content\/uploads\/2023\/12\/El-texto-del-parrafo-6.jpg?resize=350%2C200&ssl=1","width":350,"height":200,"srcset":"https:\/\/i0.wp.com\/lasprimeras.com.do\/wp-content\/uploads\/2023\/12\/El-texto-del-parrafo-6.jpg?resize=350%2C200&ssl=1 1x, https:\/\/i0.wp.com\/lasprimeras.com.do\/wp-content\/uploads\/2023\/12\/El-texto-del-parrafo-6.jpg?resize=525%2C300&ssl=1 1.5x"},"classes":[]},{"id":89561,"url":"https:\/\/lasprimeras.com.do\/index.php\/2024\/09\/28\/senado-declara-de-urgencia-y-aprueba-ley-que-declara-la-necesidad-de-una-reforma-constitucional\/","url_meta":{"origin":91895,"position":4},"title":"Senado declara de urgencia y aprueba ley que declara la necesidad de una reforma constitucional","author":"Nelson Feliz","date":"28 de septiembre de 2024","format":false,"excerpt":"El Senado de la Rep\u00fablica declar\u00f3 de urgencia y aprob\u00f3 en dos lecturas consecutivas el proyecto de ley que declara la necesidad de una reforma constitucional, y ordena la reuni\u00f3n de la Asamblea Nacional Revisora. La normativa remitida por el Poder Ejecutivo fue aprobada con 25 votos de los 27\u2026","rel":"","context":"En \u00abNACIONALES\u00bb","block_context":{"text":"NACIONALES","link":"https:\/\/lasprimeras.com.do\/index.php\/category\/nacionales\/"},"img":{"alt_text":"Ricardo de los Santos","src":"https:\/\/i0.wp.com\/lasprimeras.com.do\/wp-content\/uploads\/2024\/09\/Ricardo-de-los-Santos-6.jpg?resize=350%2C200&ssl=1","width":350,"height":200,"srcset":"https:\/\/i0.wp.com\/lasprimeras.com.do\/wp-content\/uploads\/2024\/09\/Ricardo-de-los-Santos-6.jpg?resize=350%2C200&ssl=1 1x, https:\/\/i0.wp.com\/lasprimeras.com.do\/wp-content\/uploads\/2024\/09\/Ricardo-de-los-Santos-6.jpg?resize=525%2C300&ssl=1 1.5x, https:\/\/i0.wp.com\/lasprimeras.com.do\/wp-content\/uploads\/2024\/09\/Ricardo-de-los-Santos-6.jpg?resize=700%2C400&ssl=1 2x"},"classes":[]},{"id":58942,"url":"https:\/\/lasprimeras.com.do\/index.php\/2023\/08\/29\/senado-aprueba-en-dos-lecturas-modificacion-ley-del-presupuesto-general-del-estado-2023\/","url_meta":{"origin":91895,"position":5},"title":"Senado aprueba en dos lecturas modificaci\u00f3n Ley del Presupuesto General del Estado 2023","author":"Nelson Feliz","date":"29 de agosto de 2023","format":false,"excerpt":"La iniciativa, sometida por el Poder Ejecutivo, reduce el tope de endeudamiento y compromiso asumido por el Gobierno, garantizando una gesti\u00f3n prudente de la deuda p\u00fablica. El Senado de la Rep\u00fablica aprob\u00f3 en dos lecturas consecutivas el Proyecto de Ley que modifica el Presupuesto General del Estado para el a\u00f1o\u2026","rel":"","context":"En \u00abECONOM\u00cdA\u00bb","block_context":{"text":"ECONOM\u00cdA","link":"https:\/\/lasprimeras.com.do\/index.php\/category\/economia\/"},"img":{"alt_text":"Presupuesto General del Estado","src":"https:\/\/i0.wp.com\/lasprimeras.com.do\/wp-content\/uploads\/2023\/08\/Presupuesto-General-del-Estado.jpg?resize=350%2C200&ssl=1","width":350,"height":200,"srcset":"https:\/\/i0.wp.com\/lasprimeras.com.do\/wp-content\/uploads\/2023\/08\/Presupuesto-General-del-Estado.jpg?resize=350%2C200&ssl=1 1x, https:\/\/i0.wp.com\/lasprimeras.com.do\/wp-content\/uploads\/2023\/08\/Presupuesto-General-del-Estado.jpg?resize=525%2C300&ssl=1 1.5x, https:\/\/i0.wp.com\/lasprimeras.com.do\/wp-content\/uploads\/2023\/08\/Presupuesto-General-del-Estado.jpg?resize=700%2C400&ssl=1 2x"},"classes":[]}],"jetpack_sharing_enabled":true,"_links":{"self":[{"href":"https:\/\/lasprimeras.com.do\/index.php\/wp-json\/wp\/v2\/posts\/91895","targetHints":{"allow":["GET"]}}],"collection":[{"href":"https:\/\/lasprimeras.com.do\/index.php\/wp-json\/wp\/v2\/posts"}],"about":[{"href":"https:\/\/lasprimeras.com.do\/index.php\/wp-json\/wp\/v2\/types\/post"}],"author":[{"embeddable":true,"href":"https:\/\/lasprimeras.com.do\/index.php\/wp-json\/wp\/v2\/users\/2"}],"replies":[{"embeddable":true,"href":"https:\/\/lasprimeras.com.do\/index.php\/wp-json\/wp\/v2\/comments?post=91895"}],"version-history":[{"count":1,"href":"https:\/\/lasprimeras.com.do\/index.php\/wp-json\/wp\/v2\/posts\/91895\/revisions"}],"predecessor-version":[{"id":91897,"href":"https:\/\/lasprimeras.com.do\/index.php\/wp-json\/wp\/v2\/posts\/91895\/revisions\/91897"}],"wp:featuredmedia":[{"embeddable":true,"href":"https:\/\/lasprimeras.com.do\/index.php\/wp-json\/wp\/v2\/media\/91896"}],"wp:attachment":[{"href":"https:\/\/lasprimeras.com.do\/index.php\/wp-json\/wp\/v2\/media?parent=91895"}],"wp:term":[{"taxonomy":"category","embeddable":true,"href":"https:\/\/lasprimeras.com.do\/index.php\/wp-json\/wp\/v2\/categories?post=91895"},{"taxonomy":"post_tag","embeddable":true,"href":"https:\/\/lasprimeras.com.do\/index.php\/wp-json\/wp\/v2\/tags?post=91895"}],"curies":[{"name":"wp","href":"https:\/\/api.w.org\/{rel}","templated":true}]}}