{"id":91901,"date":"2024-12-05T23:48:10","date_gmt":"2024-12-06T03:48:10","guid":{"rendered":"https:\/\/lasprimeras.com.do\/?p=91901"},"modified":"2024-12-05T23:48:11","modified_gmt":"2024-12-06T03:48:11","slug":"julito-fulcar-y-el-indrhi-llevan-soluciones-a-peravia","status":"publish","type":"post","link":"https:\/\/lasprimeras.com.do\/index.php\/2024\/12\/05\/julito-fulcar-y-el-indrhi-llevan-soluciones-a-peravia\/","title":{"rendered":"Julito Fulcar y el INDRHI llevan soluciones a Peravia"},"content":{"rendered":"\n<p>El senador Julito Fulcar gestion\u00f3 una visita del director ejecutivo del Instituto Nacional de Recursos Hidr\u00e1ulicos (INDRHI), Olmedo Caba, quien se traslad\u00f3 a Ban\u00ed la tarde de este mi\u00e9rcoles para atender las inquietudes de los productores de Ca\u00f1afistol.<\/p>\n\n\n\n<p>Durante el encuentro, Caba anunci\u00f3 que a principios de enero se iniciar\u00e1n los trabajos de impulsi\u00f3n del reservorio de Ca\u00f1afistol, una obra clave para mejorar el regad\u00edo de los predios agr\u00edcolas de la comunidad.<\/p>\n\n\n\n<p>\u201cEstamos comprometidos con el desarrollo de las comunidades agr\u00edcolas. Este proyecto ser\u00e1 un pilar para garantizar un mejor uso del agua y fortalecer la producci\u00f3n en Ca\u00f1afistol\u201d, expres\u00f3 Olmedo Caba.<\/p>\n\n\n\n<p>Previo a la reuni\u00f3n en Ca\u00f1afistol, las autoridades realizaron un recorrido por el R\u00edo Ban\u00ed, espec\u00edficamente en el \u00e1rea de Matagorda y Santa Rosa, donde supervisaron el avance de los trabajos del muro de contenci\u00f3n, una obra fundamental para proteger estas comunidades ante posibles desbordamientos.<\/p>\n\n\n\n<p>El senador Julito Fulcar destac\u00f3 que, adem\u00e1s de las mejoras en el regad\u00edo, se est\u00e1n gestionando iniciativas para aprovechar el \u00e1rea del reservorio de Ca\u00f1afistol en la crianza de tilapia, lo que contribuir\u00e1 a dinamizar la econom\u00eda y mejorar la seguridad alimentaria de la regi\u00f3n.<\/p>\n\n\n\n<p>\u201cNo solo buscamos optimizar el uso del agua, sino tambi\u00e9n crear oportunidades econ\u00f3micas para los productores y sus familias. Con la cr\u00eda de tilapia en el reservorio, transformaremos esta \u00e1rea en un motor de desarrollo\u201d, afirm\u00f3 Fulcar.<\/p>\n\n\n\n<p>Por su parte, la gobernadora provincial, \u00c1ngela Yadira B\u00e1ez, resalt\u00f3 las gestiones tanto del director del INDRHI como del senador Fulcar en nombre del presidente Luis Abinader, subrayando su compromiso de llevar soluciones concretas a cada sector.<\/p>\n\n\n\n<p>\u201cEstas acciones son el resultado del trabajo en equipo y del compromiso del gobierno de garantizar bienestar y progreso en cada rinc\u00f3n de nuestra provincia\u201d, destac\u00f3 B\u00e1ez.<\/p>\n\n\n\n<p>Las buenas noticias fueron recibidas entre aplausos por los comunitarios de Matagorda, Santa Rosa y los productores de Ca\u00f1afistol, quienes agradecieron los esfuerzos realizados para impulsar el desarrollo de sus comunidades.<\/p>\n\n\n\n<p>En el encuentro tambi\u00e9n participaron el director regional del INDRHI, Francisco Bremon, y otros colaboradores de la instituci\u00f3n, quienes reafirmaron su disposici\u00f3n de trabajar en beneficio de los agricultores y la comunidad en general.<strong><\/strong><\/p>\n","protected":false},"excerpt":{"rendered":"<p>El senador Julito Fulcar gestion\u00f3 una visita del director ejecutivo del Instituto Nacional de Recursos Hidr\u00e1ulicos (INDRHI), Olmedo Caba, quien se traslad\u00f3 a Ban\u00ed la tarde de este mi\u00e9rcoles para&hellip;<\/p>\n","protected":false},"author":2,"featured_media":91902,"comment_status":"open","ping_status":"open","sticky":false,"template":"","format":"standard","meta":{"content-type":"","jetpack_post_was_ever_published":false,"_jetpack_newsletter_access":"","_jetpack_dont_email_post_to_subs":false,"_jetpack_newsletter_tier_id":0,"_jetpack_memberships_contains_paywalled_content":false,"_jetpack_memberships_contains_paid_content":false,"footnotes":""},"categories":[35],"tags":[16622,541,9520,9405,1217,16621,1101,2447],"class_list":["post-91901","post","type-post","status-publish","format-standard","has-post-thumbnail","hentry","category-nacionales","tag-canafistol","tag-indrhi","tag-julito-fulcar","tag-mata-gorda","tag-productores","tag-santa-rosa","tag-senador","tag-soluciones"],"jetpack_featured_media_url":"https:\/\/lasprimeras.com.do\/wp-content\/uploads\/2024\/12\/Julito-Fulcar-2.jpg","jetpack-related-posts":[{"id":124331,"url":"https:\/\/lasprimeras.com.do\/index.php\/2026\/03\/11\/julito-fulcar-llevara-exito-del-plan-estrategico-de-peravia-a-san-juan\/","url_meta":{"origin":91901,"position":0},"title":"Julito Fulcar llevar\u00e1 \u00e9xito del Plan Estrat\u00e9gico de Peravia a San Juan","author":"Nelson Feliz","date":"11 de marzo de 2026","format":false,"excerpt":"El Senador por Peravia, Julito Fulcar Encarnaci\u00f3n, encabezar\u00e1 este jueves un encuentro especial en San Juan de la Maguana, para exponer los logros y metodolog\u00edas del Plan de Desarrollo Estrat\u00e9gico y Sostenible de la provincia Peravia 2025-2050. El legislador estar\u00e1 acompa\u00f1ado por una comitiva t\u00e9cnica integrada por Juan Carlos Guzm\u00e1n,\u2026","rel":"","context":"En \u00abPOLITICA\u00bb","block_context":{"text":"POLITICA","link":"https:\/\/lasprimeras.com.do\/index.php\/category\/politica\/"},"img":{"alt_text":"Julito Fulcar","src":"https:\/\/i0.wp.com\/lasprimeras.com.do\/wp-content\/uploads\/2026\/03\/Julito-Fulcar.jpg?resize=350%2C200&ssl=1","width":350,"height":200,"srcset":"https:\/\/i0.wp.com\/lasprimeras.com.do\/wp-content\/uploads\/2026\/03\/Julito-Fulcar.jpg?resize=350%2C200&ssl=1 1x, https:\/\/i0.wp.com\/lasprimeras.com.do\/wp-content\/uploads\/2026\/03\/Julito-Fulcar.jpg?resize=525%2C300&ssl=1 1.5x, https:\/\/i0.wp.com\/lasprimeras.com.do\/wp-content\/uploads\/2026\/03\/Julito-Fulcar.jpg?resize=700%2C400&ssl=1 2x"},"classes":[]},{"id":103646,"url":"https:\/\/lasprimeras.com.do\/index.php\/2025\/07\/17\/senador-julito-fulcar-canaliza-apertura-de-aulas-inclusivas-para-ninos-con-autismo-en-peravia\/","url_meta":{"origin":91901,"position":1},"title":"Senador Julito Fulcar canaliza apertura de aulas inclusivas para ni\u00f1os con autismo en Peravia","author":"Nelson Feliz","date":"17 de julio de 2025","format":false,"excerpt":"El senador Julito Fulcar de Peravia solicitud al Ministerio de Educaci\u00f3n (MINERD), la directora de Educaci\u00f3n Especial, Licda. Luc\u00eda V\u00e1squez Esp\u00ednola, visit\u00f3 las instalaciones del Distrito Educativo 03-04 en Ban\u00ed para coordinar la apertura de aulas inclusivas destinadas a ni\u00f1os dentro del espectro autista y con otras condiciones de discapacidad.\u2026","rel":"","context":"En \u00abNACIONALES\u00bb","block_context":{"text":"NACIONALES","link":"https:\/\/lasprimeras.com.do\/index.php\/category\/nacionales\/"},"img":{"alt_text":"","src":"https:\/\/i0.wp.com\/lasprimeras.com.do\/wp-content\/uploads\/2025\/07\/Julito-Fulcar-1.jpg?resize=350%2C200&ssl=1","width":350,"height":200,"srcset":"https:\/\/i0.wp.com\/lasprimeras.com.do\/wp-content\/uploads\/2025\/07\/Julito-Fulcar-1.jpg?resize=350%2C200&ssl=1 1x, https:\/\/i0.wp.com\/lasprimeras.com.do\/wp-content\/uploads\/2025\/07\/Julito-Fulcar-1.jpg?resize=525%2C300&ssl=1 1.5x, https:\/\/i0.wp.com\/lasprimeras.com.do\/wp-content\/uploads\/2025\/07\/Julito-Fulcar-1.jpg?resize=700%2C400&ssl=1 2x"},"classes":[]},{"id":88568,"url":"https:\/\/lasprimeras.com.do\/index.php\/2024\/08\/29\/julito-fulcar-entrega-equipos-a-dotaciones-de-bomberos-de-bani-a-traves-del-index\/","url_meta":{"origin":91901,"position":2},"title":"Julito Fulcar entrega equipos a dotaciones de bomberos de Bani a trav\u00e9s del Index","author":"Nelson Feliz","date":"29 de agosto de 2024","format":false,"excerpt":"El Senador por Peravia Julito Fulcar Encarnaci\u00f3n en conjunto con el Instituto de Dominicanos en el Exterior con asiento en Pensilvania, realiz\u00f3 la entrega de equipos para las dotaciones de bomberos de los tres municipios de la provincia. Este donativo valorado en mas de 50 mil dolares fue llevado a\u2026","rel":"","context":"En \u00abECONOM\u00cdA\u00bb","block_context":{"text":"ECONOM\u00cdA","link":"https:\/\/lasprimeras.com.do\/index.php\/category\/economia\/"},"img":{"alt_text":"Julito Fulcar","src":"https:\/\/i0.wp.com\/lasprimeras.com.do\/wp-content\/uploads\/2024\/08\/Julito-Fulcar-2.jpg?resize=350%2C200&ssl=1","width":350,"height":200,"srcset":"https:\/\/i0.wp.com\/lasprimeras.com.do\/wp-content\/uploads\/2024\/08\/Julito-Fulcar-2.jpg?resize=350%2C200&ssl=1 1x, https:\/\/i0.wp.com\/lasprimeras.com.do\/wp-content\/uploads\/2024\/08\/Julito-Fulcar-2.jpg?resize=525%2C300&ssl=1 1.5x"},"classes":[]},{"id":125484,"url":"https:\/\/lasprimeras.com.do\/index.php\/2026\/03\/23\/julito-fulcar-ratifica-apoyo-a-ciudadano-modelo-rd-en-su-2do-aniversario\/","url_meta":{"origin":91901,"position":3},"title":"Julito Fulcar ratifica apoyo a \u201cCiudadano Modelo RD\u201d en su 2do aniversario","author":"Nelson Feliz","date":"23 de marzo de 2026","format":false,"excerpt":"En el marco de la presentaci\u00f3n de las memorias de gesti\u00f3n 2024-2025 del programa \u201cCiudadano Modelo RD\u201d, el senador por la provincia Peravia, Julito Fulcar, destac\u00f3 el crecimiento exponencial de esta iniciativa y record\u00f3 los inicios de lo que hoy es un referente de civismo para todo el pa\u00eds. Durante\u2026","rel":"","context":"En \u00abPOLITICA\u00bb","block_context":{"text":"POLITICA","link":"https:\/\/lasprimeras.com.do\/index.php\/category\/politica\/"},"img":{"alt_text":"Julito Fulcar","src":"https:\/\/i0.wp.com\/lasprimeras.com.do\/wp-content\/uploads\/2026\/03\/Julito-Fulcar-1.jpg?resize=350%2C200&ssl=1","width":350,"height":200,"srcset":"https:\/\/i0.wp.com\/lasprimeras.com.do\/wp-content\/uploads\/2026\/03\/Julito-Fulcar-1.jpg?resize=350%2C200&ssl=1 1x, https:\/\/i0.wp.com\/lasprimeras.com.do\/wp-content\/uploads\/2026\/03\/Julito-Fulcar-1.jpg?resize=525%2C300&ssl=1 1.5x, https:\/\/i0.wp.com\/lasprimeras.com.do\/wp-content\/uploads\/2026\/03\/Julito-Fulcar-1.jpg?resize=700%2C400&ssl=1 2x"},"classes":[]},{"id":91668,"url":"https:\/\/lasprimeras.com.do\/index.php\/2024\/11\/30\/senador-julito-fulcar-es-discutible-la-eliminacion-de-exoneraciones-a-legisladores\/","url_meta":{"origin":91901,"position":4},"title":"Senador Julito Fulcar \u201ces discutible\u201d la eliminaci\u00f3n de exoneraciones a legisladores","author":"Nelson Feliz","date":"30 de noviembre de 2024","format":false,"excerpt":"- Propone di\u00e1logo y consenso para poner fin a los privilegios y cerrar el debate p\u00fablico sobre el tema El senador de la provincia Peravia, se sum\u00f3 al pol\u00e9mico debate sobre las exoneraciones legislativas, declarando que es momento de tomar decisiones concretas para eliminar estos privilegios y fortalecer la institucionalidad\u2026","rel":"","context":"En \u00abPORTADA\u00bb","block_context":{"text":"PORTADA","link":"https:\/\/lasprimeras.com.do\/index.php\/category\/portada\/"},"img":{"alt_text":"","src":"https:\/\/i0.wp.com\/lasprimeras.com.do\/wp-content\/uploads\/2024\/11\/Julito-Fulcar.jpg?resize=350%2C200&ssl=1","width":350,"height":200,"srcset":"https:\/\/i0.wp.com\/lasprimeras.com.do\/wp-content\/uploads\/2024\/11\/Julito-Fulcar.jpg?resize=350%2C200&ssl=1 1x, https:\/\/i0.wp.com\/lasprimeras.com.do\/wp-content\/uploads\/2024\/11\/Julito-Fulcar.jpg?resize=525%2C300&ssl=1 1.5x, https:\/\/i0.wp.com\/lasprimeras.com.do\/wp-content\/uploads\/2024\/11\/Julito-Fulcar.jpg?resize=700%2C400&ssl=1 2x"},"classes":[]},{"id":82849,"url":"https:\/\/lasprimeras.com.do\/index.php\/2024\/05\/08\/senador-milciades-franjul-llama-a-votar-masivamente-por-candidato-senatorial-julito-fulcar\/","url_meta":{"origin":91901,"position":5},"title":"Senador Milciades Franjul llama a votar masivamente por candidato senatorial Julito Fulcar","author":"BIMARY DE JES\u00daS Matos","date":"8 de mayo de 2024","format":false,"excerpt":"Santo Domingo.-El Senador Milciades Franjul llama a votar masivamente por candidato senatorial Julito Fulcar. Franjul sostiene \u201chay que apoyar a todos los candidatos del PRM\u201d En medio de un ameno compartir de caf\u00e9, el senador por Peravia, Milciades Franjul, extern\u00f3 su completo apoyo al candidato senatorial y compa\u00f1ero de partido\u2026","rel":"","context":"En \u00abNACIONALES\u00bb","block_context":{"text":"NACIONALES","link":"https:\/\/lasprimeras.com.do\/index.php\/category\/nacionales\/"},"img":{"alt_text":"","src":"https:\/\/i0.wp.com\/lasprimeras.com.do\/wp-content\/uploads\/2024\/05\/IMG-20240508-WA0062.jpg?resize=350%2C200&ssl=1","width":350,"height":200,"srcset":"https:\/\/i0.wp.com\/lasprimeras.com.do\/wp-content\/uploads\/2024\/05\/IMG-20240508-WA0062.jpg?resize=350%2C200&ssl=1 1x, https:\/\/i0.wp.com\/lasprimeras.com.do\/wp-content\/uploads\/2024\/05\/IMG-20240508-WA0062.jpg?resize=525%2C300&ssl=1 1.5x, https:\/\/i0.wp.com\/lasprimeras.com.do\/wp-content\/uploads\/2024\/05\/IMG-20240508-WA0062.jpg?resize=700%2C400&ssl=1 2x, https:\/\/i0.wp.com\/lasprimeras.com.do\/wp-content\/uploads\/2024\/05\/IMG-20240508-WA0062.jpg?resize=1050%2C600&ssl=1 3x, https:\/\/i0.wp.com\/lasprimeras.com.do\/wp-content\/uploads\/2024\/05\/IMG-20240508-WA0062.jpg?resize=1400%2C800&ssl=1 4x"},"classes":[]}],"jetpack_sharing_enabled":true,"_links":{"self":[{"href":"https:\/\/lasprimeras.com.do\/index.php\/wp-json\/wp\/v2\/posts\/91901","targetHints":{"allow":["GET"]}}],"collection":[{"href":"https:\/\/lasprimeras.com.do\/index.php\/wp-json\/wp\/v2\/posts"}],"about":[{"href":"https:\/\/lasprimeras.com.do\/index.php\/wp-json\/wp\/v2\/types\/post"}],"author":[{"embeddable":true,"href":"https:\/\/lasprimeras.com.do\/index.php\/wp-json\/wp\/v2\/users\/2"}],"replies":[{"embeddable":true,"href":"https:\/\/lasprimeras.com.do\/index.php\/wp-json\/wp\/v2\/comments?post=91901"}],"version-history":[{"count":1,"href":"https:\/\/lasprimeras.com.do\/index.php\/wp-json\/wp\/v2\/posts\/91901\/revisions"}],"predecessor-version":[{"id":91903,"href":"https:\/\/lasprimeras.com.do\/index.php\/wp-json\/wp\/v2\/posts\/91901\/revisions\/91903"}],"wp:featuredmedia":[{"embeddable":true,"href":"https:\/\/lasprimeras.com.do\/index.php\/wp-json\/wp\/v2\/media\/91902"}],"wp:attachment":[{"href":"https:\/\/lasprimeras.com.do\/index.php\/wp-json\/wp\/v2\/media?parent=91901"}],"wp:term":[{"taxonomy":"category","embeddable":true,"href":"https:\/\/lasprimeras.com.do\/index.php\/wp-json\/wp\/v2\/categories?post=91901"},{"taxonomy":"post_tag","embeddable":true,"href":"https:\/\/lasprimeras.com.do\/index.php\/wp-json\/wp\/v2\/tags?post=91901"}],"curies":[{"name":"wp","href":"https:\/\/api.w.org\/{rel}","templated":true}]}}