{"id":91904,"date":"2024-12-05T23:56:39","date_gmt":"2024-12-06T03:56:39","guid":{"rendered":"https:\/\/lasprimeras.com.do\/?p=91904"},"modified":"2024-12-05T23:56:39","modified_gmt":"2024-12-06T03:56:39","slug":"autoridades-dominicanas-reafirman-compromiso-en-80-aniversario-del-convenio-de-chicago-de-la-oaci","status":"publish","type":"post","link":"https:\/\/lasprimeras.com.do\/index.php\/2024\/12\/05\/autoridades-dominicanas-reafirman-compromiso-en-80-aniversario-del-convenio-de-chicago-de-la-oaci\/","title":{"rendered":"Autoridades dominicanas reafirman compromiso en 80 aniversario del Convenio de Chicago de la OACI"},"content":{"rendered":"\n<p>Chicago, Illinois. El presidente de la Junta de Aviaci\u00f3n Civil (JAC), H\u00e9ctor Porcella, reafirm\u00f3 el compromiso de la Rep\u00fablica Dominicana en cooperar para crear una red de tr\u00e1nsito verdaderamente global al servicio de todos los usuarios del transporte a\u00e9reo con la Aviaci\u00f3n Civil Internacional en Chicago (Estados Unidos).<\/p>\n\n\n\n<p>\u201cEl 7 de diciembre, D\u00eda de la Aviaci\u00f3n Civil Internacional, celebra el papel crucial del transporte a\u00e9reo para unir al mundo. Estamos seguro que es una oportunidad para que aboguemos por el desarrollo seguro y sostenible de la aviaci\u00f3n comercial, ampliando el acceso a quienes m\u00e1s lo necesitan\u201d, comunic\u00f3 Porcella, desde el Hotel Hilton Chicago, anteriormente The Stevens Hotel, lugar donde se adopt\u00f3 la Convenci\u00f3n y naci\u00f3 de la Organizaci\u00f3n.<\/p>\n\n\n\n<p>Cit\u00f3 que hoy, la Rep\u00fablica Dominicana reafirma su compromiso con el sector aeron\u00e1utico nacional y regional, igual que en 1944, cuando el pa\u00eds fue uno de los 54 Estados firmantes de la Conferencia de Chicago, para establecer las bases de la igualdad de oportunidades en beneficio de todas las naciones.<\/p>\n\n\n\n<p>Agreg\u00f3 que el gobierno de Luis Abinader ha sido muy claro en las prioridades que quiere alcanzar el gobierno dominicano en materia de aviaci\u00f3n civil apoyando plenamente el aumento de los servicios de transporte a\u00e9reo y la reciprocidad entre Estados.<\/p>\n\n\n\n<p>\u201cDurante ocho d\u00e9cadas, este acuerdo hist\u00f3rico que sent\u00f3 las bases para las normas y procedimientos para la navegaci\u00f3n a\u00e9rea mundial\u201d. Dijo Porcella.<\/p>\n\n\n\n<p>Durante la sesi\u00f3n extraordinaria de su \u00f3rgano rector, el Consejo de la Organizaci\u00f3n de Aviaci\u00f3n Civil Internacional (OACI), convoc\u00f3, los d\u00edas 4 y 5 de diciembre de 2024, a representantes de los Estados, la industria, organizaciones regionales, el mundo acad\u00e9mico, las Naciones Unidas y organizaciones no gubernamentales a una serie de mesas redondas interactivas de alto nivel sobre la evoluci\u00f3n del sector, los desaf\u00edos y oportunidades que enfrenta la Aviaci\u00f3n Civil, y con ello el transporte a\u00e9reo.<\/p>\n\n\n\n<p>La delegaci\u00f3n dominicana integrada por el embajador permanente ante la OACI, Julio Pe\u00f1a Guzm\u00e1n; H\u00e9ctor Porcella, presidente de la JAC&nbsp; e Igor Rodr\u00edguez Dur\u00e1n, director del Instituto Dominicano de Aviaci\u00f3n Civil, durante el evento reflexionaron conjuntamente con representantes de los Estados, organizaciones regionales y organizaciones no gubernamentales, sobre el papel fundamental de la aviaci\u00f3n civil en la Rep\u00fablica Dominicana, como constructora de puentes para un mayor desarrollo seguro y sostenible del transporte a\u00e9reo.<\/p>\n","protected":false},"excerpt":{"rendered":"<p>Chicago, Illinois. El presidente de la Junta de Aviaci\u00f3n Civil (JAC), H\u00e9ctor Porcella, reafirm\u00f3 el compromiso de la Rep\u00fablica Dominicana en cooperar para crear una red de tr\u00e1nsito verdaderamente global&hellip;<\/p>\n","protected":false},"author":2,"featured_media":91905,"comment_status":"open","ping_status":"open","sticky":false,"template":"","format":"standard","meta":{"content-type":"","jetpack_post_was_ever_published":false,"_jetpack_newsletter_access":"","_jetpack_dont_email_post_to_subs":false,"_jetpack_newsletter_tier_id":0,"_jetpack_memberships_contains_paywalled_content":false,"_jetpack_memberships_contains_paid_content":false,"footnotes":""},"categories":[16289],"tags":[16623,949,3112,562,3581,1590,15148],"class_list":["post-91904","post","type-post","status-publish","format-standard","has-post-thumbnail","hentry","category-internacionales","tag-80-aniversario","tag-autoridades","tag-chicago","tag-compromiso","tag-convenio","tag-dominicanas","tag-oaci"],"jetpack_featured_media_url":"https:\/\/lasprimeras.com.do\/wp-content\/uploads\/2024\/12\/Hector-Porcella.jpg","jetpack-related-posts":[{"id":93523,"url":"https:\/\/lasprimeras.com.do\/index.php\/2025\/02\/12\/hector-porcella-representa-a-rd-en-el-simposio-global-de-apoyo-a-la-implementacion-giss-2025\/","url_meta":{"origin":91904,"position":0},"title":"H\u00e9ctor Porcella representa a RD en el Simposio Global de Apoyo a la Implementaci\u00f3n GISS 2025","author":"Nelson Feliz","date":"12 de febrero de 2025","format":false,"excerpt":"Abu Dhabi, Emiratos \u00c1rabes Unidos. - El presidente de la Junta de Aviaci\u00f3n Civil (JAC), H\u00e9ctor Porcella, represent\u00f3 a la Rep\u00fablica Dominicana en el Simposio Global de Apoyo a la Implementaci\u00f3n (GISS 2025), un evento de gran relevancia para la comunidad internacional de la aviaci\u00f3n civil, organizado por la OACI,\u2026","rel":"","context":"En \u00abINTERNACIONALES\u00bb","block_context":{"text":"INTERNACIONALES","link":"https:\/\/lasprimeras.com.do\/index.php\/category\/sin-categoria\/internacionales\/"},"img":{"alt_text":"","src":"https:\/\/i0.wp.com\/lasprimeras.com.do\/wp-content\/uploads\/2025\/02\/Simposio-Global.jpg?resize=350%2C200&ssl=1","width":350,"height":200,"srcset":"https:\/\/i0.wp.com\/lasprimeras.com.do\/wp-content\/uploads\/2025\/02\/Simposio-Global.jpg?resize=350%2C200&ssl=1 1x, https:\/\/i0.wp.com\/lasprimeras.com.do\/wp-content\/uploads\/2025\/02\/Simposio-Global.jpg?resize=525%2C300&ssl=1 1.5x"},"classes":[]},{"id":105654,"url":"https:\/\/lasprimeras.com.do\/index.php\/2025\/08\/05\/paliza-rd-reafirma-garantias-de-seguridad-operacional-conectividad-y-eficiencia-en-aviacion-civil-region-del-caribe\/","url_meta":{"origin":91904,"position":1},"title":"Paliza: \u201cRD reafirma garant\u00edas de seguridad operacional, conectividad y eficiencia en aviaci\u00f3n civil regi\u00f3n del Caribe\u201d","author":"Nelson Feliz","date":"5 de agosto de 2025","format":false,"excerpt":"El ministro de la Presidencia, Jos\u00e9 Ignacio Paliza, reafirm\u00f3 el compromiso de la Rep\u00fablica Dominicana como referente de la aviaci\u00f3n civil en la regi\u00f3n, reconociendo los avances del pa\u00eds en materia de seguridad operacional, conectividad y sostenibilidad, durante la apertura de la D\u00e9cimotercera Reuni\u00f3n de Directores\/as de Aviaci\u00f3n Civil de\u2026","rel":"","context":"En \u00abECONOM\u00cdA\u00bb","block_context":{"text":"ECONOM\u00cdA","link":"https:\/\/lasprimeras.com.do\/index.php\/category\/economia\/"},"img":{"alt_text":"","src":"https:\/\/i0.wp.com\/lasprimeras.com.do\/wp-content\/uploads\/2025\/08\/pALIZA.jpg?resize=350%2C200&ssl=1","width":350,"height":200,"srcset":"https:\/\/i0.wp.com\/lasprimeras.com.do\/wp-content\/uploads\/2025\/08\/pALIZA.jpg?resize=350%2C200&ssl=1 1x, https:\/\/i0.wp.com\/lasprimeras.com.do\/wp-content\/uploads\/2025\/08\/pALIZA.jpg?resize=525%2C300&ssl=1 1.5x, https:\/\/i0.wp.com\/lasprimeras.com.do\/wp-content\/uploads\/2025\/08\/pALIZA.jpg?resize=700%2C400&ssl=1 2x"},"classes":[]},{"id":102239,"url":"https:\/\/lasprimeras.com.do\/index.php\/2025\/07\/02\/jac-realiza-su-segunda-reunion-ordinaria-de-este-ano\/","url_meta":{"origin":91904,"position":2},"title":"JAC realiza su segunda reuni\u00f3n ordinaria de este a\u00f1o","author":"Nelson Feliz","date":"2 de julio de 2025","format":false,"excerpt":"El Comit\u00e9 Nacional de Facilitaci\u00f3n (CNF), \u00f3rgano adscrito a la Junta de Aviaci\u00f3n Civil (JAC), realiz\u00f3 su segunda reuni\u00f3n ordinaria de este a\u00f1o, en la que se aprobaron importantes instrumentos sobre la Facilitaci\u00f3n del Transporte A\u00e9reo. Los documentos acordados entre los miembros del CNF, para agilizar el proceso del traslado\u2026","rel":"","context":"En \u00abNACIONALES\u00bb","block_context":{"text":"NACIONALES","link":"https:\/\/lasprimeras.com.do\/index.php\/category\/nacionales\/"},"img":{"alt_text":"","src":"https:\/\/i0.wp.com\/lasprimeras.com.do\/wp-content\/uploads\/2025\/07\/JAC-1.jpg?resize=350%2C200&ssl=1","width":350,"height":200,"srcset":"https:\/\/i0.wp.com\/lasprimeras.com.do\/wp-content\/uploads\/2025\/07\/JAC-1.jpg?resize=350%2C200&ssl=1 1x, https:\/\/i0.wp.com\/lasprimeras.com.do\/wp-content\/uploads\/2025\/07\/JAC-1.jpg?resize=525%2C300&ssl=1 1.5x, https:\/\/i0.wp.com\/lasprimeras.com.do\/wp-content\/uploads\/2025\/07\/JAC-1.jpg?resize=700%2C400&ssl=1 2x"},"classes":[]},{"id":114092,"url":"https:\/\/lasprimeras.com.do\/index.php\/2025\/11\/10\/abinader-dice-sin-conectividad-aerea-no-hay-exito-en-turismo\/","url_meta":{"origin":91904,"position":3},"title":"Abinader dice \u201csin conectividad a\u00e9rea no hay \u00e9xito en turismo\u201d","author":"Nelson Feliz","date":"10 de noviembre de 2025","format":false,"excerpt":"Presidente reitera firme posici\u00f3n de RD como referente regional en aviaci\u00f3n civil. Organizaci\u00f3n Internacional de Aviaci\u00f3n Civil hace un llamado a pa\u00edses miembros para imitar la pol\u00edtica de liberalizaci\u00f3n que existe en la Rep\u00fablica Dominicana. El presidente Luis Abinader reiter\u00f3 que la aviaci\u00f3n civil de la Rep\u00fablica Dominicana es referente\u2026","rel":"","context":"En \u00abPORTADA\u00bb","block_context":{"text":"PORTADA","link":"https:\/\/lasprimeras.com.do\/index.php\/category\/portada\/"},"img":{"alt_text":"","src":"https:\/\/i0.wp.com\/lasprimeras.com.do\/wp-content\/uploads\/2025\/11\/Luis-Abinader-3.jpg?resize=350%2C200&ssl=1","width":350,"height":200,"srcset":"https:\/\/i0.wp.com\/lasprimeras.com.do\/wp-content\/uploads\/2025\/11\/Luis-Abinader-3.jpg?resize=350%2C200&ssl=1 1x, https:\/\/i0.wp.com\/lasprimeras.com.do\/wp-content\/uploads\/2025\/11\/Luis-Abinader-3.jpg?resize=525%2C300&ssl=1 1.5x, https:\/\/i0.wp.com\/lasprimeras.com.do\/wp-content\/uploads\/2025\/11\/Luis-Abinader-3.jpg?resize=700%2C400&ssl=1 2x"},"classes":[]},{"id":97970,"url":"https:\/\/lasprimeras.com.do\/index.php\/2025\/04\/30\/idac-celebra-70-aniversario-siendo-una-institucion-solida-establecida-y-reconocida-internacionalmente\/","url_meta":{"origin":91904,"position":4},"title":"IDAC celebra 70 aniversario siendo una instituci\u00f3n \u201cs\u00f3lida, establecida y reconocida internacionalmente\u201d","author":"Nelson Feliz","date":"30 de abril de 2025","format":false,"excerpt":"El aniversario fue celebrado con una misa de acci\u00f3n de gracias en la Catedral Castrense de Santa B\u00e1rbara, en la Ciudad Colonial. El Instituto Dominicano de Aviaci\u00f3n Civil (IDAC) se consolida como una instituci\u00f3n estatal con amplia proyecci\u00f3n, tanto a nivel nacional como internacional, logrando un reconocimiento que se ha\u2026","rel":"","context":"En \u00abNACIONALES\u00bb","block_context":{"text":"NACIONALES","link":"https:\/\/lasprimeras.com.do\/index.php\/category\/nacionales\/"},"img":{"alt_text":"","src":"https:\/\/i0.wp.com\/lasprimeras.com.do\/wp-content\/uploads\/2025\/04\/IDAC.jpg?resize=350%2C200&ssl=1","width":350,"height":200,"srcset":"https:\/\/i0.wp.com\/lasprimeras.com.do\/wp-content\/uploads\/2025\/04\/IDAC.jpg?resize=350%2C200&ssl=1 1x, https:\/\/i0.wp.com\/lasprimeras.com.do\/wp-content\/uploads\/2025\/04\/IDAC.jpg?resize=525%2C300&ssl=1 1.5x, https:\/\/i0.wp.com\/lasprimeras.com.do\/wp-content\/uploads\/2025\/04\/IDAC.jpg?resize=700%2C400&ssl=1 2x"},"classes":[]},{"id":88454,"url":"https:\/\/lasprimeras.com.do\/index.php\/2024\/08\/28\/igor-rodriguez-participa-en-conferencia-de-navegacion-aerea-de-la-oaci-en-canada\/","url_meta":{"origin":91904,"position":5},"title":"Igor Rodr\u00edguez participa en conferencia de navegaci\u00f3n a\u00e9rea de la OACI en Canad\u00e1","author":"Nelson Feliz","date":"28 de agosto de 2024","format":false,"excerpt":"La actividad que se celebra en la Sede de la Organizaci\u00f3n de Aviaci\u00f3n Civil Internacional (OACI), tiene como tema principal \u201cMejorar el rendimiento para impulsar la sostenibilidad\u201d. Montreal, Canad\u00e1.- El director general del Instituto Dominicano de Aviaci\u00f3n Civil (IDAC), Igor Rodr\u00edguez Dur\u00e1n, inici\u00f3 sus actividades oficiales al frente de la\u2026","rel":"","context":"En \u00abSin categor\u00eda\u00bb","block_context":{"text":"Sin categor\u00eda","link":"https:\/\/lasprimeras.com.do\/index.php\/category\/sin-categoria\/"},"img":{"alt_text":"Igor Rodr\u00edguez","src":"https:\/\/i0.wp.com\/lasprimeras.com.do\/wp-content\/uploads\/2024\/08\/Igor-Rodriguez-1.jpg?resize=350%2C200&ssl=1","width":350,"height":200,"srcset":"https:\/\/i0.wp.com\/lasprimeras.com.do\/wp-content\/uploads\/2024\/08\/Igor-Rodriguez-1.jpg?resize=350%2C200&ssl=1 1x, https:\/\/i0.wp.com\/lasprimeras.com.do\/wp-content\/uploads\/2024\/08\/Igor-Rodriguez-1.jpg?resize=525%2C300&ssl=1 1.5x"},"classes":[]}],"jetpack_sharing_enabled":true,"_links":{"self":[{"href":"https:\/\/lasprimeras.com.do\/index.php\/wp-json\/wp\/v2\/posts\/91904","targetHints":{"allow":["GET"]}}],"collection":[{"href":"https:\/\/lasprimeras.com.do\/index.php\/wp-json\/wp\/v2\/posts"}],"about":[{"href":"https:\/\/lasprimeras.com.do\/index.php\/wp-json\/wp\/v2\/types\/post"}],"author":[{"embeddable":true,"href":"https:\/\/lasprimeras.com.do\/index.php\/wp-json\/wp\/v2\/users\/2"}],"replies":[{"embeddable":true,"href":"https:\/\/lasprimeras.com.do\/index.php\/wp-json\/wp\/v2\/comments?post=91904"}],"version-history":[{"count":1,"href":"https:\/\/lasprimeras.com.do\/index.php\/wp-json\/wp\/v2\/posts\/91904\/revisions"}],"predecessor-version":[{"id":91906,"href":"https:\/\/lasprimeras.com.do\/index.php\/wp-json\/wp\/v2\/posts\/91904\/revisions\/91906"}],"wp:featuredmedia":[{"embeddable":true,"href":"https:\/\/lasprimeras.com.do\/index.php\/wp-json\/wp\/v2\/media\/91905"}],"wp:attachment":[{"href":"https:\/\/lasprimeras.com.do\/index.php\/wp-json\/wp\/v2\/media?parent=91904"}],"wp:term":[{"taxonomy":"category","embeddable":true,"href":"https:\/\/lasprimeras.com.do\/index.php\/wp-json\/wp\/v2\/categories?post=91904"},{"taxonomy":"post_tag","embeddable":true,"href":"https:\/\/lasprimeras.com.do\/index.php\/wp-json\/wp\/v2\/tags?post=91904"}],"curies":[{"name":"wp","href":"https:\/\/api.w.org\/{rel}","templated":true}]}}