{"id":91907,"date":"2024-12-06T00:04:46","date_gmt":"2024-12-06T04:04:46","guid":{"rendered":"https:\/\/lasprimeras.com.do\/?p=91907"},"modified":"2024-12-06T00:04:48","modified_gmt":"2024-12-06T04:04:48","slug":"republica-dominicana-y-sao-paulo-fomentan-cooperacion-academica-internacional","status":"publish","type":"post","link":"https:\/\/lasprimeras.com.do\/index.php\/2024\/12\/06\/republica-dominicana-y-sao-paulo-fomentan-cooperacion-academica-internacional\/","title":{"rendered":"Rep\u00fablica Dominicana y S\u00e3o Paulo fomentan cooperaci\u00f3n acad\u00e9mica internacional"},"content":{"rendered":"\n<p>El c\u00f3nsul general de la Rep\u00fablica Dominicana en S\u00e3o Paulo, Dr. John Hazim, se reuni\u00f3 con la Dra. Carlota Cardozo, directora de la Facultad de Educaci\u00f3n (FEUSP) de la Universidad de S\u00e3o Paulo.<\/p>\n\n\n\n<p>Durante este encuentro, el equipo del Consulado trabaj\u00f3 junto al Dr. Jos\u00e9 Hazim, rector de la Universidad Central del Este (UCE), y Sandra Olaya, directora de Vinculaci\u00f3n, para explorar oportunidades de colaboraci\u00f3n con especialistas de la FEUSP.<\/p>\n\n\n\n<p>Un paso hist\u00f3rico en la educaci\u00f3n superior<\/p>\n\n\n\n<p>Gracias al liderazgo del Dr. John Hazim y su equipo, se logr\u00f3 la firma de un importante acuerdo de cooperaci\u00f3n internacional entre la Facultad de Educaci\u00f3n de la USP y la UCE.<\/p>\n\n\n\n<p>Este acuerdo representa un hito clave en el fortalecimiento de la educaci\u00f3n superior y abre nuevas puertas para el intercambio acad\u00e9mico entre Rep\u00fablica Dominicana y Brasil.<\/p>\n\n\n\n<p>El Consulado General reafirma su compromiso de promover iniciativas que fortalezcan la relaci\u00f3n entre ambos pa\u00edses, contribuyendo al desarrollo educativo y cultural de nuestra naci\u00f3n.<\/p>\n","protected":false},"excerpt":{"rendered":"<p>El c\u00f3nsul general de la Rep\u00fablica Dominicana en S\u00e3o Paulo, Dr. John Hazim, se reuni\u00f3 con la Dra. Carlota Cardozo, directora de la Facultad de Educaci\u00f3n (FEUSP) de la Universidad&hellip;<\/p>\n","protected":false},"author":2,"featured_media":91908,"comment_status":"open","ping_status":"open","sticky":false,"template":"","format":"standard","meta":{"content-type":"","jetpack_post_was_ever_published":false,"_jetpack_newsletter_access":"","_jetpack_dont_email_post_to_subs":false,"_jetpack_newsletter_tier_id":0,"_jetpack_memberships_contains_paywalled_content":false,"_jetpack_memberships_contains_paid_content":false,"footnotes":""},"categories":[16289],"tags":[9608,523,9433,1638,1226,16169],"class_list":["post-91907","post","type-post","status-publish","format-standard","has-post-thumbnail","hentry","category-internacionales","tag-academica","tag-cooperacion","tag-fomentan","tag-internacional","tag-republica-dominicana","tag-sao-paulo-2"],"jetpack_featured_media_url":"https:\/\/lasprimeras.com.do\/wp-content\/uploads\/2024\/12\/doss.jpg","jetpack-related-posts":[{"id":112005,"url":"https:\/\/lasprimeras.com.do\/index.php\/2025\/10\/16\/presenta-novedoso-programa-titulado-rd-destino-academico-en-el-caei-2025\/","url_meta":{"origin":91907,"position":0},"title":"Presenta novedoso programa titulado: RD destino acad\u00e9mico en el CAEI 2025","author":"Nelson Feliz","date":"16 de octubre de 2025","format":false,"excerpt":"Invita desde el Caribe a construir conocimientos con identidad, apertura y prop\u00f3sito com\u00fan. La Rep\u00fablica Dominicana debut\u00f3 con fuerza en el Congreso de las Am\u00e9ricas sobre Educaci\u00f3n Internacional (CAEI 2025), celebrado en Costa Rica, presentando oficialmente el programa \u201cRep\u00fablica Dominicana: Destino Acad\u00e9mico\u201d, una iniciativa que busca posicionar al pa\u00eds como\u2026","rel":"","context":"En \u00abNACIONALES\u00bb","block_context":{"text":"NACIONALES","link":"https:\/\/lasprimeras.com.do\/index.php\/category\/nacionales\/"},"img":{"alt_text":"","src":"https:\/\/i0.wp.com\/lasprimeras.com.do\/wp-content\/uploads\/2025\/10\/Destino-Academico-en-el-CAEI-2025.jpg?resize=350%2C200&ssl=1","width":350,"height":200,"srcset":"https:\/\/i0.wp.com\/lasprimeras.com.do\/wp-content\/uploads\/2025\/10\/Destino-Academico-en-el-CAEI-2025.jpg?resize=350%2C200&ssl=1 1x, https:\/\/i0.wp.com\/lasprimeras.com.do\/wp-content\/uploads\/2025\/10\/Destino-Academico-en-el-CAEI-2025.jpg?resize=525%2C300&ssl=1 1.5x, https:\/\/i0.wp.com\/lasprimeras.com.do\/wp-content\/uploads\/2025\/10\/Destino-Academico-en-el-CAEI-2025.jpg?resize=700%2C400&ssl=1 2x"},"classes":[]},{"id":113146,"url":"https:\/\/lasprimeras.com.do\/index.php\/2025\/10\/30\/la-uce-inviste-a-1459-nuevos-profesionales-en-grado-posgrado-y-tecnico-superior\/","url_meta":{"origin":91907,"position":1},"title":"La UCE inviste a 1,459 nuevos profesionales en grado, posgrado y t\u00e9cnico superior","author":"Nelson Feliz","date":"30 de octubre de 2025","format":false,"excerpt":"En el marco de la celebraci\u00f3n de su 55 aniversario, la Universidad Central del Este (UCE) llev\u00f3 a cabo su CXLVIII Ceremonia de Graduaci\u00f3n de Grado y la XXI Graduaci\u00f3n de Posgrado, en las cuales fueron investidos 1,459 nuevos profesionales, reafirmando as\u00ed su compromiso con la formaci\u00f3n de l\u00edderes \u00e9ticos,\u2026","rel":"","context":"En \u00abNACIONALES\u00bb","block_context":{"text":"NACIONALES","link":"https:\/\/lasprimeras.com.do\/index.php\/category\/nacionales\/"},"img":{"alt_text":"","src":"https:\/\/i0.wp.com\/lasprimeras.com.do\/wp-content\/uploads\/2025\/10\/Rector-Jose-Altagracia-Hazim-Torres.jpg?resize=350%2C200&ssl=1","width":350,"height":200,"srcset":"https:\/\/i0.wp.com\/lasprimeras.com.do\/wp-content\/uploads\/2025\/10\/Rector-Jose-Altagracia-Hazim-Torres.jpg?resize=350%2C200&ssl=1 1x, https:\/\/i0.wp.com\/lasprimeras.com.do\/wp-content\/uploads\/2025\/10\/Rector-Jose-Altagracia-Hazim-Torres.jpg?resize=525%2C300&ssl=1 1.5x, https:\/\/i0.wp.com\/lasprimeras.com.do\/wp-content\/uploads\/2025\/10\/Rector-Jose-Altagracia-Hazim-Torres.jpg?resize=700%2C400&ssl=1 2x"},"classes":[]},{"id":111624,"url":"https:\/\/lasprimeras.com.do\/index.php\/2025\/10\/12\/republica-dominicana-mostrara-su-modelo-de-educacion-superior-integrada-en-el-caei-2025-en-costa-rica\/","url_meta":{"origin":91907,"position":2},"title":"Rep\u00fablica Dominicana mostrar\u00e1 su modelo de educaci\u00f3n superior integrada en el CAEI 2025 en Costa Rica","author":"Nelson Feliz","date":"12 de octubre de 2025","format":false,"excerpt":"La Rep\u00fablica Dominicana participar\u00e1 por primera vez con un stand pa\u00eds en el Congreso de las Am\u00e9ricas sobre Educaci\u00f3n Internacional (CAEI 2025), a celebrarse en Costa Rica bajo el lema \u201cTransformando conocimiento en desarrollo\u201d. El Ministerio de Educaci\u00f3n Superior, Ciencia y Tecnolog\u00eda (MESCyT) encabezar\u00e1 la delegaci\u00f3n nacional, en conjunto con\u2026","rel":"","context":"En \u00abNACIONALES\u00bb","block_context":{"text":"NACIONALES","link":"https:\/\/lasprimeras.com.do\/index.php\/category\/nacionales\/"},"img":{"alt_text":"","src":"https:\/\/i0.wp.com\/lasprimeras.com.do\/wp-content\/uploads\/2025\/10\/fermin.jpg?resize=350%2C200&ssl=1","width":350,"height":200,"srcset":"https:\/\/i0.wp.com\/lasprimeras.com.do\/wp-content\/uploads\/2025\/10\/fermin.jpg?resize=350%2C200&ssl=1 1x, https:\/\/i0.wp.com\/lasprimeras.com.do\/wp-content\/uploads\/2025\/10\/fermin.jpg?resize=525%2C300&ssl=1 1.5x, https:\/\/i0.wp.com\/lasprimeras.com.do\/wp-content\/uploads\/2025\/10\/fermin.jpg?resize=700%2C400&ssl=1 2x"},"classes":[]},{"id":106800,"url":"https:\/\/lasprimeras.com.do\/index.php\/2025\/08\/19\/pn-y-secretaria-de-seguridad-de-honduras-firman-convenios-de-cooperacion-academica-y-policial\/","url_meta":{"origin":91907,"position":3},"title":"PN y Secretar\u00eda de Seguridad de Honduras firman convenios de cooperaci\u00f3n acad\u00e9mica y policial","author":"Nelson Feliz","date":"19 de agosto de 2025","format":false,"excerpt":"La Polic\u00eda Nacional de la Rep\u00fablica Dominicana y la Secretar\u00eda de Estado en el Despacho de Seguridad de la Rep\u00fablica de Honduras suscribieron dos importantes convenios: el Acuerdo de Cooperaci\u00f3n y Relaciones Internacionales y el Convenio Interinstitucional para la Formaci\u00f3n de Cadetes. La delegaci\u00f3n oficial de Honduras estuvo encabezada por\u2026","rel":"","context":"En \u00abMILITARES\u00bb","block_context":{"text":"MILITARES","link":"https:\/\/lasprimeras.com.do\/index.php\/category\/militares\/"},"img":{"alt_text":"","src":"https:\/\/i0.wp.com\/lasprimeras.com.do\/wp-content\/uploads\/2025\/08\/acuerdo-1.jpg?resize=350%2C200&ssl=1","width":350,"height":200,"srcset":"https:\/\/i0.wp.com\/lasprimeras.com.do\/wp-content\/uploads\/2025\/08\/acuerdo-1.jpg?resize=350%2C200&ssl=1 1x, https:\/\/i0.wp.com\/lasprimeras.com.do\/wp-content\/uploads\/2025\/08\/acuerdo-1.jpg?resize=525%2C300&ssl=1 1.5x, https:\/\/i0.wp.com\/lasprimeras.com.do\/wp-content\/uploads\/2025\/08\/acuerdo-1.jpg?resize=700%2C400&ssl=1 2x"},"classes":[]},{"id":87343,"url":"https:\/\/lasprimeras.com.do\/index.php\/2024\/08\/11\/familias-de-victimas-de-avion-se-congregan-en-sao-paulo-mientras-avanza-la-identificacion-de-restos\/","url_meta":{"origin":91907,"position":4},"title":"Familias de v\u00edctimas de avi\u00f3n se congregan en Sao Paulo mientras avanza la identificaci\u00f3n de restos","author":"Nelson Feliz","date":"11 de agosto de 2024","format":false,"excerpt":"By MAURICIO SAVARESE and TATIANA POLLASTRI SAO PAULO (AP) \u2014 Familiares de los fallecidos en un avi\u00f3n estrellado en Brasil se reun\u00edan el domingo en una morgue y hoteles de Sao Paulo mientras los forenses trabajaban para identificar los restos de las 62 v\u00edctimas. Las autoridades locales dijeron que los\u2026","rel":"","context":"En \u00abSin categor\u00eda\u00bb","block_context":{"text":"Sin categor\u00eda","link":"https:\/\/lasprimeras.com.do\/index.php\/category\/sin-categoria\/"},"img":{"alt_text":"Dolientes","src":"https:\/\/i0.wp.com\/lasprimeras.com.do\/wp-content\/uploads\/2024\/08\/Dolientes.jpg?resize=350%2C200&ssl=1","width":350,"height":200,"srcset":"https:\/\/i0.wp.com\/lasprimeras.com.do\/wp-content\/uploads\/2024\/08\/Dolientes.jpg?resize=350%2C200&ssl=1 1x, https:\/\/i0.wp.com\/lasprimeras.com.do\/wp-content\/uploads\/2024\/08\/Dolientes.jpg?resize=525%2C300&ssl=1 1.5x, https:\/\/i0.wp.com\/lasprimeras.com.do\/wp-content\/uploads\/2024\/08\/Dolientes.jpg?resize=700%2C400&ssl=1 2x"},"classes":[]},{"id":110544,"url":"https:\/\/lasprimeras.com.do\/index.php\/2025\/09\/29\/dominicanos-designados-entre-selecto-ranking-de-lideres-innovadores-2025\/","url_meta":{"origin":91907,"position":5},"title":"Dominicanos designados entre selecto Ranking de L\u00edderes Innovadores 2025","author":"Nelson Feliz","date":"29 de septiembre de 2025","format":false,"excerpt":"Como un hito educativo en este encuentro trascendental en este sector, el doctor Jos\u00e9 Ram\u00f3n Holgu\u00edn Brito, presidente de la Asociaci\u00f3n de Rectores del Caribe y las Am\u00e9ricas junto al canciller de UNICARIBE, doctor Jos\u00e9 Alejandro Aybar M., recibieron sendos galardones. Guayaquil, Ecuador \u2014En el marco del\u202fEncuentro Internacional INNOVATEC de\u2026","rel":"","context":"En \u00abINTERNACIONALES\u00bb","block_context":{"text":"INTERNACIONALES","link":"https:\/\/lasprimeras.com.do\/index.php\/category\/sin-categoria\/internacionales\/"},"img":{"alt_text":"","src":"https:\/\/i0.wp.com\/lasprimeras.com.do\/wp-content\/uploads\/2025\/09\/INNOVATEC-1.jpg?resize=350%2C200&ssl=1","width":350,"height":200,"srcset":"https:\/\/i0.wp.com\/lasprimeras.com.do\/wp-content\/uploads\/2025\/09\/INNOVATEC-1.jpg?resize=350%2C200&ssl=1 1x, https:\/\/i0.wp.com\/lasprimeras.com.do\/wp-content\/uploads\/2025\/09\/INNOVATEC-1.jpg?resize=525%2C300&ssl=1 1.5x, https:\/\/i0.wp.com\/lasprimeras.com.do\/wp-content\/uploads\/2025\/09\/INNOVATEC-1.jpg?resize=700%2C400&ssl=1 2x"},"classes":[]}],"jetpack_sharing_enabled":true,"_links":{"self":[{"href":"https:\/\/lasprimeras.com.do\/index.php\/wp-json\/wp\/v2\/posts\/91907","targetHints":{"allow":["GET"]}}],"collection":[{"href":"https:\/\/lasprimeras.com.do\/index.php\/wp-json\/wp\/v2\/posts"}],"about":[{"href":"https:\/\/lasprimeras.com.do\/index.php\/wp-json\/wp\/v2\/types\/post"}],"author":[{"embeddable":true,"href":"https:\/\/lasprimeras.com.do\/index.php\/wp-json\/wp\/v2\/users\/2"}],"replies":[{"embeddable":true,"href":"https:\/\/lasprimeras.com.do\/index.php\/wp-json\/wp\/v2\/comments?post=91907"}],"version-history":[{"count":1,"href":"https:\/\/lasprimeras.com.do\/index.php\/wp-json\/wp\/v2\/posts\/91907\/revisions"}],"predecessor-version":[{"id":91909,"href":"https:\/\/lasprimeras.com.do\/index.php\/wp-json\/wp\/v2\/posts\/91907\/revisions\/91909"}],"wp:featuredmedia":[{"embeddable":true,"href":"https:\/\/lasprimeras.com.do\/index.php\/wp-json\/wp\/v2\/media\/91908"}],"wp:attachment":[{"href":"https:\/\/lasprimeras.com.do\/index.php\/wp-json\/wp\/v2\/media?parent=91907"}],"wp:term":[{"taxonomy":"category","embeddable":true,"href":"https:\/\/lasprimeras.com.do\/index.php\/wp-json\/wp\/v2\/categories?post=91907"},{"taxonomy":"post_tag","embeddable":true,"href":"https:\/\/lasprimeras.com.do\/index.php\/wp-json\/wp\/v2\/tags?post=91907"}],"curies":[{"name":"wp","href":"https:\/\/api.w.org\/{rel}","templated":true}]}}