{"id":91910,"date":"2024-12-06T00:09:56","date_gmt":"2024-12-06T04:09:56","guid":{"rendered":"https:\/\/lasprimeras.com.do\/?p=91910"},"modified":"2024-12-06T00:09:57","modified_gmt":"2024-12-06T04:09:57","slug":"tony-pena-guaba-defiende-la-entrega-del-bono-navideno-que-hizo-en-hospitales","status":"publish","type":"post","link":"https:\/\/lasprimeras.com.do\/index.php\/2024\/12\/06\/tony-pena-guaba-defiende-la-entrega-del-bono-navideno-que-hizo-en-hospitales\/","title":{"rendered":"Tony Pe\u00f1a Guaba defiende la entrega del bono navide\u00f1o que hizo en hospitales"},"content":{"rendered":"\n<p>El coordinador del Gabinete de Pol\u00edtica Social, Tony Pe\u00f1a Guaba, se pronunci\u00f3 este jueves en respuesta a las cr\u00edticas generadas por un video que lo muestra entregando bonos navide\u00f1os a pacientes en un hospital p\u00fablico.<\/p>\n\n\n\n<p>En su defensa, Pe\u00f1a Guaba dijo que lleva la ayuda a donde m\u00e1s se necesita. &#8220;Yo le llevo esto (la ayuda) donde m\u00e1s lo necesitan. Si le molesta a la gente, pues le seguir\u00e1 molestando, pero nosotros vamos a seguir trabajando por la gente que m\u00e1s lo necesita en la Rep\u00fablica Dominicana&#8221;, enfatiz\u00f3 el funcionario.<\/p>\n\n\n\n<p>Al referirse a la oposici\u00f3n, indic\u00f3 que entiende que est\u00e1 haciendo su trabajo y est\u00e1 bien que lo haga. &#8220;Ahora, pienso que es mezquino, negarle las ayudas sociales a la gente que m\u00e1s lo necesita&#8221;.<\/p>\n\n\n\n<p>&#8220;Yo no quisiera nunca que ning\u00fan familiar, de los que est\u00e1n criticando, tenga un familiar en esa situaci\u00f3n. Esas personas vienen tres veces a la semana a dializarse&#8221;, expres\u00f3 Pe\u00f1a Guaba al visitar un hospital en el que pudo observar personas dializ\u00e1ndose durante su jornada de entrega de bonos.<\/p>\n\n\n\n<p>Destac\u00f3 que los costos de tratamientos como la di\u00e1lisis puede ascender a 6 u 8 mil pesos por cada proceso, &#8220;sin embargo, se hacen tres a la semana, gratis aqu\u00ed (hospital p\u00fablico).<\/p>\n\n\n\n<p>Por lo que el funcionario manifest\u00f3: &#8220;\u00bfT\u00fa crees que una gente que est\u00e1 en esa condici\u00f3n tiene recursos econ\u00f3micos? \u00bfT\u00fa crees que est\u00e1 mal que se le entregue un bono navide\u00f1o a una gente que est\u00e1 acostada ah\u00ed operada de una fractura, o de la cabeza, o un enfermo del c\u00e1ncer? Hay que ser muy indolente para uno poder criticar realmente el dolor que sufre el pueblo dominicano&#8221;.<\/p>\n\n\n\n<p>Pe\u00f1a Guaba resalt\u00f3 su labor como funcionario al indicar que ayudar a los dem\u00e1s es su responsabilidad. &#8220;Yo no tengo otra, esta es la m\u00eda. Y yo la cumplo cabalmente, porque me duele el pueblo dominicano, y porque yo soy un hombre comprometido con el gobierno del cambio del presidente Luis Abinader&#8221;, acot\u00f3.<\/p>\n\n\n\n<p>Opci\u00f3n Democr\u00e1tica pide su destituci\u00f3n<\/p>\n\n\n\n<p>El secretario general del partido Opci\u00f3n Democr\u00e1tica (OD), Miguel Alejandro Mart\u00ednez, solicit\u00f3 la destituci\u00f3n del coordinador del Gabinete de Pol\u00edtica Social, Tony Pe\u00f1a Guaba, debido a lo que llam\u00f3 distribuci\u00f3n &#8220;descontrolada&#8221; de bonos navide\u00f1os, acci\u00f3n que considera una burla a la dignidad de las personas.<\/p>\n\n\n\n<p>En una nota de prensa, Mart\u00ednez expres\u00f3 su preocupaci\u00f3n por lo que calific\u00f3 como falta de transparencia y control en la entrega de estos bonos, destinados a los sectores m\u00e1s vulnerables de la sociedad. Dijo que, seg\u00fan informes, la distribuci\u00f3n ha carecido de criterios claros, lo que ha generado descontento y sospechas de uso pol\u00edtico de los recursos p\u00fablicos.<\/p>\n\n\n\n<p>&#8220;Es inaceptable que se juegue con la dignidad de las personas mediante una distribuci\u00f3n desorganizada y posiblemente politizada de los bonos navide\u00f1os. El se\u00f1or Pe\u00f1a Guaba ha demostrado una gesti\u00f3n deficiente que amerita su inmediata destituci\u00f3n&#8221;, afirm\u00f3 Mart\u00ednez.<\/p>\n","protected":false},"excerpt":{"rendered":"<p>El coordinador del Gabinete de Pol\u00edtica Social, Tony Pe\u00f1a Guaba, se pronunci\u00f3 este jueves en respuesta a las cr\u00edticas generadas por un video que lo muestra entregando bonos navide\u00f1os a&hellip;<\/p>\n","protected":false},"author":2,"featured_media":91911,"comment_status":"open","ping_status":"open","sticky":false,"template":"","format":"standard","meta":{"content-type":"","jetpack_post_was_ever_published":false,"_jetpack_newsletter_access":"","_jetpack_dont_email_post_to_subs":false,"_jetpack_newsletter_tier_id":0,"_jetpack_memberships_contains_paywalled_content":false,"_jetpack_memberships_contains_paid_content":false,"footnotes":""},"categories":[39],"tags":[9874,1949,16439],"class_list":["post-91910","post","type-post","status-publish","format-standard","has-post-thumbnail","hentry","category-economia","tag-bono-navideno","tag-hospitales","tag-tony-pena-guaba"],"jetpack_featured_media_url":"https:\/\/lasprimeras.com.do\/wp-content\/uploads\/2024\/12\/Tony-Pena-Guaba.jpg","jetpack-related-posts":[{"id":91615,"url":"https:\/\/lasprimeras.com.do\/index.php\/2024\/11\/28\/entregan-bonos-navidenos-clinica-cruz-jiminian-hospital-padre-billini-y-conavihsida\/","url_meta":{"origin":91910,"position":0},"title":"Entregan bonos navide\u00f1os Cl\u00ednica Cruz Jimini\u00e1n, Hospital Padre Billini y Conavihsida","author":"Nelson Feliz","date":"28 de noviembre de 2024","format":false,"excerpt":"El coordinador del Gabinete de Pol\u00edticas Sociales del Gobierno, Tony Pe\u00f1a Guaba, entreg\u00f3 este jueves durante un nutrido acto en la Cl\u00ednica Cruz Jimini\u00e1n, una cantidad considerable de bonos navide\u00f1os. Pe\u00f1a Guaba, cumple su promesa en el acto de lanzamiento del Bono Navide\u00f1o de este a\u00f1o, de que las llevar\u00eda\u2026","rel":"","context":"En \u00abECONOM\u00cdA\u00bb","block_context":{"text":"ECONOM\u00cdA","link":"https:\/\/lasprimeras.com.do\/index.php\/category\/economia\/"},"img":{"alt_text":"","src":"https:\/\/i0.wp.com\/lasprimeras.com.do\/wp-content\/uploads\/2024\/11\/pena-guaba.jpg?resize=350%2C200&ssl=1","width":350,"height":200,"srcset":"https:\/\/i0.wp.com\/lasprimeras.com.do\/wp-content\/uploads\/2024\/11\/pena-guaba.jpg?resize=350%2C200&ssl=1 1x, https:\/\/i0.wp.com\/lasprimeras.com.do\/wp-content\/uploads\/2024\/11\/pena-guaba.jpg?resize=525%2C300&ssl=1 1.5x, https:\/\/i0.wp.com\/lasprimeras.com.do\/wp-content\/uploads\/2024\/11\/pena-guaba.jpg?resize=700%2C400&ssl=1 2x"},"classes":[]},{"id":91520,"url":"https:\/\/lasprimeras.com.do\/index.php\/2024\/11\/25\/pena-guaba-compensara-con-bonos-navidenos-inscritos-en-el-programa-superate\/","url_meta":{"origin":91910,"position":1},"title":"Pe\u00f1a Guaba compensar\u00e1 con bonos navide\u00f1os inscritos en el programa sup\u00e9rate","author":"Nelson Feliz","date":"25 de noviembre de 2024","format":false,"excerpt":"El coordinador del Gabinete de Pol\u00edticas Sociales, Francisco Antonio (Tony) Pe\u00f1a Guaba, anunci\u00f3 que las ayudas gubernamentales lleguen a cada rinc\u00f3n del pa\u00eds durante el per\u00edodo navide\u00f1o, beneficiando a todos los dominicanos. Pe\u00f1a Guaba inform\u00f3 durante una amplia jornada social en San Francisco de Macor\u00eds, que una parte de la\u2026","rel":"","context":"En \u00abECONOM\u00cdA\u00bb","block_context":{"text":"ECONOM\u00cdA","link":"https:\/\/lasprimeras.com.do\/index.php\/category\/economia\/"},"img":{"alt_text":"","src":"https:\/\/i0.wp.com\/lasprimeras.com.do\/wp-content\/uploads\/2024\/11\/tony-1.jpg?resize=350%2C200&ssl=1","width":350,"height":200,"srcset":"https:\/\/i0.wp.com\/lasprimeras.com.do\/wp-content\/uploads\/2024\/11\/tony-1.jpg?resize=350%2C200&ssl=1 1x, https:\/\/i0.wp.com\/lasprimeras.com.do\/wp-content\/uploads\/2024\/11\/tony-1.jpg?resize=525%2C300&ssl=1 1.5x, https:\/\/i0.wp.com\/lasprimeras.com.do\/wp-content\/uploads\/2024\/11\/tony-1.jpg?resize=700%2C400&ssl=1 2x"},"classes":[]},{"id":116168,"url":"https:\/\/lasprimeras.com.do\/index.php\/2025\/11\/27\/presidente-abinader-lanza-el-bono-navideno-2025-para-2-6-millones-de-dominicanos\/","url_meta":{"origin":91910,"position":2},"title":"Presidente Abinader lanza el Bono Navide\u00f1o 2025 para 2.6 millones de dominicanos","author":"Nelson Feliz","date":"27 de noviembre de 2025","format":false,"excerpt":"Tambi\u00e9n, exhorta a los dominicanos a recibir el 2026 con esperanza, optimismo y determinaci\u00f3n, trabajando juntos por la salud, el progreso y el bienestar de todas las familias. En paralelo, desde la provincia de Santiago, la vicepresidenta Raquel Pe\u00f1a encabez\u00f3 el acto de entrega del Bono Navide\u00f1o para la regi\u00f3n\u2026","rel":"","context":"En \u00abECONOM\u00cdA\u00bb","block_context":{"text":"ECONOM\u00cdA","link":"https:\/\/lasprimeras.com.do\/index.php\/category\/economia\/"},"img":{"alt_text":"","src":"https:\/\/i0.wp.com\/lasprimeras.com.do\/wp-content\/uploads\/2025\/11\/bono-navideo.jpg?resize=350%2C200&ssl=1","width":350,"height":200,"srcset":"https:\/\/i0.wp.com\/lasprimeras.com.do\/wp-content\/uploads\/2025\/11\/bono-navideo.jpg?resize=350%2C200&ssl=1 1x, https:\/\/i0.wp.com\/lasprimeras.com.do\/wp-content\/uploads\/2025\/11\/bono-navideo.jpg?resize=525%2C300&ssl=1 1.5x, https:\/\/i0.wp.com\/lasprimeras.com.do\/wp-content\/uploads\/2025\/11\/bono-navideo.jpg?resize=700%2C400&ssl=1 2x"},"classes":[]},{"id":91369,"url":"https:\/\/lasprimeras.com.do\/index.php\/2024\/11\/19\/gabinete-de-politica-social-institucion-publica-mas-destacada-de-la-semana\/","url_meta":{"origin":91910,"position":3},"title":"Gabinete de Pol\u00edtica Social: Instituci\u00f3n P\u00fablica M\u00e1s Destacada de la Semana","author":"Nelson Feliz","date":"19 de noviembre de 2024","format":false,"excerpt":"El Gabinete de Pol\u00edtica Social, coordinado por Tony Pe\u00f1a Guaba, ha sido seleccionado como la Instituci\u00f3n P\u00fablica M\u00e1s Destacada de la Semana. A continuaci\u00f3n, detallamos las acciones realizadas por esta instituci\u00f3n durante los \u00faltimos d\u00edas, que la hacen merecedora de esta distinci\u00f3n otorgada por el portal Nuestras Instituciones P\u00fablicas. El\u2026","rel":"","context":"En \u00abNACIONALES\u00bb","block_context":{"text":"NACIONALES","link":"https:\/\/lasprimeras.com.do\/index.php\/category\/nacionales\/"},"img":{"alt_text":"","src":"https:\/\/i0.wp.com\/lasprimeras.com.do\/wp-content\/uploads\/2024\/11\/tony.jpg?resize=350%2C200&ssl=1","width":350,"height":200,"srcset":"https:\/\/i0.wp.com\/lasprimeras.com.do\/wp-content\/uploads\/2024\/11\/tony.jpg?resize=350%2C200&ssl=1 1x, https:\/\/i0.wp.com\/lasprimeras.com.do\/wp-content\/uploads\/2024\/11\/tony.jpg?resize=525%2C300&ssl=1 1.5x, https:\/\/i0.wp.com\/lasprimeras.com.do\/wp-content\/uploads\/2024\/11\/tony.jpg?resize=700%2C400&ssl=1 2x"},"classes":[]},{"id":70071,"url":"https:\/\/lasprimeras.com.do\/index.php\/2023\/12\/08\/abinader-anuncia-2-5-millones-de-dominicanos-se-beneficiaran-con-la-entrega-bonos-navidenos\/","url_meta":{"origin":91910,"position":4},"title":"Abinader anuncia 2.5 millones de dominicanos se beneficiar\u00e1n con la entrega bonos navide\u00f1os","author":"Nelson Feliz","date":"8 de diciembre de 2023","format":false,"excerpt":"Cifra marca un precedente como nunca hab\u00eda hecho ning\u00fan gobierno De manera simult\u00e1nea la vicepresidenta Raquel Pe\u00f1a y la primera dama, Raquel Arbaje, hacen anuncio en Santiago y Santo Domingo Este, respectivamente. El presidente Luis Abinader anunci\u00f3 este jueves la entrega del Bono Navide\u00f1o de 1,500 pesos con el que\u2026","rel":"","context":"En \u00abECONOM\u00cdA\u00bb","block_context":{"text":"ECONOM\u00cdA","link":"https:\/\/lasprimeras.com.do\/index.php\/category\/economia\/"},"img":{"alt_text":"Luis Abinader","src":"https:\/\/i0.wp.com\/lasprimeras.com.do\/wp-content\/uploads\/2023\/12\/Luis-Abinader-4.jpg?resize=350%2C200&ssl=1","width":350,"height":200,"srcset":"https:\/\/i0.wp.com\/lasprimeras.com.do\/wp-content\/uploads\/2023\/12\/Luis-Abinader-4.jpg?resize=350%2C200&ssl=1 1x, https:\/\/i0.wp.com\/lasprimeras.com.do\/wp-content\/uploads\/2023\/12\/Luis-Abinader-4.jpg?resize=525%2C300&ssl=1 1.5x, https:\/\/i0.wp.com\/lasprimeras.com.do\/wp-content\/uploads\/2023\/12\/Luis-Abinader-4.jpg?resize=700%2C400&ssl=1 2x"},"classes":[]},{"id":118366,"url":"https:\/\/lasprimeras.com.do\/index.php\/2025\/12\/27\/falta-de-transparencia-en-el-reparto-de-rd-1500-millones-de-bonos-navidenos\/","url_meta":{"origin":91910,"position":5},"title":"Falta de transparencia en el reparto de RD $1,500 millones de bonos navide\u00f1os","author":"Nelson Feliz","date":"27 de diciembre de 2025","format":false,"excerpt":"Tem\u00edstocles Mont\u00e1s, vicepresidente del PLD, critica falta de transparencia del actual Gobierno en el manejo de los recursos p\u00fablicos. El vicepresidente del Partido de la Liberaci\u00f3n Dominicana (PLD), Tem\u00edstocles Mont\u00e1s, critic\u00f3 este d\u00eda la falta de transparencia del actual Gobierno en el manejo de los recursos p\u00fablicos en las acciones\u2026","rel":"","context":"En \u00abECONOM\u00cdA\u00bb","block_context":{"text":"ECONOM\u00cdA","link":"https:\/\/lasprimeras.com.do\/index.php\/category\/economia\/"},"img":{"alt_text":"Tem\u00edstocles Mont\u00e1s","src":"https:\/\/i0.wp.com\/lasprimeras.com.do\/wp-content\/uploads\/2025\/12\/Temistocles-Montas.jpg?resize=350%2C200&ssl=1","width":350,"height":200,"srcset":"https:\/\/i0.wp.com\/lasprimeras.com.do\/wp-content\/uploads\/2025\/12\/Temistocles-Montas.jpg?resize=350%2C200&ssl=1 1x, https:\/\/i0.wp.com\/lasprimeras.com.do\/wp-content\/uploads\/2025\/12\/Temistocles-Montas.jpg?resize=525%2C300&ssl=1 1.5x, https:\/\/i0.wp.com\/lasprimeras.com.do\/wp-content\/uploads\/2025\/12\/Temistocles-Montas.jpg?resize=700%2C400&ssl=1 2x"},"classes":[]}],"jetpack_sharing_enabled":true,"_links":{"self":[{"href":"https:\/\/lasprimeras.com.do\/index.php\/wp-json\/wp\/v2\/posts\/91910","targetHints":{"allow":["GET"]}}],"collection":[{"href":"https:\/\/lasprimeras.com.do\/index.php\/wp-json\/wp\/v2\/posts"}],"about":[{"href":"https:\/\/lasprimeras.com.do\/index.php\/wp-json\/wp\/v2\/types\/post"}],"author":[{"embeddable":true,"href":"https:\/\/lasprimeras.com.do\/index.php\/wp-json\/wp\/v2\/users\/2"}],"replies":[{"embeddable":true,"href":"https:\/\/lasprimeras.com.do\/index.php\/wp-json\/wp\/v2\/comments?post=91910"}],"version-history":[{"count":1,"href":"https:\/\/lasprimeras.com.do\/index.php\/wp-json\/wp\/v2\/posts\/91910\/revisions"}],"predecessor-version":[{"id":91912,"href":"https:\/\/lasprimeras.com.do\/index.php\/wp-json\/wp\/v2\/posts\/91910\/revisions\/91912"}],"wp:featuredmedia":[{"embeddable":true,"href":"https:\/\/lasprimeras.com.do\/index.php\/wp-json\/wp\/v2\/media\/91911"}],"wp:attachment":[{"href":"https:\/\/lasprimeras.com.do\/index.php\/wp-json\/wp\/v2\/media?parent=91910"}],"wp:term":[{"taxonomy":"category","embeddable":true,"href":"https:\/\/lasprimeras.com.do\/index.php\/wp-json\/wp\/v2\/categories?post=91910"},{"taxonomy":"post_tag","embeddable":true,"href":"https:\/\/lasprimeras.com.do\/index.php\/wp-json\/wp\/v2\/tags?post=91910"}],"curies":[{"name":"wp","href":"https:\/\/api.w.org\/{rel}","templated":true}]}}