{"id":91913,"date":"2024-12-06T00:13:44","date_gmt":"2024-12-06T04:13:44","guid":{"rendered":"https:\/\/lasprimeras.com.do\/?p=91913"},"modified":"2024-12-06T00:13:45","modified_gmt":"2024-12-06T04:13:45","slug":"poder-judicial-y-sociedad-de-diarios-inician-dialogo-sobre-la-politica-de-proteccion-de-datos","status":"publish","type":"post","link":"https:\/\/lasprimeras.com.do\/index.php\/2024\/12\/06\/poder-judicial-y-sociedad-de-diarios-inician-dialogo-sobre-la-politica-de-proteccion-de-datos\/","title":{"rendered":"Poder Judicial y Sociedad de Diarios inician di\u00e1logo sobre la Pol\u00edtica de Protecci\u00f3n de Datos"},"content":{"rendered":"\n<p><strong>El prop\u00f3sito es identificar recomendaciones de mejoras que puedan ser consideradas por el Pleno de la Suprema Corte de Justicia.<\/strong><\/p>\n\n\n\n<p>El Poder Judicial y la Sociedad Dominicana de Diarios (SDD) iniciaron este jueves un proceso de di\u00e1logo para socializar las iniciativas que la instituci\u00f3n est\u00e1 llevando a cabo en materia de comunicaci\u00f3n y transparencia, tales como la Pol\u00edtica de Protecci\u00f3n de Datos, la Pol\u00edtica de Comunicaci\u00f3n y la propuesta de Pol\u00edtica de Datos Abiertos.<\/p>\n\n\n\n<p>Seg\u00fan una nota de prensa, estos documentos ser\u00e1n analizados por una comisi\u00f3n en la que participar\u00e1 el magistrado Francisco Ortega Polanco, miembro de la Suprema Corte de Justicia y presidente de la Comisi\u00f3n de Comunicaci\u00f3n e Imagen Institucional del Poder Judicial, as\u00ed como representantes de la Sociedad Dominicana de Diarios.<\/p>\n\n\n\n<p>El prop\u00f3sito es identificar recomendaciones de mejoras que puedan ser consideradas por el Pleno de la Suprema Corte de Justicia.<\/p>\n\n\n\n<p>Adem\u00e1s, se propiciar\u00e1 la creaci\u00f3n de un observatorio para supervisar la implementaci\u00f3n de la Pol\u00edtica de Protecci\u00f3n de Datos del Poder Judicial. Este observatorio velar\u00e1 por que no se produzcan distorsiones en su ejecuci\u00f3n y garantizar\u00e1 que la pol\u00edtica responda a los preceptos jur\u00eddicos que le dieron origen.<\/p>\n\n\n\n<p>En el encuentro, el presidente de la Suprema Corte de Justicia, Luis Henry Molina, sostuvo que la libertad de prensa y el derecho a la privacidad son pilares fundamentales de una sociedad democr\u00e1tica.<\/p>\n\n\n\n<p>&#8220;Desde el Poder Judicial seguiremos garantizando y protegiendo estos derechos de manera imparcial y equilibrada. La Pol\u00edtica de Protecci\u00f3n de Datos es un instrumento para ello. El objetivo final no es otro que proteger la dignidad, la privacidad y los derechos fundamentales de todas las personas&#8221;, asegur\u00f3.<\/p>\n\n\n\n<p>El presidente de la SDD, Persio Maldonado, expres\u00f3: &#8220;Estamos de acuerdo en que se debe establecer una pol\u00edtica de protecci\u00f3n de datos sensibles de los ciudadanos, especialmente en esta \u00e9poca en la que las informaciones personales son m\u00e1s vulnerables&#8221;.<\/p>\n\n\n\n<p>Agreg\u00f3 que tambi\u00e9n es fundamental garantizar que las medidas adoptadas coexistan con la libertad de expresi\u00f3n y de prensa, que es un derecho fundamental y la herramienta que utilizamos para defender los dem\u00e1s derechos.<\/p>\n","protected":false},"excerpt":{"rendered":"<p>El prop\u00f3sito es identificar recomendaciones de mejoras que puedan ser consideradas por el Pleno de la Suprema Corte de Justicia. El Poder Judicial y la Sociedad Dominicana de Diarios (SDD)&hellip;<\/p>\n","protected":false},"author":2,"featured_media":91914,"comment_status":"open","ping_status":"open","sticky":false,"template":"","format":"standard","meta":{"content-type":"","jetpack_post_was_ever_published":false,"_jetpack_newsletter_access":"","_jetpack_dont_email_post_to_subs":false,"_jetpack_newsletter_tier_id":0,"_jetpack_memberships_contains_paywalled_content":false,"_jetpack_memberships_contains_paid_content":false,"footnotes":""},"categories":[35,25],"tags":[5048,1220,9162,52,556,16624],"class_list":["post-91913","post","type-post","status-publish","format-standard","has-post-thumbnail","hentry","category-nacionales","category-portada","tag-datos","tag-dialogo","tag-poder-judicial","tag-politica-2","tag-proteccion","tag-sociedad-de-diarios"],"jetpack_featured_media_url":"https:\/\/lasprimeras.com.do\/wp-content\/uploads\/2024\/12\/soo.jpg","jetpack-related-posts":[{"id":51416,"url":"https:\/\/lasprimeras.com.do\/index.php\/2023\/05\/31\/presidente-de-suprema-corte-dice-condicion-de-presos-es-alarmante-y-precaria\/","url_meta":{"origin":91913,"position":0},"title":"Presidente de Suprema Corte dice condici\u00f3n de presos es alarmante y precaria","author":"prenxa100","date":"31 de mayo de 2023","format":false,"excerpt":"SANTO DOMINGO.-.El presidente de la Suprema Corte de Justicia, Luis Henry Molina, consider\u00f3 alarmante la situaci\u00f3n de precariedad humanitaria en que viven los privados de libertad en los centros carcelarios del pa\u00eds. \u201cLa situaci\u00f3n del sistema penitenciario es una preocupaci\u00f3n constante para el Poder Judicial, como lo debe ser para\u2026","rel":"","context":"En \u00abJUSTICIA\u00bb","block_context":{"text":"JUSTICIA","link":"https:\/\/lasprimeras.com.do\/index.php\/category\/justicia\/"},"img":{"alt_text":"","src":"","width":0,"height":0},"classes":[]},{"id":92581,"url":"https:\/\/lasprimeras.com.do\/index.php\/2025\/01\/08\/tema-de-mora-judicial-causa-fuego-cruzado-entre-actores-clave\/","url_meta":{"origin":91913,"position":1},"title":"Tema de mora judicial causa \u2018fuego cruzado\u2019 entre actores clave","author":"Nelson Feliz","date":"8 de enero de 2025","format":false,"excerpt":"La pelota fue puesta en cancha por el juez presidente de la Suprema Corte de Justicia, Luis Henry Molina, indicando los avances que obtiene su gesti\u00f3n en reducir la mora judicial, aunque no oculta que un reto existencial del sistema es el innumerable de casos pendientes. En la ocasi\u00f3n de\u2026","rel":"","context":"En \u00abNACIONALES\u00bb","block_context":{"text":"NACIONALES","link":"https:\/\/lasprimeras.com.do\/index.php\/category\/nacionales\/"},"img":{"alt_text":"","src":"https:\/\/i0.wp.com\/lasprimeras.com.do\/wp-content\/uploads\/2025\/01\/Trajano-Potentini.jpeg?resize=350%2C200&ssl=1","width":350,"height":200,"srcset":"https:\/\/i0.wp.com\/lasprimeras.com.do\/wp-content\/uploads\/2025\/01\/Trajano-Potentini.jpeg?resize=350%2C200&ssl=1 1x, https:\/\/i0.wp.com\/lasprimeras.com.do\/wp-content\/uploads\/2025\/01\/Trajano-Potentini.jpeg?resize=525%2C300&ssl=1 1.5x, https:\/\/i0.wp.com\/lasprimeras.com.do\/wp-content\/uploads\/2025\/01\/Trajano-Potentini.jpeg?resize=700%2C400&ssl=1 2x"},"classes":[]},{"id":96621,"url":"https:\/\/lasprimeras.com.do\/index.php\/2025\/04\/05\/presidente-del-senado-valora-logros-del-poder-judicial-ante-el-congreso-nacional\/","url_meta":{"origin":91913,"position":2},"title":"Presidente del Senado valora logros del Poder Judicial ante el Congreso Nacional","author":"Nelson Feliz","date":"5 de abril de 2025","format":false,"excerpt":"Ricardo de los Santos consider\u00f3 que un Poder Judicial eficiente y transparente no solo garantiza la paz social, sino que tambi\u00e9n, fortalece el clima de inversiones y fomenta el respeto a los derechos y deberes ciudadanos. El presidente del Senado, Ricardo de los Santos, calific\u00f3 como un hecho sin precedentes\u2026","rel":"","context":"En \u00abNACIONALES\u00bb","block_context":{"text":"NACIONALES","link":"https:\/\/lasprimeras.com.do\/index.php\/category\/nacionales\/"},"img":{"alt_text":"","src":"https:\/\/i0.wp.com\/lasprimeras.com.do\/wp-content\/uploads\/2025\/04\/poder-1.jpg?resize=350%2C200&ssl=1","width":350,"height":200,"srcset":"https:\/\/i0.wp.com\/lasprimeras.com.do\/wp-content\/uploads\/2025\/04\/poder-1.jpg?resize=350%2C200&ssl=1 1x, https:\/\/i0.wp.com\/lasprimeras.com.do\/wp-content\/uploads\/2025\/04\/poder-1.jpg?resize=525%2C300&ssl=1 1.5x, https:\/\/i0.wp.com\/lasprimeras.com.do\/wp-content\/uploads\/2025\/04\/poder-1.jpg?resize=700%2C400&ssl=1 2x"},"classes":[]},{"id":114290,"url":"https:\/\/lasprimeras.com.do\/index.php\/2025\/11\/12\/observatorio-de-derechos-humanos-resalta-trascendencia-plan-justicia-del-futuro-2034\/","url_meta":{"origin":91913,"position":3},"title":"Observatorio de Derechos Humanos resalta trascendencia Plan Justicia del Futuro 2034","author":"Nelson Feliz","date":"12 de noviembre de 2025","format":false,"excerpt":"El Observatorio de Derechos Humanos, bajo la direcci\u00f3n de Manuel Meccariello, destac\u00f3 la importancia hist\u00f3rica del Plan Justicia del Futuro 2034, calific\u00e1ndolo como una herramienta esencial para fortalecer la protecci\u00f3n de los derechos humanos y garantizar el respeto a la dignidad de los grupos vulnerables en la Rep\u00fablica Dominicana. Meccariello\u2026","rel":"","context":"En \u00abNACIONALES\u00bb","block_context":{"text":"NACIONALES","link":"https:\/\/lasprimeras.com.do\/index.php\/category\/nacionales\/"},"img":{"alt_text":"","src":"https:\/\/i0.wp.com\/lasprimeras.com.do\/wp-content\/uploads\/2025\/11\/Manuel-Meccariello.jpg?resize=350%2C200&ssl=1","width":350,"height":200,"srcset":"https:\/\/i0.wp.com\/lasprimeras.com.do\/wp-content\/uploads\/2025\/11\/Manuel-Meccariello.jpg?resize=350%2C200&ssl=1 1x, https:\/\/i0.wp.com\/lasprimeras.com.do\/wp-content\/uploads\/2025\/11\/Manuel-Meccariello.jpg?resize=525%2C300&ssl=1 1.5x, https:\/\/i0.wp.com\/lasprimeras.com.do\/wp-content\/uploads\/2025\/11\/Manuel-Meccariello.jpg?resize=700%2C400&ssl=1 2x"},"classes":[]},{"id":125285,"url":"https:\/\/lasprimeras.com.do\/index.php\/2026\/03\/21\/congreso-nacional-y-scj-dialogan-sobre-agenda-legislativa-y-avances-en-el-poder-judicial\/","url_meta":{"origin":91913,"position":4},"title":"Congreso Nacional y SCJ dialogan sobre agenda legislativa y avances en el Poder Judicial","author":"Nelson Feliz","date":"21 de marzo de 2026","format":false,"excerpt":"El Congreso Nacional y la Suprema Corte de Justicia (SCJ) realizan un proceso de di\u00e1logo y colaboraci\u00f3n interinstitucional con miras al estudio y aprobaci\u00f3n de iniciativas de vital relevancia para el Sistema de Justicia, como las leyes Org\u00e1nica del Poder Judicial, la de Simplificaci\u00f3n de Procesos Judiciales y la actualizaci\u00f3n\u2026","rel":"","context":"En \u00abNACIONALES\u00bb","block_context":{"text":"NACIONALES","link":"https:\/\/lasprimeras.com.do\/index.php\/category\/nacionales\/"},"img":{"alt_text":"","src":"https:\/\/i0.wp.com\/lasprimeras.com.do\/wp-content\/uploads\/2026\/03\/scj.jpg?resize=350%2C200&ssl=1","width":350,"height":200,"srcset":"https:\/\/i0.wp.com\/lasprimeras.com.do\/wp-content\/uploads\/2026\/03\/scj.jpg?resize=350%2C200&ssl=1 1x, https:\/\/i0.wp.com\/lasprimeras.com.do\/wp-content\/uploads\/2026\/03\/scj.jpg?resize=525%2C300&ssl=1 1.5x, https:\/\/i0.wp.com\/lasprimeras.com.do\/wp-content\/uploads\/2026\/03\/scj.jpg?resize=700%2C400&ssl=1 2x"},"classes":[]},{"id":99464,"url":"https:\/\/lasprimeras.com.do\/index.php\/2025\/05\/21\/comision-especial-del-senado-anuncia-congreso-escuchara-sectores-sobre-ley-libertad-de-expresion\/","url_meta":{"origin":91913,"position":5},"title":"Comisi\u00f3n Especial del Senado anuncia Congreso escuchar\u00e1 sectores sobre Ley Libertad de Expresi\u00f3n","author":"Nelson Feliz","date":"21 de mayo de 2025","format":false,"excerpt":"La presidenta de la Comisi\u00f3n Especial que tiene a su cargo ponderar el estudio del proyecto de Ley Org\u00e1nica de Libertad de Expresi\u00f3n y Medios Audiovisuales anunci\u00f3 que el Congreso est\u00e1 abierto para escuchar a los sectores que deseen aportar a la iniciativa legislativa, remitida por el Poder Ejecutivo. Al\u2026","rel":"","context":"En \u00abNACIONALES\u00bb","block_context":{"text":"NACIONALES","link":"https:\/\/lasprimeras.com.do\/index.php\/category\/nacionales\/"},"img":{"alt_text":"","src":"https:\/\/i0.wp.com\/lasprimeras.com.do\/wp-content\/uploads\/2025\/05\/SENADO-5.jpg?resize=350%2C200&ssl=1","width":350,"height":200,"srcset":"https:\/\/i0.wp.com\/lasprimeras.com.do\/wp-content\/uploads\/2025\/05\/SENADO-5.jpg?resize=350%2C200&ssl=1 1x, https:\/\/i0.wp.com\/lasprimeras.com.do\/wp-content\/uploads\/2025\/05\/SENADO-5.jpg?resize=525%2C300&ssl=1 1.5x, https:\/\/i0.wp.com\/lasprimeras.com.do\/wp-content\/uploads\/2025\/05\/SENADO-5.jpg?resize=700%2C400&ssl=1 2x"},"classes":[]}],"jetpack_sharing_enabled":true,"_links":{"self":[{"href":"https:\/\/lasprimeras.com.do\/index.php\/wp-json\/wp\/v2\/posts\/91913","targetHints":{"allow":["GET"]}}],"collection":[{"href":"https:\/\/lasprimeras.com.do\/index.php\/wp-json\/wp\/v2\/posts"}],"about":[{"href":"https:\/\/lasprimeras.com.do\/index.php\/wp-json\/wp\/v2\/types\/post"}],"author":[{"embeddable":true,"href":"https:\/\/lasprimeras.com.do\/index.php\/wp-json\/wp\/v2\/users\/2"}],"replies":[{"embeddable":true,"href":"https:\/\/lasprimeras.com.do\/index.php\/wp-json\/wp\/v2\/comments?post=91913"}],"version-history":[{"count":1,"href":"https:\/\/lasprimeras.com.do\/index.php\/wp-json\/wp\/v2\/posts\/91913\/revisions"}],"predecessor-version":[{"id":91915,"href":"https:\/\/lasprimeras.com.do\/index.php\/wp-json\/wp\/v2\/posts\/91913\/revisions\/91915"}],"wp:featuredmedia":[{"embeddable":true,"href":"https:\/\/lasprimeras.com.do\/index.php\/wp-json\/wp\/v2\/media\/91914"}],"wp:attachment":[{"href":"https:\/\/lasprimeras.com.do\/index.php\/wp-json\/wp\/v2\/media?parent=91913"}],"wp:term":[{"taxonomy":"category","embeddable":true,"href":"https:\/\/lasprimeras.com.do\/index.php\/wp-json\/wp\/v2\/categories?post=91913"},{"taxonomy":"post_tag","embeddable":true,"href":"https:\/\/lasprimeras.com.do\/index.php\/wp-json\/wp\/v2\/tags?post=91913"}],"curies":[{"name":"wp","href":"https:\/\/api.w.org\/{rel}","templated":true}]}}