{"id":91925,"date":"2024-12-06T22:35:15","date_gmt":"2024-12-07T02:35:15","guid":{"rendered":"https:\/\/lasprimeras.com.do\/?p=91925"},"modified":"2024-12-06T22:35:16","modified_gmt":"2024-12-07T02:35:16","slug":"trump-confia-en-que-su-elegido-para-la-defensa-sera-confirmado-segun-lo-afirma-en-nbc","status":"publish","type":"post","link":"https:\/\/lasprimeras.com.do\/index.php\/2024\/12\/06\/trump-confia-en-que-su-elegido-para-la-defensa-sera-confirmado-segun-lo-afirma-en-nbc\/","title":{"rendered":"Trump conf\u00eda en que su elegido para la Defensa ser\u00e1 confirmado, seg\u00fan lo afirma en NBC"},"content":{"rendered":"\n<p>Nueva York, (EFE).- El presidente electo de Estados Unidos, Donald Trump, se mostr\u00f3 confiado en que Peter Hegseth, su nominado para dirigir el Departamento de Defensa, pero quien est\u00e1 en medio de una tormenta por acusaciones de alcoholismo y abuso de mujeres, ser\u00e1 confirmado para ese cargo.<\/p>\n\n\n\n<p>&#8220;S\u00ed, lo creo, de verdad&#8221;, dijo Trump en un adelanto de la primera entrevista que concede tras su victoria electoral del 5 de noviembre, a la cadena NBC News y su programa &#8216;Meet the Press&#8217;, que ser\u00e1 transmitida este domingo.<\/p>\n\n\n\n<p>&#8220;Es un tipo muy inteligente. Lo conozco a trav\u00e9s de Fox, pero lo conozco desde hace mucho tiempo. Y \u00e9l es b\u00e1sicamente un militar. Cada vez que hablo con \u00e9l, de lo \u00fanico que quiere hablar es sobre el Ej\u00e9rcito. Es un militar&#8221;, afirm\u00f3 Trump, que el pr\u00f3ximo 20 de enero jurar\u00e1 al cargo que le llevar\u00e1 a la Casa Blanca por segunda ocasi\u00f3n.<\/p>\n\n\n\n<p>El republicano insisti\u00f3 en que su elegido &#8220;es un chico joven, con una trayectoria tremenda, en realidad&#8221;, que fue a Princeton y a Harvard. y que &#8220;fue un buen estudiante en ambas universidades&#8221;.<\/p>\n\n\n\n<p>La NBC, a la que Trump ha criticado, inform\u00f3 el pasado martes que la confirmaci\u00f3n de Hegseth tambaleaba porque hasta seis senadores del propio Partido Republicano no se sienten c\u00f3modos apoyando su candidatura, citando a tres fuentes de esa formaci\u00f3n pol\u00edtica con conocimiento directo del proceso de nominaci\u00f3n.<\/p>\n\n\n\n<p>Hegseth, un antiguo militar que combati\u00f3 en Irak y Afganist\u00e1n, trabaj\u00f3 hasta el momento de su nominaci\u00f3n como presentador del canal de televisi\u00f3n conservador Fox News. Se hace conocer por defender causas de ultraderecha, como pol\u00edticas contra los derechos trans y el env\u00edo de tropas de la Guardia Nacional a Texas para apoyar la militarizaci\u00f3n fronteriza..<\/p>\n\n\n\n<p>Despu\u00e9s de que Trump lo eligiera para la Defensa, trascendi\u00f3 que fue acusado de agredir sexualmente a una mujer en California en 2017, lo que ha negado, asegurando que fue consensual. El caso fue cerrado. Hegseth pag\u00f3 a la mujer una cantidad no revelada como parte de un acuerdo, seg\u00fan NBC.<\/p>\n\n\n\n<p>En medio de esta pol\u00e9mica, Trump asegur\u00f3 durante la entrevista que &#8220;muchos senadores&#8221; lo han llamado para asegurarle que Hegseth &#8220;es fant\u00e1stico&#8221; y que tambi\u00e9n ha conversado con personas que le conocen &#8220;muy bien&#8221; y que todos ellos han asegurado que &#8220;no tiene problemas con la bebida&#8221;.<\/p>\n\n\n\n<p>Agencia EFE<\/p>\n","protected":false},"excerpt":{"rendered":"<p>Nueva York, (EFE).- El presidente electo de Estados Unidos, Donald Trump, se mostr\u00f3 confiado en que Peter Hegseth, su nominado para dirigir el Departamento de Defensa, pero quien est\u00e1 en&hellip;<\/p>\n","protected":false},"author":2,"featured_media":91926,"comment_status":"open","ping_status":"open","sticky":false,"template":"","format":"standard","meta":{"content-type":"","jetpack_post_was_ever_published":false,"_jetpack_newsletter_access":"","_jetpack_dont_email_post_to_subs":false,"_jetpack_newsletter_tier_id":0,"_jetpack_memberships_contains_paywalled_content":false,"_jetpack_memberships_contains_paid_content":false,"footnotes":""},"categories":[16289],"tags":[16628,353,978,16629],"class_list":["post-91925","post","type-post","status-publish","format-standard","has-post-thumbnail","hentry","category-internacionales","tag-confirmado","tag-defensa","tag-donald-trump","tag-nbc"],"jetpack_featured_media_url":"https:\/\/lasprimeras.com.do\/wp-content\/uploads\/2024\/12\/Donald-Trump-1.jpg","jetpack-related-posts":[{"id":78212,"url":"https:\/\/lasprimeras.com.do\/index.php\/2024\/02\/29\/eeuu-supremo-debatira-sobre-la-inmunidad-a-trump-por-injerencia\/","url_meta":{"origin":91925,"position":0},"title":"EEUU: Supremo debatir\u00e1 sobre la inmunidad a Trump por injerencia","author":"BIMARY DE JES\u00daS Matos","date":"29 de febrero de 2024","format":false,"excerpt":"WASHINGTON.- El Tribunal Supremo de Estados Unidos debatir\u00e1 a finales de abril si el expresidente estadounidense Donald Trump gozaba de inmunidad presidencial en el marco del caso federal en su contra por intentar revertir los resultados electorales de 2020. El Supremo ha aceptado este mi\u00e9rcoles el desaf\u00edo legal y, por\u2026","rel":"","context":"En \u00abSin categor\u00eda\u00bb","block_context":{"text":"Sin categor\u00eda","link":"https:\/\/lasprimeras.com.do\/index.php\/category\/sin-categoria\/"},"img":{"alt_text":"","src":"https:\/\/i0.wp.com\/lasprimeras.com.do\/wp-content\/uploads\/2024\/02\/El-Tribunal-Supremo-de-Estados-Unidos.-222.jpg?resize=350%2C200&ssl=1","width":350,"height":200},"classes":[]},{"id":98242,"url":"https:\/\/lasprimeras.com.do\/index.php\/2025\/05\/04\/en-nueva-entrevista-trump-dice-que-no-sabe-si-apoya-los-derechos-al-debido-proceso\/","url_meta":{"origin":91925,"position":1},"title":"En nueva entrevista, Trump dice que no sabe si apoya los derechos al debido proceso","author":"Nelson Feliz","date":"4 de mayo de 2025","format":false,"excerpt":"POR AAMER MADHANI WEST PALM BEACH, Florida, EE.UU. (AP) \u2014 El presidente estadounidense Donald Trump es cauteloso al momento de hablar sobre sus deberes de defender los derechos al debido proceso establecidos en la Constituci\u00f3n y se\u00f1al\u00f3 en una nueva entrevista que no sabe si los ciudadanos estadounidenses y los\u2026","rel":"","context":"En \u00abINTERNACIONALES\u00bb","block_context":{"text":"INTERNACIONALES","link":"https:\/\/lasprimeras.com.do\/index.php\/category\/sin-categoria\/internacionales\/"},"img":{"alt_text":"","src":"https:\/\/i0.wp.com\/lasprimeras.com.do\/wp-content\/uploads\/2025\/05\/Donald-Trump.jpg?resize=350%2C200&ssl=1","width":350,"height":200,"srcset":"https:\/\/i0.wp.com\/lasprimeras.com.do\/wp-content\/uploads\/2025\/05\/Donald-Trump.jpg?resize=350%2C200&ssl=1 1x, https:\/\/i0.wp.com\/lasprimeras.com.do\/wp-content\/uploads\/2025\/05\/Donald-Trump.jpg?resize=525%2C300&ssl=1 1.5x, https:\/\/i0.wp.com\/lasprimeras.com.do\/wp-content\/uploads\/2025\/05\/Donald-Trump.jpg?resize=700%2C400&ssl=1 2x"},"classes":[]},{"id":56053,"url":"https:\/\/lasprimeras.com.do\/index.php\/2023\/07\/27\/fiscales-comunican-formalmente-a-los-abogados-de-trump-que-sera-imputado-segun-medios\/","url_meta":{"origin":91925,"position":2},"title":"Fiscales comunican formalmente a los abogados de Trump que ser\u00e1 imputado, seg\u00fan medios","author":"Nelson Feliz","date":"27 de julio de 2023","format":false,"excerpt":"Miembros de la oficina del fiscal especial encargado de investigar al expresidente de EE.UU. Donald Trump (2017-2021) comunicaron este jueves formalmente a su defensa que ser\u00e1 imputado, dijeron fuentes conocedoras del caso a medios estadounidenses. Seg\u00fan la cadena NBC y el portal USA Today, Todd Blanche y John Lauro fueron\u2026","rel":"","context":"En \u00abSin categor\u00eda\u00bb","block_context":{"text":"Sin categor\u00eda","link":"https:\/\/lasprimeras.com.do\/index.php\/category\/sin-categoria\/"},"img":{"alt_text":"Donald Trump","src":"https:\/\/i0.wp.com\/lasprimeras.com.do\/wp-content\/uploads\/2023\/07\/Donald-Trump.jpg?resize=350%2C200&ssl=1","width":350,"height":200,"srcset":"https:\/\/i0.wp.com\/lasprimeras.com.do\/wp-content\/uploads\/2023\/07\/Donald-Trump.jpg?resize=350%2C200&ssl=1 1x, https:\/\/i0.wp.com\/lasprimeras.com.do\/wp-content\/uploads\/2023\/07\/Donald-Trump.jpg?resize=525%2C300&ssl=1 1.5x, https:\/\/i0.wp.com\/lasprimeras.com.do\/wp-content\/uploads\/2023\/07\/Donald-Trump.jpg?resize=700%2C400&ssl=1 2x"},"classes":[]},{"id":53396,"url":"https:\/\/lasprimeras.com.do\/index.php\/2023\/06\/26\/trump-aumenta-su-liderazgo-en-encuestas-tras-las-imputaciones-de-este-mes\/","url_meta":{"origin":91925,"position":3},"title":"Trump aumenta su liderazgo en encuestas tras las imputaciones de este mes","author":"Nelson Feliz","date":"26 de junio de 2023","format":false,"excerpt":"El expresidente se adelant\u00f3 frente a sus rivales republicanos tras ser acusado por el Departamento de Justicia. Donald Trump casi ha duplicado su ventaja sobre su oponente republicano m\u00e1s cercano para la nominaci\u00f3n presidencial del partido en 2024 desde que el exmandatario de EE.UU. fue imputado con cargos federales a\u2026","rel":"","context":"En \u00abSin categor\u00eda\u00bb","block_context":{"text":"Sin categor\u00eda","link":"https:\/\/lasprimeras.com.do\/index.php\/category\/sin-categoria\/"},"img":{"alt_text":"Donald Trump","src":"https:\/\/i0.wp.com\/lasprimeras.com.do\/wp-content\/uploads\/2023\/06\/Donald-Trump.jpg?resize=350%2C200&ssl=1","width":350,"height":200,"srcset":"https:\/\/i0.wp.com\/lasprimeras.com.do\/wp-content\/uploads\/2023\/06\/Donald-Trump.jpg?resize=350%2C200&ssl=1 1x, https:\/\/i0.wp.com\/lasprimeras.com.do\/wp-content\/uploads\/2023\/06\/Donald-Trump.jpg?resize=525%2C300&ssl=1 1.5x, https:\/\/i0.wp.com\/lasprimeras.com.do\/wp-content\/uploads\/2023\/06\/Donald-Trump.jpg?resize=700%2C400&ssl=1 2x, https:\/\/i0.wp.com\/lasprimeras.com.do\/wp-content\/uploads\/2023\/06\/Donald-Trump.jpg?resize=1050%2C600&ssl=1 3x"},"classes":[]},{"id":94081,"url":"https:\/\/lasprimeras.com.do\/index.php\/2025\/02\/25\/trump-afirma-que-putin-no-se-opondria-a-tropas-europeas-en-ucrania-si-hay-un-acuerdo-de-paz\/","url_meta":{"origin":91925,"position":4},"title":"Trump afirma que Putin no se opondr\u00eda a tropas europeas en Ucrania si hay un acuerdo de paz","author":"Nelson Feliz","date":"25 de febrero de 2025","format":false,"excerpt":"El presidente de EE.UU., Donald Trump, dijo este lunes que le pregunt\u00f3 al presidente ruso, Vlad\u00edmir Putin, si tendr\u00eda problemas con tropas europeas en Ucrania El presidente de Estados Unidos, Donald Trump, afirm\u00f3 este lunes que su hom\u00f3logo ruso, Vlad\u00edmir Putin, no se opondr\u00eda a la presencia de fuerzas europeas\u2026","rel":"","context":"En \u00abINTERNACIONALES\u00bb","block_context":{"text":"INTERNACIONALES","link":"https:\/\/lasprimeras.com.do\/index.php\/category\/sin-categoria\/internacionales\/"},"img":{"alt_text":"","src":"https:\/\/i0.wp.com\/lasprimeras.com.do\/wp-content\/uploads\/2025\/02\/Donald-Trump.png?resize=350%2C200&ssl=1","width":350,"height":200,"srcset":"https:\/\/i0.wp.com\/lasprimeras.com.do\/wp-content\/uploads\/2025\/02\/Donald-Trump.png?resize=350%2C200&ssl=1 1x, https:\/\/i0.wp.com\/lasprimeras.com.do\/wp-content\/uploads\/2025\/02\/Donald-Trump.png?resize=525%2C300&ssl=1 1.5x, https:\/\/i0.wp.com\/lasprimeras.com.do\/wp-content\/uploads\/2025\/02\/Donald-Trump.png?resize=700%2C400&ssl=1 2x"},"classes":[]},{"id":78533,"url":"https:\/\/lasprimeras.com.do\/index.php\/2024\/03\/17\/trump-intensifica-retorica-oscura-en-el-discurso-electoral-de-ohio-del-candidato-bernie-moreno\/","url_meta":{"origin":91925,"position":5},"title":"Trump intensifica ret\u00f3rica oscura en el discurso electoral de Ohio del candidato Bernie Moreno","author":"Nelson Feliz","date":"17 de marzo de 2024","format":false,"excerpt":"POR MEG KINNARD Y JILL COLVIN VANDALIA, Ohio (AP) \u2014 El expresidente Donald Trump afirm\u00f3 que \u00e9l \u2013no el presidente Joe Biden\u2013 proteger\u00e1 el Seguro Social y advirti\u00f3 sobre un \u201cba\u00f1o de sangre\u201d si pierde en noviembre mientras hac\u00eda campa\u00f1a por el candidato al Senado Bernie Moreno en Ohio. Trump,\u2026","rel":"","context":"En \u00abSin categor\u00eda\u00bb","block_context":{"text":"Sin categor\u00eda","link":"https:\/\/lasprimeras.com.do\/index.php\/category\/sin-categoria\/"},"img":{"alt_text":"Donald Trump","src":"https:\/\/i0.wp.com\/lasprimeras.com.do\/wp-content\/uploads\/2024\/03\/Donald-Trump.jpg?resize=350%2C200&ssl=1","width":350,"height":200,"srcset":"https:\/\/i0.wp.com\/lasprimeras.com.do\/wp-content\/uploads\/2024\/03\/Donald-Trump.jpg?resize=350%2C200&ssl=1 1x, https:\/\/i0.wp.com\/lasprimeras.com.do\/wp-content\/uploads\/2024\/03\/Donald-Trump.jpg?resize=525%2C300&ssl=1 1.5x, https:\/\/i0.wp.com\/lasprimeras.com.do\/wp-content\/uploads\/2024\/03\/Donald-Trump.jpg?resize=700%2C400&ssl=1 2x"},"classes":[]}],"jetpack_sharing_enabled":true,"_links":{"self":[{"href":"https:\/\/lasprimeras.com.do\/index.php\/wp-json\/wp\/v2\/posts\/91925","targetHints":{"allow":["GET"]}}],"collection":[{"href":"https:\/\/lasprimeras.com.do\/index.php\/wp-json\/wp\/v2\/posts"}],"about":[{"href":"https:\/\/lasprimeras.com.do\/index.php\/wp-json\/wp\/v2\/types\/post"}],"author":[{"embeddable":true,"href":"https:\/\/lasprimeras.com.do\/index.php\/wp-json\/wp\/v2\/users\/2"}],"replies":[{"embeddable":true,"href":"https:\/\/lasprimeras.com.do\/index.php\/wp-json\/wp\/v2\/comments?post=91925"}],"version-history":[{"count":1,"href":"https:\/\/lasprimeras.com.do\/index.php\/wp-json\/wp\/v2\/posts\/91925\/revisions"}],"predecessor-version":[{"id":91927,"href":"https:\/\/lasprimeras.com.do\/index.php\/wp-json\/wp\/v2\/posts\/91925\/revisions\/91927"}],"wp:featuredmedia":[{"embeddable":true,"href":"https:\/\/lasprimeras.com.do\/index.php\/wp-json\/wp\/v2\/media\/91926"}],"wp:attachment":[{"href":"https:\/\/lasprimeras.com.do\/index.php\/wp-json\/wp\/v2\/media?parent=91925"}],"wp:term":[{"taxonomy":"category","embeddable":true,"href":"https:\/\/lasprimeras.com.do\/index.php\/wp-json\/wp\/v2\/categories?post=91925"},{"taxonomy":"post_tag","embeddable":true,"href":"https:\/\/lasprimeras.com.do\/index.php\/wp-json\/wp\/v2\/tags?post=91925"}],"curies":[{"name":"wp","href":"https:\/\/api.w.org\/{rel}","templated":true}]}}