{"id":91928,"date":"2024-12-06T22:41:11","date_gmt":"2024-12-07T02:41:11","guid":{"rendered":"https:\/\/lasprimeras.com.do\/?p=91928"},"modified":"2024-12-06T22:41:13","modified_gmt":"2024-12-07T02:41:13","slug":"murio-angela-alvarez-que-gano-un-grammy-latino-a-los-95-anos","status":"publish","type":"post","link":"https:\/\/lasprimeras.com.do\/index.php\/2024\/12\/06\/murio-angela-alvarez-que-gano-un-grammy-latino-a-los-95-anos\/","title":{"rendered":"Muri\u00f3 \u00c1ngela Alvarez, que gan\u00f3 un Grammy latino a los 95 a\u00f1os"},"content":{"rendered":"\n<p>Nueva York, (EFE).-Angela Alvarez, la cantante cubana que sorprendi\u00f3 al mundo de la m\u00fasica al ganar en 2022, a los 95 a\u00f1os, un Grammy latino, con su primer disco hom\u00f3nimo, producido por su nieto, muri\u00f3 este viernes en Louisiana, donde se estableci\u00f3 hace muchos a\u00f1os por el trabajo de su esposo. .<\/p>\n\n\n\n<p>Su nieto Carlos Jos\u00e9 Alvarez dio a conocer a la revista Billboard la muerte de su abuela a los 97 a\u00f1os, que hizo historia en la m\u00fasica y que muri\u00f3 rodeada de su familia, que no inform\u00f3 la causa de su muerte.<\/p>\n\n\n\n<p>\u201cMe siento muy afortunado de haber compartido a nuestra abuela con el mundo. Ella fue un regalo para m\u00ed\u201d, dijo Alvarez a la revista.<\/p>\n\n\n\n<p>\u201cLo que logramos juntos fue extraordinario. Es un ejemplo de valent\u00eda, amor y la importancia de mantener vivos los sue\u00f1os. Nos ense\u00f1\u00f3 c\u00f3mo el arte puede sanar en tiempos de adversidad\u201d, afirm\u00f3 el productor y compositor.<\/p>\n\n\n\n<p>Asegur\u00f3 que trabajar junto a su abuela, a la que descubri\u00f3, cambi\u00f3 su vida. &#8220;Ella siempre dec\u00eda: \u2018Quiero dejar este mundo sabiendo que mi m\u00fasica seguir\u00e1 viva\u2019, y as\u00ed ser\u00e1. Su vida fue plena y su legado sigue brillando\u201d, record\u00f3.<\/p>\n\n\n\n<p>Angela Alvarez (Camaguey, 1927) hizo historia al ganar el Latin Grammy a mejor artista nuevo en un rengl\u00f3n en que compii\u00f3 con una decena de j\u00f3venes revelaciones, en su mayor\u00eda de m\u00fasica urbana: Sof\u00eda Campos, Cande y Paulo, Clarissa, Silvana Estrada, Pol Granch, Nab\u00e1lez, Tiare, Vale, Yahritza y su esencia, y Nicole Zignago.<\/p>\n\n\n\n<p>Tras ser nominada al importante premio, &#8220;Nana&#8221;, como le llamaban, asegur\u00f3 a EFE que estaba &#8220;so\u00f1ando despierta&#8221; .<\/p>\n\n\n\n<p>Al descubrir el talento de su abuela Carlos Jos\u00e9 comenz\u00f3 el proyecto de grabar un disco independiente en un estudio en Los \u00c1ngeles, que luego se convirti\u00f3 tambi\u00e9n en un documental, una primera presentaci\u00f3n ante el p\u00fablico en el hist\u00f3rico teatro Avalon de Hollywood y la nominaci\u00f3n al Latin Grammy.<\/p>\n\n\n\n<p>En el camino se uni\u00f3 a este proyecto f\u00edlmico el actor y director cubanoestadounidense Andy Garc\u00eda y para 2021 &#8220;Nana&#8221; ya hab\u00eda lanzado el documental &#8220;Miss Angela&#8221; y su primer y \u00fanico disco. Sus temas, en su mayor\u00eda boleros y danzones, fueron inspirados por el amor a su esposo y a Cuba, donde anhelaba volver.<\/p>\n\n\n\n<p>\u00c1lvarez gan\u00f3 el Grammy con un \u00e1lbum de 15 canciones con t\u00edtulos como &#8220;Qu\u00e9 linda es Cuba&#8221; y &#8220;Mi gran amor&#8221; y &#8220;Camino sin rumbo&#8221;, que su nieto descubri\u00f3 entre m\u00e1s de cuarenta composiciones que ten\u00eda en sus cuadernos.<\/p>\n\n\n\n<p>El bolero es &#8220;algo que t\u00fa expresas, que sientes y si t\u00fa est\u00e1s enamorado escribes&#8221;, dijo Alvarez en la entrevista con EFE y afirm\u00f3 que su capacidad de componer es un regalo de Dios y que se sorprend\u00eda porque no le costaba trabajo escribir.<\/p>\n\n\n\n<p>Alvarez aprendi\u00f3 a cantar y tocar el piano a temprana edad y comenz\u00f3 a escribir sus propias canciones. &#8220;Cuando yo era ni\u00f1a, ten\u00eda dos t\u00edas que tocaban el piano y ellas me ense\u00f1aron a cantar. Cuando hab\u00eda reuni\u00f3n de familia, yo era la artista; me hac\u00edan vestidos y siempre me gust\u00f3 actuar\u201d, dijo en una entrevista con Billboard en espa\u00f1ol, record\u00f3 hoy la revista.<\/p>\n\n\n\n<p>Agencia EFE<\/p>\n","protected":false},"excerpt":{"rendered":"<p>Nueva York, (EFE).-Angela Alvarez, la cantante cubana que sorprendi\u00f3 al mundo de la m\u00fasica al ganar en 2022, a los 95 a\u00f1os, un Grammy latino, con su primer disco hom\u00f3nimo,&hellip;<\/p>\n","protected":false},"author":2,"featured_media":91929,"comment_status":"open","ping_status":"open","sticky":false,"template":"","format":"standard","meta":{"content-type":"","jetpack_post_was_ever_published":false,"_jetpack_newsletter_access":"","_jetpack_dont_email_post_to_subs":false,"_jetpack_newsletter_tier_id":0,"_jetpack_memberships_contains_paywalled_content":false,"_jetpack_memberships_contains_paid_content":false,"footnotes":""},"categories":[16289],"tags":[16632,16630,833,16631,4927],"class_list":["post-91928","post","type-post","status-publish","format-standard","has-post-thumbnail","hentry","category-internacionales","tag-95-anos","tag-angela-alvarez","tag-gano","tag-grammy-latino","tag-murio"],"jetpack_featured_media_url":"https:\/\/lasprimeras.com.do\/wp-content\/uploads\/2024\/12\/Angela-Alvarez.jpg","jetpack-related-posts":[{"id":81432,"url":"https:\/\/lasprimeras.com.do\/index.php\/2024\/04\/21\/legisladores-dominicanos-de-nueva-york-reconocen-al-lapiz-consciente\/","url_meta":{"origin":91928,"position":0},"title":"Legisladores dominicanos de Nueva York reconocen al L\u00e1piz Consciente","author":"Nelson Feliz","date":"21 de abril de 2024","format":false,"excerpt":"Los asamble\u00edsta George \u00c1lvarez y Manny De los Santos resaltan los aportes al mundo de la industria musical de Avelino Figueroa. Tambi\u00e9n el congresista Adriano Espaillat entrega pergamino al artista dominicano. Por: Aquiles Rojas NUEVA YORK. -El exponente de m\u00fasica urbana Avelino Figueroa, mejor conocido como \u201cL\u00e1piz Conciente\u201d, recibi\u00f3 una\u2026","rel":"","context":"En \u00abENTRETENIMIENTO\u00bb","block_context":{"text":"ENTRETENIMIENTO","link":"https:\/\/lasprimeras.com.do\/index.php\/category\/entretenimiento\/"},"img":{"alt_text":"Avelino Figueroa","src":"https:\/\/i0.wp.com\/lasprimeras.com.do\/wp-content\/uploads\/2024\/04\/Avelino-Figueroa.jpg?resize=350%2C200&ssl=1","width":350,"height":200,"srcset":"https:\/\/i0.wp.com\/lasprimeras.com.do\/wp-content\/uploads\/2024\/04\/Avelino-Figueroa.jpg?resize=350%2C200&ssl=1 1x, https:\/\/i0.wp.com\/lasprimeras.com.do\/wp-content\/uploads\/2024\/04\/Avelino-Figueroa.jpg?resize=525%2C300&ssl=1 1.5x, https:\/\/i0.wp.com\/lasprimeras.com.do\/wp-content\/uploads\/2024\/04\/Avelino-Figueroa.jpg?resize=700%2C400&ssl=1 2x"},"classes":[]},{"id":75799,"url":"https:\/\/lasprimeras.com.do\/index.php\/2024\/02\/05\/peso-pluma-recibe-primer-grammy-a-mejor-album-de-musica-mexicana\/","url_meta":{"origin":91928,"position":1},"title":"Peso Pluma recibe primer Grammy a mejor \u00e1lbum de m\u00fasica mexicana","author":"BIMARY DE JES\u00daS Matos","date":"5 de febrero de 2024","format":false,"excerpt":"Los \u00c1ngeles.- El cantante de corridos tumbados Peso Pluma recibi\u00f3 este domingo su primer Grammy a mejor \u00e1lbum de m\u00fasica mexicana (incluyendo tejano) por su disco \u2018G\u00e9nesis\u2019. El corrido tumbado tiene desde este domingo un lugar en el olimpo de la m\u00fasica. Peso Pluma ha ganado su primer Premio Grammy\u2026","rel":"","context":"En \u00abENTRETENIMIENTO\u00bb","block_context":{"text":"ENTRETENIMIENTO","link":"https:\/\/lasprimeras.com.do\/index.php\/category\/entretenimiento\/"},"img":{"alt_text":"","src":"https:\/\/i0.wp.com\/lasprimeras.com.do\/wp-content\/uploads\/2024\/02\/CANDIDATO-A-REGIDOR-Justicia-Social-JOSUE-MENDEZ-APOYARA-A-DIO-ASTACIO-DEL-PRM-13.webp?resize=350%2C200&ssl=1","width":350,"height":200,"srcset":"https:\/\/i0.wp.com\/lasprimeras.com.do\/wp-content\/uploads\/2024\/02\/CANDIDATO-A-REGIDOR-Justicia-Social-JOSUE-MENDEZ-APOYARA-A-DIO-ASTACIO-DEL-PRM-13.webp?resize=350%2C200&ssl=1 1x, https:\/\/i0.wp.com\/lasprimeras.com.do\/wp-content\/uploads\/2024\/02\/CANDIDATO-A-REGIDOR-Justicia-Social-JOSUE-MENDEZ-APOYARA-A-DIO-ASTACIO-DEL-PRM-13.webp?resize=525%2C300&ssl=1 1.5x"},"classes":[]},{"id":94078,"url":"https:\/\/lasprimeras.com.do\/index.php\/2025\/02\/25\/murio-roberta-flack-icono-estadounidense-del-soul-y-del-rb\/","url_meta":{"origin":91928,"position":2},"title":"Muri\u00f3 Roberta Flack, icono estadounidense del soul y del R&#038;B","author":"Nelson Feliz","date":"25 de febrero de 2025","format":false,"excerpt":"Este lunes 24 de febrero se confirm\u00f3 la muerte de la cantante Roberta Flack. El icono del soul y del R&B fue diagnosticada en 2022 con ELA. Por Carolyn Manrique Este martes 24 de febrero se confirm\u00f3 la muerte de la cantante estadounidense Roberta Flack, a los 88 a\u00f1os. Esta\u2026","rel":"","context":"En \u00abENTRETENIMIENTO\u00bb","block_context":{"text":"ENTRETENIMIENTO","link":"https:\/\/lasprimeras.com.do\/index.php\/category\/entretenimiento\/"},"img":{"alt_text":"","src":"https:\/\/i0.wp.com\/lasprimeras.com.do\/wp-content\/uploads\/2025\/02\/Roberta-Flack.png?resize=350%2C200&ssl=1","width":350,"height":200,"srcset":"https:\/\/i0.wp.com\/lasprimeras.com.do\/wp-content\/uploads\/2025\/02\/Roberta-Flack.png?resize=350%2C200&ssl=1 1x, https:\/\/i0.wp.com\/lasprimeras.com.do\/wp-content\/uploads\/2025\/02\/Roberta-Flack.png?resize=525%2C300&ssl=1 1.5x, https:\/\/i0.wp.com\/lasprimeras.com.do\/wp-content\/uploads\/2025\/02\/Roberta-Flack.png?resize=700%2C400&ssl=1 2x"},"classes":[]},{"id":67149,"url":"https:\/\/lasprimeras.com.do\/index.php\/2023\/11\/13\/los-latin-grammy-celebran-en-sevilla-la-excelencia-musical-de-los-creadores-latinos\/","url_meta":{"origin":91928,"position":3},"title":"Los Latin Grammy celebran en Sevilla la &#8220;excelencia&#8221; musical de los creadores latinos","author":"BIMARY DE JES\u00daS Matos","date":"13 de noviembre de 2023","format":false,"excerpt":"Santo Domingo.-Los Latin Grammy 2023 celebraron este domingo la \u00abexcelencia\u00bb musical de los creadores latinos con la entrega del Premio a la Excelencia Musical a las cantantes espa\u00f1olas Carmen Linares y Ana Torroja, el mexicano Mijares, la brasile\u00f1a Simone, el trompetista cubano Arturo Sandoval y la banda de rock argentina\u2026","rel":"","context":"En \u00abENTRETENIMIENTO\u00bb","block_context":{"text":"ENTRETENIMIENTO","link":"https:\/\/lasprimeras.com.do\/index.php\/category\/entretenimiento\/"},"img":{"alt_text":"","src":"https:\/\/i0.wp.com\/lasprimeras.com.do\/wp-content\/uploads\/2023\/11\/valentin-19.jpg?resize=350%2C200&ssl=1","width":350,"height":200,"srcset":"https:\/\/i0.wp.com\/lasprimeras.com.do\/wp-content\/uploads\/2023\/11\/valentin-19.jpg?resize=350%2C200&ssl=1 1x, https:\/\/i0.wp.com\/lasprimeras.com.do\/wp-content\/uploads\/2023\/11\/valentin-19.jpg?resize=525%2C300&ssl=1 1.5x"},"classes":[]},{"id":67649,"url":"https:\/\/lasprimeras.com.do\/index.php\/2023\/11\/17\/vicente-garcia-romeo-santos-y-sergio-vargas-ganan-latin-grammy\/","url_meta":{"origin":91928,"position":4},"title":"Vicente Garc\u00eda, Romeo Santos y Sergio Vargas ganan Latin Grammy","author":"BIMARY DE JES\u00daS Matos","date":"17 de noviembre de 2023","format":false,"excerpt":"Santo Domingo.-El cantautor dominicano Vicente Garc\u00eda gan\u00f3 un Grammy Latino en la en la categor\u00eda de Mejor \u00e1lbum folcl\u00f3rico por \u201cCamino al Sol\u201d y lo dedic\u00f3 a Rep\u00fablica Dominicana. Romeo Santos y Sergio Vargas, quienes estuvieron ausentes en la premiaci\u00f3n, tuvieron un empate ganador en la categor\u00eda Mejor \u00e1lbum de\u2026","rel":"","context":"En \u00abENTRETENIMIENTO\u00bb","block_context":{"text":"ENTRETENIMIENTO","link":"https:\/\/lasprimeras.com.do\/index.php\/category\/entretenimiento\/"},"img":{"alt_text":"","src":"https:\/\/i0.wp.com\/lasprimeras.com.do\/wp-content\/uploads\/2023\/11\/valentin-30.jpg?resize=350%2C200&ssl=1","width":350,"height":200,"srcset":"https:\/\/i0.wp.com\/lasprimeras.com.do\/wp-content\/uploads\/2023\/11\/valentin-30.jpg?resize=350%2C200&ssl=1 1x, https:\/\/i0.wp.com\/lasprimeras.com.do\/wp-content\/uploads\/2023\/11\/valentin-30.jpg?resize=525%2C300&ssl=1 1.5x"},"classes":[]},{"id":75791,"url":"https:\/\/lasprimeras.com.do\/index.php\/2024\/02\/05\/karol-g-gana-su-primer-grammy-a-mejor-album-de-musica-urbana-por-manana-sera-bonito\/","url_meta":{"origin":91928,"position":5},"title":"Karol G gana su primer grammy a mejor \u00e1lbum de m\u00fasica urbana por &#8216;Ma\u00f1ana ser\u00e1 bonito&#8217;","author":"BIMARY DE JES\u00daS Matos","date":"5 de febrero de 2024","format":false,"excerpt":"Las vegas.-Karol G gan\u00f3 este domingo su primer Grammy estadounidense a mejor \u00e1lbum de m\u00fasica urbana por 'Ma\u00f1ana ser\u00e1 bonito'. \"Estoy muy feliz de estar aqu\u00ed frente a tantas leyendas. Mi \u00e1lbum me ha dado las mejores memorias de mi vida\", dijo Karol G despu\u00e9s de recibir el premio de\u2026","rel":"","context":"En \u00abENTRETENIMIENTO\u00bb","block_context":{"text":"ENTRETENIMIENTO","link":"https:\/\/lasprimeras.com.do\/index.php\/category\/entretenimiento\/"},"img":{"alt_text":"","src":"","width":0,"height":0},"classes":[]}],"jetpack_sharing_enabled":true,"_links":{"self":[{"href":"https:\/\/lasprimeras.com.do\/index.php\/wp-json\/wp\/v2\/posts\/91928","targetHints":{"allow":["GET"]}}],"collection":[{"href":"https:\/\/lasprimeras.com.do\/index.php\/wp-json\/wp\/v2\/posts"}],"about":[{"href":"https:\/\/lasprimeras.com.do\/index.php\/wp-json\/wp\/v2\/types\/post"}],"author":[{"embeddable":true,"href":"https:\/\/lasprimeras.com.do\/index.php\/wp-json\/wp\/v2\/users\/2"}],"replies":[{"embeddable":true,"href":"https:\/\/lasprimeras.com.do\/index.php\/wp-json\/wp\/v2\/comments?post=91928"}],"version-history":[{"count":1,"href":"https:\/\/lasprimeras.com.do\/index.php\/wp-json\/wp\/v2\/posts\/91928\/revisions"}],"predecessor-version":[{"id":91930,"href":"https:\/\/lasprimeras.com.do\/index.php\/wp-json\/wp\/v2\/posts\/91928\/revisions\/91930"}],"wp:featuredmedia":[{"embeddable":true,"href":"https:\/\/lasprimeras.com.do\/index.php\/wp-json\/wp\/v2\/media\/91929"}],"wp:attachment":[{"href":"https:\/\/lasprimeras.com.do\/index.php\/wp-json\/wp\/v2\/media?parent=91928"}],"wp:term":[{"taxonomy":"category","embeddable":true,"href":"https:\/\/lasprimeras.com.do\/index.php\/wp-json\/wp\/v2\/categories?post=91928"},{"taxonomy":"post_tag","embeddable":true,"href":"https:\/\/lasprimeras.com.do\/index.php\/wp-json\/wp\/v2\/tags?post=91928"}],"curies":[{"name":"wp","href":"https:\/\/api.w.org\/{rel}","templated":true}]}}