{"id":91939,"date":"2024-12-06T23:09:50","date_gmt":"2024-12-07T03:09:50","guid":{"rendered":"https:\/\/lasprimeras.com.do\/?p=91939"},"modified":"2024-12-06T23:09:52","modified_gmt":"2024-12-07T03:09:52","slug":"presidente-abinader-sostendra-encuentro-con-primer-ministro-de-qatar","status":"publish","type":"post","link":"https:\/\/lasprimeras.com.do\/index.php\/2024\/12\/06\/presidente-abinader-sostendra-encuentro-con-primer-ministro-de-qatar\/","title":{"rendered":"Presidente Abinader sostendr\u00e1 encuentro con Primer Ministro de Qatar"},"content":{"rendered":"\n<p><strong>Mandatario estar\u00e1 presente en la apertura del Foro de Doha y la inauguraci\u00f3n de un busto al patricio Juan Pablo Duarte<\/strong><\/p>\n\n\n\n<p>Doha.- El presidente Luis Abinader tiene este s\u00e1bado una amplia agenda en la capital de Qatar, que incluyen la inauguraci\u00f3n del Foro de Doha, de un busto al patricio Juan Pablo Duarte, as\u00ed como varias reuniones con funcionarios y empresarios de esta naci\u00f3n.<\/p>\n\n\n\n<p>La primera actividad del presidente Abinader este s\u00e1bado, ser\u00e1 la del Foro de Doha a las 10:00 de la ma\u00f1ana en el Hotel Sheraton. El evento reunir\u00e1 a lideres de distintas partes del mundo para discutir los desaf\u00edos cr\u00edticos que enfrenta el mundo y construir redes innovadoras.<\/p>\n\n\n\n<p>M\u00e1s adelante, el mandatario sostendr\u00e1 una reuni\u00f3n con el CEO de Qatar Airways, Badr Mohammed Al Meer en el Hotel Sheraton y para el medio d\u00eda, tambi\u00e9n en ese mismo lugar, se reunir\u00e1 con el Primer Ministro de Qatar, Sheikh Mohammed bin Abdulrahman Al Thani.<\/p>\n\n\n\n<p>M\u00e1s tarde, por invitaci\u00f3n del Primer Ministro, el jefe de Estado dominicano, asistir\u00e1 a un almuerzo panel de alto nivel \u201cMiddle East Security in a Time of Increasing Multipolarity\u201d en el Hotel Sheraton, sede del Foro de Doha.<\/p>\n\n\n\n<p>En horas de la tarde, el presidente Abinader inaugurar\u00e1 el busto del patricio Juan Pablo Duarte en la Embajada Dominicana en Qatar.<\/p>\n\n\n\n<p>A partir de las 4:00 de la tarde, sostendr\u00e1 dos reuniones, la primera con el CEO IRTH Capital &#8211; Fondo Privado de Inversiones, Sheikh Mohamed bin Abdullah Al Thani en el Hotel Raffles y otra con la ministra de Educaci\u00f3n, S.E. Lolwah bint Rashid bin Mohammed Al Khater.<\/p>\n\n\n\n<p>El gobernante, sali\u00f3 el pasado jueves en horas de la tarde desde el Aeropuerto Internacional de Miami con su Comitiva Oficial hacia el Aeropuerto Internacional Hamad, Qatar.<\/p>\n\n\n\n<p>La agenda del presidente Abinader, adem\u00e1s, incluye reuniones con altos funcionarios de las \u00e1reas de energ\u00eda, transporte, seguridad, salud, turismo e inversiones.<\/p>\n\n\n\n<p>El gobernante dominicano est\u00e1 acompa\u00f1ado de una reducida comitiva integrada por los ministros, de Hacienda Jos\u00e9 Manuel Vicente; de Energ\u00eda y Minas, Joel Santos; el viceministro de Asuntos Econ\u00f3micos y de Cooperaci\u00f3n del Mirex, Hugo Rivera, y la directora ejecutiva del Centro de Exportaci\u00f3n e Inversi\u00f3n de la Rep\u00fablica Dominicana (ProDominicana), Biviana Riveiro.<\/p>\n\n\n\n<p>Tambi\u00e9n forman parte de la delegaci\u00f3n el secretario general del Gabinete Presidencial, Eilyn Beltr\u00e1n; la asistente personal del mandatario, Mercedes Pichardo; el director de Prensa del presidente, Daniel Garc\u00eda Archibald, y el embajador dominicano en Qatar, Georges Bahsa Hazim.<\/p>\n","protected":false},"excerpt":{"rendered":"<p>Mandatario estar\u00e1 presente en la apertura del Foro de Doha y la inauguraci\u00f3n de un busto al patricio Juan Pablo Duarte Doha.- El presidente Luis Abinader tiene este s\u00e1bado una&hellip;<\/p>\n","protected":false},"author":2,"featured_media":91940,"comment_status":"open","ping_status":"open","sticky":false,"template":"","format":"standard","meta":{"content-type":"","jetpack_post_was_ever_published":false,"_jetpack_newsletter_access":"","_jetpack_dont_email_post_to_subs":false,"_jetpack_newsletter_tier_id":0,"_jetpack_memberships_contains_paywalled_content":false,"_jetpack_memberships_contains_paid_content":false,"footnotes":""},"categories":[16289,25],"tags":[2086,67,7792,9857],"class_list":["post-91939","post","type-post","status-publish","format-standard","has-post-thumbnail","hentry","category-internacionales","category-portada","tag-encuentro","tag-luis-abinader","tag-primer-ministro","tag-qatar"],"jetpack_featured_media_url":"https:\/\/lasprimeras.com.do\/wp-content\/uploads\/2024\/12\/quatar.jpg","jetpack-related-posts":[{"id":91869,"url":"https:\/\/lasprimeras.com.do\/index.php\/2024\/12\/04\/abinader-sale-este-jueves-a-qatar-donde-participara-en-el-foro-mundial-de-doha\/","url_meta":{"origin":91939,"position":0},"title":"Abinader sale este jueves a Qatar d\u00f3nde participar\u00e1 en el Foro Mundial de Doha","author":"Nelson Feliz","date":"4 de diciembre de 2024","format":false,"excerpt":"El presidente Luis Abinader, atendiendo una invitaci\u00f3n del Emir del Estado de Qatar, viajar\u00e1 este jueves a ese pa\u00eds para participar en el Foro Mundial de Doha y agotar una visita oficial. La Presidencia de la Rep\u00fablica inform\u00f3 que durante su estad\u00eda, el mandatario sostendr\u00e1 una reuni\u00f3n con el emir,\u2026","rel":"","context":"En \u00abNACIONALES\u00bb","block_context":{"text":"NACIONALES","link":"https:\/\/lasprimeras.com.do\/index.php\/category\/nacionales\/"},"img":{"alt_text":"Luis Abinader viaja NY","src":"https:\/\/i0.wp.com\/lasprimeras.com.do\/wp-content\/uploads\/2023\/08\/Luis-Abinader-viaja-NY.jpg?resize=350%2C200&ssl=1","width":350,"height":200,"srcset":"https:\/\/i0.wp.com\/lasprimeras.com.do\/wp-content\/uploads\/2023\/08\/Luis-Abinader-viaja-NY.jpg?resize=350%2C200&ssl=1 1x, https:\/\/i0.wp.com\/lasprimeras.com.do\/wp-content\/uploads\/2023\/08\/Luis-Abinader-viaja-NY.jpg?resize=525%2C300&ssl=1 1.5x, https:\/\/i0.wp.com\/lasprimeras.com.do\/wp-content\/uploads\/2023\/08\/Luis-Abinader-viaja-NY.jpg?resize=700%2C400&ssl=1 2x"},"classes":[]},{"id":69800,"url":"https:\/\/lasprimeras.com.do\/index.php\/2023\/12\/05\/exitosa-participacion-de-republica-dominicana-en-feria-turistica-de-qatar\/","url_meta":{"origin":91939,"position":1},"title":"Exitosa participaci\u00f3n de Rep\u00fablica Dominicana en feria tur\u00edstica de Qatar","author":"Nelson Feliz","date":"5 de diciembre de 2023","format":false,"excerpt":"Doha, Qatar.\u00a0- Rep\u00fablica Dominicana particip\u00f3 con \u00e9xito en la segunda edici\u00f3n de la feria de turismo del Estado de Qatar, que se celebr\u00f3 en el Centro de Exposiciones y Convenciones de la ciudad de Doha. Quisqueya cont\u00f3 con un impresionante stand donde se desarrollaron actividades interactivas, tales como; canchas de\u2026","rel":"","context":"En \u00abTURISMO\u00bb","block_context":{"text":"TURISMO","link":"https:\/\/lasprimeras.com.do\/index.php\/category\/turismo\/"},"img":{"alt_text":"inauguracion stand","src":"https:\/\/i0.wp.com\/lasprimeras.com.do\/wp-content\/uploads\/2023\/12\/reuniones2.jpg?resize=350%2C200&ssl=1","width":350,"height":200,"srcset":"https:\/\/i0.wp.com\/lasprimeras.com.do\/wp-content\/uploads\/2023\/12\/reuniones2.jpg?resize=350%2C200&ssl=1 1x, https:\/\/i0.wp.com\/lasprimeras.com.do\/wp-content\/uploads\/2023\/12\/reuniones2.jpg?resize=525%2C300&ssl=1 1.5x, https:\/\/i0.wp.com\/lasprimeras.com.do\/wp-content\/uploads\/2023\/12\/reuniones2.jpg?resize=700%2C400&ssl=1 2x"},"classes":[]},{"id":113243,"url":"https:\/\/lasprimeras.com.do\/index.php\/2025\/10\/30\/abinader-visitara-san-jose-de-ocoa-barahona-san-juan-duarte-y-el-municipio-de-santo-domingo-norte\/","url_meta":{"origin":91939,"position":2},"title":"Abinader visitar\u00e1 San Jos\u00e9 de Ocoa, Barahona, San Juan, Duarte y el municipio de Santo Domingo Norte","author":"Nelson Feliz","date":"30 de octubre de 2025","format":false,"excerpt":"El presidente Luis Abinader desarrollar\u00e1 desde este viernes hasta el domingo una intensa agenda de trabajo en varias provincias del pa\u00eds, incluyendo San Jos\u00e9 de Ocoa, Barahona, Santo Domingo, San Juan y Duarte, donde inaugurar\u00e1 obras de infraestructura, visitar\u00e1 proyectos productivos y culturales, y sostendr\u00e1 encuentros con autoridades, estudiantes y\u2026","rel":"","context":"En \u00abNACIONALES\u00bb","block_context":{"text":"NACIONALES","link":"https:\/\/lasprimeras.com.do\/index.php\/category\/nacionales\/"},"img":{"alt_text":"","src":"https:\/\/i0.wp.com\/lasprimeras.com.do\/wp-content\/uploads\/2025\/10\/Luis-Abinader-12.jpg?resize=350%2C200&ssl=1","width":350,"height":200,"srcset":"https:\/\/i0.wp.com\/lasprimeras.com.do\/wp-content\/uploads\/2025\/10\/Luis-Abinader-12.jpg?resize=350%2C200&ssl=1 1x, https:\/\/i0.wp.com\/lasprimeras.com.do\/wp-content\/uploads\/2025\/10\/Luis-Abinader-12.jpg?resize=525%2C300&ssl=1 1.5x, https:\/\/i0.wp.com\/lasprimeras.com.do\/wp-content\/uploads\/2025\/10\/Luis-Abinader-12.jpg?resize=700%2C400&ssl=1 2x"},"classes":[]},{"id":109157,"url":"https:\/\/lasprimeras.com.do\/index.php\/2025\/09\/15\/qatar-acoge-una-cumbre-en-doha-sobre-el-ataque-israeli-a-hamas-y-busca-frenar-esos-ataques\/","url_meta":{"origin":91939,"position":3},"title":"Qatar acoge una cumbre en Doha sobre el ataque israel\u00ed a Ham\u00e1s y busca frenar esos ataques","author":"Nelson Feliz","date":"15 de septiembre de 2025","format":false,"excerpt":"POR JON GAMBRELL DUB\u00c1I, Emiratos \u00c1rabes Unidos (AP) \u2014 Qatar preparaba el lunes una cumbre sobre el ataque israel\u00ed a los l\u00edderes de Ham\u00e1s en Doha la semana pasada, con la esperanza de que un grupo de naciones \u00e1rabes e isl\u00e1micas ofrezca una forma de contener a Israel mientras contin\u00faa\u2026","rel":"","context":"En \u00abINTERNACIONALES\u00bb","block_context":{"text":"INTERNACIONALES","link":"https:\/\/lasprimeras.com.do\/index.php\/category\/sin-categoria\/internacionales\/"},"img":{"alt_text":"","src":"https:\/\/i0.wp.com\/lasprimeras.com.do\/wp-content\/uploads\/2025\/09\/Qatar.jpg?resize=350%2C200&ssl=1","width":350,"height":200,"srcset":"https:\/\/i0.wp.com\/lasprimeras.com.do\/wp-content\/uploads\/2025\/09\/Qatar.jpg?resize=350%2C200&ssl=1 1x, https:\/\/i0.wp.com\/lasprimeras.com.do\/wp-content\/uploads\/2025\/09\/Qatar.jpg?resize=525%2C300&ssl=1 1.5x, https:\/\/i0.wp.com\/lasprimeras.com.do\/wp-content\/uploads\/2025\/09\/Qatar.jpg?resize=700%2C400&ssl=1 2x"},"classes":[]},{"id":108841,"url":"https:\/\/lasprimeras.com.do\/index.php\/2025\/09\/11\/funcionario-de-qatar-afirma-que-netanyahu-mato-cualquier-esperanza-de-liberacion-de-rehenes-con-su-ataque-en-doha-contra-hamas\/","url_meta":{"origin":91939,"position":4},"title":"Funcionario de Qatar afirma que Netanyahu &#8220;mat\u00f3 cualquier esperanza&#8221; de liberaci\u00f3n de rehenes con su ataque en Doha contra Ham\u00e1s","author":"Nelson Feliz","date":"11 de septiembre de 2025","format":false,"excerpt":"Por JON GAMBRELL, ABDEL KAREEM HANA y WAFAA SHURAFA DOHA, Qatar (AP) \u2014 El primer ministro de Qatar dijo que el primer ministro israel\u00ed, Benjamin Netanyahu, \u201cmat\u00f3 cualquier esperanza\u201d de liberar a los rehenes que a\u00fan se encuentran retenidos en la Franja de Gaza despu\u00e9s de que Israel atac\u00f3 a\u2026","rel":"","context":"En \u00abINTERNACIONALES\u00bb","block_context":{"text":"INTERNACIONALES","link":"https:\/\/lasprimeras.com.do\/index.php\/category\/sin-categoria\/internacionales\/"},"img":{"alt_text":"","src":"https:\/\/i0.wp.com\/lasprimeras.com.do\/wp-content\/uploads\/2025\/09\/Quatar.jpg?resize=350%2C200&ssl=1","width":350,"height":200,"srcset":"https:\/\/i0.wp.com\/lasprimeras.com.do\/wp-content\/uploads\/2025\/09\/Quatar.jpg?resize=350%2C200&ssl=1 1x, https:\/\/i0.wp.com\/lasprimeras.com.do\/wp-content\/uploads\/2025\/09\/Quatar.jpg?resize=525%2C300&ssl=1 1.5x, https:\/\/i0.wp.com\/lasprimeras.com.do\/wp-content\/uploads\/2025\/09\/Quatar.jpg?resize=700%2C400&ssl=1 2x"},"classes":[]},{"id":128593,"url":"https:\/\/lasprimeras.com.do\/index.php\/2026\/04\/24\/abinader-inaugurara-nueve-obras-en-la-vega-santiago-duarte-y-maria-trinidad-sanchez-este-fin-de-semana\/","url_meta":{"origin":91939,"position":5},"title":"Abinader inaugurar\u00e1 nueve obras en La Vega, Santiago, Duarte y Mar\u00eda Trinidad S\u00e1nchez este fin de semana","author":"Nelson Feliz","date":"24 de abril de 2026","format":false,"excerpt":"Las obras a inaugurar incluyen siete carreteras y dos centros educativos; tambi\u00e9n participar\u00e1 en la Feria Regional del Libro y la Cultura; entre otras. El presidente de la Rep\u00fablica, Luis Abinader, desarrollar\u00e1 este fin de semana una agenda de actividades oficiales que incluye inauguraciones de carreteras, visitas de supervisi\u00f3n y\u2026","rel":"","context":"En \u00abNACIONALES\u00bb","block_context":{"text":"NACIONALES","link":"https:\/\/lasprimeras.com.do\/index.php\/category\/nacionales\/"},"img":{"alt_text":"Luis Abinader","src":"https:\/\/i0.wp.com\/lasprimeras.com.do\/wp-content\/uploads\/2026\/03\/Luis-Abinader-7-1.jpg?resize=350%2C200&ssl=1","width":350,"height":200,"srcset":"https:\/\/i0.wp.com\/lasprimeras.com.do\/wp-content\/uploads\/2026\/03\/Luis-Abinader-7-1.jpg?resize=350%2C200&ssl=1 1x, https:\/\/i0.wp.com\/lasprimeras.com.do\/wp-content\/uploads\/2026\/03\/Luis-Abinader-7-1.jpg?resize=525%2C300&ssl=1 1.5x, https:\/\/i0.wp.com\/lasprimeras.com.do\/wp-content\/uploads\/2026\/03\/Luis-Abinader-7-1.jpg?resize=700%2C400&ssl=1 2x"},"classes":[]}],"jetpack_sharing_enabled":true,"_links":{"self":[{"href":"https:\/\/lasprimeras.com.do\/index.php\/wp-json\/wp\/v2\/posts\/91939","targetHints":{"allow":["GET"]}}],"collection":[{"href":"https:\/\/lasprimeras.com.do\/index.php\/wp-json\/wp\/v2\/posts"}],"about":[{"href":"https:\/\/lasprimeras.com.do\/index.php\/wp-json\/wp\/v2\/types\/post"}],"author":[{"embeddable":true,"href":"https:\/\/lasprimeras.com.do\/index.php\/wp-json\/wp\/v2\/users\/2"}],"replies":[{"embeddable":true,"href":"https:\/\/lasprimeras.com.do\/index.php\/wp-json\/wp\/v2\/comments?post=91939"}],"version-history":[{"count":1,"href":"https:\/\/lasprimeras.com.do\/index.php\/wp-json\/wp\/v2\/posts\/91939\/revisions"}],"predecessor-version":[{"id":91941,"href":"https:\/\/lasprimeras.com.do\/index.php\/wp-json\/wp\/v2\/posts\/91939\/revisions\/91941"}],"wp:featuredmedia":[{"embeddable":true,"href":"https:\/\/lasprimeras.com.do\/index.php\/wp-json\/wp\/v2\/media\/91940"}],"wp:attachment":[{"href":"https:\/\/lasprimeras.com.do\/index.php\/wp-json\/wp\/v2\/media?parent=91939"}],"wp:term":[{"taxonomy":"category","embeddable":true,"href":"https:\/\/lasprimeras.com.do\/index.php\/wp-json\/wp\/v2\/categories?post=91939"},{"taxonomy":"post_tag","embeddable":true,"href":"https:\/\/lasprimeras.com.do\/index.php\/wp-json\/wp\/v2\/tags?post=91939"}],"curies":[{"name":"wp","href":"https:\/\/api.w.org\/{rel}","templated":true}]}}