{"id":91946,"date":"2024-12-08T14:55:38","date_gmt":"2024-12-08T18:55:38","guid":{"rendered":"https:\/\/lasprimeras.com.do\/?p=91946"},"modified":"2024-12-08T14:55:39","modified_gmt":"2024-12-08T18:55:39","slug":"eted-trabajara-este-lunes-en-la-linea-69-kv-san-juan-i-sabaneta","status":"publish","type":"post","link":"https:\/\/lasprimeras.com.do\/index.php\/2024\/12\/08\/eted-trabajara-este-lunes-en-la-linea-69-kv-san-juan-i-sabaneta\/","title":{"rendered":"ETED trabajar\u00e1 este lunes en la l\u00ednea 69 kV San Juan I Sabaneta"},"content":{"rendered":"\n<p>La Empresa de Transmisi\u00f3n El\u00e9ctrica Dominicana (ETED) informa que este lunes 9 de diciembre, las brigadas de mantenimiento sustituir\u00e1n estructuras en mal estado en la l\u00ednea 69 kV San Juan I-Sabaneta, de 10:00 a.m. a 3:00 p.m., como parte de los trabajos programados para el mejoramiento de las infraestructuras en alta tensi\u00f3n del pa\u00eds.<\/p>\n\n\n\n<p>Por estos trabajos, quedar\u00e1 afectado el servicio el\u00e9ctrico en Sabaneta, perteneciente a la provincia San Juan. Adem\u00e1s, por seguridad, se requerir\u00e1n los circuitos de distribuci\u00f3n SJ-102 CT-078377 completo y el SJ 101-CT 061466 seccionalizado, que afectar\u00e1n, de manera parcial, la provincia San Juan y la Central Hidroel\u00e9ctrica Sabaneta.<\/p>\n\n\n\n<p>La ETED pide disculpas por los inconvenientes que esto pueda causar y apela a la comprensi\u00f3n de los usuarios en las zonas afectadas.<\/p>\n\n\n\n<p>La ETED contin\u00faa trabajando en el fortalecimiento de sus infraestructuras en alta tensi\u00f3n para optimizar la calidad, permanencia, eficiencia y estabilidad en el servicio el\u00e9ctrico que se brinda a la ciudadan\u00eda.<\/p>\n","protected":false},"excerpt":{"rendered":"<p>La Empresa de Transmisi\u00f3n El\u00e9ctrica Dominicana (ETED) informa que este lunes 9 de diciembre, las brigadas de mantenimiento sustituir\u00e1n estructuras en mal estado en la l\u00ednea 69 kV San Juan&hellip;<\/p>\n","protected":false},"author":2,"featured_media":91046,"comment_status":"open","ping_status":"open","sticky":false,"template":"","format":"standard","meta":{"content-type":"","jetpack_post_was_ever_published":false,"_jetpack_newsletter_access":"","_jetpack_dont_email_post_to_subs":false,"_jetpack_newsletter_tier_id":0,"_jetpack_memberships_contains_paywalled_content":false,"_jetpack_memberships_contains_paid_content":false,"footnotes":""},"categories":[35,25],"tags":[5134,16636,8919,8918],"class_list":["post-91946","post","type-post","status-publish","format-standard","has-post-thumbnail","hentry","category-nacionales","category-portada","tag-eted","tag-linea-69-kv","tag-sabaneta","tag-san-juan-i"],"jetpack_featured_media_url":"https:\/\/lasprimeras.com.do\/wp-content\/uploads\/2024\/11\/eted.jpg","jetpack-related-posts":[{"id":65202,"url":"https:\/\/lasprimeras.com.do\/index.php\/2023\/10\/26\/eted-trabajara-en-lineas-palamara-novoplast-y-san-juan-i-sabaneta-este-viernes\/","url_meta":{"origin":91946,"position":0},"title":"ETED trabajar\u00e1 en l\u00edneas Palamara \u2013 Novoplast y San Juan I \u2013 Sabaneta, este viernes","author":"Nelson Feliz","date":"26 de octubre de 2023","format":false,"excerpt":"Por Mart\u00edn Restituyo La Empresa de Transmisi\u00f3n El\u00e9ctrica Dominicana (ETED) informa que, este viernes 27 de octubre, trabajar\u00e1 en las l\u00edneas 69 kV Palamara \u2013 Novoplast y 69 kV San Juan I - Sabaneta, como parte de los mantenimientos programados esta semana para optimizar la calidad de las infraestructuras el\u00e9ctricas\u2026","rel":"","context":"En \u00abNACIONALES\u00bb","block_context":{"text":"NACIONALES","link":"https:\/\/lasprimeras.com.do\/index.php\/category\/nacionales\/"},"img":{"alt_text":"ETED","src":"https:\/\/i0.wp.com\/lasprimeras.com.do\/wp-content\/uploads\/2023\/10\/ETED-1-4.jpg?resize=350%2C200&ssl=1","width":350,"height":200,"srcset":"https:\/\/i0.wp.com\/lasprimeras.com.do\/wp-content\/uploads\/2023\/10\/ETED-1-4.jpg?resize=350%2C200&ssl=1 1x, https:\/\/i0.wp.com\/lasprimeras.com.do\/wp-content\/uploads\/2023\/10\/ETED-1-4.jpg?resize=525%2C300&ssl=1 1.5x, https:\/\/i0.wp.com\/lasprimeras.com.do\/wp-content\/uploads\/2023\/10\/ETED-1-4.jpg?resize=700%2C400&ssl=1 2x"},"classes":[]},{"id":121880,"url":"https:\/\/lasprimeras.com.do\/index.php\/2026\/02\/11\/eted-realizara-trabajos-de-mantenimiento-en-la-linea-69-kv-hatillo-bonao-ii-este-miercoles\/","url_meta":{"origin":91946,"position":1},"title":"ETED realizar\u00e1 trabajos de mantenimiento en la l\u00ednea 69 kV Hatillo \u2013 Bonao II este mi\u00e9rcoles","author":"Nelson Feliz","date":"11 de febrero de 2026","format":false,"excerpt":"Interrupciones el\u00e9ctricas programadas afectar\u00e1n comunidades de San Crist\u00f3bal y Monse\u00f1or Nouel La Empresa de Transmisi\u00f3n El\u00e9ctrica Dominicana (ETED) inform\u00f3 que, este mi\u00e9rcoles\u00a011 de febrero, en horario de 9:00 de la ma\u00f1ana a 3:00 de la tarde, se estar\u00e1n realizando trabajos de\u00a0sustituci\u00f3n de estructuras en malas condicionesen la l\u00ednea de transmisi\u00f3n\u2026","rel":"","context":"En \u00abNACIONALES\u00bb","block_context":{"text":"NACIONALES","link":"https:\/\/lasprimeras.com.do\/index.php\/category\/nacionales\/"},"img":{"alt_text":"","src":"https:\/\/i0.wp.com\/lasprimeras.com.do\/wp-content\/uploads\/2026\/02\/WhatsApp-Image-2026-02-10-at-3.20.00-PM.jpeg?resize=350%2C200&ssl=1","width":350,"height":200,"srcset":"https:\/\/i0.wp.com\/lasprimeras.com.do\/wp-content\/uploads\/2026\/02\/WhatsApp-Image-2026-02-10-at-3.20.00-PM.jpeg?resize=350%2C200&ssl=1 1x, https:\/\/i0.wp.com\/lasprimeras.com.do\/wp-content\/uploads\/2026\/02\/WhatsApp-Image-2026-02-10-at-3.20.00-PM.jpeg?resize=525%2C300&ssl=1 1.5x, https:\/\/i0.wp.com\/lasprimeras.com.do\/wp-content\/uploads\/2026\/02\/WhatsApp-Image-2026-02-10-at-3.20.00-PM.jpeg?resize=700%2C400&ssl=1 2x, https:\/\/i0.wp.com\/lasprimeras.com.do\/wp-content\/uploads\/2026\/02\/WhatsApp-Image-2026-02-10-at-3.20.00-PM.jpeg?resize=1050%2C600&ssl=1 3x"},"classes":[]},{"id":64150,"url":"https:\/\/lasprimeras.com.do\/index.php\/2023\/10\/18\/eted-trabajara-en-linea-69-kv-puerto-plata-i-puerto-plata-ii-este-jueves\/","url_meta":{"origin":91946,"position":2},"title":"ETED trabajar\u00e1 en l\u00ednea 69 kV Puerto Plata I &#8211; Puerto Plata II, este jueves","author":"Nelson Feliz","date":"18 de octubre de 2023","format":false,"excerpt":"Por Mart\u00edn Restituyo La Empresa de Transmisi\u00f3n El\u00e9ctrica Dominicana (ETED) informa que, este jueves 19 de octubre, en horario de 12:00 p.m. a 6:00 p.m., adecuar\u00e1 estructuras en malas condiciones en la l\u00ednea 69 kV Puerto Plata I - Puerto Plata II, como parte de los mantenimientos programados para fortalecer\u2026","rel":"","context":"En \u00abNACIONALES\u00bb","block_context":{"text":"NACIONALES","link":"https:\/\/lasprimeras.com.do\/index.php\/category\/nacionales\/"},"img":{"alt_text":"ETED","src":"https:\/\/i0.wp.com\/lasprimeras.com.do\/wp-content\/uploads\/2023\/10\/ETED-3.jpg?resize=350%2C200&ssl=1","width":350,"height":200,"srcset":"https:\/\/i0.wp.com\/lasprimeras.com.do\/wp-content\/uploads\/2023\/10\/ETED-3.jpg?resize=350%2C200&ssl=1 1x, https:\/\/i0.wp.com\/lasprimeras.com.do\/wp-content\/uploads\/2023\/10\/ETED-3.jpg?resize=525%2C300&ssl=1 1.5x, https:\/\/i0.wp.com\/lasprimeras.com.do\/wp-content\/uploads\/2023\/10\/ETED-3.jpg?resize=700%2C400&ssl=1 2x"},"classes":[]},{"id":101940,"url":"https:\/\/lasprimeras.com.do\/index.php\/2025\/06\/28\/eted-trabaja-en-el-reforzamiento-del-sistema-electrico-en-la-linea-69-kv-haina-refineria\/","url_meta":{"origin":91946,"position":3},"title":"ETED trabaja en el reforzamiento del sistema el\u00e9ctrico en la l\u00ednea 69 kV Haina\u2013Refiner\u00eda","author":"Nelson Feliz","date":"28 de junio de 2025","format":false,"excerpt":"La Empresa de Transmisi\u00f3n El\u00e9ctrica Dominicana (ETED) informa que, este domingo, 29 de junio, de 9:00 a.m. a 1:00 p.m., llevar\u00e1 a cabo la apertura de la l\u00ednea 69 kV Haina\u2013Refiner\u00eda y la interconexi\u00f3n de una subestaci\u00f3n m\u00f3vil de 80 MVA, instalada en el almac\u00e9n de Itabo, con la finalidad\u2026","rel":"","context":"En \u00abNACIONALES\u00bb","block_context":{"text":"NACIONALES","link":"https:\/\/lasprimeras.com.do\/index.php\/category\/nacionales\/"},"img":{"alt_text":"","src":"https:\/\/i0.wp.com\/lasprimeras.com.do\/wp-content\/uploads\/2025\/06\/ETED.jpg?resize=350%2C200&ssl=1","width":350,"height":200,"srcset":"https:\/\/i0.wp.com\/lasprimeras.com.do\/wp-content\/uploads\/2025\/06\/ETED.jpg?resize=350%2C200&ssl=1 1x, https:\/\/i0.wp.com\/lasprimeras.com.do\/wp-content\/uploads\/2025\/06\/ETED.jpg?resize=525%2C300&ssl=1 1.5x, https:\/\/i0.wp.com\/lasprimeras.com.do\/wp-content\/uploads\/2025\/06\/ETED.jpg?resize=700%2C400&ssl=1 2x"},"classes":[]},{"id":105539,"url":"https:\/\/lasprimeras.com.do\/index.php\/2025\/08\/04\/eted-realizara-mantenimiento-en-subestacion-hato-mayor-y-sabana-de-la-mar-este-martes\/","url_meta":{"origin":91946,"position":4},"title":"ETED realizar\u00e1 mantenimiento en subestaci\u00f3n Hato Mayor y Sabana de la Mar este martes","author":"Nelson Feliz","date":"4 de agosto de 2025","format":false,"excerpt":"Intervendr\u00e1 la subestaci\u00f3n 69 kV Hato Mayor II - Sabana de la Mar y la l\u00ednea 69 kV Corporaci\u00f3n Zona Franca Santiago \u2013 Sajoma La Empresa de Transmisi\u00f3n El\u00e9ctrica Dominicana (ETED) inform\u00f3 que este martes realizar\u00e1 trabajos de mantenimiento en la subestaci\u00f3n 69 kV Hato Mayor ll \u2013 Sabana de\u2026","rel":"","context":"En \u00abNACIONALES\u00bb","block_context":{"text":"NACIONALES","link":"https:\/\/lasprimeras.com.do\/index.php\/category\/nacionales\/"},"img":{"alt_text":"ETED","src":"https:\/\/i0.wp.com\/lasprimeras.com.do\/wp-content\/uploads\/2023\/10\/ETED-1.jpg?resize=350%2C200&ssl=1","width":350,"height":200,"srcset":"https:\/\/i0.wp.com\/lasprimeras.com.do\/wp-content\/uploads\/2023\/10\/ETED-1.jpg?resize=350%2C200&ssl=1 1x, https:\/\/i0.wp.com\/lasprimeras.com.do\/wp-content\/uploads\/2023\/10\/ETED-1.jpg?resize=525%2C300&ssl=1 1.5x"},"classes":[]},{"id":104113,"url":"https:\/\/lasprimeras.com.do\/index.php\/2025\/07\/21\/eted-dara-mantenimiento-este-martes-en-linea-de-transmision-y-subestacion-electrica\/","url_meta":{"origin":91946,"position":5},"title":"ETED dar\u00e1 mantenimiento este martes en l\u00ednea de transmisi\u00f3n y subestaci\u00f3n el\u00e9ctrica","author":"Nelson Feliz","date":"21 de julio de 2025","format":false,"excerpt":"La Empresa de Transmisi\u00f3n El\u00e9ctrica Dominicana (ETED) inform\u00f3 que este martes realizar\u00e1 trabajos programados de mantenimiento en la l\u00ednea de transmisi\u00f3n 69 kV Pimentel \u2013 San Francisco de Macor\u00eds y en la subestaci\u00f3n 69 kV Boca Chica \u2013 SPM, como parte de su compromiso con el fortalecimiento del servicio de\u2026","rel":"","context":"En \u00abNACIONALES\u00bb","block_context":{"text":"NACIONALES","link":"https:\/\/lasprimeras.com.do\/index.php\/category\/nacionales\/"},"img":{"alt_text":"ETED","src":"https:\/\/i0.wp.com\/lasprimeras.com.do\/wp-content\/uploads\/2023\/10\/ETED-4.jpg?resize=350%2C200&ssl=1","width":350,"height":200,"srcset":"https:\/\/i0.wp.com\/lasprimeras.com.do\/wp-content\/uploads\/2023\/10\/ETED-4.jpg?resize=350%2C200&ssl=1 1x, https:\/\/i0.wp.com\/lasprimeras.com.do\/wp-content\/uploads\/2023\/10\/ETED-4.jpg?resize=525%2C300&ssl=1 1.5x, https:\/\/i0.wp.com\/lasprimeras.com.do\/wp-content\/uploads\/2023\/10\/ETED-4.jpg?resize=700%2C400&ssl=1 2x"},"classes":[]}],"jetpack_sharing_enabled":true,"_links":{"self":[{"href":"https:\/\/lasprimeras.com.do\/index.php\/wp-json\/wp\/v2\/posts\/91946","targetHints":{"allow":["GET"]}}],"collection":[{"href":"https:\/\/lasprimeras.com.do\/index.php\/wp-json\/wp\/v2\/posts"}],"about":[{"href":"https:\/\/lasprimeras.com.do\/index.php\/wp-json\/wp\/v2\/types\/post"}],"author":[{"embeddable":true,"href":"https:\/\/lasprimeras.com.do\/index.php\/wp-json\/wp\/v2\/users\/2"}],"replies":[{"embeddable":true,"href":"https:\/\/lasprimeras.com.do\/index.php\/wp-json\/wp\/v2\/comments?post=91946"}],"version-history":[{"count":1,"href":"https:\/\/lasprimeras.com.do\/index.php\/wp-json\/wp\/v2\/posts\/91946\/revisions"}],"predecessor-version":[{"id":91947,"href":"https:\/\/lasprimeras.com.do\/index.php\/wp-json\/wp\/v2\/posts\/91946\/revisions\/91947"}],"wp:featuredmedia":[{"embeddable":true,"href":"https:\/\/lasprimeras.com.do\/index.php\/wp-json\/wp\/v2\/media\/91046"}],"wp:attachment":[{"href":"https:\/\/lasprimeras.com.do\/index.php\/wp-json\/wp\/v2\/media?parent=91946"}],"wp:term":[{"taxonomy":"category","embeddable":true,"href":"https:\/\/lasprimeras.com.do\/index.php\/wp-json\/wp\/v2\/categories?post=91946"},{"taxonomy":"post_tag","embeddable":true,"href":"https:\/\/lasprimeras.com.do\/index.php\/wp-json\/wp\/v2\/tags?post=91946"}],"curies":[{"name":"wp","href":"https:\/\/api.w.org\/{rel}","templated":true}]}}