{"id":91958,"date":"2024-12-08T15:45:06","date_gmt":"2024-12-08T19:45:06","guid":{"rendered":"https:\/\/lasprimeras.com.do\/?p=91958"},"modified":"2024-12-08T15:45:07","modified_gmt":"2024-12-08T19:45:07","slug":"apresan-un-venezolano-intento-ingresar-equipos-electronicos-a-la-carcel-la-victoria","status":"publish","type":"post","link":"https:\/\/lasprimeras.com.do\/index.php\/2024\/12\/08\/apresan-un-venezolano-intento-ingresar-equipos-electronicos-a-la-carcel-la-victoria\/","title":{"rendered":"Apresan un venezolano intento ingresar equipos electr\u00f3nicos a la c\u00e1rcel La Victoria"},"content":{"rendered":"\n<p>Agentes de la Polic\u00eda Nacional detuvieron al venezolano Francisco Javier Ramos, quien presuntamente intent\u00f3 ingresar dispositivos electr\u00f3nicos al centro penitenciario de La Victoria.<\/p>\n\n\n\n<p>La aprehensi\u00f3n se realiz\u00f3 durante un operativo preventivo en las proximidades del recinto, en el cual a Ramos se le ocup\u00f3 una mochila que conten\u00eda una laptop, un celular, aud\u00edfonos y otros dispositivos electr\u00f3nicos.<\/p>\n\n\n\n<p>El detenido fue puesto a disposici\u00f3n del Ministerio P\u00fablico para los fines legales correspondientes.<\/p>\n\n\n\n<p>La Polic\u00eda Nacional destac\u00f3 que este tipo de operativos forma parte de un esfuerzo continuo para evitar el ingreso de dispositivos o sustancias prohibidas a los recintos penitenciarios, contribuyendo as\u00ed a preservar el orden y la disciplina en estos espacios.<\/p>\n","protected":false},"excerpt":{"rendered":"<p>Agentes de la Polic\u00eda Nacional detuvieron al venezolano Francisco Javier Ramos, quien presuntamente intent\u00f3 ingresar dispositivos electr\u00f3nicos al centro penitenciario de La Victoria. La aprehensi\u00f3n se realiz\u00f3 durante un operativo&hellip;<\/p>\n","protected":false},"author":2,"featured_media":91959,"comment_status":"open","ping_status":"open","sticky":false,"template":"","format":"standard","meta":{"content-type":"","jetpack_post_was_ever_published":false,"_jetpack_newsletter_access":"","_jetpack_dont_email_post_to_subs":false,"_jetpack_newsletter_tier_id":0,"_jetpack_memberships_contains_paywalled_content":false,"_jetpack_memberships_contains_paid_content":false,"footnotes":""},"categories":[3057],"tags":[637,4639,16642,3316,3251],"class_list":["post-91958","post","type-post","status-publish","format-standard","has-post-thumbnail","hentry","category-militares","tag-apresan","tag-carcel","tag-equipos-electronicos","tag-la-victoria","tag-venezolano"],"jetpack_featured_media_url":"https:\/\/lasprimeras.com.do\/wp-content\/uploads\/2024\/12\/venezolano.jpg","jetpack-related-posts":[{"id":79218,"url":"https:\/\/lasprimeras.com.do\/index.php\/2024\/03\/25\/otro-incendio-afecto-la-carcel-de-la-victoria\/","url_meta":{"origin":91958,"position":0},"title":"Otro incendio afect\u00f3 la c\u00e1rcel de La Victoria","author":"BIMARY DE JES\u00daS Matos","date":"25 de marzo de 2024","format":false,"excerpt":"Santo Domingo.-Siniestro. A seis d\u00edas de ocurrir un incendio en la c\u00e1rcel La Victoria que afect\u00f3 varios pabellones con 13 internos fallecidos y 1, 800 trasladados a otros recintos, sucedi\u00f3 otro siniestro la noche del s\u00e1bado, pero de menor magnitud. El director general de Servicios Penitenciarios y Correccionales (DGPC), coronel\u2026","rel":"","context":"En \u00abPORTADA\u00bb","block_context":{"text":"PORTADA","link":"https:\/\/lasprimeras.com.do\/index.php\/category\/portada\/"},"img":{"alt_text":"","src":"https:\/\/i0.wp.com\/lasprimeras.com.do\/wp-content\/uploads\/2024\/03\/1-millon-de-jovenes-votaran-en-las-elecciones-municipales-2-1.jpg?resize=350%2C200&ssl=1","width":350,"height":200,"srcset":"https:\/\/i0.wp.com\/lasprimeras.com.do\/wp-content\/uploads\/2024\/03\/1-millon-de-jovenes-votaran-en-las-elecciones-municipales-2-1.jpg?resize=350%2C200&ssl=1 1x, https:\/\/i0.wp.com\/lasprimeras.com.do\/wp-content\/uploads\/2024\/03\/1-millon-de-jovenes-votaran-en-las-elecciones-municipales-2-1.jpg?resize=525%2C300&ssl=1 1.5x, https:\/\/i0.wp.com\/lasprimeras.com.do\/wp-content\/uploads\/2024\/03\/1-millon-de-jovenes-votaran-en-las-elecciones-municipales-2-1.jpg?resize=700%2C400&ssl=1 2x, https:\/\/i0.wp.com\/lasprimeras.com.do\/wp-content\/uploads\/2024\/03\/1-millon-de-jovenes-votaran-en-las-elecciones-municipales-2-1.jpg?resize=1050%2C600&ssl=1 3x, https:\/\/i0.wp.com\/lasprimeras.com.do\/wp-content\/uploads\/2024\/03\/1-millon-de-jovenes-votaran-en-las-elecciones-municipales-2-1.jpg?resize=1400%2C800&ssl=1 4x"},"classes":[]},{"id":78710,"url":"https:\/\/lasprimeras.com.do\/index.php\/2024\/03\/19\/coe-evalua-danos-incendio-en-la-victoria-dicen-hay-mas-muertos\/","url_meta":{"origin":91958,"position":1},"title":"COE eval\u00faa da\u00f1os incendio en La Victoria; dicen hay m\u00e1s muertos","author":"BIMARY DE JES\u00daS Matos","date":"19 de marzo de 2024","format":false,"excerpt":"SANTO DOMINGO.- El Centro de Operaciones de Emergencias (COE) realiz\u00f3 un levantamiento este martes en las \u00e1reas afectadas por el incendio en la c\u00e1rcel de La Victoria para evaluar la gravedad de los da\u00f1os y determinar se hay m\u00e1s de los tres fallecidos notificados el lunes. Informes extraoficiales se\u00f1alan que\u2026","rel":"","context":"En \u00abNACIONALES\u00bb","block_context":{"text":"NACIONALES","link":"https:\/\/lasprimeras.com.do\/index.php\/category\/nacionales\/"},"img":{"alt_text":"","src":"https:\/\/i0.wp.com\/lasprimeras.com.do\/wp-content\/uploads\/2024\/03\/WhatsApp-Image-2024-03-19-at-11.25.24-AM-1.jpeg?resize=350%2C200&ssl=1","width":350,"height":200,"srcset":"https:\/\/i0.wp.com\/lasprimeras.com.do\/wp-content\/uploads\/2024\/03\/WhatsApp-Image-2024-03-19-at-11.25.24-AM-1.jpeg?resize=350%2C200&ssl=1 1x, https:\/\/i0.wp.com\/lasprimeras.com.do\/wp-content\/uploads\/2024\/03\/WhatsApp-Image-2024-03-19-at-11.25.24-AM-1.jpeg?resize=525%2C300&ssl=1 1.5x, https:\/\/i0.wp.com\/lasprimeras.com.do\/wp-content\/uploads\/2024\/03\/WhatsApp-Image-2024-03-19-at-11.25.24-AM-1.jpeg?resize=700%2C400&ssl=1 2x"},"classes":[]},{"id":76441,"url":"https:\/\/lasprimeras.com.do\/index.php\/2024\/02\/11\/jorge-subero-califica-de-verguenza-red-de-presos-estafaban-desde-la-victoria\/","url_meta":{"origin":91958,"position":2},"title":"Jorge Subero califica de verg\u00fcenza red de presos estafaban desde La Victoria","author":"Nelson Feliz","date":"11 de febrero de 2024","format":false,"excerpt":"El expresidente de la Suprema Corte de Justicia, doctor Jorge Subero Isa, calific\u00f3 como una verg\u00fcenza que en la c\u00e1rcel de La Victoria operara una red dirigida por presos que estafaban a personas a trav\u00e9s de internet. \u00abLo que ha pasado en esa c\u00e1rcel, donde se incautaron par\u00e1bolas de internet\u2026","rel":"","context":"En \u00abNACIONALES\u00bb","block_context":{"text":"NACIONALES","link":"https:\/\/lasprimeras.com.do\/index.php\/category\/nacionales\/"},"img":{"alt_text":"Jorge Subero Isa","src":"https:\/\/i0.wp.com\/lasprimeras.com.do\/wp-content\/uploads\/2024\/02\/Jorge-Subero-Isa.jpg?resize=350%2C200&ssl=1","width":350,"height":200,"srcset":"https:\/\/i0.wp.com\/lasprimeras.com.do\/wp-content\/uploads\/2024\/02\/Jorge-Subero-Isa.jpg?resize=350%2C200&ssl=1 1x, https:\/\/i0.wp.com\/lasprimeras.com.do\/wp-content\/uploads\/2024\/02\/Jorge-Subero-Isa.jpg?resize=525%2C300&ssl=1 1.5x"},"classes":[]},{"id":90603,"url":"https:\/\/lasprimeras.com.do\/index.php\/2024\/10\/24\/indotel-dispone-de-rd300-millones-a-procuraduria-para-bloqueadores-de-senal-en-carceles-del-pais\/","url_meta":{"origin":91958,"position":3},"title":"INDOTEL dispone de RD$300 millones a Procuradur\u00eda; para bloqueadores de se\u00f1al en c\u00e1rceles del pa\u00eds","author":"Nelson Feliz","date":"24 de octubre de 2024","format":false,"excerpt":"En carta enviada a la procuradora general de la Rep\u00fablica, Miriam Germ\u00e1n Brito, el presidente del Consejo Directivo del INDOTEL, Guido G\u00f3mez Mazara, afirma ambas instituciones est\u00e1n comprometidas en combatir los delitos cibern\u00e9ticos, El Instituto Dominicano de las Telecomunicaciones (INDOTEL) inform\u00f3 que tiene disponibles unos 300 millones a la Procuradur\u00eda\u2026","rel":"","context":"En \u00abECONOM\u00cdA\u00bb","block_context":{"text":"ECONOM\u00cdA","link":"https:\/\/lasprimeras.com.do\/index.php\/category\/economia\/"},"img":{"alt_text":"","src":"https:\/\/i0.wp.com\/lasprimeras.com.do\/wp-content\/uploads\/2024\/10\/indotel-1.jpg?resize=350%2C200&ssl=1","width":350,"height":200,"srcset":"https:\/\/i0.wp.com\/lasprimeras.com.do\/wp-content\/uploads\/2024\/10\/indotel-1.jpg?resize=350%2C200&ssl=1 1x, https:\/\/i0.wp.com\/lasprimeras.com.do\/wp-content\/uploads\/2024\/10\/indotel-1.jpg?resize=525%2C300&ssl=1 1.5x, https:\/\/i0.wp.com\/lasprimeras.com.do\/wp-content\/uploads\/2024\/10\/indotel-1.jpg?resize=700%2C400&ssl=1 2x"},"classes":[]},{"id":78676,"url":"https:\/\/lasprimeras.com.do\/index.php\/2024\/03\/19\/tres-reclusos-muertos-y-varios-fueron-internos-por-quemaduras-en-incendio\/","url_meta":{"origin":91958,"position":4},"title":"Tres reclusos muertos y varios fueron internos por quemaduras en incendio","author":"BIMARY DE JES\u00daS Matos","date":"19 de marzo de 2024","format":false,"excerpt":"Santo Domingo.-La desesperaci\u00f3n y preocupaci\u00f3n se apodera de los familiares de los internos de la C\u00e1rcel de la Victoria, al desconocer la situaci\u00f3n de sus parientes por el incendio que anoche hab\u00eda causado tres muertes y varios heridos por quemaduras, entre ellos tres bomberos. Esta situaci\u00f3n caus\u00f3 que madres, primos,\u2026","rel":"","context":"En \u00abNACIONALES\u00bb","block_context":{"text":"NACIONALES","link":"https:\/\/lasprimeras.com.do\/index.php\/category\/nacionales\/"},"img":{"alt_text":"","src":"https:\/\/i0.wp.com\/lasprimeras.com.do\/wp-content\/uploads\/2024\/03\/3_Nacionales_19_01p01.jpg?resize=350%2C200&ssl=1","width":350,"height":200,"srcset":"https:\/\/i0.wp.com\/lasprimeras.com.do\/wp-content\/uploads\/2024\/03\/3_Nacionales_19_01p01.jpg?resize=350%2C200&ssl=1 1x, https:\/\/i0.wp.com\/lasprimeras.com.do\/wp-content\/uploads\/2024\/03\/3_Nacionales_19_01p01.jpg?resize=525%2C300&ssl=1 1.5x, https:\/\/i0.wp.com\/lasprimeras.com.do\/wp-content\/uploads\/2024\/03\/3_Nacionales_19_01p01.jpg?resize=700%2C400&ssl=1 2x, https:\/\/i0.wp.com\/lasprimeras.com.do\/wp-content\/uploads\/2024\/03\/3_Nacionales_19_01p01.jpg?resize=1050%2C600&ssl=1 3x, https:\/\/i0.wp.com\/lasprimeras.com.do\/wp-content\/uploads\/2024\/03\/3_Nacionales_19_01p01.jpg?resize=1400%2C800&ssl=1 4x"},"classes":[]},{"id":78653,"url":"https:\/\/lasprimeras.com.do\/index.php\/2024\/03\/18\/abinader-dice-que-la-carcel-la-victoria-debio-estar-cerrada-hace-tres-decadas\/","url_meta":{"origin":91958,"position":5},"title":"Abinader dice que la c\u00e1rcel La Victoria debi\u00f3 estar cerrada hace tres d\u00e9cadas","author":"Nelson Feliz","date":"18 de marzo de 2024","format":false,"excerpt":"El fuego ha dejado tres muertos y al menos 11 hospitalizados. El presidente Luis Abinader dijo este lunes que da seguimiento al incendio que se registra en la c\u00e1rcel de La Victoria, la m\u00e1s poblada del pa\u00eds, y que hasta ahora ha causado la muerte de tres reclusos y heridas\u2026","rel":"","context":"En \u00abNACIONALES\u00bb","block_context":{"text":"NACIONALES","link":"https:\/\/lasprimeras.com.do\/index.php\/category\/nacionales\/"},"img":{"alt_text":"LUIS ABINADER","src":"https:\/\/i0.wp.com\/lasprimeras.com.do\/wp-content\/uploads\/2023\/11\/LUIS-ABINADER-1-2.jpg?resize=350%2C200&ssl=1","width":350,"height":200,"srcset":"https:\/\/i0.wp.com\/lasprimeras.com.do\/wp-content\/uploads\/2023\/11\/LUIS-ABINADER-1-2.jpg?resize=350%2C200&ssl=1 1x, https:\/\/i0.wp.com\/lasprimeras.com.do\/wp-content\/uploads\/2023\/11\/LUIS-ABINADER-1-2.jpg?resize=525%2C300&ssl=1 1.5x, https:\/\/i0.wp.com\/lasprimeras.com.do\/wp-content\/uploads\/2023\/11\/LUIS-ABINADER-1-2.jpg?resize=700%2C400&ssl=1 2x"},"classes":[]}],"jetpack_sharing_enabled":true,"_links":{"self":[{"href":"https:\/\/lasprimeras.com.do\/index.php\/wp-json\/wp\/v2\/posts\/91958","targetHints":{"allow":["GET"]}}],"collection":[{"href":"https:\/\/lasprimeras.com.do\/index.php\/wp-json\/wp\/v2\/posts"}],"about":[{"href":"https:\/\/lasprimeras.com.do\/index.php\/wp-json\/wp\/v2\/types\/post"}],"author":[{"embeddable":true,"href":"https:\/\/lasprimeras.com.do\/index.php\/wp-json\/wp\/v2\/users\/2"}],"replies":[{"embeddable":true,"href":"https:\/\/lasprimeras.com.do\/index.php\/wp-json\/wp\/v2\/comments?post=91958"}],"version-history":[{"count":1,"href":"https:\/\/lasprimeras.com.do\/index.php\/wp-json\/wp\/v2\/posts\/91958\/revisions"}],"predecessor-version":[{"id":91960,"href":"https:\/\/lasprimeras.com.do\/index.php\/wp-json\/wp\/v2\/posts\/91958\/revisions\/91960"}],"wp:featuredmedia":[{"embeddable":true,"href":"https:\/\/lasprimeras.com.do\/index.php\/wp-json\/wp\/v2\/media\/91959"}],"wp:attachment":[{"href":"https:\/\/lasprimeras.com.do\/index.php\/wp-json\/wp\/v2\/media?parent=91958"}],"wp:term":[{"taxonomy":"category","embeddable":true,"href":"https:\/\/lasprimeras.com.do\/index.php\/wp-json\/wp\/v2\/categories?post=91958"},{"taxonomy":"post_tag","embeddable":true,"href":"https:\/\/lasprimeras.com.do\/index.php\/wp-json\/wp\/v2\/tags?post=91958"}],"curies":[{"name":"wp","href":"https:\/\/api.w.org\/{rel}","templated":true}]}}